{"id":37366,"date":"2025-10-24T16:54:49","date_gmt":"2025-10-24T19:54:49","guid":{"rendered":"https:\/\/jornaltimoneiro.com.br\/?p=37366"},"modified":"2025-10-24T16:59:15","modified_gmt":"2025-10-24T19:59:15","slug":"prefeito-anuncia-vale-alimentacao-para-servidores-municipais-e-reducao-de-horario-da-administracao-municipal","status":"publish","type":"post","link":"https:\/\/jornaltimoneiro.com.br\/index.php\/2025\/10\/24\/prefeito-anuncia-vale-alimentacao-para-servidores-municipais-e-reducao-de-horario-da-administracao-municipal\/","title":{"rendered":"Prefeito anuncia vale-alimenta\u00e7\u00e3o para servidores municipais e redu\u00e7\u00e3o de hor\u00e1rio da administra\u00e7\u00e3o municipal"},"content":{"rendered":"<p data-start=\"294\" data-end=\"687\">A Prefeitura de Canoas anunciou, nesta sexta-feira, 24, uma s\u00e9rie de medidas voltadas aos servidores municipais. Entre os principais pontos est\u00e1 a cria\u00e7\u00e3o do vale-alimenta\u00e7\u00e3o, no valor de R$ 604, que come\u00e7ar\u00e1 a ser pago a partir de janeiro de 2026. Tamb\u00e9m foi confirmada a gratuidade do rancho deste m\u00eas, em alus\u00e3o ao Dia do Servidor P\u00fablico, celebrado em 28 de outubro.<\/p>\n<p data-start=\"689\" data-end=\"964\">O prefeito Airton Souza comunicou ainda mudan\u00e7as no calend\u00e1rio de feriados. Al\u00e9m do ponto facultativo na segunda-feira, 27, a ter\u00e7a-feira, 28, data do Dia do Servidor, foi decretada feriado municipal, alterando o expediente que anteriormente seria normal.<\/p>\n<p data-start=\"966\" data-end=\"1401\">Outra medida anunciada \u00e9 a ado\u00e7\u00e3o de turno \u00fanico entre 1\u00ba de novembro de 2025 e 28 de fevereiro de 2026. Nesse per\u00edodo, o expediente da administra\u00e7\u00e3o p\u00fablica direta e indireta ser\u00e1 de segunda a quinta-feira, das 12h30 \u00e0s 18h30, e \u00e0s sextas-feiras, das 8h \u00e0s 14h. De acordo com a prefeitura, a mudan\u00e7a deve gerar uma economia mensal estimada em R$ 1 milh\u00e3o, com redu\u00e7\u00e3o de gastos de energia, \u00e1gua e outros insumos.<\/p>\n<p data-start=\"1403\" data-end=\"1694\">Os servi\u00e7os essenciais n\u00e3o ser\u00e3o afetados pela altera\u00e7\u00e3o, conforme prev\u00ea o Decreto n\u00ba 270, de 5 de abril de 2010. Continuar\u00e3o com expediente normal a Central de Atendimento ao Cidad\u00e3o, as escolas municipais, os equipamentos e servi\u00e7os de sa\u00fade e o PROCON municipal.<\/p>\n<p data-start=\"1696\" data-end=\"1966\">Durante o an\u00fancio, o prefeito Airton Souza afirmou que as medidas representam um reconhecimento ao trabalho dos servidores. O vice-prefeito Rodrigo Busato tamb\u00e9m destacou o objetivo de promover melhores condi\u00e7\u00f5es de trabalho e valoriza\u00e7\u00e3o do funcionalismo p\u00fablico.<\/p>\n","protected":false},"excerpt":{"rendered":"<p>A Prefeitura de Canoas anunciou, nesta sexta-feira, 24, uma s\u00e9rie de medidas voltadas aos servidores municipais. Entre os principais pontos est\u00e1 a cria\u00e7\u00e3o do vale-alimenta\u00e7\u00e3o, no valor de R$ 604, que come\u00e7ar\u00e1 a ser pago a partir de janeiro de 2026. Tamb\u00e9m foi confirmada a gratuidade do rancho deste m\u00eas, em alus\u00e3o ao Dia do [&hellip;]<\/p>\n","protected":false},"author":2,"featured_media":14516,"comment_status":"open","ping_status":"open","sticky":false,"template":"","format":"standard","meta":{"amp_status":"","footnotes":""},"categories":[23],"tags":[2230,2563,31,190,44,1867],"class_list":["post-37366","post","type-post","status-publish","format-standard","has-post-thumbnail","hentry","category-geral","tag-airton-souza","tag-beneficios","tag-canoas","tag-featured","tag-prefeitura-de-canoas","tag-servidores"],"yoast_head":"<!-- This site is optimized with the Yoast SEO plugin v20.5 - https:\/\/yoast.com\/wordpress\/plugins\/seo\/ -->\n<title>Prefeito anuncia vale-alimenta\u00e7\u00e3o para servidores municipais e redu\u00e7\u00e3o de hor\u00e1rio da administra\u00e7\u00e3o municipal - O Timoneiro Jornal Canoas RS<\/title>\n<meta name=\"description\" content=\"A Prefeitura de Canoas anunciou, nesta sexta-feira, 24, uma s\u00e9rie de medidas voltadas aos servidores municipais. Entre os principais\" \/>\n<meta name=\"robots\" content=\"index, follow, max-snippet:-1, max-image-preview:large, max-video-preview:-1\" \/>\n<link rel=\"canonical\" href=\"https:\/\/jornaltimoneiro.com.br\/index.php\/2025\/10\/24\/prefeito-anuncia-vale-alimentacao-para-servidores-municipais-e-reducao-de-horario-da-administracao-municipal\/\" \/>\n<meta property=\"og:locale\" content=\"pt_BR\" \/>\n<meta property=\"og:type\" content=\"article\" \/>\n<meta property=\"og:title\" content=\"Prefeito anuncia vale-alimenta\u00e7\u00e3o para servidores municipais e redu\u00e7\u00e3o de hor\u00e1rio da administra\u00e7\u00e3o municipal - O Timoneiro Jornal Canoas RS\" \/>\n<meta property=\"og:description\" content=\"A Prefeitura de Canoas anunciou, nesta sexta-feira, 24, uma s\u00e9rie de medidas voltadas aos servidores municipais. Entre os principais\" \/>\n<meta property=\"og:url\" content=\"https:\/\/jornaltimoneiro.com.br\/index.php\/2025\/10\/24\/prefeito-anuncia-vale-alimentacao-para-servidores-municipais-e-reducao-de-horario-da-administracao-municipal\/\" \/>\n<meta property=\"og:site_name\" content=\"O Timoneiro Jornal Canoas RS\" \/>\n<meta property=\"article:publisher\" content=\"https:\/\/www.facebook.com\/jornaltimoneiro\" \/>\n<meta property=\"article:published_time\" content=\"2025-10-24T19:54:49+00:00\" \/>\n<meta property=\"article:modified_time\" content=\"2025-10-24T19:59:15+00:00\" \/>\n<meta property=\"og:image\" content=\"https:\/\/jornaltimoneiro.com.br\/wp-content\/uploads\/2019\/09\/Prefeitura-de-Canoas.jpg\" \/>\n\t<meta property=\"og:image:width\" content=\"900\" \/>\n\t<meta property=\"og:image:height\" content=\"600\" \/>\n\t<meta property=\"og:image:type\" content=\"image\/jpeg\" \/>\n<meta name=\"author\" content=\"Reda\u00e7\u00e3o\" \/>\n<meta name=\"twitter:card\" content=\"summary_large_image\" \/>\n<meta name=\"twitter:creator\" content=\"@_OTimoneiro\" \/>\n<meta name=\"twitter:site\" content=\"@_OTimoneiro\" \/>\n<meta name=\"twitter:label1\" content=\"Escrito por\" \/>\n\t<meta name=\"twitter:data1\" content=\"Reda\u00e7\u00e3o\" \/>\n\t<meta name=\"twitter:label2\" content=\"Est. tempo de leitura\" \/>\n\t<meta name=\"twitter:data2\" content=\"2 minutos\" \/>\n<script type=\"application\/ld+json\" class=\"yoast-schema-graph\">{\"@context\":\"https:\/\/schema.org\",\"@graph\":[{\"@type\":\"Article\",\"@id\":\"https:\/\/jornaltimoneiro.com.br\/index.php\/2025\/10\/24\/prefeito-anuncia-vale-alimentacao-para-servidores-municipais-e-reducao-de-horario-da-administracao-municipal\/#article\",\"isPartOf\":{\"@id\":\"https:\/\/jornaltimoneiro.com.br\/index.php\/2025\/10\/24\/prefeito-anuncia-vale-alimentacao-para-servidores-municipais-e-reducao-de-horario-da-administracao-municipal\/\"},\"author\":{\"name\":\"Reda\u00e7\u00e3o\",\"@id\":\"https:\/\/jornaltimoneiro.com.br\/#\/schema\/person\/f63482f1a02b1a9592707865e509ab40\"},\"headline\":\"Prefeito anuncia vale-alimenta\u00e7\u00e3o para servidores municipais e redu\u00e7\u00e3o de hor\u00e1rio da administra\u00e7\u00e3o municipal\",\"datePublished\":\"2025-10-24T19:54:49+00:00\",\"dateModified\":\"2025-10-24T19:59:15+00:00\",\"mainEntityOfPage\":{\"@id\":\"https:\/\/jornaltimoneiro.com.br\/index.php\/2025\/10\/24\/prefeito-anuncia-vale-alimentacao-para-servidores-municipais-e-reducao-de-horario-da-administracao-municipal\/\"},\"wordCount\":287,\"commentCount\":0,\"publisher\":{\"@id\":\"https:\/\/jornaltimoneiro.com.br\/#organization\"},\"keywords\":[\"airton souza\",\"benef\u00edcios\",\"canoas\",\"featured\",\"Prefeitura de Canoas\",\"servidores\"],\"articleSection\":[\"Geral\"],\"inLanguage\":\"pt-BR\",\"potentialAction\":[{\"@type\":\"CommentAction\",\"name\":\"Comment\",\"target\":[\"https:\/\/jornaltimoneiro.com.br\/index.php\/2025\/10\/24\/prefeito-anuncia-vale-alimentacao-para-servidores-municipais-e-reducao-de-horario-da-administracao-municipal\/#respond\"]}]},{\"@type\":\"WebPage\",\"@id\":\"https:\/\/jornaltimoneiro.com.br\/index.php\/2025\/10\/24\/prefeito-anuncia-vale-alimentacao-para-servidores-municipais-e-reducao-de-horario-da-administracao-municipal\/\",\"url\":\"https:\/\/jornaltimoneiro.com.br\/index.php\/2025\/10\/24\/prefeito-anuncia-vale-alimentacao-para-servidores-municipais-e-reducao-de-horario-da-administracao-municipal\/\",\"name\":\"Prefeito anuncia vale-alimenta\u00e7\u00e3o para servidores municipais e redu\u00e7\u00e3o de hor\u00e1rio da administra\u00e7\u00e3o municipal - O Timoneiro Jornal Canoas RS\",\"isPartOf\":{\"@id\":\"https:\/\/jornaltimoneiro.com.br\/#website\"},\"datePublished\":\"2025-10-24T19:54:49+00:00\",\"dateModified\":\"2025-10-24T19:59:15+00:00\",\"description\":\"A Prefeitura de Canoas anunciou, nesta sexta-feira, 24, uma s\u00e9rie de medidas voltadas aos servidores municipais. Entre os principais\",\"breadcrumb\":{\"@id\":\"https:\/\/jornaltimoneiro.com.br\/index.php\/2025\/10\/24\/prefeito-anuncia-vale-alimentacao-para-servidores-municipais-e-reducao-de-horario-da-administracao-municipal\/#breadcrumb\"},\"inLanguage\":\"pt-BR\",\"potentialAction\":[{\"@type\":\"ReadAction\",\"target\":[\"https:\/\/jornaltimoneiro.com.br\/index.php\/2025\/10\/24\/prefeito-anuncia-vale-alimentacao-para-servidores-municipais-e-reducao-de-horario-da-administracao-municipal\/\"]}]},{\"@type\":\"BreadcrumbList\",\"@id\":\"https:\/\/jornaltimoneiro.com.br\/index.php\/2025\/10\/24\/prefeito-anuncia-vale-alimentacao-para-servidores-municipais-e-reducao-de-horario-da-administracao-municipal\/#breadcrumb\",\"itemListElement\":[{\"@type\":\"ListItem\",\"position\":1,\"name\":\"In\u00edcio\",\"item\":\"https:\/\/jornaltimoneiro.com.br\/\"},{\"@type\":\"ListItem\",\"position\":2,\"name\":\"Prefeito anuncia vale-alimenta\u00e7\u00e3o para servidores municipais e redu\u00e7\u00e3o de hor\u00e1rio da administra\u00e7\u00e3o municipal\"}]},{\"@type\":\"WebSite\",\"@id\":\"https:\/\/jornaltimoneiro.com.br\/#website\",\"url\":\"https:\/\/jornaltimoneiro.com.br\/\",\"name\":\"Jornal Timoneiro Canoas RS\",\"description\":\"Jornal O Timoneiro, o verdadeiro jornal de Canoas\",\"publisher\":{\"@id\":\"https:\/\/jornaltimoneiro.com.br\/#organization\"},\"potentialAction\":[{\"@type\":\"SearchAction\",\"target\":{\"@type\":\"EntryPoint\",\"urlTemplate\":\"https:\/\/jornaltimoneiro.com.br\/?s={search_term_string}\"},\"query-input\":\"required name=search_term_string\"}],\"inLanguage\":\"pt-BR\"},{\"@type\":\"Organization\",\"@id\":\"https:\/\/jornaltimoneiro.com.br\/#organization\",\"name\":\"Jornal Timoneiro Canoas RS\",\"url\":\"https:\/\/jornaltimoneiro.com.br\/\",\"logo\":{\"@type\":\"ImageObject\",\"inLanguage\":\"pt-BR\",\"@id\":\"https:\/\/jornaltimoneiro.com.br\/#\/schema\/logo\/image\/\",\"url\":\"https:\/\/jornaltimoneiro.com.br\/wp-content\/uploads\/2023\/03\/logonovo.png\",\"contentUrl\":\"https:\/\/jornaltimoneiro.com.br\/wp-content\/uploads\/2023\/03\/logonovo.png\",\"width\":\"469\",\"height\":\"171\",\"caption\":\"Jornal Timoneiro Canoas RS\"},\"image\":{\"@id\":\"https:\/\/jornaltimoneiro.com.br\/#\/schema\/logo\/image\/\"},\"sameAs\":[\"https:\/\/www.facebook.com\/jornaltimoneiro\",\"https:\/\/twitter.com\/_OTimoneiro\",\"https:\/\/www.instagram.com\/jornaltimoneirocanoas\/\",\"https:\/\/www.youtube.com\/@jornalotimoneiro7927\"]},{\"@type\":\"Person\",\"@id\":\"https:\/\/jornaltimoneiro.com.br\/#\/schema\/person\/f63482f1a02b1a9592707865e509ab40\",\"name\":\"Reda\u00e7\u00e3o\",\"image\":{\"@type\":\"ImageObject\",\"inLanguage\":\"pt-BR\",\"@id\":\"https:\/\/jornaltimoneiro.com.br\/#\/schema\/person\/image\/\",\"url\":\"https:\/\/jornaltimoneiro.com.br\/wp-content\/uploads\/2023\/03\/download.jpeg\",\"contentUrl\":\"https:\/\/jornaltimoneiro.com.br\/wp-content\/uploads\/2023\/03\/download.jpeg\",\"caption\":\"Reda\u00e7\u00e3o\"},\"url\":\"https:\/\/jornaltimoneiro.com.br\/index.php\/author\/simone-dutra\/\"}]}<\/script>\n<!-- \/ Yoast SEO plugin. -->","yoast_head_json":{"title":"Prefeito anuncia vale-alimenta\u00e7\u00e3o para servidores municipais e redu\u00e7\u00e3o de hor\u00e1rio da administra\u00e7\u00e3o municipal - O Timoneiro Jornal Canoas RS","description":"A Prefeitura de Canoas anunciou, nesta sexta-feira, 24, uma s\u00e9rie de medidas voltadas aos servidores municipais. Entre os principais","robots":{"index":"index","follow":"follow","max-snippet":"max-snippet:-1","max-image-preview":"max-image-preview:large","max-video-preview":"max-video-preview:-1"},"canonical":"https:\/\/jornaltimoneiro.com.br\/index.php\/2025\/10\/24\/prefeito-anuncia-vale-alimentacao-para-servidores-municipais-e-reducao-de-horario-da-administracao-municipal\/","og_locale":"pt_BR","og_type":"article","og_title":"Prefeito anuncia vale-alimenta\u00e7\u00e3o para servidores municipais e redu\u00e7\u00e3o de hor\u00e1rio da administra\u00e7\u00e3o municipal - O Timoneiro Jornal Canoas RS","og_description":"A Prefeitura de Canoas anunciou, nesta sexta-feira, 24, uma s\u00e9rie de medidas voltadas aos servidores municipais. Entre os principais","og_url":"https:\/\/jornaltimoneiro.com.br\/index.php\/2025\/10\/24\/prefeito-anuncia-vale-alimentacao-para-servidores-municipais-e-reducao-de-horario-da-administracao-municipal\/","og_site_name":"O Timoneiro Jornal Canoas RS","article_publisher":"https:\/\/www.facebook.com\/jornaltimoneiro","article_published_time":"2025-10-24T19:54:49+00:00","article_modified_time":"2025-10-24T19:59:15+00:00","og_image":[{"width":900,"height":600,"url":"https:\/\/jornaltimoneiro.com.br\/wp-content\/uploads\/2019\/09\/Prefeitura-de-Canoas.jpg","type":"image\/jpeg"}],"author":"Reda\u00e7\u00e3o","twitter_card":"summary_large_image","twitter_creator":"@_OTimoneiro","twitter_site":"@_OTimoneiro","twitter_misc":{"Escrito por":"Reda\u00e7\u00e3o","Est. tempo de leitura":"2 minutos"},"schema":{"@context":"https:\/\/schema.org","@graph":[{"@type":"Article","@id":"https:\/\/jornaltimoneiro.com.br\/index.php\/2025\/10\/24\/prefeito-anuncia-vale-alimentacao-para-servidores-municipais-e-reducao-de-horario-da-administracao-municipal\/#article","isPartOf":{"@id":"https:\/\/jornaltimoneiro.com.br\/index.php\/2025\/10\/24\/prefeito-anuncia-vale-alimentacao-para-servidores-municipais-e-reducao-de-horario-da-administracao-municipal\/"},"author":{"name":"Reda\u00e7\u00e3o","@id":"https:\/\/jornaltimoneiro.com.br\/#\/schema\/person\/f63482f1a02b1a9592707865e509ab40"},"headline":"Prefeito anuncia vale-alimenta\u00e7\u00e3o para servidores municipais e redu\u00e7\u00e3o de hor\u00e1rio da administra\u00e7\u00e3o municipal","datePublished":"2025-10-24T19:54:49+00:00","dateModified":"2025-10-24T19:59:15+00:00","mainEntityOfPage":{"@id":"https:\/\/jornaltimoneiro.com.br\/index.php\/2025\/10\/24\/prefeito-anuncia-vale-alimentacao-para-servidores-municipais-e-reducao-de-horario-da-administracao-municipal\/"},"wordCount":287,"commentCount":0,"publisher":{"@id":"https:\/\/jornaltimoneiro.com.br\/#organization"},"keywords":["airton souza","benef\u00edcios","canoas","featured","Prefeitura de Canoas","servidores"],"articleSection":["Geral"],"inLanguage":"pt-BR","potentialAction":[{"@type":"CommentAction","name":"Comment","target":["https:\/\/jornaltimoneiro.com.br\/index.php\/2025\/10\/24\/prefeito-anuncia-vale-alimentacao-para-servidores-municipais-e-reducao-de-horario-da-administracao-municipal\/#respond"]}]},{"@type":"WebPage","@id":"https:\/\/jornaltimoneiro.com.br\/index.php\/2025\/10\/24\/prefeito-anuncia-vale-alimentacao-para-servidores-municipais-e-reducao-de-horario-da-administracao-municipal\/","url":"https:\/\/jornaltimoneiro.com.br\/index.php\/2025\/10\/24\/prefeito-anuncia-vale-alimentacao-para-servidores-municipais-e-reducao-de-horario-da-administracao-municipal\/","name":"Prefeito anuncia vale-alimenta\u00e7\u00e3o para servidores municipais e redu\u00e7\u00e3o de hor\u00e1rio da administra\u00e7\u00e3o municipal - O Timoneiro Jornal Canoas RS","isPartOf":{"@id":"https:\/\/jornaltimoneiro.com.br\/#website"},"datePublished":"2025-10-24T19:54:49+00:00","dateModified":"2025-10-24T19:59:15+00:00","description":"A Prefeitura de Canoas anunciou, nesta sexta-feira, 24, uma s\u00e9rie de medidas voltadas aos servidores municipais. Entre os principais","breadcrumb":{"@id":"https:\/\/jornaltimoneiro.com.br\/index.php\/2025\/10\/24\/prefeito-anuncia-vale-alimentacao-para-servidores-municipais-e-reducao-de-horario-da-administracao-municipal\/#breadcrumb"},"inLanguage":"pt-BR","potentialAction":[{"@type":"ReadAction","target":["https:\/\/jornaltimoneiro.com.br\/index.php\/2025\/10\/24\/prefeito-anuncia-vale-alimentacao-para-servidores-municipais-e-reducao-de-horario-da-administracao-municipal\/"]}]},{"@type":"BreadcrumbList","@id":"https:\/\/jornaltimoneiro.com.br\/index.php\/2025\/10\/24\/prefeito-anuncia-vale-alimentacao-para-servidores-municipais-e-reducao-de-horario-da-administracao-municipal\/#breadcrumb","itemListElement":[{"@type":"ListItem","position":1,"name":"In\u00edcio","item":"https:\/\/jornaltimoneiro.com.br\/"},{"@type":"ListItem","position":2,"name":"Prefeito anuncia vale-alimenta\u00e7\u00e3o para servidores municipais e redu\u00e7\u00e3o de hor\u00e1rio da administra\u00e7\u00e3o municipal"}]},{"@type":"WebSite","@id":"https:\/\/jornaltimoneiro.com.br\/#website","url":"https:\/\/jornaltimoneiro.com.br\/","name":"Jornal Timoneiro Canoas RS","description":"Jornal O Timoneiro, o verdadeiro jornal de Canoas","publisher":{"@id":"https:\/\/jornaltimoneiro.com.br\/#organization"},"potentialAction":[{"@type":"SearchAction","target":{"@type":"EntryPoint","urlTemplate":"https:\/\/jornaltimoneiro.com.br\/?s={search_term_string}"},"query-input":"required name=search_term_string"}],"inLanguage":"pt-BR"},{"@type":"Organization","@id":"https:\/\/jornaltimoneiro.com.br\/#organization","name":"Jornal Timoneiro Canoas RS","url":"https:\/\/jornaltimoneiro.com.br\/","logo":{"@type":"ImageObject","inLanguage":"pt-BR","@id":"https:\/\/jornaltimoneiro.com.br\/#\/schema\/logo\/image\/","url":"https:\/\/jornaltimoneiro.com.br\/wp-content\/uploads\/2023\/03\/logonovo.png","contentUrl":"https:\/\/jornaltimoneiro.com.br\/wp-content\/uploads\/2023\/03\/logonovo.png","width":"469","height":"171","caption":"Jornal Timoneiro Canoas RS"},"image":{"@id":"https:\/\/jornaltimoneiro.com.br\/#\/schema\/logo\/image\/"},"sameAs":["https:\/\/www.facebook.com\/jornaltimoneiro","https:\/\/twitter.com\/_OTimoneiro","https:\/\/www.instagram.com\/jornaltimoneirocanoas\/","https:\/\/www.youtube.com\/@jornalotimoneiro7927"]},{"@type":"Person","@id":"https:\/\/jornaltimoneiro.com.br\/#\/schema\/person\/f63482f1a02b1a9592707865e509ab40","name":"Reda\u00e7\u00e3o","image":{"@type":"ImageObject","inLanguage":"pt-BR","@id":"https:\/\/jornaltimoneiro.com.br\/#\/schema\/person\/image\/","url":"https:\/\/jornaltimoneiro.com.br\/wp-content\/uploads\/2023\/03\/download.jpeg","contentUrl":"https:\/\/jornaltimoneiro.com.br\/wp-content\/uploads\/2023\/03\/download.jpeg","caption":"Reda\u00e7\u00e3o"},"url":"https:\/\/jornaltimoneiro.com.br\/index.php\/author\/simone-dutra\/"}]}},"_links":{"self":[{"href":"https:\/\/jornaltimoneiro.com.br\/index.php\/wp-json\/wp\/v2\/posts\/37366"}],"collection":[{"href":"https:\/\/jornaltimoneiro.com.br\/index.php\/wp-json\/wp\/v2\/posts"}],"about":[{"href":"https:\/\/jornaltimoneiro.com.br\/index.php\/wp-json\/wp\/v2\/types\/post"}],"author":[{"embeddable":true,"href":"https:\/\/jornaltimoneiro.com.br\/index.php\/wp-json\/wp\/v2\/users\/2"}],"replies":[{"embeddable":true,"href":"https:\/\/jornaltimoneiro.com.br\/index.php\/wp-json\/wp\/v2\/comments?post=37366"}],"version-history":[{"count":2,"href":"https:\/\/jornaltimoneiro.com.br\/index.php\/wp-json\/wp\/v2\/posts\/37366\/revisions"}],"predecessor-version":[{"id":37368,"href":"https:\/\/jornaltimoneiro.com.br\/index.php\/wp-json\/wp\/v2\/posts\/37366\/revisions\/37368"}],"wp:featuredmedia":[{"embeddable":true,"href":"https:\/\/jornaltimoneiro.com.br\/index.php\/wp-json\/wp\/v2\/media\/14516"}],"wp:attachment":[{"href":"https:\/\/jornaltimoneiro.com.br\/index.php\/wp-json\/wp\/v2\/media?parent=37366"}],"wp:term":[{"taxonomy":"category","embeddable":true,"href":"https:\/\/jornaltimoneiro.com.br\/index.php\/wp-json\/wp\/v2\/categories?post=37366"},{"taxonomy":"post_tag","embeddable":true,"href":"https:\/\/jornaltimoneiro.com.br\/index.php\/wp-json\/wp\/v2\/tags?post=37366"}],"curies":[{"name":"wp","href":"https:\/\/api.w.org\/{rel}","templated":true}]}}