{"id":37301,"date":"2025-10-21T11:47:42","date_gmt":"2025-10-21T14:47:42","guid":{"rendered":"https:\/\/jornaltimoneiro.com.br\/?p=37301"},"modified":"2025-10-21T11:47:42","modified_gmt":"2025-10-21T14:47:42","slug":"aniversario-capaodocorvo-canoas","status":"publish","type":"post","link":"https:\/\/jornaltimoneiro.com.br\/index.php\/2025\/10\/21\/aniversario-capaodocorvo-canoas\/","title":{"rendered":"CICS Canoas celebra 85 anos com carreata e exposi\u00e7\u00e3o de ve\u00edculos antigos"},"content":{"rendered":"<p data-start=\"269\" data-end=\"659\">A C\u00e2mara de Ind\u00fastria, Com\u00e9rcio e Servi\u00e7os de Canoas (CICS) celebra seus 85 anos com uma programa\u00e7\u00e3o especial neste domingo, 26, a partir das 9h, no Parque Cap\u00e3o do Corvo. O evento contar\u00e1 com exposi\u00e7\u00e3o e carreata de jipes e carros antigos, al\u00e9m de uma corrida comemorativa, reunindo associados, comunidade e apaixonados por autom\u00f3veis e esporte em uma manh\u00e3 de lazer e confraterniza\u00e7\u00e3o.<\/p>\n<p data-start=\"661\" data-end=\"804\">Os participantes s\u00e3o convidados a levar seus ve\u00edculos, cadeiras de praia e chimarr\u00e3o para aproveitar o encontro em clima de festa e tradi\u00e7\u00e3o.<\/p>\n<p>Incri\u00e7\u00f5es abertas: https:\/\/www.cicscanoas.com.br\/eventos-1\/r%C3%BAstica-85-anos-cics-canoas<\/p>\n<p data-start=\"806\" data-end=\"972\">\ud83d\udccd <strong data-start=\"809\" data-end=\"819\">Local:<\/strong> Parque Cap\u00e3o do Corvo \u2013 Av. Farroupilha, 4545 (lado oeste, pr\u00f3ximo \u00e0 passarela)<br data-start=\"899\" data-end=\"902\" \/>\ud83d\uddd3 <strong data-start=\"905\" data-end=\"914\">Data:<\/strong> Domingo, 26 de outubro<br data-start=\"937\" data-end=\"940\" \/>\u23f0 <strong data-start=\"942\" data-end=\"954\">Hor\u00e1rio:<\/strong> A partir das 9h<\/p>\n","protected":false},"excerpt":{"rendered":"<p>A C\u00e2mara de Ind\u00fastria, Com\u00e9rcio e Servi\u00e7os de Canoas (CICS) celebra seus 85 anos com uma programa\u00e7\u00e3o especial neste domingo, 26, a partir das 9h, no Parque Cap\u00e3o do Corvo. O evento contar\u00e1 com exposi\u00e7\u00e3o e carreata de jipes e carros antigos, al\u00e9m de uma corrida comemorativa, reunindo associados, comunidade e apaixonados por autom\u00f3veis e [&hellip;]<\/p>\n","protected":false},"author":2,"featured_media":37302,"comment_status":"open","ping_status":"open","sticky":false,"template":"","format":"standard","meta":{"amp_status":"","footnotes":""},"categories":[4204],"tags":[307,31,268,190,3619],"class_list":["post-37301","post","type-post","status-publish","format-standard","has-post-thumbnail","hentry","category-evento","tag-aniversario","tag-canoas","tag-evento","tag-featured","tag-parque-capao-do-corvo"],"yoast_head":"<!-- This site is optimized with the Yoast SEO plugin v20.5 - https:\/\/yoast.com\/wordpress\/plugins\/seo\/ -->\n<title>CICS Canoas celebra 85 anos com carreata e exposi\u00e7\u00e3o de ve\u00edculos antigos - O Timoneiro Jornal Canoas RS<\/title>\n<meta name=\"description\" content=\"CICS Canoas celebra 85 anos com corrida, carreata e exposi\u00e7\u00e3o de ve\u00edculos antigos no Parque Cap\u00e3o do Corvo, reunindo comunidade e associados em uma manh\u00e3 de festa e tradi\u00e7\u00e3o.\" \/>\n<meta name=\"robots\" content=\"index, follow, max-snippet:-1, max-image-preview:large, max-video-preview:-1\" \/>\n<link rel=\"canonical\" href=\"https:\/\/jornaltimoneiro.com.br\/index.php\/2025\/10\/21\/aniversario-capaodocorvo-canoas\/\" \/>\n<meta property=\"og:locale\" content=\"pt_BR\" \/>\n<meta property=\"og:type\" content=\"article\" \/>\n<meta property=\"og:title\" content=\"CICS Canoas celebra 85 anos com carreata e exposi\u00e7\u00e3o de ve\u00edculos antigos - O Timoneiro Jornal Canoas RS\" \/>\n<meta property=\"og:description\" content=\"CICS Canoas celebra 85 anos com corrida, carreata e exposi\u00e7\u00e3o de ve\u00edculos antigos no Parque Cap\u00e3o do Corvo, reunindo comunidade e associados em uma manh\u00e3 de festa e tradi\u00e7\u00e3o.\" \/>\n<meta property=\"og:url\" content=\"https:\/\/jornaltimoneiro.com.br\/index.php\/2025\/10\/21\/aniversario-capaodocorvo-canoas\/\" \/>\n<meta property=\"og:site_name\" content=\"O Timoneiro Jornal Canoas RS\" \/>\n<meta property=\"article:publisher\" content=\"https:\/\/www.facebook.com\/jornaltimoneiro\" \/>\n<meta property=\"article:published_time\" content=\"2025-10-21T14:47:42+00:00\" \/>\n<meta property=\"og:image\" content=\"https:\/\/jornaltimoneiro.com.br\/wp-content\/uploads\/2025\/10\/carro-da-lampada-farol-scaled.jpg\" \/>\n\t<meta property=\"og:image:width\" content=\"1709\" \/>\n\t<meta property=\"og:image:height\" content=\"2560\" \/>\n\t<meta property=\"og:image:type\" content=\"image\/jpeg\" \/>\n<meta name=\"author\" content=\"Reda\u00e7\u00e3o\" \/>\n<meta name=\"twitter:card\" content=\"summary_large_image\" \/>\n<meta name=\"twitter:creator\" content=\"@_OTimoneiro\" \/>\n<meta name=\"twitter:site\" content=\"@_OTimoneiro\" \/>\n<meta name=\"twitter:label1\" content=\"Escrito por\" \/>\n\t<meta name=\"twitter:data1\" content=\"Reda\u00e7\u00e3o\" \/>\n\t<meta name=\"twitter:label2\" content=\"Est. tempo de leitura\" \/>\n\t<meta name=\"twitter:data2\" content=\"1 minuto\" \/>\n<script type=\"application\/ld+json\" class=\"yoast-schema-graph\">{\"@context\":\"https:\/\/schema.org\",\"@graph\":[{\"@type\":\"Article\",\"@id\":\"https:\/\/jornaltimoneiro.com.br\/index.php\/2025\/10\/21\/aniversario-capaodocorvo-canoas\/#article\",\"isPartOf\":{\"@id\":\"https:\/\/jornaltimoneiro.com.br\/index.php\/2025\/10\/21\/aniversario-capaodocorvo-canoas\/\"},\"author\":{\"name\":\"Reda\u00e7\u00e3o\",\"@id\":\"https:\/\/jornaltimoneiro.com.br\/#\/schema\/person\/f63482f1a02b1a9592707865e509ab40\"},\"headline\":\"CICS Canoas celebra 85 anos com carreata e exposi\u00e7\u00e3o de ve\u00edculos antigos\",\"datePublished\":\"2025-10-21T14:47:42+00:00\",\"dateModified\":\"2025-10-21T14:47:42+00:00\",\"mainEntityOfPage\":{\"@id\":\"https:\/\/jornaltimoneiro.com.br\/index.php\/2025\/10\/21\/aniversario-capaodocorvo-canoas\/\"},\"wordCount\":147,\"commentCount\":0,\"publisher\":{\"@id\":\"https:\/\/jornaltimoneiro.com.br\/#organization\"},\"keywords\":[\"anivers\u00e1rio\",\"canoas\",\"evento\",\"featured\",\"parque cap\u00e3o do corvo\"],\"articleSection\":[\"evento\"],\"inLanguage\":\"pt-BR\",\"potentialAction\":[{\"@type\":\"CommentAction\",\"name\":\"Comment\",\"target\":[\"https:\/\/jornaltimoneiro.com.br\/index.php\/2025\/10\/21\/aniversario-capaodocorvo-canoas\/#respond\"]}]},{\"@type\":\"WebPage\",\"@id\":\"https:\/\/jornaltimoneiro.com.br\/index.php\/2025\/10\/21\/aniversario-capaodocorvo-canoas\/\",\"url\":\"https:\/\/jornaltimoneiro.com.br\/index.php\/2025\/10\/21\/aniversario-capaodocorvo-canoas\/\",\"name\":\"CICS Canoas celebra 85 anos com carreata e exposi\u00e7\u00e3o de ve\u00edculos antigos - O Timoneiro Jornal Canoas RS\",\"isPartOf\":{\"@id\":\"https:\/\/jornaltimoneiro.com.br\/#website\"},\"datePublished\":\"2025-10-21T14:47:42+00:00\",\"dateModified\":\"2025-10-21T14:47:42+00:00\",\"description\":\"CICS Canoas celebra 85 anos com corrida, carreata e exposi\u00e7\u00e3o de ve\u00edculos antigos no Parque Cap\u00e3o do Corvo, reunindo comunidade e associados em uma manh\u00e3 de festa e tradi\u00e7\u00e3o.\",\"breadcrumb\":{\"@id\":\"https:\/\/jornaltimoneiro.com.br\/index.php\/2025\/10\/21\/aniversario-capaodocorvo-canoas\/#breadcrumb\"},\"inLanguage\":\"pt-BR\",\"potentialAction\":[{\"@type\":\"ReadAction\",\"target\":[\"https:\/\/jornaltimoneiro.com.br\/index.php\/2025\/10\/21\/aniversario-capaodocorvo-canoas\/\"]}]},{\"@type\":\"BreadcrumbList\",\"@id\":\"https:\/\/jornaltimoneiro.com.br\/index.php\/2025\/10\/21\/aniversario-capaodocorvo-canoas\/#breadcrumb\",\"itemListElement\":[{\"@type\":\"ListItem\",\"position\":1,\"name\":\"In\u00edcio\",\"item\":\"https:\/\/jornaltimoneiro.com.br\/\"},{\"@type\":\"ListItem\",\"position\":2,\"name\":\"CICS Canoas celebra 85 anos com carreata e exposi\u00e7\u00e3o de ve\u00edculos antigos\"}]},{\"@type\":\"WebSite\",\"@id\":\"https:\/\/jornaltimoneiro.com.br\/#website\",\"url\":\"https:\/\/jornaltimoneiro.com.br\/\",\"name\":\"Jornal Timoneiro Canoas RS\",\"description\":\"Jornal O Timoneiro, o verdadeiro jornal de Canoas\",\"publisher\":{\"@id\":\"https:\/\/jornaltimoneiro.com.br\/#organization\"},\"potentialAction\":[{\"@type\":\"SearchAction\",\"target\":{\"@type\":\"EntryPoint\",\"urlTemplate\":\"https:\/\/jornaltimoneiro.com.br\/?s={search_term_string}\"},\"query-input\":\"required name=search_term_string\"}],\"inLanguage\":\"pt-BR\"},{\"@type\":\"Organization\",\"@id\":\"https:\/\/jornaltimoneiro.com.br\/#organization\",\"name\":\"Jornal Timoneiro Canoas RS\",\"url\":\"https:\/\/jornaltimoneiro.com.br\/\",\"logo\":{\"@type\":\"ImageObject\",\"inLanguage\":\"pt-BR\",\"@id\":\"https:\/\/jornaltimoneiro.com.br\/#\/schema\/logo\/image\/\",\"url\":\"https:\/\/jornaltimoneiro.com.br\/wp-content\/uploads\/2023\/03\/logonovo.png\",\"contentUrl\":\"https:\/\/jornaltimoneiro.com.br\/wp-content\/uploads\/2023\/03\/logonovo.png\",\"width\":\"469\",\"height\":\"171\",\"caption\":\"Jornal Timoneiro Canoas RS\"},\"image\":{\"@id\":\"https:\/\/jornaltimoneiro.com.br\/#\/schema\/logo\/image\/\"},\"sameAs\":[\"https:\/\/www.facebook.com\/jornaltimoneiro\",\"https:\/\/twitter.com\/_OTimoneiro\",\"https:\/\/www.instagram.com\/jornaltimoneirocanoas\/\",\"https:\/\/www.youtube.com\/@jornalotimoneiro7927\"]},{\"@type\":\"Person\",\"@id\":\"https:\/\/jornaltimoneiro.com.br\/#\/schema\/person\/f63482f1a02b1a9592707865e509ab40\",\"name\":\"Reda\u00e7\u00e3o\",\"image\":{\"@type\":\"ImageObject\",\"inLanguage\":\"pt-BR\",\"@id\":\"https:\/\/jornaltimoneiro.com.br\/#\/schema\/person\/image\/\",\"url\":\"https:\/\/jornaltimoneiro.com.br\/wp-content\/uploads\/2023\/03\/download.jpeg\",\"contentUrl\":\"https:\/\/jornaltimoneiro.com.br\/wp-content\/uploads\/2023\/03\/download.jpeg\",\"caption\":\"Reda\u00e7\u00e3o\"},\"url\":\"https:\/\/jornaltimoneiro.com.br\/index.php\/author\/simone-dutra\/\"}]}<\/script>\n<!-- \/ Yoast SEO plugin. -->","yoast_head_json":{"title":"CICS Canoas celebra 85 anos com carreata e exposi\u00e7\u00e3o de ve\u00edculos antigos - O Timoneiro Jornal Canoas RS","description":"CICS Canoas celebra 85 anos com corrida, carreata e exposi\u00e7\u00e3o de ve\u00edculos antigos no Parque Cap\u00e3o do Corvo, reunindo comunidade e associados em uma manh\u00e3 de festa e tradi\u00e7\u00e3o.","robots":{"index":"index","follow":"follow","max-snippet":"max-snippet:-1","max-image-preview":"max-image-preview:large","max-video-preview":"max-video-preview:-1"},"canonical":"https:\/\/jornaltimoneiro.com.br\/index.php\/2025\/10\/21\/aniversario-capaodocorvo-canoas\/","og_locale":"pt_BR","og_type":"article","og_title":"CICS Canoas celebra 85 anos com carreata e exposi\u00e7\u00e3o de ve\u00edculos antigos - O Timoneiro Jornal Canoas RS","og_description":"CICS Canoas celebra 85 anos com corrida, carreata e exposi\u00e7\u00e3o de ve\u00edculos antigos no Parque Cap\u00e3o do Corvo, reunindo comunidade e associados em uma manh\u00e3 de festa e tradi\u00e7\u00e3o.","og_url":"https:\/\/jornaltimoneiro.com.br\/index.php\/2025\/10\/21\/aniversario-capaodocorvo-canoas\/","og_site_name":"O Timoneiro Jornal Canoas RS","article_publisher":"https:\/\/www.facebook.com\/jornaltimoneiro","article_published_time":"2025-10-21T14:47:42+00:00","og_image":[{"width":1709,"height":2560,"url":"https:\/\/jornaltimoneiro.com.br\/wp-content\/uploads\/2025\/10\/carro-da-lampada-farol-scaled.jpg","type":"image\/jpeg"}],"author":"Reda\u00e7\u00e3o","twitter_card":"summary_large_image","twitter_creator":"@_OTimoneiro","twitter_site":"@_OTimoneiro","twitter_misc":{"Escrito por":"Reda\u00e7\u00e3o","Est. tempo de leitura":"1 minuto"},"schema":{"@context":"https:\/\/schema.org","@graph":[{"@type":"Article","@id":"https:\/\/jornaltimoneiro.com.br\/index.php\/2025\/10\/21\/aniversario-capaodocorvo-canoas\/#article","isPartOf":{"@id":"https:\/\/jornaltimoneiro.com.br\/index.php\/2025\/10\/21\/aniversario-capaodocorvo-canoas\/"},"author":{"name":"Reda\u00e7\u00e3o","@id":"https:\/\/jornaltimoneiro.com.br\/#\/schema\/person\/f63482f1a02b1a9592707865e509ab40"},"headline":"CICS Canoas celebra 85 anos com carreata e exposi\u00e7\u00e3o de ve\u00edculos antigos","datePublished":"2025-10-21T14:47:42+00:00","dateModified":"2025-10-21T14:47:42+00:00","mainEntityOfPage":{"@id":"https:\/\/jornaltimoneiro.com.br\/index.php\/2025\/10\/21\/aniversario-capaodocorvo-canoas\/"},"wordCount":147,"commentCount":0,"publisher":{"@id":"https:\/\/jornaltimoneiro.com.br\/#organization"},"keywords":["anivers\u00e1rio","canoas","evento","featured","parque cap\u00e3o do corvo"],"articleSection":["evento"],"inLanguage":"pt-BR","potentialAction":[{"@type":"CommentAction","name":"Comment","target":["https:\/\/jornaltimoneiro.com.br\/index.php\/2025\/10\/21\/aniversario-capaodocorvo-canoas\/#respond"]}]},{"@type":"WebPage","@id":"https:\/\/jornaltimoneiro.com.br\/index.php\/2025\/10\/21\/aniversario-capaodocorvo-canoas\/","url":"https:\/\/jornaltimoneiro.com.br\/index.php\/2025\/10\/21\/aniversario-capaodocorvo-canoas\/","name":"CICS Canoas celebra 85 anos com carreata e exposi\u00e7\u00e3o de ve\u00edculos antigos - O Timoneiro Jornal Canoas RS","isPartOf":{"@id":"https:\/\/jornaltimoneiro.com.br\/#website"},"datePublished":"2025-10-21T14:47:42+00:00","dateModified":"2025-10-21T14:47:42+00:00","description":"CICS Canoas celebra 85 anos com corrida, carreata e exposi\u00e7\u00e3o de ve\u00edculos antigos no Parque Cap\u00e3o do Corvo, reunindo comunidade e associados em uma manh\u00e3 de festa e tradi\u00e7\u00e3o.","breadcrumb":{"@id":"https:\/\/jornaltimoneiro.com.br\/index.php\/2025\/10\/21\/aniversario-capaodocorvo-canoas\/#breadcrumb"},"inLanguage":"pt-BR","potentialAction":[{"@type":"ReadAction","target":["https:\/\/jornaltimoneiro.com.br\/index.php\/2025\/10\/21\/aniversario-capaodocorvo-canoas\/"]}]},{"@type":"BreadcrumbList","@id":"https:\/\/jornaltimoneiro.com.br\/index.php\/2025\/10\/21\/aniversario-capaodocorvo-canoas\/#breadcrumb","itemListElement":[{"@type":"ListItem","position":1,"name":"In\u00edcio","item":"https:\/\/jornaltimoneiro.com.br\/"},{"@type":"ListItem","position":2,"name":"CICS Canoas celebra 85 anos com carreata e exposi\u00e7\u00e3o de ve\u00edculos antigos"}]},{"@type":"WebSite","@id":"https:\/\/jornaltimoneiro.com.br\/#website","url":"https:\/\/jornaltimoneiro.com.br\/","name":"Jornal Timoneiro Canoas RS","description":"Jornal O Timoneiro, o verdadeiro jornal de Canoas","publisher":{"@id":"https:\/\/jornaltimoneiro.com.br\/#organization"},"potentialAction":[{"@type":"SearchAction","target":{"@type":"EntryPoint","urlTemplate":"https:\/\/jornaltimoneiro.com.br\/?s={search_term_string}"},"query-input":"required name=search_term_string"}],"inLanguage":"pt-BR"},{"@type":"Organization","@id":"https:\/\/jornaltimoneiro.com.br\/#organization","name":"Jornal Timoneiro Canoas RS","url":"https:\/\/jornaltimoneiro.com.br\/","logo":{"@type":"ImageObject","inLanguage":"pt-BR","@id":"https:\/\/jornaltimoneiro.com.br\/#\/schema\/logo\/image\/","url":"https:\/\/jornaltimoneiro.com.br\/wp-content\/uploads\/2023\/03\/logonovo.png","contentUrl":"https:\/\/jornaltimoneiro.com.br\/wp-content\/uploads\/2023\/03\/logonovo.png","width":"469","height":"171","caption":"Jornal Timoneiro Canoas RS"},"image":{"@id":"https:\/\/jornaltimoneiro.com.br\/#\/schema\/logo\/image\/"},"sameAs":["https:\/\/www.facebook.com\/jornaltimoneiro","https:\/\/twitter.com\/_OTimoneiro","https:\/\/www.instagram.com\/jornaltimoneirocanoas\/","https:\/\/www.youtube.com\/@jornalotimoneiro7927"]},{"@type":"Person","@id":"https:\/\/jornaltimoneiro.com.br\/#\/schema\/person\/f63482f1a02b1a9592707865e509ab40","name":"Reda\u00e7\u00e3o","image":{"@type":"ImageObject","inLanguage":"pt-BR","@id":"https:\/\/jornaltimoneiro.com.br\/#\/schema\/person\/image\/","url":"https:\/\/jornaltimoneiro.com.br\/wp-content\/uploads\/2023\/03\/download.jpeg","contentUrl":"https:\/\/jornaltimoneiro.com.br\/wp-content\/uploads\/2023\/03\/download.jpeg","caption":"Reda\u00e7\u00e3o"},"url":"https:\/\/jornaltimoneiro.com.br\/index.php\/author\/simone-dutra\/"}]}},"_links":{"self":[{"href":"https:\/\/jornaltimoneiro.com.br\/index.php\/wp-json\/wp\/v2\/posts\/37301"}],"collection":[{"href":"https:\/\/jornaltimoneiro.com.br\/index.php\/wp-json\/wp\/v2\/posts"}],"about":[{"href":"https:\/\/jornaltimoneiro.com.br\/index.php\/wp-json\/wp\/v2\/types\/post"}],"author":[{"embeddable":true,"href":"https:\/\/jornaltimoneiro.com.br\/index.php\/wp-json\/wp\/v2\/users\/2"}],"replies":[{"embeddable":true,"href":"https:\/\/jornaltimoneiro.com.br\/index.php\/wp-json\/wp\/v2\/comments?post=37301"}],"version-history":[{"count":1,"href":"https:\/\/jornaltimoneiro.com.br\/index.php\/wp-json\/wp\/v2\/posts\/37301\/revisions"}],"predecessor-version":[{"id":37303,"href":"https:\/\/jornaltimoneiro.com.br\/index.php\/wp-json\/wp\/v2\/posts\/37301\/revisions\/37303"}],"wp:featuredmedia":[{"embeddable":true,"href":"https:\/\/jornaltimoneiro.com.br\/index.php\/wp-json\/wp\/v2\/media\/37302"}],"wp:attachment":[{"href":"https:\/\/jornaltimoneiro.com.br\/index.php\/wp-json\/wp\/v2\/media?parent=37301"}],"wp:term":[{"taxonomy":"category","embeddable":true,"href":"https:\/\/jornaltimoneiro.com.br\/index.php\/wp-json\/wp\/v2\/categories?post=37301"},{"taxonomy":"post_tag","embeddable":true,"href":"https:\/\/jornaltimoneiro.com.br\/index.php\/wp-json\/wp\/v2\/tags?post=37301"}],"curies":[{"name":"wp","href":"https:\/\/api.w.org\/{rel}","templated":true}]}}