{"id":37241,"date":"2025-10-16T11:09:59","date_gmt":"2025-10-16T14:09:59","guid":{"rendered":"https:\/\/jornaltimoneiro.com.br\/?p=37241"},"modified":"2025-10-16T11:09:59","modified_gmt":"2025-10-16T14:09:59","slug":"vacinacao-diad","status":"publish","type":"post","link":"https:\/\/jornaltimoneiro.com.br\/index.php\/2025\/10\/16\/vacinacao-diad\/","title":{"rendered":"Canoas realiza Dia D de vacina\u00e7\u00e3o neste s\u00e1bado,18 de outubro"},"content":{"rendered":"<p>Alinhada \u00e0 proposta nacional, o governo do Estado, por meio da Secretaria da Sa\u00fade (SES), promove no s\u00e1bado 18, o Dia D de Multivacina\u00e7\u00e3o para crian\u00e7as e adolescentes no Rio Grande do Sul. A a\u00e7\u00e3o faz parte da celebra\u00e7\u00e3o do Dia Nacional da Vacina\u00e7\u00e3o, comemorado em 17 de outubro, para relembrar a import\u00e2ncia hist\u00f3rica das vacinas no Brasil e ampliar a conscientiza\u00e7\u00e3o coletiva sobre a efic\u00e1cia dos imunizantes na preven\u00e7\u00e3o de doen\u00e7as, no combate a infec\u00e7\u00f5es e na prote\u00e7\u00e3o da sa\u00fade de todos.<\/p>\n<p>Em andamento desde o in\u00edcio do m\u00eas de outubro, a Campanha Nacional de Multivacina\u00e7\u00e3o tem como p\u00fablico-alvo crian\u00e7as e adolescentes de at\u00e9 15 anos. A faixa et\u00e1ria \u00e9 contemplada com uma s\u00e9rie de vacinas que oferecem prote\u00e7\u00e3o contra doen\u00e7as imunopreven\u00edveis e evitam o adoecimento. Para garantir a imuniza\u00e7\u00e3o completa, \u00e9 necess\u00e1rio que todas as doses recomendadas tenham sido aplicadas.<\/p>\n<h4><strong>Dia D de multivacina\u00e7\u00e3o<\/strong><\/h4>\n<p>O Dia D de Multivacina\u00e7\u00e3o, mobiliza\u00e7\u00e3o nacional que busca dar visibilidade para a campanha e incentivar que pais e respons\u00e1veis levem crian\u00e7as e adolescentes para se vacinarem. A orienta\u00e7\u00e3o do Centro Estadual de Vigil\u00e2ncia em Sa\u00fade (Cevs) \u00e9 levar a caderneta de vacina\u00e7\u00e3o da crian\u00e7a ou do adolescente para que as equipes das unidades b\u00e1sicas de sa\u00fade possam avaliar quais imunizantes precisam ser aplicados, conforme idade e a necessidade de atualiza\u00e7\u00e3o do esquema vacinal.<\/p>\n<p>Entre as vacinas dispon\u00edveis para o p\u00fablico da campanha, est\u00e3o a que protege o p\u00fablico-alvo contra o sarampo e contra o HPV. No caso do sarampo, apesar de o Brasil ter reconquistado, em 2024, a certifica\u00e7\u00e3o de elimina\u00e7\u00e3o da doen\u00e7a, o risco de reintrodu\u00e7\u00e3o da doen\u00e7a permanece elevado.<\/p>\n<h4><strong>Vacinas do calend\u00e1rio da crian\u00e7a para menores de 7 anos de idade<\/strong><\/h4>\n<ul>\n<li>BCG (tuberculose)<\/li>\n<li>Hepatite B<\/li>\n<li>Pentavalente (difteria, t\u00e9tano, coqueluche, hepatite B e meningite por\u00a0<em>Haemophilus influenzae<\/em>\u00a0tipo B).<\/li>\n<li>P\u00f3lio<\/li>\n<li>Rotav\u00edrus<\/li>\n<li>Pneumoc\u00f3cica decavalente<\/li>\n<li>Meningoc\u00f3cica C<\/li>\n<li>Meningoc\u00f3cica ACWY<\/li>\n<li>Gripe (influenza)<\/li>\n<li>Covid-19<\/li>\n<li>Febre amarela<\/li>\n<li>Tr\u00edplice viral (sarampo, caxumba e rub\u00e9ola)<\/li>\n<li>Tetra viral (sarampo, caxumba, rub\u00e9ola e varicela)<\/li>\n<li>DTP infantil (difteria, t\u00e9tano e coqueluche)<\/li>\n<li>Hepatite A<\/li>\n<li>Varicela<\/li>\n<\/ul>\n<h4><strong>Vacinas do calend\u00e1rio da crian\u00e7a a partir de 7 anos de idade e do calend\u00e1rio do adolescente<\/strong><\/h4>\n<ul>\n<li>Hepatite B<\/li>\n<li>Febre amarela<\/li>\n<li>Tr\u00edplice viral (sarampo, caxumba e rub\u00e9ola)<\/li>\n<li>Dupla adulto (difteria e t\u00e9tano)<\/li>\n<li>Tr\u00edplice bacteriana adulto (difteria, t\u00e9tano e coqueluche)<\/li>\n<li>Meningoc\u00f3cica ACWY<\/li>\n<li>HPV<\/li>\n<li>Varicela<\/li>\n<\/ul>\n<p>A SES refor\u00e7a que, mesmo ap\u00f3s o encerramento da Campanha de Multivacina\u00e7\u00e3o, os imunizantes do calend\u00e1rio b\u00e1sico seguem dispon\u00edveis de forma cont\u00ednua nas UBSs, permitindo que pais e respons\u00e1veis atualizem a caderneta vacinal das crian\u00e7as e dos adolescentes ao longo de todo o ano.<\/p>\n","protected":false},"excerpt":{"rendered":"<p>Alinhada \u00e0 proposta nacional, o governo do Estado, por meio da Secretaria da Sa\u00fade (SES), promove no s\u00e1bado 18, o Dia D de Multivacina\u00e7\u00e3o para crian\u00e7as e adolescentes no Rio Grande do Sul. A a\u00e7\u00e3o faz parte da celebra\u00e7\u00e3o do Dia Nacional da Vacina\u00e7\u00e3o, comemorado em 17 de outubro, para relembrar a import\u00e2ncia hist\u00f3rica das [&hellip;]<\/p>\n","protected":false},"author":2,"featured_media":37242,"comment_status":"open","ping_status":"open","sticky":false,"template":"","format":"standard","meta":{"amp_status":"","footnotes":""},"categories":[1],"tags":[31,4869,190,1240],"class_list":["post-37241","post","type-post","status-publish","format-standard","has-post-thumbnail","hentry","category-sem-categoria","tag-canoas","tag-dia-d-de-vacinacao","tag-featured","tag-multivacinacao"],"yoast_head":"<!-- This site is optimized with the Yoast SEO plugin v20.5 - https:\/\/yoast.com\/wordpress\/plugins\/seo\/ -->\n<title>Canoas realiza Dia D de vacina\u00e7\u00e3o neste s\u00e1bado,18 de outubro - O Timoneiro Jornal Canoas RS<\/title>\n<meta name=\"description\" content=\"O Rio Grande do Sul realiza neste s\u00e1bado o Dia D de Multivacina\u00e7\u00e3o para crian\u00e7as e adolescentes de at\u00e9 15 anos. A a\u00e7\u00e3o busca refor\u00e7ar a import\u00e2ncia da atualiza\u00e7\u00e3o da caderneta de vacina\u00e7\u00e3o e ampliar a cobertura contra doen\u00e7as preven\u00edveis.\" \/>\n<meta name=\"robots\" content=\"index, follow, max-snippet:-1, max-image-preview:large, max-video-preview:-1\" \/>\n<link rel=\"canonical\" href=\"https:\/\/jornaltimoneiro.com.br\/index.php\/2025\/10\/16\/vacinacao-diad\/\" \/>\n<meta property=\"og:locale\" content=\"pt_BR\" \/>\n<meta property=\"og:type\" content=\"article\" \/>\n<meta property=\"og:title\" content=\"Canoas realiza Dia D de vacina\u00e7\u00e3o neste s\u00e1bado,18 de outubro - O Timoneiro Jornal Canoas RS\" \/>\n<meta property=\"og:description\" content=\"O Rio Grande do Sul realiza neste s\u00e1bado o Dia D de Multivacina\u00e7\u00e3o para crian\u00e7as e adolescentes de at\u00e9 15 anos. A a\u00e7\u00e3o busca refor\u00e7ar a import\u00e2ncia da atualiza\u00e7\u00e3o da caderneta de vacina\u00e7\u00e3o e ampliar a cobertura contra doen\u00e7as preven\u00edveis.\" \/>\n<meta property=\"og:url\" content=\"https:\/\/jornaltimoneiro.com.br\/index.php\/2025\/10\/16\/vacinacao-diad\/\" \/>\n<meta property=\"og:site_name\" content=\"O Timoneiro Jornal Canoas RS\" \/>\n<meta property=\"article:publisher\" content=\"https:\/\/www.facebook.com\/jornaltimoneiro\" \/>\n<meta property=\"article:published_time\" content=\"2025-10-16T14:09:59+00:00\" \/>\n<meta property=\"og:image\" content=\"https:\/\/jornaltimoneiro.com.br\/wp-content\/uploads\/2025\/10\/20-10-multivacinacao-prata-alisson-moura-17-2.jpg\" \/>\n\t<meta property=\"og:image:width\" content=\"2048\" \/>\n\t<meta property=\"og:image:height\" content=\"1365\" \/>\n\t<meta property=\"og:image:type\" content=\"image\/jpeg\" \/>\n<meta name=\"author\" content=\"Reda\u00e7\u00e3o\" \/>\n<meta name=\"twitter:card\" content=\"summary_large_image\" \/>\n<meta name=\"twitter:creator\" content=\"@_OTimoneiro\" \/>\n<meta name=\"twitter:site\" content=\"@_OTimoneiro\" \/>\n<meta name=\"twitter:label1\" content=\"Escrito por\" \/>\n\t<meta name=\"twitter:data1\" content=\"Reda\u00e7\u00e3o\" \/>\n\t<meta name=\"twitter:label2\" content=\"Est. tempo de leitura\" \/>\n\t<meta name=\"twitter:data2\" content=\"3 minutos\" \/>\n<script type=\"application\/ld+json\" class=\"yoast-schema-graph\">{\"@context\":\"https:\/\/schema.org\",\"@graph\":[{\"@type\":\"Article\",\"@id\":\"https:\/\/jornaltimoneiro.com.br\/index.php\/2025\/10\/16\/vacinacao-diad\/#article\",\"isPartOf\":{\"@id\":\"https:\/\/jornaltimoneiro.com.br\/index.php\/2025\/10\/16\/vacinacao-diad\/\"},\"author\":{\"name\":\"Reda\u00e7\u00e3o\",\"@id\":\"https:\/\/jornaltimoneiro.com.br\/#\/schema\/person\/f63482f1a02b1a9592707865e509ab40\"},\"headline\":\"Canoas realiza Dia D de vacina\u00e7\u00e3o neste s\u00e1bado,18 de outubro\",\"datePublished\":\"2025-10-16T14:09:59+00:00\",\"dateModified\":\"2025-10-16T14:09:59+00:00\",\"mainEntityOfPage\":{\"@id\":\"https:\/\/jornaltimoneiro.com.br\/index.php\/2025\/10\/16\/vacinacao-diad\/\"},\"wordCount\":501,\"commentCount\":0,\"publisher\":{\"@id\":\"https:\/\/jornaltimoneiro.com.br\/#organization\"},\"keywords\":[\"canoas\",\"dia d de vacina\u00e7\u00e3o\",\"featured\",\"multivacina\u00e7\u00e3o\"],\"inLanguage\":\"pt-BR\",\"potentialAction\":[{\"@type\":\"CommentAction\",\"name\":\"Comment\",\"target\":[\"https:\/\/jornaltimoneiro.com.br\/index.php\/2025\/10\/16\/vacinacao-diad\/#respond\"]}]},{\"@type\":\"WebPage\",\"@id\":\"https:\/\/jornaltimoneiro.com.br\/index.php\/2025\/10\/16\/vacinacao-diad\/\",\"url\":\"https:\/\/jornaltimoneiro.com.br\/index.php\/2025\/10\/16\/vacinacao-diad\/\",\"name\":\"Canoas realiza Dia D de vacina\u00e7\u00e3o neste s\u00e1bado,18 de outubro - O Timoneiro Jornal Canoas RS\",\"isPartOf\":{\"@id\":\"https:\/\/jornaltimoneiro.com.br\/#website\"},\"datePublished\":\"2025-10-16T14:09:59+00:00\",\"dateModified\":\"2025-10-16T14:09:59+00:00\",\"description\":\"O Rio Grande do Sul realiza neste s\u00e1bado o Dia D de Multivacina\u00e7\u00e3o para crian\u00e7as e adolescentes de at\u00e9 15 anos. A a\u00e7\u00e3o busca refor\u00e7ar a import\u00e2ncia da atualiza\u00e7\u00e3o da caderneta de vacina\u00e7\u00e3o e ampliar a cobertura contra doen\u00e7as preven\u00edveis.\",\"breadcrumb\":{\"@id\":\"https:\/\/jornaltimoneiro.com.br\/index.php\/2025\/10\/16\/vacinacao-diad\/#breadcrumb\"},\"inLanguage\":\"pt-BR\",\"potentialAction\":[{\"@type\":\"ReadAction\",\"target\":[\"https:\/\/jornaltimoneiro.com.br\/index.php\/2025\/10\/16\/vacinacao-diad\/\"]}]},{\"@type\":\"BreadcrumbList\",\"@id\":\"https:\/\/jornaltimoneiro.com.br\/index.php\/2025\/10\/16\/vacinacao-diad\/#breadcrumb\",\"itemListElement\":[{\"@type\":\"ListItem\",\"position\":1,\"name\":\"In\u00edcio\",\"item\":\"https:\/\/jornaltimoneiro.com.br\/\"},{\"@type\":\"ListItem\",\"position\":2,\"name\":\"Canoas realiza Dia D de vacina\u00e7\u00e3o neste s\u00e1bado,18 de outubro\"}]},{\"@type\":\"WebSite\",\"@id\":\"https:\/\/jornaltimoneiro.com.br\/#website\",\"url\":\"https:\/\/jornaltimoneiro.com.br\/\",\"name\":\"Jornal Timoneiro Canoas RS\",\"description\":\"Jornal O Timoneiro, o verdadeiro jornal de Canoas\",\"publisher\":{\"@id\":\"https:\/\/jornaltimoneiro.com.br\/#organization\"},\"potentialAction\":[{\"@type\":\"SearchAction\",\"target\":{\"@type\":\"EntryPoint\",\"urlTemplate\":\"https:\/\/jornaltimoneiro.com.br\/?s={search_term_string}\"},\"query-input\":\"required name=search_term_string\"}],\"inLanguage\":\"pt-BR\"},{\"@type\":\"Organization\",\"@id\":\"https:\/\/jornaltimoneiro.com.br\/#organization\",\"name\":\"Jornal Timoneiro Canoas RS\",\"url\":\"https:\/\/jornaltimoneiro.com.br\/\",\"logo\":{\"@type\":\"ImageObject\",\"inLanguage\":\"pt-BR\",\"@id\":\"https:\/\/jornaltimoneiro.com.br\/#\/schema\/logo\/image\/\",\"url\":\"https:\/\/jornaltimoneiro.com.br\/wp-content\/uploads\/2023\/03\/logonovo.png\",\"contentUrl\":\"https:\/\/jornaltimoneiro.com.br\/wp-content\/uploads\/2023\/03\/logonovo.png\",\"width\":\"469\",\"height\":\"171\",\"caption\":\"Jornal Timoneiro Canoas RS\"},\"image\":{\"@id\":\"https:\/\/jornaltimoneiro.com.br\/#\/schema\/logo\/image\/\"},\"sameAs\":[\"https:\/\/www.facebook.com\/jornaltimoneiro\",\"https:\/\/twitter.com\/_OTimoneiro\",\"https:\/\/www.instagram.com\/jornaltimoneirocanoas\/\",\"https:\/\/www.youtube.com\/@jornalotimoneiro7927\"]},{\"@type\":\"Person\",\"@id\":\"https:\/\/jornaltimoneiro.com.br\/#\/schema\/person\/f63482f1a02b1a9592707865e509ab40\",\"name\":\"Reda\u00e7\u00e3o\",\"image\":{\"@type\":\"ImageObject\",\"inLanguage\":\"pt-BR\",\"@id\":\"https:\/\/jornaltimoneiro.com.br\/#\/schema\/person\/image\/\",\"url\":\"https:\/\/jornaltimoneiro.com.br\/wp-content\/uploads\/2023\/03\/download.jpeg\",\"contentUrl\":\"https:\/\/jornaltimoneiro.com.br\/wp-content\/uploads\/2023\/03\/download.jpeg\",\"caption\":\"Reda\u00e7\u00e3o\"},\"url\":\"https:\/\/jornaltimoneiro.com.br\/index.php\/author\/simone-dutra\/\"}]}<\/script>\n<!-- \/ Yoast SEO plugin. -->","yoast_head_json":{"title":"Canoas realiza Dia D de vacina\u00e7\u00e3o neste s\u00e1bado,18 de outubro - O Timoneiro Jornal Canoas RS","description":"O Rio Grande do Sul realiza neste s\u00e1bado o Dia D de Multivacina\u00e7\u00e3o para crian\u00e7as e adolescentes de at\u00e9 15 anos. A a\u00e7\u00e3o busca refor\u00e7ar a import\u00e2ncia da atualiza\u00e7\u00e3o da caderneta de vacina\u00e7\u00e3o e ampliar a cobertura contra doen\u00e7as preven\u00edveis.","robots":{"index":"index","follow":"follow","max-snippet":"max-snippet:-1","max-image-preview":"max-image-preview:large","max-video-preview":"max-video-preview:-1"},"canonical":"https:\/\/jornaltimoneiro.com.br\/index.php\/2025\/10\/16\/vacinacao-diad\/","og_locale":"pt_BR","og_type":"article","og_title":"Canoas realiza Dia D de vacina\u00e7\u00e3o neste s\u00e1bado,18 de outubro - O Timoneiro Jornal Canoas RS","og_description":"O Rio Grande do Sul realiza neste s\u00e1bado o Dia D de Multivacina\u00e7\u00e3o para crian\u00e7as e adolescentes de at\u00e9 15 anos. A a\u00e7\u00e3o busca refor\u00e7ar a import\u00e2ncia da atualiza\u00e7\u00e3o da caderneta de vacina\u00e7\u00e3o e ampliar a cobertura contra doen\u00e7as preven\u00edveis.","og_url":"https:\/\/jornaltimoneiro.com.br\/index.php\/2025\/10\/16\/vacinacao-diad\/","og_site_name":"O Timoneiro Jornal Canoas RS","article_publisher":"https:\/\/www.facebook.com\/jornaltimoneiro","article_published_time":"2025-10-16T14:09:59+00:00","og_image":[{"width":2048,"height":1365,"url":"https:\/\/jornaltimoneiro.com.br\/wp-content\/uploads\/2025\/10\/20-10-multivacinacao-prata-alisson-moura-17-2.jpg","type":"image\/jpeg"}],"author":"Reda\u00e7\u00e3o","twitter_card":"summary_large_image","twitter_creator":"@_OTimoneiro","twitter_site":"@_OTimoneiro","twitter_misc":{"Escrito por":"Reda\u00e7\u00e3o","Est. tempo de leitura":"3 minutos"},"schema":{"@context":"https:\/\/schema.org","@graph":[{"@type":"Article","@id":"https:\/\/jornaltimoneiro.com.br\/index.php\/2025\/10\/16\/vacinacao-diad\/#article","isPartOf":{"@id":"https:\/\/jornaltimoneiro.com.br\/index.php\/2025\/10\/16\/vacinacao-diad\/"},"author":{"name":"Reda\u00e7\u00e3o","@id":"https:\/\/jornaltimoneiro.com.br\/#\/schema\/person\/f63482f1a02b1a9592707865e509ab40"},"headline":"Canoas realiza Dia D de vacina\u00e7\u00e3o neste s\u00e1bado,18 de outubro","datePublished":"2025-10-16T14:09:59+00:00","dateModified":"2025-10-16T14:09:59+00:00","mainEntityOfPage":{"@id":"https:\/\/jornaltimoneiro.com.br\/index.php\/2025\/10\/16\/vacinacao-diad\/"},"wordCount":501,"commentCount":0,"publisher":{"@id":"https:\/\/jornaltimoneiro.com.br\/#organization"},"keywords":["canoas","dia d de vacina\u00e7\u00e3o","featured","multivacina\u00e7\u00e3o"],"inLanguage":"pt-BR","potentialAction":[{"@type":"CommentAction","name":"Comment","target":["https:\/\/jornaltimoneiro.com.br\/index.php\/2025\/10\/16\/vacinacao-diad\/#respond"]}]},{"@type":"WebPage","@id":"https:\/\/jornaltimoneiro.com.br\/index.php\/2025\/10\/16\/vacinacao-diad\/","url":"https:\/\/jornaltimoneiro.com.br\/index.php\/2025\/10\/16\/vacinacao-diad\/","name":"Canoas realiza Dia D de vacina\u00e7\u00e3o neste s\u00e1bado,18 de outubro - O Timoneiro Jornal Canoas RS","isPartOf":{"@id":"https:\/\/jornaltimoneiro.com.br\/#website"},"datePublished":"2025-10-16T14:09:59+00:00","dateModified":"2025-10-16T14:09:59+00:00","description":"O Rio Grande do Sul realiza neste s\u00e1bado o Dia D de Multivacina\u00e7\u00e3o para crian\u00e7as e adolescentes de at\u00e9 15 anos. A a\u00e7\u00e3o busca refor\u00e7ar a import\u00e2ncia da atualiza\u00e7\u00e3o da caderneta de vacina\u00e7\u00e3o e ampliar a cobertura contra doen\u00e7as preven\u00edveis.","breadcrumb":{"@id":"https:\/\/jornaltimoneiro.com.br\/index.php\/2025\/10\/16\/vacinacao-diad\/#breadcrumb"},"inLanguage":"pt-BR","potentialAction":[{"@type":"ReadAction","target":["https:\/\/jornaltimoneiro.com.br\/index.php\/2025\/10\/16\/vacinacao-diad\/"]}]},{"@type":"BreadcrumbList","@id":"https:\/\/jornaltimoneiro.com.br\/index.php\/2025\/10\/16\/vacinacao-diad\/#breadcrumb","itemListElement":[{"@type":"ListItem","position":1,"name":"In\u00edcio","item":"https:\/\/jornaltimoneiro.com.br\/"},{"@type":"ListItem","position":2,"name":"Canoas realiza Dia D de vacina\u00e7\u00e3o neste s\u00e1bado,18 de outubro"}]},{"@type":"WebSite","@id":"https:\/\/jornaltimoneiro.com.br\/#website","url":"https:\/\/jornaltimoneiro.com.br\/","name":"Jornal Timoneiro Canoas RS","description":"Jornal O Timoneiro, o verdadeiro jornal de Canoas","publisher":{"@id":"https:\/\/jornaltimoneiro.com.br\/#organization"},"potentialAction":[{"@type":"SearchAction","target":{"@type":"EntryPoint","urlTemplate":"https:\/\/jornaltimoneiro.com.br\/?s={search_term_string}"},"query-input":"required name=search_term_string"}],"inLanguage":"pt-BR"},{"@type":"Organization","@id":"https:\/\/jornaltimoneiro.com.br\/#organization","name":"Jornal Timoneiro Canoas RS","url":"https:\/\/jornaltimoneiro.com.br\/","logo":{"@type":"ImageObject","inLanguage":"pt-BR","@id":"https:\/\/jornaltimoneiro.com.br\/#\/schema\/logo\/image\/","url":"https:\/\/jornaltimoneiro.com.br\/wp-content\/uploads\/2023\/03\/logonovo.png","contentUrl":"https:\/\/jornaltimoneiro.com.br\/wp-content\/uploads\/2023\/03\/logonovo.png","width":"469","height":"171","caption":"Jornal Timoneiro Canoas RS"},"image":{"@id":"https:\/\/jornaltimoneiro.com.br\/#\/schema\/logo\/image\/"},"sameAs":["https:\/\/www.facebook.com\/jornaltimoneiro","https:\/\/twitter.com\/_OTimoneiro","https:\/\/www.instagram.com\/jornaltimoneirocanoas\/","https:\/\/www.youtube.com\/@jornalotimoneiro7927"]},{"@type":"Person","@id":"https:\/\/jornaltimoneiro.com.br\/#\/schema\/person\/f63482f1a02b1a9592707865e509ab40","name":"Reda\u00e7\u00e3o","image":{"@type":"ImageObject","inLanguage":"pt-BR","@id":"https:\/\/jornaltimoneiro.com.br\/#\/schema\/person\/image\/","url":"https:\/\/jornaltimoneiro.com.br\/wp-content\/uploads\/2023\/03\/download.jpeg","contentUrl":"https:\/\/jornaltimoneiro.com.br\/wp-content\/uploads\/2023\/03\/download.jpeg","caption":"Reda\u00e7\u00e3o"},"url":"https:\/\/jornaltimoneiro.com.br\/index.php\/author\/simone-dutra\/"}]}},"_links":{"self":[{"href":"https:\/\/jornaltimoneiro.com.br\/index.php\/wp-json\/wp\/v2\/posts\/37241"}],"collection":[{"href":"https:\/\/jornaltimoneiro.com.br\/index.php\/wp-json\/wp\/v2\/posts"}],"about":[{"href":"https:\/\/jornaltimoneiro.com.br\/index.php\/wp-json\/wp\/v2\/types\/post"}],"author":[{"embeddable":true,"href":"https:\/\/jornaltimoneiro.com.br\/index.php\/wp-json\/wp\/v2\/users\/2"}],"replies":[{"embeddable":true,"href":"https:\/\/jornaltimoneiro.com.br\/index.php\/wp-json\/wp\/v2\/comments?post=37241"}],"version-history":[{"count":1,"href":"https:\/\/jornaltimoneiro.com.br\/index.php\/wp-json\/wp\/v2\/posts\/37241\/revisions"}],"predecessor-version":[{"id":37243,"href":"https:\/\/jornaltimoneiro.com.br\/index.php\/wp-json\/wp\/v2\/posts\/37241\/revisions\/37243"}],"wp:featuredmedia":[{"embeddable":true,"href":"https:\/\/jornaltimoneiro.com.br\/index.php\/wp-json\/wp\/v2\/media\/37242"}],"wp:attachment":[{"href":"https:\/\/jornaltimoneiro.com.br\/index.php\/wp-json\/wp\/v2\/media?parent=37241"}],"wp:term":[{"taxonomy":"category","embeddable":true,"href":"https:\/\/jornaltimoneiro.com.br\/index.php\/wp-json\/wp\/v2\/categories?post=37241"},{"taxonomy":"post_tag","embeddable":true,"href":"https:\/\/jornaltimoneiro.com.br\/index.php\/wp-json\/wp\/v2\/tags?post=37241"}],"curies":[{"name":"wp","href":"https:\/\/api.w.org\/{rel}","templated":true}]}}