{"id":37094,"date":"2025-10-07T15:10:58","date_gmt":"2025-10-07T18:10:58","guid":{"rendered":"https:\/\/jornaltimoneiro.com.br\/?p=37094"},"modified":"2025-10-07T15:10:58","modified_gmt":"2025-10-07T18:10:58","slug":"3o-festival-de-cinema-de-canoas-promove-quarto-encontro-do-curta-fecic-e-workshop-esta-semana","status":"publish","type":"post","link":"https:\/\/jornaltimoneiro.com.br\/index.php\/2025\/10\/07\/3o-festival-de-cinema-de-canoas-promove-quarto-encontro-do-curta-fecic-e-workshop-esta-semana\/","title":{"rendered":"3\u00ba Festival de Cinema de Canoas promove quarto encontro do Curta FECIC e workshop esta semana"},"content":{"rendered":"<p>O Festival de Cinema de Canoas encerrou sua terceira edi\u00e7\u00e3o no \u00faltimo dia 28 de setembro, mas a programa\u00e7\u00e3o continua. Nesta semana, o evento d\u00e1 continuidade \u00e0s suas a\u00e7\u00f5es educativas com a realiza\u00e7\u00e3o do <em>4\u00ba encontro do Curta FECIC<\/em>\u00a0e do\u00a0<em>Workshop de Roteiro e Linguagem Cinematogr\u00e1fica<\/em>, ambos gratuitos e voltados a alunos e educadores das cidades de Canoas e Nova Santa Rita.<\/p>\n<div>\n<p>A primeira atividade \u00e9 o workshop\u00a0<em>\u201cA Arte de Contar Hist\u00f3rias &#8211; Introdu\u00e7\u00e3o \u00e0 Linguagem e Produ\u00e7\u00e3o Audiovisual\u201d<\/em>, que acontece na quarta-feira, 8 de outubro, das 19h \u00e0s 21h, no Audit\u00f3rio do IFRS &#8211; Campus Canoas. A atividade ser\u00e1 ministrada pelo produtor de cinema e realizador do FECIC, Alexandre Derlam, e \u00e9 voltada para estudantes dos anos finais do Ensino Fundamental e M\u00e9dio, educadores e pessoas interessadas.<\/p>\n<p>Totalmente gratuita, a oficina est\u00e1 inserida na programa\u00e7\u00e3o da 4\u00aa Mostra de Cinema do Campus Canoas, que integra as atividades do projeto de extens\u00e3o \u201cHQ e Audiovisual em processos pedag\u00f3gicos\u201d do IFRS. Nesse sentido, quem participar do workshop ir\u00e1 aprender sobre escrita de roteiros, t\u00e9cnicas narrativas e o uso criativo da linguagem audiovisual, sempre com uma abordagem acess\u00edvel e conectada ao momento atual, o mundo das imagens em movimento.<\/p>\n<p>J\u00e1 o quarto encontro do\u00a0<em>Curta FECIC,\u00a0<\/em>a\u00e7\u00e3o educativa que tem como objetivo aproximar alunos e educadores do universo do cinema e incentivar o olhar cr\u00edtico e criativo, acontece na quinta-feira, 9 de outubro, das 9h \u00e0s 11h, tamb\u00e9m no Audit\u00f3rio do IFRS &#8211; Campus Canoas.<\/p>\n<p>Voltado para a professores, coordenadores pedag\u00f3gicos e equipes diretivas das cidades de Canoas e Nova Santa Rita, o debate educacional tem como tema a import\u00e2ncia do audiovisual no ambiente escolar e ser\u00e1 mediado por Alexandre Derlam; pelo professor, ator e roteirista Angelo Sergio e pela mestre em educa\u00e7\u00e3o e coordenadora pedag\u00f3gica do Curta FECIC, Celi Reinhardt.<\/p>\n<p>Na ocasi\u00e3o, eles ir\u00e3o debater temas como os objetivos dos encontros do Curta FECIC; possibilidades de linguagem audiovisual, produ\u00e7\u00e3o e frui\u00e7\u00e3o; a relev\u00e2ncia da produ\u00e7\u00e3o audiovisual e do cinema na educa\u00e7\u00e3o e legisla\u00e7\u00e3o pertinente, assim como, a parceria fundamental entre professores e equipes diretivas na produ\u00e7\u00e3o audiovisual escolar de Canoas. A atividade \u00e9 gratuita.<\/p>\n<p>\u201cAcreditamos que o audiovisual \u00e9 uma ferramenta poderosa para estimular o pensamento cr\u00edtico, a sensibilidade e a criatividade das pessoas. Por isso, iniciativas como o Curta FECIC e esse workshop fortalecem esse di\u00e1logo entre educa\u00e7\u00e3o e cultura, formando novas gera\u00e7\u00f5es de espectadores, mas tamb\u00e9m, de futuros realizadores\u201d, afirma Alexandre Derlam.<\/p>\n<p>As atividades realizadas esta semana encerram oficialmente a terceira edi\u00e7\u00e3o do Festival de Cinema de Canoas, que aconteceu de 25 a 28 de setembro no Teatro SESC Canoas e na Casa das Artes Villa Mimosa.<\/p>\n<\/div>\n","protected":false},"excerpt":{"rendered":"<p>O Festival de Cinema de Canoas encerrou sua terceira edi\u00e7\u00e3o no \u00faltimo dia 28 de setembro, mas a programa\u00e7\u00e3o continua. Nesta semana, o evento d\u00e1 continuidade \u00e0s suas a\u00e7\u00f5es educativas com a realiza\u00e7\u00e3o do 4\u00ba encontro do Curta FECIC\u00a0e do\u00a0Workshop de Roteiro e Linguagem Cinematogr\u00e1fica, ambos gratuitos e voltados a alunos e educadores das cidades [&hellip;]<\/p>\n","protected":false},"author":2,"featured_media":37095,"comment_status":"open","ping_status":"open","sticky":false,"template":"","format":"standard","meta":{"amp_status":"","footnotes":""},"categories":[76],"tags":[116,4831,3283,914],"class_list":["post-37094","post","type-post","status-publish","format-standard","has-post-thumbnail","hentry","category-cultura","tag-cultura","tag-curta-fecic","tag-fecic","tag-festival-de-cinema-de-canoas"],"yoast_head":"<!-- This site is optimized with the Yoast SEO plugin v20.5 - https:\/\/yoast.com\/wordpress\/plugins\/seo\/ -->\n<title>3\u00ba Festival de Cinema de Canoas promove quarto encontro do Curta FECIC e workshop esta semana - O Timoneiro Jornal Canoas RS<\/title>\n<meta name=\"description\" content=\"O Festival de Cinema de Canoas encerrou sua terceira edi\u00e7\u00e3o no \u00faltimo dia 28 de setembro, mas a programa\u00e7\u00e3o continua.\" \/>\n<meta name=\"robots\" content=\"index, follow, max-snippet:-1, max-image-preview:large, max-video-preview:-1\" \/>\n<link rel=\"canonical\" href=\"https:\/\/jornaltimoneiro.com.br\/index.php\/2025\/10\/07\/3o-festival-de-cinema-de-canoas-promove-quarto-encontro-do-curta-fecic-e-workshop-esta-semana\/\" \/>\n<meta property=\"og:locale\" content=\"pt_BR\" \/>\n<meta property=\"og:type\" content=\"article\" \/>\n<meta property=\"og:title\" content=\"3\u00ba Festival de Cinema de Canoas promove quarto encontro do Curta FECIC e workshop esta semana - O Timoneiro Jornal Canoas RS\" \/>\n<meta property=\"og:description\" content=\"O Festival de Cinema de Canoas encerrou sua terceira edi\u00e7\u00e3o no \u00faltimo dia 28 de setembro, mas a programa\u00e7\u00e3o continua.\" \/>\n<meta property=\"og:url\" content=\"https:\/\/jornaltimoneiro.com.br\/index.php\/2025\/10\/07\/3o-festival-de-cinema-de-canoas-promove-quarto-encontro-do-curta-fecic-e-workshop-esta-semana\/\" \/>\n<meta property=\"og:site_name\" content=\"O Timoneiro Jornal Canoas RS\" \/>\n<meta property=\"article:publisher\" content=\"https:\/\/www.facebook.com\/jornaltimoneiro\" \/>\n<meta property=\"article:published_time\" content=\"2025-10-07T18:10:58+00:00\" \/>\n<meta property=\"og:image\" content=\"https:\/\/jornaltimoneiro.com.br\/wp-content\/uploads\/2025\/10\/3o-Festival-de-Cinema-de-Canoas-promove-quarto-encontro-do-Curta-FECIC-e-workshop-esta-semana.jpg\" \/>\n\t<meta property=\"og:image:width\" content=\"1080\" \/>\n\t<meta property=\"og:image:height\" content=\"720\" \/>\n\t<meta property=\"og:image:type\" content=\"image\/jpeg\" \/>\n<meta name=\"author\" content=\"Reda\u00e7\u00e3o\" \/>\n<meta name=\"twitter:card\" content=\"summary_large_image\" \/>\n<meta name=\"twitter:creator\" content=\"@_OTimoneiro\" \/>\n<meta name=\"twitter:site\" content=\"@_OTimoneiro\" \/>\n<meta name=\"twitter:label1\" content=\"Escrito por\" \/>\n\t<meta name=\"twitter:data1\" content=\"Reda\u00e7\u00e3o\" \/>\n\t<meta name=\"twitter:label2\" content=\"Est. tempo de leitura\" \/>\n\t<meta name=\"twitter:data2\" content=\"3 minutos\" \/>\n<script type=\"application\/ld+json\" class=\"yoast-schema-graph\">{\"@context\":\"https:\/\/schema.org\",\"@graph\":[{\"@type\":\"Article\",\"@id\":\"https:\/\/jornaltimoneiro.com.br\/index.php\/2025\/10\/07\/3o-festival-de-cinema-de-canoas-promove-quarto-encontro-do-curta-fecic-e-workshop-esta-semana\/#article\",\"isPartOf\":{\"@id\":\"https:\/\/jornaltimoneiro.com.br\/index.php\/2025\/10\/07\/3o-festival-de-cinema-de-canoas-promove-quarto-encontro-do-curta-fecic-e-workshop-esta-semana\/\"},\"author\":{\"name\":\"Reda\u00e7\u00e3o\",\"@id\":\"https:\/\/jornaltimoneiro.com.br\/#\/schema\/person\/f63482f1a02b1a9592707865e509ab40\"},\"headline\":\"3\u00ba Festival de Cinema de Canoas promove quarto encontro do Curta FECIC e workshop esta semana\",\"datePublished\":\"2025-10-07T18:10:58+00:00\",\"dateModified\":\"2025-10-07T18:10:58+00:00\",\"mainEntityOfPage\":{\"@id\":\"https:\/\/jornaltimoneiro.com.br\/index.php\/2025\/10\/07\/3o-festival-de-cinema-de-canoas-promove-quarto-encontro-do-curta-fecic-e-workshop-esta-semana\/\"},\"wordCount\":481,\"commentCount\":0,\"publisher\":{\"@id\":\"https:\/\/jornaltimoneiro.com.br\/#organization\"},\"keywords\":[\"cultura\",\"curta fecic\",\"FECIC\",\"festival de cinema de canoas\"],\"articleSection\":[\"Cultura\"],\"inLanguage\":\"pt-BR\",\"potentialAction\":[{\"@type\":\"CommentAction\",\"name\":\"Comment\",\"target\":[\"https:\/\/jornaltimoneiro.com.br\/index.php\/2025\/10\/07\/3o-festival-de-cinema-de-canoas-promove-quarto-encontro-do-curta-fecic-e-workshop-esta-semana\/#respond\"]}]},{\"@type\":\"WebPage\",\"@id\":\"https:\/\/jornaltimoneiro.com.br\/index.php\/2025\/10\/07\/3o-festival-de-cinema-de-canoas-promove-quarto-encontro-do-curta-fecic-e-workshop-esta-semana\/\",\"url\":\"https:\/\/jornaltimoneiro.com.br\/index.php\/2025\/10\/07\/3o-festival-de-cinema-de-canoas-promove-quarto-encontro-do-curta-fecic-e-workshop-esta-semana\/\",\"name\":\"3\u00ba Festival de Cinema de Canoas promove quarto encontro do Curta FECIC e workshop esta semana - O Timoneiro Jornal Canoas RS\",\"isPartOf\":{\"@id\":\"https:\/\/jornaltimoneiro.com.br\/#website\"},\"datePublished\":\"2025-10-07T18:10:58+00:00\",\"dateModified\":\"2025-10-07T18:10:58+00:00\",\"description\":\"O Festival de Cinema de Canoas encerrou sua terceira edi\u00e7\u00e3o no \u00faltimo dia 28 de setembro, mas a programa\u00e7\u00e3o continua.\",\"breadcrumb\":{\"@id\":\"https:\/\/jornaltimoneiro.com.br\/index.php\/2025\/10\/07\/3o-festival-de-cinema-de-canoas-promove-quarto-encontro-do-curta-fecic-e-workshop-esta-semana\/#breadcrumb\"},\"inLanguage\":\"pt-BR\",\"potentialAction\":[{\"@type\":\"ReadAction\",\"target\":[\"https:\/\/jornaltimoneiro.com.br\/index.php\/2025\/10\/07\/3o-festival-de-cinema-de-canoas-promove-quarto-encontro-do-curta-fecic-e-workshop-esta-semana\/\"]}]},{\"@type\":\"BreadcrumbList\",\"@id\":\"https:\/\/jornaltimoneiro.com.br\/index.php\/2025\/10\/07\/3o-festival-de-cinema-de-canoas-promove-quarto-encontro-do-curta-fecic-e-workshop-esta-semana\/#breadcrumb\",\"itemListElement\":[{\"@type\":\"ListItem\",\"position\":1,\"name\":\"In\u00edcio\",\"item\":\"https:\/\/jornaltimoneiro.com.br\/\"},{\"@type\":\"ListItem\",\"position\":2,\"name\":\"3\u00ba Festival de Cinema de Canoas promove quarto encontro do Curta FECIC e workshop esta semana\"}]},{\"@type\":\"WebSite\",\"@id\":\"https:\/\/jornaltimoneiro.com.br\/#website\",\"url\":\"https:\/\/jornaltimoneiro.com.br\/\",\"name\":\"Jornal Timoneiro Canoas RS\",\"description\":\"Jornal O Timoneiro, o verdadeiro jornal de Canoas\",\"publisher\":{\"@id\":\"https:\/\/jornaltimoneiro.com.br\/#organization\"},\"potentialAction\":[{\"@type\":\"SearchAction\",\"target\":{\"@type\":\"EntryPoint\",\"urlTemplate\":\"https:\/\/jornaltimoneiro.com.br\/?s={search_term_string}\"},\"query-input\":\"required name=search_term_string\"}],\"inLanguage\":\"pt-BR\"},{\"@type\":\"Organization\",\"@id\":\"https:\/\/jornaltimoneiro.com.br\/#organization\",\"name\":\"Jornal Timoneiro Canoas RS\",\"url\":\"https:\/\/jornaltimoneiro.com.br\/\",\"logo\":{\"@type\":\"ImageObject\",\"inLanguage\":\"pt-BR\",\"@id\":\"https:\/\/jornaltimoneiro.com.br\/#\/schema\/logo\/image\/\",\"url\":\"https:\/\/jornaltimoneiro.com.br\/wp-content\/uploads\/2023\/03\/logonovo.png\",\"contentUrl\":\"https:\/\/jornaltimoneiro.com.br\/wp-content\/uploads\/2023\/03\/logonovo.png\",\"width\":\"469\",\"height\":\"171\",\"caption\":\"Jornal Timoneiro Canoas RS\"},\"image\":{\"@id\":\"https:\/\/jornaltimoneiro.com.br\/#\/schema\/logo\/image\/\"},\"sameAs\":[\"https:\/\/www.facebook.com\/jornaltimoneiro\",\"https:\/\/twitter.com\/_OTimoneiro\",\"https:\/\/www.instagram.com\/jornaltimoneirocanoas\/\",\"https:\/\/www.youtube.com\/@jornalotimoneiro7927\"]},{\"@type\":\"Person\",\"@id\":\"https:\/\/jornaltimoneiro.com.br\/#\/schema\/person\/f63482f1a02b1a9592707865e509ab40\",\"name\":\"Reda\u00e7\u00e3o\",\"image\":{\"@type\":\"ImageObject\",\"inLanguage\":\"pt-BR\",\"@id\":\"https:\/\/jornaltimoneiro.com.br\/#\/schema\/person\/image\/\",\"url\":\"https:\/\/jornaltimoneiro.com.br\/wp-content\/uploads\/2023\/03\/download.jpeg\",\"contentUrl\":\"https:\/\/jornaltimoneiro.com.br\/wp-content\/uploads\/2023\/03\/download.jpeg\",\"caption\":\"Reda\u00e7\u00e3o\"},\"url\":\"https:\/\/jornaltimoneiro.com.br\/index.php\/author\/simone-dutra\/\"}]}<\/script>\n<!-- \/ Yoast SEO plugin. -->","yoast_head_json":{"title":"3\u00ba Festival de Cinema de Canoas promove quarto encontro do Curta FECIC e workshop esta semana - O Timoneiro Jornal Canoas RS","description":"O Festival de Cinema de Canoas encerrou sua terceira edi\u00e7\u00e3o no \u00faltimo dia 28 de setembro, mas a programa\u00e7\u00e3o continua.","robots":{"index":"index","follow":"follow","max-snippet":"max-snippet:-1","max-image-preview":"max-image-preview:large","max-video-preview":"max-video-preview:-1"},"canonical":"https:\/\/jornaltimoneiro.com.br\/index.php\/2025\/10\/07\/3o-festival-de-cinema-de-canoas-promove-quarto-encontro-do-curta-fecic-e-workshop-esta-semana\/","og_locale":"pt_BR","og_type":"article","og_title":"3\u00ba Festival de Cinema de Canoas promove quarto encontro do Curta FECIC e workshop esta semana - O Timoneiro Jornal Canoas RS","og_description":"O Festival de Cinema de Canoas encerrou sua terceira edi\u00e7\u00e3o no \u00faltimo dia 28 de setembro, mas a programa\u00e7\u00e3o continua.","og_url":"https:\/\/jornaltimoneiro.com.br\/index.php\/2025\/10\/07\/3o-festival-de-cinema-de-canoas-promove-quarto-encontro-do-curta-fecic-e-workshop-esta-semana\/","og_site_name":"O Timoneiro Jornal Canoas RS","article_publisher":"https:\/\/www.facebook.com\/jornaltimoneiro","article_published_time":"2025-10-07T18:10:58+00:00","og_image":[{"width":"1080","height":"720","url":"https:\/\/jornaltimoneiro.com.br\/wp-content\/uploads\/2025\/10\/3o-Festival-de-Cinema-de-Canoas-promove-quarto-encontro-do-Curta-FECIC-e-workshop-esta-semana.jpg","type":"image\/jpeg"}],"author":"Reda\u00e7\u00e3o","twitter_card":"summary_large_image","twitter_creator":"@_OTimoneiro","twitter_site":"@_OTimoneiro","twitter_misc":{"Escrito por":"Reda\u00e7\u00e3o","Est. tempo de leitura":"3 minutos"},"schema":{"@context":"https:\/\/schema.org","@graph":[{"@type":"Article","@id":"https:\/\/jornaltimoneiro.com.br\/index.php\/2025\/10\/07\/3o-festival-de-cinema-de-canoas-promove-quarto-encontro-do-curta-fecic-e-workshop-esta-semana\/#article","isPartOf":{"@id":"https:\/\/jornaltimoneiro.com.br\/index.php\/2025\/10\/07\/3o-festival-de-cinema-de-canoas-promove-quarto-encontro-do-curta-fecic-e-workshop-esta-semana\/"},"author":{"name":"Reda\u00e7\u00e3o","@id":"https:\/\/jornaltimoneiro.com.br\/#\/schema\/person\/f63482f1a02b1a9592707865e509ab40"},"headline":"3\u00ba Festival de Cinema de Canoas promove quarto encontro do Curta FECIC e workshop esta semana","datePublished":"2025-10-07T18:10:58+00:00","dateModified":"2025-10-07T18:10:58+00:00","mainEntityOfPage":{"@id":"https:\/\/jornaltimoneiro.com.br\/index.php\/2025\/10\/07\/3o-festival-de-cinema-de-canoas-promove-quarto-encontro-do-curta-fecic-e-workshop-esta-semana\/"},"wordCount":481,"commentCount":0,"publisher":{"@id":"https:\/\/jornaltimoneiro.com.br\/#organization"},"keywords":["cultura","curta fecic","FECIC","festival de cinema de canoas"],"articleSection":["Cultura"],"inLanguage":"pt-BR","potentialAction":[{"@type":"CommentAction","name":"Comment","target":["https:\/\/jornaltimoneiro.com.br\/index.php\/2025\/10\/07\/3o-festival-de-cinema-de-canoas-promove-quarto-encontro-do-curta-fecic-e-workshop-esta-semana\/#respond"]}]},{"@type":"WebPage","@id":"https:\/\/jornaltimoneiro.com.br\/index.php\/2025\/10\/07\/3o-festival-de-cinema-de-canoas-promove-quarto-encontro-do-curta-fecic-e-workshop-esta-semana\/","url":"https:\/\/jornaltimoneiro.com.br\/index.php\/2025\/10\/07\/3o-festival-de-cinema-de-canoas-promove-quarto-encontro-do-curta-fecic-e-workshop-esta-semana\/","name":"3\u00ba Festival de Cinema de Canoas promove quarto encontro do Curta FECIC e workshop esta semana - O Timoneiro Jornal Canoas RS","isPartOf":{"@id":"https:\/\/jornaltimoneiro.com.br\/#website"},"datePublished":"2025-10-07T18:10:58+00:00","dateModified":"2025-10-07T18:10:58+00:00","description":"O Festival de Cinema de Canoas encerrou sua terceira edi\u00e7\u00e3o no \u00faltimo dia 28 de setembro, mas a programa\u00e7\u00e3o continua.","breadcrumb":{"@id":"https:\/\/jornaltimoneiro.com.br\/index.php\/2025\/10\/07\/3o-festival-de-cinema-de-canoas-promove-quarto-encontro-do-curta-fecic-e-workshop-esta-semana\/#breadcrumb"},"inLanguage":"pt-BR","potentialAction":[{"@type":"ReadAction","target":["https:\/\/jornaltimoneiro.com.br\/index.php\/2025\/10\/07\/3o-festival-de-cinema-de-canoas-promove-quarto-encontro-do-curta-fecic-e-workshop-esta-semana\/"]}]},{"@type":"BreadcrumbList","@id":"https:\/\/jornaltimoneiro.com.br\/index.php\/2025\/10\/07\/3o-festival-de-cinema-de-canoas-promove-quarto-encontro-do-curta-fecic-e-workshop-esta-semana\/#breadcrumb","itemListElement":[{"@type":"ListItem","position":1,"name":"In\u00edcio","item":"https:\/\/jornaltimoneiro.com.br\/"},{"@type":"ListItem","position":2,"name":"3\u00ba Festival de Cinema de Canoas promove quarto encontro do Curta FECIC e workshop esta semana"}]},{"@type":"WebSite","@id":"https:\/\/jornaltimoneiro.com.br\/#website","url":"https:\/\/jornaltimoneiro.com.br\/","name":"Jornal Timoneiro Canoas RS","description":"Jornal O Timoneiro, o verdadeiro jornal de Canoas","publisher":{"@id":"https:\/\/jornaltimoneiro.com.br\/#organization"},"potentialAction":[{"@type":"SearchAction","target":{"@type":"EntryPoint","urlTemplate":"https:\/\/jornaltimoneiro.com.br\/?s={search_term_string}"},"query-input":"required name=search_term_string"}],"inLanguage":"pt-BR"},{"@type":"Organization","@id":"https:\/\/jornaltimoneiro.com.br\/#organization","name":"Jornal Timoneiro Canoas RS","url":"https:\/\/jornaltimoneiro.com.br\/","logo":{"@type":"ImageObject","inLanguage":"pt-BR","@id":"https:\/\/jornaltimoneiro.com.br\/#\/schema\/logo\/image\/","url":"https:\/\/jornaltimoneiro.com.br\/wp-content\/uploads\/2023\/03\/logonovo.png","contentUrl":"https:\/\/jornaltimoneiro.com.br\/wp-content\/uploads\/2023\/03\/logonovo.png","width":"469","height":"171","caption":"Jornal Timoneiro Canoas RS"},"image":{"@id":"https:\/\/jornaltimoneiro.com.br\/#\/schema\/logo\/image\/"},"sameAs":["https:\/\/www.facebook.com\/jornaltimoneiro","https:\/\/twitter.com\/_OTimoneiro","https:\/\/www.instagram.com\/jornaltimoneirocanoas\/","https:\/\/www.youtube.com\/@jornalotimoneiro7927"]},{"@type":"Person","@id":"https:\/\/jornaltimoneiro.com.br\/#\/schema\/person\/f63482f1a02b1a9592707865e509ab40","name":"Reda\u00e7\u00e3o","image":{"@type":"ImageObject","inLanguage":"pt-BR","@id":"https:\/\/jornaltimoneiro.com.br\/#\/schema\/person\/image\/","url":"https:\/\/jornaltimoneiro.com.br\/wp-content\/uploads\/2023\/03\/download.jpeg","contentUrl":"https:\/\/jornaltimoneiro.com.br\/wp-content\/uploads\/2023\/03\/download.jpeg","caption":"Reda\u00e7\u00e3o"},"url":"https:\/\/jornaltimoneiro.com.br\/index.php\/author\/simone-dutra\/"}]}},"_links":{"self":[{"href":"https:\/\/jornaltimoneiro.com.br\/index.php\/wp-json\/wp\/v2\/posts\/37094"}],"collection":[{"href":"https:\/\/jornaltimoneiro.com.br\/index.php\/wp-json\/wp\/v2\/posts"}],"about":[{"href":"https:\/\/jornaltimoneiro.com.br\/index.php\/wp-json\/wp\/v2\/types\/post"}],"author":[{"embeddable":true,"href":"https:\/\/jornaltimoneiro.com.br\/index.php\/wp-json\/wp\/v2\/users\/2"}],"replies":[{"embeddable":true,"href":"https:\/\/jornaltimoneiro.com.br\/index.php\/wp-json\/wp\/v2\/comments?post=37094"}],"version-history":[{"count":1,"href":"https:\/\/jornaltimoneiro.com.br\/index.php\/wp-json\/wp\/v2\/posts\/37094\/revisions"}],"predecessor-version":[{"id":37096,"href":"https:\/\/jornaltimoneiro.com.br\/index.php\/wp-json\/wp\/v2\/posts\/37094\/revisions\/37096"}],"wp:featuredmedia":[{"embeddable":true,"href":"https:\/\/jornaltimoneiro.com.br\/index.php\/wp-json\/wp\/v2\/media\/37095"}],"wp:attachment":[{"href":"https:\/\/jornaltimoneiro.com.br\/index.php\/wp-json\/wp\/v2\/media?parent=37094"}],"wp:term":[{"taxonomy":"category","embeddable":true,"href":"https:\/\/jornaltimoneiro.com.br\/index.php\/wp-json\/wp\/v2\/categories?post=37094"},{"taxonomy":"post_tag","embeddable":true,"href":"https:\/\/jornaltimoneiro.com.br\/index.php\/wp-json\/wp\/v2\/tags?post=37094"}],"curies":[{"name":"wp","href":"https:\/\/api.w.org\/{rel}","templated":true}]}}