{"id":37049,"date":"2025-10-03T14:51:29","date_gmt":"2025-10-03T17:51:29","guid":{"rendered":"https:\/\/jornaltimoneiro.com.br\/?p=37049"},"modified":"2025-10-03T14:51:29","modified_gmt":"2025-10-03T17:51:29","slug":"prefeirura-de-canoas-realiza-1o-coquetel-de-oportunidades-para-fortalecer-parceria-entre-empresas","status":"publish","type":"post","link":"https:\/\/jornaltimoneiro.com.br\/index.php\/2025\/10\/03\/prefeirura-de-canoas-realiza-1o-coquetel-de-oportunidades-para-fortalecer-parceria-entre-empresas\/","title":{"rendered":"Prefeirura de Canoas realiza 1\u00ba Coquetel de Oportunidades para fortalecer parceria entre empresas"},"content":{"rendered":"<p>O 1\u00ba Coquetel de Oportunidades \u00e9 uma iniciativa da Diretoria de Atra\u00e7\u00e3o de Investimento e Turismo de Canoas, com o objetivo de apresentar os projetos estrat\u00e9gicos de eventos do munic\u00edpio e fortalecer a parceria entre empresas locais e a Secretaria de Cultura e Turismo\/Prefeitura.<\/p>\n<p>O evento ser\u00e1 realizado nesta sexta-feira, 3, \u00e0s 19 horas, na Casas dos Rosa.<\/p>\n<p>A proposta \u00e9 criar um ambiente de networking e aproxima\u00e7\u00e3o, destacando como a iniciativa privada pode atuar como protagonista no desenvolvimento da cidade. Durante o encontro, ser\u00e1 realizado um Workshop exclusivo: \u201cComo investir no seu munic\u00edpio atrav\u00e9s do seu faturamento\u201d, trazendo insights pr\u00e1ticos para empres\u00e1rios e investidores.<\/p>\n<p>Patrocinadores confirmados: O Botic\u00e1rio, Emp\u00f3rio 22 e Mil Chopp.<br \/>\nAtra\u00e7\u00e3o musical: Lui Cortez (voz e viol\u00e3o).<\/p>\n","protected":false},"excerpt":{"rendered":"<p>O 1\u00ba Coquetel de Oportunidades \u00e9 uma iniciativa da Diretoria de Atra\u00e7\u00e3o de Investimento e Turismo de Canoas, com o objetivo de apresentar os projetos estrat\u00e9gicos de eventos do munic\u00edpio e fortalecer a parceria entre empresas locais e a Secretaria de Cultura e Turismo\/Prefeitura. O evento ser\u00e1 realizado nesta sexta-feira, 3, \u00e0s 19 horas, na [&hellip;]<\/p>\n","protected":false},"author":2,"featured_media":37050,"comment_status":"open","ping_status":"open","sticky":false,"template":"","format":"standard","meta":{"amp_status":"","footnotes":""},"categories":[23],"tags":[4822,554],"class_list":["post-37049","post","type-post","status-publish","format-standard","has-post-thumbnail","hentry","category-geral","tag-1o-coquetel-de-oportunidades","tag-empresas"],"yoast_head":"<!-- This site is optimized with the Yoast SEO plugin v20.5 - https:\/\/yoast.com\/wordpress\/plugins\/seo\/ -->\n<title>Prefeirura de Canoas realiza 1\u00ba Coquetel de Oportunidades para fortalecer parceria entre empresas - O Timoneiro Jornal Canoas RS<\/title>\n<meta name=\"description\" content=\"O 1\u00ba Coquetel de Oportunidades \u00e9 uma iniciativa da Diretoria de Atra\u00e7\u00e3o de Investimento e Turismo de Canoas, com o objetivo de apresentar\" \/>\n<meta name=\"robots\" content=\"index, follow, max-snippet:-1, max-image-preview:large, max-video-preview:-1\" \/>\n<link rel=\"canonical\" href=\"https:\/\/jornaltimoneiro.com.br\/index.php\/2025\/10\/03\/prefeirura-de-canoas-realiza-1o-coquetel-de-oportunidades-para-fortalecer-parceria-entre-empresas\/\" \/>\n<meta property=\"og:locale\" content=\"pt_BR\" \/>\n<meta property=\"og:type\" content=\"article\" \/>\n<meta property=\"og:title\" content=\"Prefeirura de Canoas realiza 1\u00ba Coquetel de Oportunidades para fortalecer parceria entre empresas - O Timoneiro Jornal Canoas RS\" \/>\n<meta property=\"og:description\" content=\"O 1\u00ba Coquetel de Oportunidades \u00e9 uma iniciativa da Diretoria de Atra\u00e7\u00e3o de Investimento e Turismo de Canoas, com o objetivo de apresentar\" \/>\n<meta property=\"og:url\" content=\"https:\/\/jornaltimoneiro.com.br\/index.php\/2025\/10\/03\/prefeirura-de-canoas-realiza-1o-coquetel-de-oportunidades-para-fortalecer-parceria-entre-empresas\/\" \/>\n<meta property=\"og:site_name\" content=\"O Timoneiro Jornal Canoas RS\" \/>\n<meta property=\"article:publisher\" content=\"https:\/\/www.facebook.com\/jornaltimoneiro\" \/>\n<meta property=\"article:published_time\" content=\"2025-10-03T17:51:29+00:00\" \/>\n<meta property=\"og:image\" content=\"https:\/\/jornaltimoneiro.com.br\/wp-content\/uploads\/2025\/10\/Prefeirura-de-Canoas-realiza-1o-Coquetel-de-Oportunidades-para-fortalecer-parceria-entre-empresas.jpeg\" \/>\n\t<meta property=\"og:image:width\" content=\"1080\" \/>\n\t<meta property=\"og:image:height\" content=\"1080\" \/>\n\t<meta property=\"og:image:type\" content=\"image\/jpeg\" \/>\n<meta name=\"author\" content=\"Reda\u00e7\u00e3o\" \/>\n<meta name=\"twitter:card\" content=\"summary_large_image\" \/>\n<meta name=\"twitter:creator\" content=\"@_OTimoneiro\" \/>\n<meta name=\"twitter:site\" content=\"@_OTimoneiro\" \/>\n<meta name=\"twitter:label1\" content=\"Escrito por\" \/>\n\t<meta name=\"twitter:data1\" content=\"Reda\u00e7\u00e3o\" \/>\n\t<meta name=\"twitter:label2\" content=\"Est. tempo de leitura\" \/>\n\t<meta name=\"twitter:data2\" content=\"1 minuto\" \/>\n<script type=\"application\/ld+json\" class=\"yoast-schema-graph\">{\"@context\":\"https:\/\/schema.org\",\"@graph\":[{\"@type\":\"Article\",\"@id\":\"https:\/\/jornaltimoneiro.com.br\/index.php\/2025\/10\/03\/prefeirura-de-canoas-realiza-1o-coquetel-de-oportunidades-para-fortalecer-parceria-entre-empresas\/#article\",\"isPartOf\":{\"@id\":\"https:\/\/jornaltimoneiro.com.br\/index.php\/2025\/10\/03\/prefeirura-de-canoas-realiza-1o-coquetel-de-oportunidades-para-fortalecer-parceria-entre-empresas\/\"},\"author\":{\"name\":\"Reda\u00e7\u00e3o\",\"@id\":\"https:\/\/jornaltimoneiro.com.br\/#\/schema\/person\/f63482f1a02b1a9592707865e509ab40\"},\"headline\":\"Prefeirura de Canoas realiza 1\u00ba Coquetel de Oportunidades para fortalecer parceria entre empresas\",\"datePublished\":\"2025-10-03T17:51:29+00:00\",\"dateModified\":\"2025-10-03T17:51:29+00:00\",\"mainEntityOfPage\":{\"@id\":\"https:\/\/jornaltimoneiro.com.br\/index.php\/2025\/10\/03\/prefeirura-de-canoas-realiza-1o-coquetel-de-oportunidades-para-fortalecer-parceria-entre-empresas\/\"},\"wordCount\":140,\"commentCount\":0,\"publisher\":{\"@id\":\"https:\/\/jornaltimoneiro.com.br\/#organization\"},\"keywords\":[\"1\u00ba coquetel de oportunidades\",\"empresas\"],\"articleSection\":[\"Geral\"],\"inLanguage\":\"pt-BR\",\"potentialAction\":[{\"@type\":\"CommentAction\",\"name\":\"Comment\",\"target\":[\"https:\/\/jornaltimoneiro.com.br\/index.php\/2025\/10\/03\/prefeirura-de-canoas-realiza-1o-coquetel-de-oportunidades-para-fortalecer-parceria-entre-empresas\/#respond\"]}]},{\"@type\":\"WebPage\",\"@id\":\"https:\/\/jornaltimoneiro.com.br\/index.php\/2025\/10\/03\/prefeirura-de-canoas-realiza-1o-coquetel-de-oportunidades-para-fortalecer-parceria-entre-empresas\/\",\"url\":\"https:\/\/jornaltimoneiro.com.br\/index.php\/2025\/10\/03\/prefeirura-de-canoas-realiza-1o-coquetel-de-oportunidades-para-fortalecer-parceria-entre-empresas\/\",\"name\":\"Prefeirura de Canoas realiza 1\u00ba Coquetel de Oportunidades para fortalecer parceria entre empresas - O Timoneiro Jornal Canoas RS\",\"isPartOf\":{\"@id\":\"https:\/\/jornaltimoneiro.com.br\/#website\"},\"datePublished\":\"2025-10-03T17:51:29+00:00\",\"dateModified\":\"2025-10-03T17:51:29+00:00\",\"description\":\"O 1\u00ba Coquetel de Oportunidades \u00e9 uma iniciativa da Diretoria de Atra\u00e7\u00e3o de Investimento e Turismo de Canoas, com o objetivo de apresentar\",\"breadcrumb\":{\"@id\":\"https:\/\/jornaltimoneiro.com.br\/index.php\/2025\/10\/03\/prefeirura-de-canoas-realiza-1o-coquetel-de-oportunidades-para-fortalecer-parceria-entre-empresas\/#breadcrumb\"},\"inLanguage\":\"pt-BR\",\"potentialAction\":[{\"@type\":\"ReadAction\",\"target\":[\"https:\/\/jornaltimoneiro.com.br\/index.php\/2025\/10\/03\/prefeirura-de-canoas-realiza-1o-coquetel-de-oportunidades-para-fortalecer-parceria-entre-empresas\/\"]}]},{\"@type\":\"BreadcrumbList\",\"@id\":\"https:\/\/jornaltimoneiro.com.br\/index.php\/2025\/10\/03\/prefeirura-de-canoas-realiza-1o-coquetel-de-oportunidades-para-fortalecer-parceria-entre-empresas\/#breadcrumb\",\"itemListElement\":[{\"@type\":\"ListItem\",\"position\":1,\"name\":\"In\u00edcio\",\"item\":\"https:\/\/jornaltimoneiro.com.br\/\"},{\"@type\":\"ListItem\",\"position\":2,\"name\":\"Prefeirura de Canoas realiza 1\u00ba Coquetel de Oportunidades para fortalecer parceria entre empresas\"}]},{\"@type\":\"WebSite\",\"@id\":\"https:\/\/jornaltimoneiro.com.br\/#website\",\"url\":\"https:\/\/jornaltimoneiro.com.br\/\",\"name\":\"Jornal Timoneiro Canoas RS\",\"description\":\"Jornal O Timoneiro, o verdadeiro jornal de Canoas\",\"publisher\":{\"@id\":\"https:\/\/jornaltimoneiro.com.br\/#organization\"},\"potentialAction\":[{\"@type\":\"SearchAction\",\"target\":{\"@type\":\"EntryPoint\",\"urlTemplate\":\"https:\/\/jornaltimoneiro.com.br\/?s={search_term_string}\"},\"query-input\":\"required name=search_term_string\"}],\"inLanguage\":\"pt-BR\"},{\"@type\":\"Organization\",\"@id\":\"https:\/\/jornaltimoneiro.com.br\/#organization\",\"name\":\"Jornal Timoneiro Canoas RS\",\"url\":\"https:\/\/jornaltimoneiro.com.br\/\",\"logo\":{\"@type\":\"ImageObject\",\"inLanguage\":\"pt-BR\",\"@id\":\"https:\/\/jornaltimoneiro.com.br\/#\/schema\/logo\/image\/\",\"url\":\"https:\/\/jornaltimoneiro.com.br\/wp-content\/uploads\/2023\/03\/logonovo.png\",\"contentUrl\":\"https:\/\/jornaltimoneiro.com.br\/wp-content\/uploads\/2023\/03\/logonovo.png\",\"width\":\"469\",\"height\":\"171\",\"caption\":\"Jornal Timoneiro Canoas RS\"},\"image\":{\"@id\":\"https:\/\/jornaltimoneiro.com.br\/#\/schema\/logo\/image\/\"},\"sameAs\":[\"https:\/\/www.facebook.com\/jornaltimoneiro\",\"https:\/\/twitter.com\/_OTimoneiro\",\"https:\/\/www.instagram.com\/jornaltimoneirocanoas\/\",\"https:\/\/www.youtube.com\/@jornalotimoneiro7927\"]},{\"@type\":\"Person\",\"@id\":\"https:\/\/jornaltimoneiro.com.br\/#\/schema\/person\/f63482f1a02b1a9592707865e509ab40\",\"name\":\"Reda\u00e7\u00e3o\",\"image\":{\"@type\":\"ImageObject\",\"inLanguage\":\"pt-BR\",\"@id\":\"https:\/\/jornaltimoneiro.com.br\/#\/schema\/person\/image\/\",\"url\":\"https:\/\/jornaltimoneiro.com.br\/wp-content\/uploads\/2023\/03\/download.jpeg\",\"contentUrl\":\"https:\/\/jornaltimoneiro.com.br\/wp-content\/uploads\/2023\/03\/download.jpeg\",\"caption\":\"Reda\u00e7\u00e3o\"},\"url\":\"https:\/\/jornaltimoneiro.com.br\/index.php\/author\/simone-dutra\/\"}]}<\/script>\n<!-- \/ Yoast SEO plugin. -->","yoast_head_json":{"title":"Prefeirura de Canoas realiza 1\u00ba Coquetel de Oportunidades para fortalecer parceria entre empresas - O Timoneiro Jornal Canoas RS","description":"O 1\u00ba Coquetel de Oportunidades \u00e9 uma iniciativa da Diretoria de Atra\u00e7\u00e3o de Investimento e Turismo de Canoas, com o objetivo de apresentar","robots":{"index":"index","follow":"follow","max-snippet":"max-snippet:-1","max-image-preview":"max-image-preview:large","max-video-preview":"max-video-preview:-1"},"canonical":"https:\/\/jornaltimoneiro.com.br\/index.php\/2025\/10\/03\/prefeirura-de-canoas-realiza-1o-coquetel-de-oportunidades-para-fortalecer-parceria-entre-empresas\/","og_locale":"pt_BR","og_type":"article","og_title":"Prefeirura de Canoas realiza 1\u00ba Coquetel de Oportunidades para fortalecer parceria entre empresas - O Timoneiro Jornal Canoas RS","og_description":"O 1\u00ba Coquetel de Oportunidades \u00e9 uma iniciativa da Diretoria de Atra\u00e7\u00e3o de Investimento e Turismo de Canoas, com o objetivo de apresentar","og_url":"https:\/\/jornaltimoneiro.com.br\/index.php\/2025\/10\/03\/prefeirura-de-canoas-realiza-1o-coquetel-de-oportunidades-para-fortalecer-parceria-entre-empresas\/","og_site_name":"O Timoneiro Jornal Canoas RS","article_publisher":"https:\/\/www.facebook.com\/jornaltimoneiro","article_published_time":"2025-10-03T17:51:29+00:00","og_image":[{"width":"1080","height":"1080","url":"https:\/\/jornaltimoneiro.com.br\/wp-content\/uploads\/2025\/10\/Prefeirura-de-Canoas-realiza-1o-Coquetel-de-Oportunidades-para-fortalecer-parceria-entre-empresas.jpeg","type":"image\/jpeg"}],"author":"Reda\u00e7\u00e3o","twitter_card":"summary_large_image","twitter_creator":"@_OTimoneiro","twitter_site":"@_OTimoneiro","twitter_misc":{"Escrito por":"Reda\u00e7\u00e3o","Est. tempo de leitura":"1 minuto"},"schema":{"@context":"https:\/\/schema.org","@graph":[{"@type":"Article","@id":"https:\/\/jornaltimoneiro.com.br\/index.php\/2025\/10\/03\/prefeirura-de-canoas-realiza-1o-coquetel-de-oportunidades-para-fortalecer-parceria-entre-empresas\/#article","isPartOf":{"@id":"https:\/\/jornaltimoneiro.com.br\/index.php\/2025\/10\/03\/prefeirura-de-canoas-realiza-1o-coquetel-de-oportunidades-para-fortalecer-parceria-entre-empresas\/"},"author":{"name":"Reda\u00e7\u00e3o","@id":"https:\/\/jornaltimoneiro.com.br\/#\/schema\/person\/f63482f1a02b1a9592707865e509ab40"},"headline":"Prefeirura de Canoas realiza 1\u00ba Coquetel de Oportunidades para fortalecer parceria entre empresas","datePublished":"2025-10-03T17:51:29+00:00","dateModified":"2025-10-03T17:51:29+00:00","mainEntityOfPage":{"@id":"https:\/\/jornaltimoneiro.com.br\/index.php\/2025\/10\/03\/prefeirura-de-canoas-realiza-1o-coquetel-de-oportunidades-para-fortalecer-parceria-entre-empresas\/"},"wordCount":140,"commentCount":0,"publisher":{"@id":"https:\/\/jornaltimoneiro.com.br\/#organization"},"keywords":["1\u00ba coquetel de oportunidades","empresas"],"articleSection":["Geral"],"inLanguage":"pt-BR","potentialAction":[{"@type":"CommentAction","name":"Comment","target":["https:\/\/jornaltimoneiro.com.br\/index.php\/2025\/10\/03\/prefeirura-de-canoas-realiza-1o-coquetel-de-oportunidades-para-fortalecer-parceria-entre-empresas\/#respond"]}]},{"@type":"WebPage","@id":"https:\/\/jornaltimoneiro.com.br\/index.php\/2025\/10\/03\/prefeirura-de-canoas-realiza-1o-coquetel-de-oportunidades-para-fortalecer-parceria-entre-empresas\/","url":"https:\/\/jornaltimoneiro.com.br\/index.php\/2025\/10\/03\/prefeirura-de-canoas-realiza-1o-coquetel-de-oportunidades-para-fortalecer-parceria-entre-empresas\/","name":"Prefeirura de Canoas realiza 1\u00ba Coquetel de Oportunidades para fortalecer parceria entre empresas - O Timoneiro Jornal Canoas RS","isPartOf":{"@id":"https:\/\/jornaltimoneiro.com.br\/#website"},"datePublished":"2025-10-03T17:51:29+00:00","dateModified":"2025-10-03T17:51:29+00:00","description":"O 1\u00ba Coquetel de Oportunidades \u00e9 uma iniciativa da Diretoria de Atra\u00e7\u00e3o de Investimento e Turismo de Canoas, com o objetivo de apresentar","breadcrumb":{"@id":"https:\/\/jornaltimoneiro.com.br\/index.php\/2025\/10\/03\/prefeirura-de-canoas-realiza-1o-coquetel-de-oportunidades-para-fortalecer-parceria-entre-empresas\/#breadcrumb"},"inLanguage":"pt-BR","potentialAction":[{"@type":"ReadAction","target":["https:\/\/jornaltimoneiro.com.br\/index.php\/2025\/10\/03\/prefeirura-de-canoas-realiza-1o-coquetel-de-oportunidades-para-fortalecer-parceria-entre-empresas\/"]}]},{"@type":"BreadcrumbList","@id":"https:\/\/jornaltimoneiro.com.br\/index.php\/2025\/10\/03\/prefeirura-de-canoas-realiza-1o-coquetel-de-oportunidades-para-fortalecer-parceria-entre-empresas\/#breadcrumb","itemListElement":[{"@type":"ListItem","position":1,"name":"In\u00edcio","item":"https:\/\/jornaltimoneiro.com.br\/"},{"@type":"ListItem","position":2,"name":"Prefeirura de Canoas realiza 1\u00ba Coquetel de Oportunidades para fortalecer parceria entre empresas"}]},{"@type":"WebSite","@id":"https:\/\/jornaltimoneiro.com.br\/#website","url":"https:\/\/jornaltimoneiro.com.br\/","name":"Jornal Timoneiro Canoas RS","description":"Jornal O Timoneiro, o verdadeiro jornal de Canoas","publisher":{"@id":"https:\/\/jornaltimoneiro.com.br\/#organization"},"potentialAction":[{"@type":"SearchAction","target":{"@type":"EntryPoint","urlTemplate":"https:\/\/jornaltimoneiro.com.br\/?s={search_term_string}"},"query-input":"required name=search_term_string"}],"inLanguage":"pt-BR"},{"@type":"Organization","@id":"https:\/\/jornaltimoneiro.com.br\/#organization","name":"Jornal Timoneiro Canoas RS","url":"https:\/\/jornaltimoneiro.com.br\/","logo":{"@type":"ImageObject","inLanguage":"pt-BR","@id":"https:\/\/jornaltimoneiro.com.br\/#\/schema\/logo\/image\/","url":"https:\/\/jornaltimoneiro.com.br\/wp-content\/uploads\/2023\/03\/logonovo.png","contentUrl":"https:\/\/jornaltimoneiro.com.br\/wp-content\/uploads\/2023\/03\/logonovo.png","width":"469","height":"171","caption":"Jornal Timoneiro Canoas RS"},"image":{"@id":"https:\/\/jornaltimoneiro.com.br\/#\/schema\/logo\/image\/"},"sameAs":["https:\/\/www.facebook.com\/jornaltimoneiro","https:\/\/twitter.com\/_OTimoneiro","https:\/\/www.instagram.com\/jornaltimoneirocanoas\/","https:\/\/www.youtube.com\/@jornalotimoneiro7927"]},{"@type":"Person","@id":"https:\/\/jornaltimoneiro.com.br\/#\/schema\/person\/f63482f1a02b1a9592707865e509ab40","name":"Reda\u00e7\u00e3o","image":{"@type":"ImageObject","inLanguage":"pt-BR","@id":"https:\/\/jornaltimoneiro.com.br\/#\/schema\/person\/image\/","url":"https:\/\/jornaltimoneiro.com.br\/wp-content\/uploads\/2023\/03\/download.jpeg","contentUrl":"https:\/\/jornaltimoneiro.com.br\/wp-content\/uploads\/2023\/03\/download.jpeg","caption":"Reda\u00e7\u00e3o"},"url":"https:\/\/jornaltimoneiro.com.br\/index.php\/author\/simone-dutra\/"}]}},"_links":{"self":[{"href":"https:\/\/jornaltimoneiro.com.br\/index.php\/wp-json\/wp\/v2\/posts\/37049"}],"collection":[{"href":"https:\/\/jornaltimoneiro.com.br\/index.php\/wp-json\/wp\/v2\/posts"}],"about":[{"href":"https:\/\/jornaltimoneiro.com.br\/index.php\/wp-json\/wp\/v2\/types\/post"}],"author":[{"embeddable":true,"href":"https:\/\/jornaltimoneiro.com.br\/index.php\/wp-json\/wp\/v2\/users\/2"}],"replies":[{"embeddable":true,"href":"https:\/\/jornaltimoneiro.com.br\/index.php\/wp-json\/wp\/v2\/comments?post=37049"}],"version-history":[{"count":1,"href":"https:\/\/jornaltimoneiro.com.br\/index.php\/wp-json\/wp\/v2\/posts\/37049\/revisions"}],"predecessor-version":[{"id":37051,"href":"https:\/\/jornaltimoneiro.com.br\/index.php\/wp-json\/wp\/v2\/posts\/37049\/revisions\/37051"}],"wp:featuredmedia":[{"embeddable":true,"href":"https:\/\/jornaltimoneiro.com.br\/index.php\/wp-json\/wp\/v2\/media\/37050"}],"wp:attachment":[{"href":"https:\/\/jornaltimoneiro.com.br\/index.php\/wp-json\/wp\/v2\/media?parent=37049"}],"wp:term":[{"taxonomy":"category","embeddable":true,"href":"https:\/\/jornaltimoneiro.com.br\/index.php\/wp-json\/wp\/v2\/categories?post=37049"},{"taxonomy":"post_tag","embeddable":true,"href":"https:\/\/jornaltimoneiro.com.br\/index.php\/wp-json\/wp\/v2\/tags?post=37049"}],"curies":[{"name":"wp","href":"https:\/\/api.w.org\/{rel}","templated":true}]}}