{"id":36990,"date":"2025-09-29T14:25:05","date_gmt":"2025-09-29T17:25:05","guid":{"rendered":"https:\/\/jornaltimoneiro.com.br\/?p=36990"},"modified":"2025-09-29T14:25:23","modified_gmt":"2025-09-29T17:25:23","slug":"camara-de-canoas-concede-titulo-de-cidadao-canoense-a-francisco-biazus","status":"publish","type":"post","link":"https:\/\/jornaltimoneiro.com.br\/index.php\/2025\/09\/29\/camara-de-canoas-concede-titulo-de-cidadao-canoense-a-francisco-biazus\/","title":{"rendered":"C\u00e2mara de Canoas concede T\u00edtulo de Cidad\u00e3o Canoense a Francisco Biazus"},"content":{"rendered":"<p>A C\u00e2mara Municipal de Canoas entregou, na manh\u00e3 desta quinta-feira (25), durante o Grande Expediente da sess\u00e3o ordin\u00e1ria, o T\u00edtulo de Cidad\u00e3o Canoense ao empres\u00e1rio e ex-prefeito Francisco Biazus. A homenagem, proposta pelo vereador Linck (Republicanos), reconhece a trajet\u00f3ria de uma das figuras que representam vida p\u00fablica e comunit\u00e1ria da cidade.<\/p>\n<p>Francisco Biazus chegou a Canoas em 1958, vindo de Flores da Cunha, e desde ent\u00e3o construiu uma hist\u00f3ria de dedica\u00e7\u00e3o \u00e0 cidade. Atuou no setor empresarial, com destaque para a funda\u00e7\u00e3o da Moto Canoas e para sua participa\u00e7\u00e3o em empresas como a Ciel, al\u00e9m de manter atua\u00e7\u00e3o constante no associativismo e no voluntariado. Tamb\u00e9m teve importante presen\u00e7a na vida p\u00fablica do munic\u00edpio: foi vereador por dois mandatos, presidiu a C\u00e2mara Municipal e assumiu a prefeitura de Canoas em 1985. Ainda exerceu fun\u00e7\u00f5es como secret\u00e1rio municipal de Administra\u00e7\u00e3o, Esporte e Cultura, sempre com um perfil marcado pela busca por solu\u00e7\u00f5es e pela aproxima\u00e7\u00e3o com a comunidade.<\/p>\n<p data-start=\"1037\" data-end=\"1445\">Durante a solenidade, o vereador Linck destacou a import\u00e2ncia do momento como um reconhecimento \u00e0 dedica\u00e7\u00e3o de uma vida inteira \u00e0 cidade. Segundo ele, a entrega do t\u00edtulo representava uma forma de celebrar \u201cuma vida marcada pela coragem, pela dedica\u00e7\u00e3o, pelo amor \u00e0 nossa cidade\u201d. Ele refor\u00e7ou que Biazus \u00e9 um exemplo de quem \u201ctransformou cada desafio em oportunidade e cada conquista em servi\u00e7o ao pr\u00f3ximo\u201d.<\/p>\n<p data-start=\"1447\" data-end=\"1973\">A ex-vice-prefeita e Secret\u00e1ria de Educa\u00e7\u00e3o de Canoas, Beth Colombo, esposa do homenageado, emocionou o plen\u00e1rio ao relembrar momentos que revelam o car\u00e1ter e a sensibilidade de Francisco no cotidiano, dentro e fora da pol\u00edtica. Em seu discurso, disse que \u201cn\u00e3o saberia expressar em palavras o que Chico representa para a cidade, para os amigos e, especialmente, para mim, meus filhos e meus netos\u201d.<\/p>\n<p data-start=\"1447\" data-end=\"1973\">Comentou ainda, da atua\u00e7\u00e3o do homenageado enquanto prefeito, trazendo valoriza\u00e7\u00e3o do funcionalismo p\u00fablico, quando preferiu conceder aumento real aos servidores ao inv\u00e9s de cestas simb\u00f3licas no fim do ano. \u201cEle disse: \u2018n\u00e3o vai ter carne, vai ter dinheiro na conta, e vai ter aumento. Eu n\u00e3o vou dar um presente, vou dar valoriza\u00e7\u00e3o\u2019\u201d, recordou. Segundo Beth, at\u00e9 hoje colegas relembram o impacto daquela decis\u00e3o.<\/p>\n<p data-start=\"2892\" data-end=\"3448\">Em sua fala de agradecimento, Francisco Biazus afirmou estar profundamente tocado pela homenagem e relembrou sua longa trajet\u00f3ria como vereador e prefeito. Disse que nunca buscou cargos p\u00fablicos por ambi\u00e7\u00e3o pessoal.<\/p>\n<blockquote>\n<p data-start=\"2892\" data-end=\"3448\">\u201cNunca quis ser prefeito. N\u00e3o queria t\u00edtulo, n\u00e3o queria nada. Tinha um neg\u00f3cio para tocar\u201d, declarou, afirmando que aceitou entrar na pol\u00edtica ap\u00f3s insist\u00eancia de pessoas pr\u00f3ximas.<\/p>\n<\/blockquote>\n<p data-start=\"2892\" data-end=\"3448\">Ao lembrar de sua atua\u00e7\u00e3o como gestor, afirmou: \u201cNaquela \u00e9poca era mais f\u00e1cil resolver as coisas. A gente ligava e conseguia abrir portas para quem precisava\u201d. Francisco tamb\u00e9m agradeceu aos amigos, colegas e \u00e0 fam\u00edlia, mencionando especialmente o irm\u00e3o Os\u00f3rio, respons\u00e1vel por sua vinda a Canoas. Fez quest\u00e3o de dizer que, apesar de ter nascido em Flores da Cunha, sente-se canoense h\u00e1 muitos anos.<\/p>\n<blockquote>\n<p data-start=\"2892\" data-end=\"3448\">\u201cEstou h\u00e1 mais de 60 anos em Canoas. Esse t\u00edtulo s\u00f3 confirma o que sempre disse: eu sou canoense. Amo Canoas, gosto de Canoas, e tudo o que fiz foi dentro das minhas capacidades. Dei tudo o que pude\u201d, afirmou, emocionado.<\/p>\n<\/blockquote>\n<p data-start=\"3913\" data-end=\"4235\">A cerim\u00f4nia contou com a presen\u00e7a de autoridades municipais, familiares, amigos e representantes da comunidade. Ao final da solenidade, Francisco Biazus foi aplaudido em reconhecimento a uma hist\u00f3ria de vida dedicada \u00e0 cidade, marcada pela generosidade, pelo esp\u00edrito p\u00fablico e pelo compromisso com o bem coletivo.<\/p>\n","protected":false},"excerpt":{"rendered":"<p>A C\u00e2mara Municipal de Canoas entregou, na manh\u00e3 desta quinta-feira (25), durante o Grande Expediente da sess\u00e3o ordin\u00e1ria, o T\u00edtulo de Cidad\u00e3o Canoense ao empres\u00e1rio e ex-prefeito Francisco Biazus. A homenagem, proposta pelo vereador Linck (Republicanos), reconhece a trajet\u00f3ria de uma das figuras que representam vida p\u00fablica e comunit\u00e1ria da cidade. Francisco Biazus chegou a [&hellip;]<\/p>\n","protected":false},"author":2,"featured_media":36991,"comment_status":"open","ping_status":"open","sticky":false,"template":"","format":"standard","meta":{"amp_status":"","footnotes":""},"categories":[23],"tags":[104,31,190,4803,1515],"class_list":["post-36990","post","type-post","status-publish","format-standard","has-post-thumbnail","hentry","category-geral","tag-camara-de-vereadores","tag-canoas","tag-featured","tag-francisco-biazus","tag-titulo-cidadao-canoense"],"yoast_head":"<!-- This site is optimized with the Yoast SEO plugin v20.5 - https:\/\/yoast.com\/wordpress\/plugins\/seo\/ -->\n<title>C\u00e2mara de Canoas concede T\u00edtulo de Cidad\u00e3o Canoense a Francisco Biazus - O Timoneiro Jornal Canoas RS<\/title>\n<meta name=\"description\" content=\"A C\u00e2mara Municipal de Canoas entregou o T\u00edtulo de Cidad\u00e3o Canoense ao empres\u00e1rio e ex-prefeito Francisco Biazus.\" \/>\n<meta name=\"robots\" content=\"index, follow, max-snippet:-1, max-image-preview:large, max-video-preview:-1\" \/>\n<link rel=\"canonical\" href=\"https:\/\/jornaltimoneiro.com.br\/index.php\/2025\/09\/29\/camara-de-canoas-concede-titulo-de-cidadao-canoense-a-francisco-biazus\/\" \/>\n<meta property=\"og:locale\" content=\"pt_BR\" \/>\n<meta property=\"og:type\" content=\"article\" \/>\n<meta property=\"og:title\" content=\"C\u00e2mara de Canoas concede T\u00edtulo de Cidad\u00e3o Canoense a Francisco Biazus - O Timoneiro Jornal Canoas RS\" \/>\n<meta property=\"og:description\" content=\"A C\u00e2mara Municipal de Canoas entregou o T\u00edtulo de Cidad\u00e3o Canoense ao empres\u00e1rio e ex-prefeito Francisco Biazus.\" \/>\n<meta property=\"og:url\" content=\"https:\/\/jornaltimoneiro.com.br\/index.php\/2025\/09\/29\/camara-de-canoas-concede-titulo-de-cidadao-canoense-a-francisco-biazus\/\" \/>\n<meta property=\"og:site_name\" content=\"O Timoneiro Jornal Canoas RS\" \/>\n<meta property=\"article:publisher\" content=\"https:\/\/www.facebook.com\/jornaltimoneiro\" \/>\n<meta property=\"article:published_time\" content=\"2025-09-29T17:25:05+00:00\" \/>\n<meta property=\"article:modified_time\" content=\"2025-09-29T17:25:23+00:00\" \/>\n<meta property=\"og:image\" content=\"https:\/\/jornaltimoneiro.com.br\/wp-content\/uploads\/2025\/09\/Camara-de-Canoas-concede-Titulo-de-Cidadao-Canoense-a-Francisco-Biazus.jpeg\" \/>\n\t<meta property=\"og:image:width\" content=\"900\" \/>\n\t<meta property=\"og:image:height\" content=\"600\" \/>\n\t<meta property=\"og:image:type\" content=\"image\/jpeg\" \/>\n<meta name=\"author\" content=\"Reda\u00e7\u00e3o\" \/>\n<meta name=\"twitter:card\" content=\"summary_large_image\" \/>\n<meta name=\"twitter:creator\" content=\"@_OTimoneiro\" \/>\n<meta name=\"twitter:site\" content=\"@_OTimoneiro\" \/>\n<meta name=\"twitter:label1\" content=\"Escrito por\" \/>\n\t<meta name=\"twitter:data1\" content=\"Reda\u00e7\u00e3o\" \/>\n\t<meta name=\"twitter:label2\" content=\"Est. tempo de leitura\" \/>\n\t<meta name=\"twitter:data2\" content=\"4 minutos\" \/>\n<script type=\"application\/ld+json\" class=\"yoast-schema-graph\">{\"@context\":\"https:\/\/schema.org\",\"@graph\":[{\"@type\":\"Article\",\"@id\":\"https:\/\/jornaltimoneiro.com.br\/index.php\/2025\/09\/29\/camara-de-canoas-concede-titulo-de-cidadao-canoense-a-francisco-biazus\/#article\",\"isPartOf\":{\"@id\":\"https:\/\/jornaltimoneiro.com.br\/index.php\/2025\/09\/29\/camara-de-canoas-concede-titulo-de-cidadao-canoense-a-francisco-biazus\/\"},\"author\":{\"name\":\"Reda\u00e7\u00e3o\",\"@id\":\"https:\/\/jornaltimoneiro.com.br\/#\/schema\/person\/f63482f1a02b1a9592707865e509ab40\"},\"headline\":\"C\u00e2mara de Canoas concede T\u00edtulo de Cidad\u00e3o Canoense a Francisco Biazus\",\"datePublished\":\"2025-09-29T17:25:05+00:00\",\"dateModified\":\"2025-09-29T17:25:23+00:00\",\"mainEntityOfPage\":{\"@id\":\"https:\/\/jornaltimoneiro.com.br\/index.php\/2025\/09\/29\/camara-de-canoas-concede-titulo-de-cidadao-canoense-a-francisco-biazus\/\"},\"wordCount\":635,\"commentCount\":0,\"publisher\":{\"@id\":\"https:\/\/jornaltimoneiro.com.br\/#organization\"},\"keywords\":[\"C\u00e2mara de Vereadores\",\"canoas\",\"featured\",\"francisco biazus\",\"T\u00edtulo Cidad\u00e3o Canoense\"],\"articleSection\":[\"Geral\"],\"inLanguage\":\"pt-BR\",\"potentialAction\":[{\"@type\":\"CommentAction\",\"name\":\"Comment\",\"target\":[\"https:\/\/jornaltimoneiro.com.br\/index.php\/2025\/09\/29\/camara-de-canoas-concede-titulo-de-cidadao-canoense-a-francisco-biazus\/#respond\"]}]},{\"@type\":\"WebPage\",\"@id\":\"https:\/\/jornaltimoneiro.com.br\/index.php\/2025\/09\/29\/camara-de-canoas-concede-titulo-de-cidadao-canoense-a-francisco-biazus\/\",\"url\":\"https:\/\/jornaltimoneiro.com.br\/index.php\/2025\/09\/29\/camara-de-canoas-concede-titulo-de-cidadao-canoense-a-francisco-biazus\/\",\"name\":\"C\u00e2mara de Canoas concede T\u00edtulo de Cidad\u00e3o Canoense a Francisco Biazus - O Timoneiro Jornal Canoas RS\",\"isPartOf\":{\"@id\":\"https:\/\/jornaltimoneiro.com.br\/#website\"},\"datePublished\":\"2025-09-29T17:25:05+00:00\",\"dateModified\":\"2025-09-29T17:25:23+00:00\",\"description\":\"A C\u00e2mara Municipal de Canoas entregou o T\u00edtulo de Cidad\u00e3o Canoense ao empres\u00e1rio e ex-prefeito Francisco Biazus.\",\"breadcrumb\":{\"@id\":\"https:\/\/jornaltimoneiro.com.br\/index.php\/2025\/09\/29\/camara-de-canoas-concede-titulo-de-cidadao-canoense-a-francisco-biazus\/#breadcrumb\"},\"inLanguage\":\"pt-BR\",\"potentialAction\":[{\"@type\":\"ReadAction\",\"target\":[\"https:\/\/jornaltimoneiro.com.br\/index.php\/2025\/09\/29\/camara-de-canoas-concede-titulo-de-cidadao-canoense-a-francisco-biazus\/\"]}]},{\"@type\":\"BreadcrumbList\",\"@id\":\"https:\/\/jornaltimoneiro.com.br\/index.php\/2025\/09\/29\/camara-de-canoas-concede-titulo-de-cidadao-canoense-a-francisco-biazus\/#breadcrumb\",\"itemListElement\":[{\"@type\":\"ListItem\",\"position\":1,\"name\":\"In\u00edcio\",\"item\":\"https:\/\/jornaltimoneiro.com.br\/\"},{\"@type\":\"ListItem\",\"position\":2,\"name\":\"C\u00e2mara de Canoas concede T\u00edtulo de Cidad\u00e3o Canoense a Francisco Biazus\"}]},{\"@type\":\"WebSite\",\"@id\":\"https:\/\/jornaltimoneiro.com.br\/#website\",\"url\":\"https:\/\/jornaltimoneiro.com.br\/\",\"name\":\"Jornal Timoneiro Canoas RS\",\"description\":\"Jornal O Timoneiro, o verdadeiro jornal de Canoas\",\"publisher\":{\"@id\":\"https:\/\/jornaltimoneiro.com.br\/#organization\"},\"potentialAction\":[{\"@type\":\"SearchAction\",\"target\":{\"@type\":\"EntryPoint\",\"urlTemplate\":\"https:\/\/jornaltimoneiro.com.br\/?s={search_term_string}\"},\"query-input\":\"required name=search_term_string\"}],\"inLanguage\":\"pt-BR\"},{\"@type\":\"Organization\",\"@id\":\"https:\/\/jornaltimoneiro.com.br\/#organization\",\"name\":\"Jornal Timoneiro Canoas RS\",\"url\":\"https:\/\/jornaltimoneiro.com.br\/\",\"logo\":{\"@type\":\"ImageObject\",\"inLanguage\":\"pt-BR\",\"@id\":\"https:\/\/jornaltimoneiro.com.br\/#\/schema\/logo\/image\/\",\"url\":\"https:\/\/jornaltimoneiro.com.br\/wp-content\/uploads\/2023\/03\/logonovo.png\",\"contentUrl\":\"https:\/\/jornaltimoneiro.com.br\/wp-content\/uploads\/2023\/03\/logonovo.png\",\"width\":\"469\",\"height\":\"171\",\"caption\":\"Jornal Timoneiro Canoas RS\"},\"image\":{\"@id\":\"https:\/\/jornaltimoneiro.com.br\/#\/schema\/logo\/image\/\"},\"sameAs\":[\"https:\/\/www.facebook.com\/jornaltimoneiro\",\"https:\/\/twitter.com\/_OTimoneiro\",\"https:\/\/www.instagram.com\/jornaltimoneirocanoas\/\",\"https:\/\/www.youtube.com\/@jornalotimoneiro7927\"]},{\"@type\":\"Person\",\"@id\":\"https:\/\/jornaltimoneiro.com.br\/#\/schema\/person\/f63482f1a02b1a9592707865e509ab40\",\"name\":\"Reda\u00e7\u00e3o\",\"image\":{\"@type\":\"ImageObject\",\"inLanguage\":\"pt-BR\",\"@id\":\"https:\/\/jornaltimoneiro.com.br\/#\/schema\/person\/image\/\",\"url\":\"https:\/\/jornaltimoneiro.com.br\/wp-content\/uploads\/2023\/03\/download.jpeg\",\"contentUrl\":\"https:\/\/jornaltimoneiro.com.br\/wp-content\/uploads\/2023\/03\/download.jpeg\",\"caption\":\"Reda\u00e7\u00e3o\"},\"url\":\"https:\/\/jornaltimoneiro.com.br\/index.php\/author\/simone-dutra\/\"}]}<\/script>\n<!-- \/ Yoast SEO plugin. -->","yoast_head_json":{"title":"C\u00e2mara de Canoas concede T\u00edtulo de Cidad\u00e3o Canoense a Francisco Biazus - O Timoneiro Jornal Canoas RS","description":"A C\u00e2mara Municipal de Canoas entregou o T\u00edtulo de Cidad\u00e3o Canoense ao empres\u00e1rio e ex-prefeito Francisco Biazus.","robots":{"index":"index","follow":"follow","max-snippet":"max-snippet:-1","max-image-preview":"max-image-preview:large","max-video-preview":"max-video-preview:-1"},"canonical":"https:\/\/jornaltimoneiro.com.br\/index.php\/2025\/09\/29\/camara-de-canoas-concede-titulo-de-cidadao-canoense-a-francisco-biazus\/","og_locale":"pt_BR","og_type":"article","og_title":"C\u00e2mara de Canoas concede T\u00edtulo de Cidad\u00e3o Canoense a Francisco Biazus - O Timoneiro Jornal Canoas RS","og_description":"A C\u00e2mara Municipal de Canoas entregou o T\u00edtulo de Cidad\u00e3o Canoense ao empres\u00e1rio e ex-prefeito Francisco Biazus.","og_url":"https:\/\/jornaltimoneiro.com.br\/index.php\/2025\/09\/29\/camara-de-canoas-concede-titulo-de-cidadao-canoense-a-francisco-biazus\/","og_site_name":"O Timoneiro Jornal Canoas RS","article_publisher":"https:\/\/www.facebook.com\/jornaltimoneiro","article_published_time":"2025-09-29T17:25:05+00:00","article_modified_time":"2025-09-29T17:25:23+00:00","og_image":[{"width":"900","height":"600","url":"https:\/\/jornaltimoneiro.com.br\/wp-content\/uploads\/2025\/09\/Camara-de-Canoas-concede-Titulo-de-Cidadao-Canoense-a-Francisco-Biazus.jpeg","type":"image\/jpeg"}],"author":"Reda\u00e7\u00e3o","twitter_card":"summary_large_image","twitter_creator":"@_OTimoneiro","twitter_site":"@_OTimoneiro","twitter_misc":{"Escrito por":"Reda\u00e7\u00e3o","Est. tempo de leitura":"4 minutos"},"schema":{"@context":"https:\/\/schema.org","@graph":[{"@type":"Article","@id":"https:\/\/jornaltimoneiro.com.br\/index.php\/2025\/09\/29\/camara-de-canoas-concede-titulo-de-cidadao-canoense-a-francisco-biazus\/#article","isPartOf":{"@id":"https:\/\/jornaltimoneiro.com.br\/index.php\/2025\/09\/29\/camara-de-canoas-concede-titulo-de-cidadao-canoense-a-francisco-biazus\/"},"author":{"name":"Reda\u00e7\u00e3o","@id":"https:\/\/jornaltimoneiro.com.br\/#\/schema\/person\/f63482f1a02b1a9592707865e509ab40"},"headline":"C\u00e2mara de Canoas concede T\u00edtulo de Cidad\u00e3o Canoense a Francisco Biazus","datePublished":"2025-09-29T17:25:05+00:00","dateModified":"2025-09-29T17:25:23+00:00","mainEntityOfPage":{"@id":"https:\/\/jornaltimoneiro.com.br\/index.php\/2025\/09\/29\/camara-de-canoas-concede-titulo-de-cidadao-canoense-a-francisco-biazus\/"},"wordCount":635,"commentCount":0,"publisher":{"@id":"https:\/\/jornaltimoneiro.com.br\/#organization"},"keywords":["C\u00e2mara de Vereadores","canoas","featured","francisco biazus","T\u00edtulo Cidad\u00e3o Canoense"],"articleSection":["Geral"],"inLanguage":"pt-BR","potentialAction":[{"@type":"CommentAction","name":"Comment","target":["https:\/\/jornaltimoneiro.com.br\/index.php\/2025\/09\/29\/camara-de-canoas-concede-titulo-de-cidadao-canoense-a-francisco-biazus\/#respond"]}]},{"@type":"WebPage","@id":"https:\/\/jornaltimoneiro.com.br\/index.php\/2025\/09\/29\/camara-de-canoas-concede-titulo-de-cidadao-canoense-a-francisco-biazus\/","url":"https:\/\/jornaltimoneiro.com.br\/index.php\/2025\/09\/29\/camara-de-canoas-concede-titulo-de-cidadao-canoense-a-francisco-biazus\/","name":"C\u00e2mara de Canoas concede T\u00edtulo de Cidad\u00e3o Canoense a Francisco Biazus - O Timoneiro Jornal Canoas RS","isPartOf":{"@id":"https:\/\/jornaltimoneiro.com.br\/#website"},"datePublished":"2025-09-29T17:25:05+00:00","dateModified":"2025-09-29T17:25:23+00:00","description":"A C\u00e2mara Municipal de Canoas entregou o T\u00edtulo de Cidad\u00e3o Canoense ao empres\u00e1rio e ex-prefeito Francisco Biazus.","breadcrumb":{"@id":"https:\/\/jornaltimoneiro.com.br\/index.php\/2025\/09\/29\/camara-de-canoas-concede-titulo-de-cidadao-canoense-a-francisco-biazus\/#breadcrumb"},"inLanguage":"pt-BR","potentialAction":[{"@type":"ReadAction","target":["https:\/\/jornaltimoneiro.com.br\/index.php\/2025\/09\/29\/camara-de-canoas-concede-titulo-de-cidadao-canoense-a-francisco-biazus\/"]}]},{"@type":"BreadcrumbList","@id":"https:\/\/jornaltimoneiro.com.br\/index.php\/2025\/09\/29\/camara-de-canoas-concede-titulo-de-cidadao-canoense-a-francisco-biazus\/#breadcrumb","itemListElement":[{"@type":"ListItem","position":1,"name":"In\u00edcio","item":"https:\/\/jornaltimoneiro.com.br\/"},{"@type":"ListItem","position":2,"name":"C\u00e2mara de Canoas concede T\u00edtulo de Cidad\u00e3o Canoense a Francisco Biazus"}]},{"@type":"WebSite","@id":"https:\/\/jornaltimoneiro.com.br\/#website","url":"https:\/\/jornaltimoneiro.com.br\/","name":"Jornal Timoneiro Canoas RS","description":"Jornal O Timoneiro, o verdadeiro jornal de Canoas","publisher":{"@id":"https:\/\/jornaltimoneiro.com.br\/#organization"},"potentialAction":[{"@type":"SearchAction","target":{"@type":"EntryPoint","urlTemplate":"https:\/\/jornaltimoneiro.com.br\/?s={search_term_string}"},"query-input":"required name=search_term_string"}],"inLanguage":"pt-BR"},{"@type":"Organization","@id":"https:\/\/jornaltimoneiro.com.br\/#organization","name":"Jornal Timoneiro Canoas RS","url":"https:\/\/jornaltimoneiro.com.br\/","logo":{"@type":"ImageObject","inLanguage":"pt-BR","@id":"https:\/\/jornaltimoneiro.com.br\/#\/schema\/logo\/image\/","url":"https:\/\/jornaltimoneiro.com.br\/wp-content\/uploads\/2023\/03\/logonovo.png","contentUrl":"https:\/\/jornaltimoneiro.com.br\/wp-content\/uploads\/2023\/03\/logonovo.png","width":"469","height":"171","caption":"Jornal Timoneiro Canoas RS"},"image":{"@id":"https:\/\/jornaltimoneiro.com.br\/#\/schema\/logo\/image\/"},"sameAs":["https:\/\/www.facebook.com\/jornaltimoneiro","https:\/\/twitter.com\/_OTimoneiro","https:\/\/www.instagram.com\/jornaltimoneirocanoas\/","https:\/\/www.youtube.com\/@jornalotimoneiro7927"]},{"@type":"Person","@id":"https:\/\/jornaltimoneiro.com.br\/#\/schema\/person\/f63482f1a02b1a9592707865e509ab40","name":"Reda\u00e7\u00e3o","image":{"@type":"ImageObject","inLanguage":"pt-BR","@id":"https:\/\/jornaltimoneiro.com.br\/#\/schema\/person\/image\/","url":"https:\/\/jornaltimoneiro.com.br\/wp-content\/uploads\/2023\/03\/download.jpeg","contentUrl":"https:\/\/jornaltimoneiro.com.br\/wp-content\/uploads\/2023\/03\/download.jpeg","caption":"Reda\u00e7\u00e3o"},"url":"https:\/\/jornaltimoneiro.com.br\/index.php\/author\/simone-dutra\/"}]}},"_links":{"self":[{"href":"https:\/\/jornaltimoneiro.com.br\/index.php\/wp-json\/wp\/v2\/posts\/36990"}],"collection":[{"href":"https:\/\/jornaltimoneiro.com.br\/index.php\/wp-json\/wp\/v2\/posts"}],"about":[{"href":"https:\/\/jornaltimoneiro.com.br\/index.php\/wp-json\/wp\/v2\/types\/post"}],"author":[{"embeddable":true,"href":"https:\/\/jornaltimoneiro.com.br\/index.php\/wp-json\/wp\/v2\/users\/2"}],"replies":[{"embeddable":true,"href":"https:\/\/jornaltimoneiro.com.br\/index.php\/wp-json\/wp\/v2\/comments?post=36990"}],"version-history":[{"count":1,"href":"https:\/\/jornaltimoneiro.com.br\/index.php\/wp-json\/wp\/v2\/posts\/36990\/revisions"}],"predecessor-version":[{"id":36992,"href":"https:\/\/jornaltimoneiro.com.br\/index.php\/wp-json\/wp\/v2\/posts\/36990\/revisions\/36992"}],"wp:featuredmedia":[{"embeddable":true,"href":"https:\/\/jornaltimoneiro.com.br\/index.php\/wp-json\/wp\/v2\/media\/36991"}],"wp:attachment":[{"href":"https:\/\/jornaltimoneiro.com.br\/index.php\/wp-json\/wp\/v2\/media?parent=36990"}],"wp:term":[{"taxonomy":"category","embeddable":true,"href":"https:\/\/jornaltimoneiro.com.br\/index.php\/wp-json\/wp\/v2\/categories?post=36990"},{"taxonomy":"post_tag","embeddable":true,"href":"https:\/\/jornaltimoneiro.com.br\/index.php\/wp-json\/wp\/v2\/tags?post=36990"}],"curies":[{"name":"wp","href":"https:\/\/api.w.org\/{rel}","templated":true}]}}