{"id":36981,"date":"2025-09-29T13:46:25","date_gmt":"2025-09-29T16:46:25","guid":{"rendered":"https:\/\/jornaltimoneiro.com.br\/?p=36981"},"modified":"2025-09-29T13:46:25","modified_gmt":"2025-09-29T16:46:25","slug":"canoas-recebe-edicao-internacional-de-evento-voltado-a-saude-da-pessoa-idosa","status":"publish","type":"post","link":"https:\/\/jornaltimoneiro.com.br\/index.php\/2025\/09\/29\/canoas-recebe-edicao-internacional-de-evento-voltado-a-saude-da-pessoa-idosa\/","title":{"rendered":"Canoas recebe edi\u00e7\u00e3o internacional de evento voltado \u00e0 sa\u00fade da pessoa idosa"},"content":{"rendered":"<p>O Rio Grande do Sul recebe, no s\u00e1bado, 4 de outubro, a 1\u00aa edi\u00e7\u00e3o internacional do Multiplicando os Cuidados \u00e0s Pessoas Idosas. Palestrantes de diversos pa\u00edses tratar\u00e3o de assuntos de interesse da Terceira Idade, das 8 \u00e0s 18 horas, no Pr\u00e9dio 1 da Ulbra Canoas. O evento \u00e9 organizado pelo Distrito LD3 do Lions Internacional, com apoio do Grupo Iberoamericano Interdisciplinar de Gerontologia.<\/p>\n<p>Com p\u00fablico estimado de 500 pessoas entre estudantes, profissionais da \u00e1rea do envelhecimento, integrantes do Lions e interessados no tema, as palestras ser\u00e3o ministradas por m\u00e9dicos de diversas especializa\u00e7\u00f5es, geront\u00f3logos, pedagoga e farmac\u00eautica.<\/p>\n<p>Neisa Rejane Fernandes, assessora de Cuidados aos Idosos do Distrito LD3, que abrange munic\u00edpios da metade Sul do estado e litoral, destaca o momento hist\u00f3rico desta primeira edi\u00e7\u00e3o internacional ocorrer no Brasil, mais especificamente em Canoas.<\/p>\n<p>\u201cEstamos muito honrados em poder organizar um evento deste porte, oferecendo olhar verdadeiramente multidisciplinar sobre este tema t\u00e3o presente e de tamanha import\u00e2ncia. Conseguimos reunir profissionais de ponta, e acreditamos que este ser\u00e1 o in\u00edcio de uma jornada que deve se repetir com frequ\u00eancia nos pr\u00f3ximos anos\u201d, diz a organizadora.<\/p>\n<p><strong>Diversos temas<\/strong><\/p>\n<p>Paulo Roberto Consoni, m\u00e9dico geriatra e geront\u00f3logo da Ulbra, abordar\u00e1 o tema \u201cCuidando do Cuidador\u201d, mencionando aspectos sobre uma das profiss\u00f5es que mais cresce no mundo. Depois, Uronal Zancan, m\u00e9dico ortopedista do Instituto Pr\u00f3 Ser discorre sobre \u201cA Cura das Doen\u00e7as Pela Conquista da Sa\u00fade\u201d. O tema \u201cSequelas Neurol\u00f3gicas e Enfermidades Psiqui\u00e1tricas\u201d ser\u00e1 o assunto do m\u00e9dico cirurgi\u00e3o peruano Waldo Carden\u00e1s.<\/p>\n<p>M\u00e9dico geriatra vindo da Argentina, Hugo Alberto Schifis, da Universidad de C\u00f3rdoba, traz \u201cNem Tudo \u00e9 Dem\u00eancia (Solid\u00e3o, Ansiedade e Depress\u00e3o no Idoso). Na sequ\u00eancia, \u201cBem-Estar Mental nos Idosos, Desafios e Oportunidades\u201d (Hector Martinez); \u201cAtualiza\u00e7\u00e3o em Decl\u00ednio Cognitivo P\u00f3s-Covid\u201d (Vicente Sp\u00ednola); \u201cAtividades L\u00fadicas no Manejo de Pacientes com Decl\u00ednio Cognitivo\u201d (Caroline Carcel\u00e9n); \u201cCascata Iatrog\u00eanica, Intera\u00e7\u00e3o Medicamentosa e Administra\u00e7\u00e3o\u201d (Cristiani Trentin); e \u201cO Rol da Fam\u00edlia de Idosos com Dem\u00eancia\u201d (Victor Berrantes).<\/p>\n<p><b>Inscri\u00e7\u00f5es gratuitas<\/b><\/p>\n<p>Ao final, todos os palestrantes v\u00e3o compor uma mesa redonda para tratar da Sa\u00fade Mental no Idoso. As inscri\u00e7\u00f5es s\u00e3o limitadas e podem ser feitas pelo WhatsApp (51) 981-939-752 ou pelo site\u00a0<a href=\"https:\/\/www.sympla.com.br\/evento\/multiplicando-cuidados-as-pessoas-idosas\/3102401\" target=\"_blank\" rel=\"noopener\" data-saferedirecturl=\"https:\/\/www.google.com\/url?q=https:\/\/www.sympla.com.br\/evento\/multiplicando-cuidados-as-pessoas-idosas\/3102401&amp;source=gmail&amp;ust=1759250420448000&amp;usg=AOvVaw1Hf29XF_EwKYT_WN6_jyPr\">https:\/\/www.sympla.com.br\/<wbr \/>evento\/multiplicando-cuidados-<wbr \/>as-pessoas-idosas\/3102401<\/a>.<\/p>\n<p><b>Servi\u00e7o<\/b><\/p>\n<p>Multiplicando os Cuidados \u00e0s Pessoas Idosas<br \/>\nData: 4 de outubro (s\u00e1bado)<br \/>\nHor\u00e1rio: das 8h \u00e0s 18h<br \/>\nLocal: Ulbra \u2013 Pr\u00e9dio 1 (Av. Farroupilha, 8001, Canoas)<br \/>\nInscri\u00e7\u00f5es: (51) 981-939-752 (WhatsApp) ou pelo site\u00a0<a href=\"https:\/\/www.sympla.com.br\/evento\/multiplicando-cuidados-as-pessoas-idosas\/3102401\" target=\"_blank\" rel=\"noopener\" data-saferedirecturl=\"https:\/\/www.google.com\/url?q=https:\/\/www.sympla.com.br\/evento\/multiplicando-cuidados-as-pessoas-idosas\/3102401&amp;source=gmail&amp;ust=1759250420448000&amp;usg=AOvVaw1Hf29XF_EwKYT_WN6_jyPr\">https:\/\/www.sympla.com.br\/<wbr \/>evento\/multiplicando-cuidados-<wbr \/>as-pessoas-idosas\/3102401<\/a>.<\/p>\n","protected":false},"excerpt":{"rendered":"<p>O Rio Grande do Sul recebe, no s\u00e1bado, 4 de outubro, a 1\u00aa edi\u00e7\u00e3o internacional do Multiplicando os Cuidados \u00e0s Pessoas Idosas. Palestrantes de diversos pa\u00edses tratar\u00e3o de assuntos de interesse da Terceira Idade, das 8 \u00e0s 18 horas, no Pr\u00e9dio 1 da Ulbra Canoas. O evento \u00e9 organizado pelo Distrito LD3 do Lions Internacional, [&hellip;]<\/p>\n","protected":false},"author":2,"featured_media":36982,"comment_status":"open","ping_status":"open","sticky":false,"template":"","format":"standard","meta":{"amp_status":"","footnotes":""},"categories":[26],"tags":[31,4799,189,483],"class_list":["post-36981","post","type-post","status-publish","format-standard","has-post-thumbnail","hentry","category-saude","tag-canoas","tag-pessoa-idosa","tag-saude","tag-ulbra"],"yoast_head":"<!-- This site is optimized with the Yoast SEO plugin v20.5 - https:\/\/yoast.com\/wordpress\/plugins\/seo\/ -->\n<title>Canoas recebe edi\u00e7\u00e3o internacional de evento voltado \u00e0 sa\u00fade da pessoa idosa - O Timoneiro Jornal Canoas RS<\/title>\n<meta name=\"description\" content=\"O Rio Grande do Sul recebe, no s\u00e1bado, 4 de outubro, a 1\u00aa edi\u00e7\u00e3o internacional do Multiplicando os Cuidados \u00e0s Pessoas Idosas\" \/>\n<meta name=\"robots\" content=\"index, follow, max-snippet:-1, max-image-preview:large, max-video-preview:-1\" \/>\n<link rel=\"canonical\" href=\"https:\/\/jornaltimoneiro.com.br\/index.php\/2025\/09\/29\/canoas-recebe-edicao-internacional-de-evento-voltado-a-saude-da-pessoa-idosa\/\" \/>\n<meta property=\"og:locale\" content=\"pt_BR\" \/>\n<meta property=\"og:type\" content=\"article\" \/>\n<meta property=\"og:title\" content=\"Canoas recebe edi\u00e7\u00e3o internacional de evento voltado \u00e0 sa\u00fade da pessoa idosa - O Timoneiro Jornal Canoas RS\" \/>\n<meta property=\"og:description\" content=\"O Rio Grande do Sul recebe, no s\u00e1bado, 4 de outubro, a 1\u00aa edi\u00e7\u00e3o internacional do Multiplicando os Cuidados \u00e0s Pessoas Idosas\" \/>\n<meta property=\"og:url\" content=\"https:\/\/jornaltimoneiro.com.br\/index.php\/2025\/09\/29\/canoas-recebe-edicao-internacional-de-evento-voltado-a-saude-da-pessoa-idosa\/\" \/>\n<meta property=\"og:site_name\" content=\"O Timoneiro Jornal Canoas RS\" \/>\n<meta property=\"article:publisher\" content=\"https:\/\/www.facebook.com\/jornaltimoneiro\" \/>\n<meta property=\"article:published_time\" content=\"2025-09-29T16:46:25+00:00\" \/>\n<meta property=\"og:image\" content=\"https:\/\/jornaltimoneiro.com.br\/wp-content\/uploads\/2025\/09\/Canoas-recebe-edicao-internacional-de-evento-voltado-a-saude-da-pessoa-idosa.jpg\" \/>\n\t<meta property=\"og:image:width\" content=\"1080\" \/>\n\t<meta property=\"og:image:height\" content=\"784\" \/>\n\t<meta property=\"og:image:type\" content=\"image\/jpeg\" \/>\n<meta name=\"author\" content=\"Reda\u00e7\u00e3o\" \/>\n<meta name=\"twitter:card\" content=\"summary_large_image\" \/>\n<meta name=\"twitter:creator\" content=\"@_OTimoneiro\" \/>\n<meta name=\"twitter:site\" content=\"@_OTimoneiro\" \/>\n<meta name=\"twitter:label1\" content=\"Escrito por\" \/>\n\t<meta name=\"twitter:data1\" content=\"Reda\u00e7\u00e3o\" \/>\n\t<meta name=\"twitter:label2\" content=\"Est. tempo de leitura\" \/>\n\t<meta name=\"twitter:data2\" content=\"3 minutos\" \/>\n<script type=\"application\/ld+json\" class=\"yoast-schema-graph\">{\"@context\":\"https:\/\/schema.org\",\"@graph\":[{\"@type\":\"Article\",\"@id\":\"https:\/\/jornaltimoneiro.com.br\/index.php\/2025\/09\/29\/canoas-recebe-edicao-internacional-de-evento-voltado-a-saude-da-pessoa-idosa\/#article\",\"isPartOf\":{\"@id\":\"https:\/\/jornaltimoneiro.com.br\/index.php\/2025\/09\/29\/canoas-recebe-edicao-internacional-de-evento-voltado-a-saude-da-pessoa-idosa\/\"},\"author\":{\"name\":\"Reda\u00e7\u00e3o\",\"@id\":\"https:\/\/jornaltimoneiro.com.br\/#\/schema\/person\/f63482f1a02b1a9592707865e509ab40\"},\"headline\":\"Canoas recebe edi\u00e7\u00e3o internacional de evento voltado \u00e0 sa\u00fade da pessoa idosa\",\"datePublished\":\"2025-09-29T16:46:25+00:00\",\"dateModified\":\"2025-09-29T16:46:25+00:00\",\"mainEntityOfPage\":{\"@id\":\"https:\/\/jornaltimoneiro.com.br\/index.php\/2025\/09\/29\/canoas-recebe-edicao-internacional-de-evento-voltado-a-saude-da-pessoa-idosa\/\"},\"wordCount\":456,\"commentCount\":0,\"publisher\":{\"@id\":\"https:\/\/jornaltimoneiro.com.br\/#organization\"},\"keywords\":[\"canoas\",\"pessoa idosa\",\"sa\u00fade\",\"ulbra\"],\"articleSection\":[\"Sa\u00fade\"],\"inLanguage\":\"pt-BR\",\"potentialAction\":[{\"@type\":\"CommentAction\",\"name\":\"Comment\",\"target\":[\"https:\/\/jornaltimoneiro.com.br\/index.php\/2025\/09\/29\/canoas-recebe-edicao-internacional-de-evento-voltado-a-saude-da-pessoa-idosa\/#respond\"]}]},{\"@type\":\"WebPage\",\"@id\":\"https:\/\/jornaltimoneiro.com.br\/index.php\/2025\/09\/29\/canoas-recebe-edicao-internacional-de-evento-voltado-a-saude-da-pessoa-idosa\/\",\"url\":\"https:\/\/jornaltimoneiro.com.br\/index.php\/2025\/09\/29\/canoas-recebe-edicao-internacional-de-evento-voltado-a-saude-da-pessoa-idosa\/\",\"name\":\"Canoas recebe edi\u00e7\u00e3o internacional de evento voltado \u00e0 sa\u00fade da pessoa idosa - O Timoneiro Jornal Canoas RS\",\"isPartOf\":{\"@id\":\"https:\/\/jornaltimoneiro.com.br\/#website\"},\"datePublished\":\"2025-09-29T16:46:25+00:00\",\"dateModified\":\"2025-09-29T16:46:25+00:00\",\"description\":\"O Rio Grande do Sul recebe, no s\u00e1bado, 4 de outubro, a 1\u00aa edi\u00e7\u00e3o internacional do Multiplicando os Cuidados \u00e0s Pessoas Idosas\",\"breadcrumb\":{\"@id\":\"https:\/\/jornaltimoneiro.com.br\/index.php\/2025\/09\/29\/canoas-recebe-edicao-internacional-de-evento-voltado-a-saude-da-pessoa-idosa\/#breadcrumb\"},\"inLanguage\":\"pt-BR\",\"potentialAction\":[{\"@type\":\"ReadAction\",\"target\":[\"https:\/\/jornaltimoneiro.com.br\/index.php\/2025\/09\/29\/canoas-recebe-edicao-internacional-de-evento-voltado-a-saude-da-pessoa-idosa\/\"]}]},{\"@type\":\"BreadcrumbList\",\"@id\":\"https:\/\/jornaltimoneiro.com.br\/index.php\/2025\/09\/29\/canoas-recebe-edicao-internacional-de-evento-voltado-a-saude-da-pessoa-idosa\/#breadcrumb\",\"itemListElement\":[{\"@type\":\"ListItem\",\"position\":1,\"name\":\"In\u00edcio\",\"item\":\"https:\/\/jornaltimoneiro.com.br\/\"},{\"@type\":\"ListItem\",\"position\":2,\"name\":\"Canoas recebe edi\u00e7\u00e3o internacional de evento voltado \u00e0 sa\u00fade da pessoa idosa\"}]},{\"@type\":\"WebSite\",\"@id\":\"https:\/\/jornaltimoneiro.com.br\/#website\",\"url\":\"https:\/\/jornaltimoneiro.com.br\/\",\"name\":\"Jornal Timoneiro Canoas RS\",\"description\":\"Jornal O Timoneiro, o verdadeiro jornal de Canoas\",\"publisher\":{\"@id\":\"https:\/\/jornaltimoneiro.com.br\/#organization\"},\"potentialAction\":[{\"@type\":\"SearchAction\",\"target\":{\"@type\":\"EntryPoint\",\"urlTemplate\":\"https:\/\/jornaltimoneiro.com.br\/?s={search_term_string}\"},\"query-input\":\"required name=search_term_string\"}],\"inLanguage\":\"pt-BR\"},{\"@type\":\"Organization\",\"@id\":\"https:\/\/jornaltimoneiro.com.br\/#organization\",\"name\":\"Jornal Timoneiro Canoas RS\",\"url\":\"https:\/\/jornaltimoneiro.com.br\/\",\"logo\":{\"@type\":\"ImageObject\",\"inLanguage\":\"pt-BR\",\"@id\":\"https:\/\/jornaltimoneiro.com.br\/#\/schema\/logo\/image\/\",\"url\":\"https:\/\/jornaltimoneiro.com.br\/wp-content\/uploads\/2023\/03\/logonovo.png\",\"contentUrl\":\"https:\/\/jornaltimoneiro.com.br\/wp-content\/uploads\/2023\/03\/logonovo.png\",\"width\":\"469\",\"height\":\"171\",\"caption\":\"Jornal Timoneiro Canoas RS\"},\"image\":{\"@id\":\"https:\/\/jornaltimoneiro.com.br\/#\/schema\/logo\/image\/\"},\"sameAs\":[\"https:\/\/www.facebook.com\/jornaltimoneiro\",\"https:\/\/twitter.com\/_OTimoneiro\",\"https:\/\/www.instagram.com\/jornaltimoneirocanoas\/\",\"https:\/\/www.youtube.com\/@jornalotimoneiro7927\"]},{\"@type\":\"Person\",\"@id\":\"https:\/\/jornaltimoneiro.com.br\/#\/schema\/person\/f63482f1a02b1a9592707865e509ab40\",\"name\":\"Reda\u00e7\u00e3o\",\"image\":{\"@type\":\"ImageObject\",\"inLanguage\":\"pt-BR\",\"@id\":\"https:\/\/jornaltimoneiro.com.br\/#\/schema\/person\/image\/\",\"url\":\"https:\/\/jornaltimoneiro.com.br\/wp-content\/uploads\/2023\/03\/download.jpeg\",\"contentUrl\":\"https:\/\/jornaltimoneiro.com.br\/wp-content\/uploads\/2023\/03\/download.jpeg\",\"caption\":\"Reda\u00e7\u00e3o\"},\"url\":\"https:\/\/jornaltimoneiro.com.br\/index.php\/author\/simone-dutra\/\"}]}<\/script>\n<!-- \/ Yoast SEO plugin. -->","yoast_head_json":{"title":"Canoas recebe edi\u00e7\u00e3o internacional de evento voltado \u00e0 sa\u00fade da pessoa idosa - O Timoneiro Jornal Canoas RS","description":"O Rio Grande do Sul recebe, no s\u00e1bado, 4 de outubro, a 1\u00aa edi\u00e7\u00e3o internacional do Multiplicando os Cuidados \u00e0s Pessoas Idosas","robots":{"index":"index","follow":"follow","max-snippet":"max-snippet:-1","max-image-preview":"max-image-preview:large","max-video-preview":"max-video-preview:-1"},"canonical":"https:\/\/jornaltimoneiro.com.br\/index.php\/2025\/09\/29\/canoas-recebe-edicao-internacional-de-evento-voltado-a-saude-da-pessoa-idosa\/","og_locale":"pt_BR","og_type":"article","og_title":"Canoas recebe edi\u00e7\u00e3o internacional de evento voltado \u00e0 sa\u00fade da pessoa idosa - O Timoneiro Jornal Canoas RS","og_description":"O Rio Grande do Sul recebe, no s\u00e1bado, 4 de outubro, a 1\u00aa edi\u00e7\u00e3o internacional do Multiplicando os Cuidados \u00e0s Pessoas Idosas","og_url":"https:\/\/jornaltimoneiro.com.br\/index.php\/2025\/09\/29\/canoas-recebe-edicao-internacional-de-evento-voltado-a-saude-da-pessoa-idosa\/","og_site_name":"O Timoneiro Jornal Canoas RS","article_publisher":"https:\/\/www.facebook.com\/jornaltimoneiro","article_published_time":"2025-09-29T16:46:25+00:00","og_image":[{"width":1080,"height":784,"url":"https:\/\/jornaltimoneiro.com.br\/wp-content\/uploads\/2025\/09\/Canoas-recebe-edicao-internacional-de-evento-voltado-a-saude-da-pessoa-idosa.jpg","type":"image\/jpeg"}],"author":"Reda\u00e7\u00e3o","twitter_card":"summary_large_image","twitter_creator":"@_OTimoneiro","twitter_site":"@_OTimoneiro","twitter_misc":{"Escrito por":"Reda\u00e7\u00e3o","Est. tempo de leitura":"3 minutos"},"schema":{"@context":"https:\/\/schema.org","@graph":[{"@type":"Article","@id":"https:\/\/jornaltimoneiro.com.br\/index.php\/2025\/09\/29\/canoas-recebe-edicao-internacional-de-evento-voltado-a-saude-da-pessoa-idosa\/#article","isPartOf":{"@id":"https:\/\/jornaltimoneiro.com.br\/index.php\/2025\/09\/29\/canoas-recebe-edicao-internacional-de-evento-voltado-a-saude-da-pessoa-idosa\/"},"author":{"name":"Reda\u00e7\u00e3o","@id":"https:\/\/jornaltimoneiro.com.br\/#\/schema\/person\/f63482f1a02b1a9592707865e509ab40"},"headline":"Canoas recebe edi\u00e7\u00e3o internacional de evento voltado \u00e0 sa\u00fade da pessoa idosa","datePublished":"2025-09-29T16:46:25+00:00","dateModified":"2025-09-29T16:46:25+00:00","mainEntityOfPage":{"@id":"https:\/\/jornaltimoneiro.com.br\/index.php\/2025\/09\/29\/canoas-recebe-edicao-internacional-de-evento-voltado-a-saude-da-pessoa-idosa\/"},"wordCount":456,"commentCount":0,"publisher":{"@id":"https:\/\/jornaltimoneiro.com.br\/#organization"},"keywords":["canoas","pessoa idosa","sa\u00fade","ulbra"],"articleSection":["Sa\u00fade"],"inLanguage":"pt-BR","potentialAction":[{"@type":"CommentAction","name":"Comment","target":["https:\/\/jornaltimoneiro.com.br\/index.php\/2025\/09\/29\/canoas-recebe-edicao-internacional-de-evento-voltado-a-saude-da-pessoa-idosa\/#respond"]}]},{"@type":"WebPage","@id":"https:\/\/jornaltimoneiro.com.br\/index.php\/2025\/09\/29\/canoas-recebe-edicao-internacional-de-evento-voltado-a-saude-da-pessoa-idosa\/","url":"https:\/\/jornaltimoneiro.com.br\/index.php\/2025\/09\/29\/canoas-recebe-edicao-internacional-de-evento-voltado-a-saude-da-pessoa-idosa\/","name":"Canoas recebe edi\u00e7\u00e3o internacional de evento voltado \u00e0 sa\u00fade da pessoa idosa - O Timoneiro Jornal Canoas RS","isPartOf":{"@id":"https:\/\/jornaltimoneiro.com.br\/#website"},"datePublished":"2025-09-29T16:46:25+00:00","dateModified":"2025-09-29T16:46:25+00:00","description":"O Rio Grande do Sul recebe, no s\u00e1bado, 4 de outubro, a 1\u00aa edi\u00e7\u00e3o internacional do Multiplicando os Cuidados \u00e0s Pessoas Idosas","breadcrumb":{"@id":"https:\/\/jornaltimoneiro.com.br\/index.php\/2025\/09\/29\/canoas-recebe-edicao-internacional-de-evento-voltado-a-saude-da-pessoa-idosa\/#breadcrumb"},"inLanguage":"pt-BR","potentialAction":[{"@type":"ReadAction","target":["https:\/\/jornaltimoneiro.com.br\/index.php\/2025\/09\/29\/canoas-recebe-edicao-internacional-de-evento-voltado-a-saude-da-pessoa-idosa\/"]}]},{"@type":"BreadcrumbList","@id":"https:\/\/jornaltimoneiro.com.br\/index.php\/2025\/09\/29\/canoas-recebe-edicao-internacional-de-evento-voltado-a-saude-da-pessoa-idosa\/#breadcrumb","itemListElement":[{"@type":"ListItem","position":1,"name":"In\u00edcio","item":"https:\/\/jornaltimoneiro.com.br\/"},{"@type":"ListItem","position":2,"name":"Canoas recebe edi\u00e7\u00e3o internacional de evento voltado \u00e0 sa\u00fade da pessoa idosa"}]},{"@type":"WebSite","@id":"https:\/\/jornaltimoneiro.com.br\/#website","url":"https:\/\/jornaltimoneiro.com.br\/","name":"Jornal Timoneiro Canoas RS","description":"Jornal O Timoneiro, o verdadeiro jornal de Canoas","publisher":{"@id":"https:\/\/jornaltimoneiro.com.br\/#organization"},"potentialAction":[{"@type":"SearchAction","target":{"@type":"EntryPoint","urlTemplate":"https:\/\/jornaltimoneiro.com.br\/?s={search_term_string}"},"query-input":"required name=search_term_string"}],"inLanguage":"pt-BR"},{"@type":"Organization","@id":"https:\/\/jornaltimoneiro.com.br\/#organization","name":"Jornal Timoneiro Canoas RS","url":"https:\/\/jornaltimoneiro.com.br\/","logo":{"@type":"ImageObject","inLanguage":"pt-BR","@id":"https:\/\/jornaltimoneiro.com.br\/#\/schema\/logo\/image\/","url":"https:\/\/jornaltimoneiro.com.br\/wp-content\/uploads\/2023\/03\/logonovo.png","contentUrl":"https:\/\/jornaltimoneiro.com.br\/wp-content\/uploads\/2023\/03\/logonovo.png","width":"469","height":"171","caption":"Jornal Timoneiro Canoas RS"},"image":{"@id":"https:\/\/jornaltimoneiro.com.br\/#\/schema\/logo\/image\/"},"sameAs":["https:\/\/www.facebook.com\/jornaltimoneiro","https:\/\/twitter.com\/_OTimoneiro","https:\/\/www.instagram.com\/jornaltimoneirocanoas\/","https:\/\/www.youtube.com\/@jornalotimoneiro7927"]},{"@type":"Person","@id":"https:\/\/jornaltimoneiro.com.br\/#\/schema\/person\/f63482f1a02b1a9592707865e509ab40","name":"Reda\u00e7\u00e3o","image":{"@type":"ImageObject","inLanguage":"pt-BR","@id":"https:\/\/jornaltimoneiro.com.br\/#\/schema\/person\/image\/","url":"https:\/\/jornaltimoneiro.com.br\/wp-content\/uploads\/2023\/03\/download.jpeg","contentUrl":"https:\/\/jornaltimoneiro.com.br\/wp-content\/uploads\/2023\/03\/download.jpeg","caption":"Reda\u00e7\u00e3o"},"url":"https:\/\/jornaltimoneiro.com.br\/index.php\/author\/simone-dutra\/"}]}},"_links":{"self":[{"href":"https:\/\/jornaltimoneiro.com.br\/index.php\/wp-json\/wp\/v2\/posts\/36981"}],"collection":[{"href":"https:\/\/jornaltimoneiro.com.br\/index.php\/wp-json\/wp\/v2\/posts"}],"about":[{"href":"https:\/\/jornaltimoneiro.com.br\/index.php\/wp-json\/wp\/v2\/types\/post"}],"author":[{"embeddable":true,"href":"https:\/\/jornaltimoneiro.com.br\/index.php\/wp-json\/wp\/v2\/users\/2"}],"replies":[{"embeddable":true,"href":"https:\/\/jornaltimoneiro.com.br\/index.php\/wp-json\/wp\/v2\/comments?post=36981"}],"version-history":[{"count":1,"href":"https:\/\/jornaltimoneiro.com.br\/index.php\/wp-json\/wp\/v2\/posts\/36981\/revisions"}],"predecessor-version":[{"id":36983,"href":"https:\/\/jornaltimoneiro.com.br\/index.php\/wp-json\/wp\/v2\/posts\/36981\/revisions\/36983"}],"wp:featuredmedia":[{"embeddable":true,"href":"https:\/\/jornaltimoneiro.com.br\/index.php\/wp-json\/wp\/v2\/media\/36982"}],"wp:attachment":[{"href":"https:\/\/jornaltimoneiro.com.br\/index.php\/wp-json\/wp\/v2\/media?parent=36981"}],"wp:term":[{"taxonomy":"category","embeddable":true,"href":"https:\/\/jornaltimoneiro.com.br\/index.php\/wp-json\/wp\/v2\/categories?post=36981"},{"taxonomy":"post_tag","embeddable":true,"href":"https:\/\/jornaltimoneiro.com.br\/index.php\/wp-json\/wp\/v2\/tags?post=36981"}],"curies":[{"name":"wp","href":"https:\/\/api.w.org\/{rel}","templated":true}]}}