{"id":36978,"date":"2025-09-29T13:41:15","date_gmt":"2025-09-29T16:41:15","guid":{"rendered":"https:\/\/jornaltimoneiro.com.br\/?p=36978"},"modified":"2025-09-29T13:41:15","modified_gmt":"2025-09-29T16:41:15","slug":"festival-de-cinema-de-canoas-anuncia-os-vencedores-da-terceira-edicao","status":"publish","type":"post","link":"https:\/\/jornaltimoneiro.com.br\/index.php\/2025\/09\/29\/festival-de-cinema-de-canoas-anuncia-os-vencedores-da-terceira-edicao\/","title":{"rendered":"Festival de Cinema de Canoas anuncia os vencedores da terceira edi\u00e7\u00e3o"},"content":{"rendered":"<p>A terceira edi\u00e7\u00e3o do Festival de Cinema de Canoas encerrou neste domingo, 28 de setembro, com o an\u00fancio dos vencedores de 2025. A Cerim\u00f4nia de Premia\u00e7\u00e3o, que consagrou os melhores nas categorias Estudantil, Municipal, Estadual e Universit\u00e1ria, aconteceu no Teatro SESC Canoas e contou com transmiss\u00e3o ao vivo pela TV Minuano &#8211; canal 525 da Claro.<\/p>\n<p>A edi\u00e7\u00e3o ficou marcada pela inscri\u00e7\u00e3o de 195 produ\u00e7\u00f5es, das quais a curadoria e a comiss\u00e3o de sele\u00e7\u00e3o escolheram 11 t\u00edtulos para a categoria Estudantil, 13 para a Universit\u00e1ria (novidade do terceiro FECIC), al\u00e9m de sete produ\u00e7\u00f5es na categoria Municipal e 18 na Estadual. Todas as produ\u00e7\u00f5es selecionadas concorriam ao Trof\u00e9u Canoeiros e ao Trof\u00e9u Cine Porcello, este dedicado aos vencedores dos melhores filmes pelo J\u00fari Popular.<\/p>\n<p>O curta-metragem vencedor da categoria Estudantil foi \u201cQuerida Irm\u00e3\u201d, de Luiza Wender, do IPUC. \u201cQueremos agradecer \u00e0 todos os nossos professores, principalmente a professora Sandra que me deu aula de artes e me apresentou o teatro e a arte\u201d, disse Luiza Wender, diretora do curta \u201cQuerida Irm\u00e3\u201d.<\/p>\n<p>J\u00e1 a obra vencedora da categoria Universit\u00e1ria, grande novidade da terceira edi\u00e7\u00e3o do FECIC, foi\u00a0<em>\u201cConfio\u201d<\/em>, de Giovanna Plentz, da Universidade Feevale. \u201cQuero agradecer \u00e0 toda a equipe que ajudou a fazer esse curta, meus professores, minhas amizades que me inspiraram e me incentivaram a fazer esse filme e tamb\u00e9m \u00e0 minha fam\u00edlia\u201d, agradeceu Giovanna Plentz, diretora da produ\u00e7\u00e3o \u201cConfio\u201d.<\/p>\n<p>A terceira categoria &#8211; Municipal -, teve como vencedora a produ\u00e7\u00e3o\u00a0<em>\u201cEnquanto a Partida Durar\u201d<\/em>, de L\u00e9o Moura. \u201cSomos um dos poucos cineastas de Canoas, ent\u00e3o, esse pr\u00eamio \u00e9 muito importante para n\u00f3s\u201d, disse Alex, representante de L\u00e9o Moura na cerim\u00f4nia de premia\u00e7\u00e3o.<\/p>\n<p>Por fim, quem venceu a categoria Estadual foi<em>\u201cCardo\u201d<\/em>, de Guilherme Suman e Allan Riggs. \u201cO nosso filme foi acima de tudo uma realiza\u00e7\u00e3o pessoal. Queremos agradecer \u00e0s muitas m\u00e3os que ajudaram a realizar essa obra. Esse pr\u00eamio tamb\u00e9m \u00e9 de voc\u00eas\u201d, comentou Guilherme Suman diretor de \u201cCardo\u201d.<\/p>\n<p>Os vencedores do 3\u00ba FECIC\u00a0<em>(lista completa no final deste release)<\/em>\u00a0foram escolhidos por tr\u00eas comiss\u00f5es julgadoras independentes. A primeira comiss\u00e3o foi o J\u00fari Oficial, integrado pela atriz Paula Souza, o diretor de fotografia Jorge Henrique Boca e o diretor e produtor t\u00e9cnico em efeitos especiais, Ricardo Ghiorzi.<\/p>\n<p>J\u00e1 a segunda comiss\u00e3o foi o J\u00fari da Cr\u00edtica, formado por integrantes da Associa\u00e7\u00e3o de Cr\u00edticos de Cinema do Rio Grande do Sul, sendo eles a colaboradora da revista digital do Cineclube Academia das Musas e do Fanzine Zinemat\u00f3grafo Carla Oliveira e o curador da Sala Reden\u00e7\u00e3o Victor Souza.<\/p>\n<p>Enquanto a terceira comiss\u00e3o &#8211; J\u00fari Popular -, foi integrada pelo p\u00fablico, que acompanhou as exibi\u00e7\u00f5es no Teatro SESC Canoas e votou nos melhores filmes ap\u00f3s as sess\u00f5es.<\/p>\n<h4><strong>Homenagem \u00e0 Marcos Breda\u00a0<\/strong><\/h4>\n<p>A noite de domingo foi marcada tamb\u00e9m pela homenagem ao ator, professor, produtor e diretor ga\u00facho Marcos Breda. O reconhecimento foi entregue pelo ator Gedson Castro.<\/p>\n<p>Natural de Canoas, Breda tem uma carreira consolidada no teatro, cinema e televis\u00e3o. Entre os trabalhos mais not\u00e1veis est\u00e3o a participa\u00e7\u00e3o do ator nas novelas, s\u00e9ries e miniss\u00e9ries de grande repercuss\u00e3o nacional como \u201cQue Rei Sou Eu?, \u201cO Tempo e o Vento\u201d, \u201cVamp\u201d e o \u201cS\u00edtio do Pica-Pau Amarelo\u201d.<\/p>\n<p>No cinema, atuou em produ\u00e7\u00f5es como \u201cO dia em que Dorival encarou o Guarda\u201d e \u201cFeliz Ano Velho\u201d. No teatro, soma mais de quatro d\u00e9cadas de experi\u00eancia, participando de montagens que atravessam g\u00eaneros e estilos, sempre com dedica\u00e7\u00e3o \u00e0 linguagem c\u00eanica, destaque para o ic\u00f4nico \u201cBailei na Curva\u201d.<\/p>\n<blockquote><p>\u201cS\u00e3o 45 anos de profiss\u00e3o ent\u00e3o, essa homenagem \u00e9 pelo, abre aspas, \u201cconjunto da obra\u201d. Eu quero agradecer profundamente, estou extremamente emocionado, feliz e eu quero dedicar esse pr\u00eamio \u00e0 um pessoa com quem eu trabalhei e que acabou de nos deixar, eu quero dedicar esse pr\u00eamio ao Tutti\u00a0<em>(Gregianin)\u00a0<\/em>que era um dos maiores apoiadores desse festival. Obrigado!\u201d, agradeceu Breda.<\/p><\/blockquote>\n<h4><strong>Conhe\u00e7a os vencedores do 3\u00ba Festival de Cinema de Canoas:<\/strong><\/h4>\n<p><strong>Vencedores da CATEGORIA ESTUDANTIL<br \/>\n<\/strong><strong><em>Melhor filme pelo J\u00fari da Cr\u00edtica:\u00a0<\/em><\/strong>As Minas E Os Karas em: A Droga Da Obedi\u00eancia E Outros Mist\u00e9rios (12\u201935\u201d), de Adriano Costa Souza | EMEF Pernambuco (2025)<br \/>\n<strong><em>Melhor filme pelo colegiado de Canoas:\u00a0<\/em><\/strong>Racismo (4\u2019), de Ana Clara Boll Alves | EMEF Prefeito Edgar Fontoura (2024)<br \/>\n<strong><em>Melhor filme pelo J\u00fari Popular:\u00a0<\/em><\/strong>A C\u00e1psula do Tempo | EEEM Bento Gon\u00e7alves (2025)<br \/>\n<strong><em>Melhor filme &#8211; J\u00fari Oficial:\u00a0<\/em><\/strong>Querida Irm\u00e3 (19\u2019), de Luiza Weber | IPUC (2024)<\/p>\n<p><strong>Vencedores da CATEGORIA UNIVERSIT\u00c1RIA<br \/>\n<\/strong><strong><em>Melhor filme pelo J\u00fari da Cr\u00edtica:\u00a0<\/em><\/strong>Desperta (2\u2019), de Laura Becker | Unisinos (2024)<br \/>\n<strong><em>Melhor filme pelo colegiado de Canoas:\u00a0<\/em><\/strong>Carcar\u00e1s (13\u2019), de Gabriello Alvarez | PUCRS (2024)<br \/>\n<strong><em>Melhor filme pelo J\u00fari Popular &#8211; Trof\u00e9u Cine Porcello:\u00a0<\/em><\/strong>Submersa, de Laura Viegas | Unisinos (2024)<br \/>\n<strong><em>Melhor filme pelo J\u00fari Oficial:\u00a0<\/em><\/strong>Confio (18\u2019), de Giovanna Plentz | Universidade Feevale (2024)<\/p>\n<p><strong>Vencedores da CATEGORIA MUNICIPAL<br \/>\n<\/strong><strong><em>Melhor Desenho de Som:\u00a0<\/em><\/strong>Nathan Lopes por \u201cEnquanto a Partida Durar\u201d (2025)<br \/>\n<strong><em>Melhor Dire\u00e7\u00e3o de Arte:\u00a0<\/em><\/strong>Sheila Marafon por \u201cEnquanto a Partida Durar\u201d (2025)<br \/>\n<strong><em>Melhor Figurino:\u00a0<\/em><\/strong>Guilherme Suman e Allan Riggs por \u201cCardo\u201d (2025)<br \/>\n<strong><em>Melhor Montagem:\u00a0<\/em><\/strong>Robert Denilson e Felipe Iesbick por \u201cDi\u00e1rios de um Slasher Canoense\u201d (2025)<br \/>\n<strong><em>Melhor Trilha Sonora:\u00a0<\/em><\/strong>Pav\u00e3o Negro por \u201cEnquanto a Partida Durar\u201d (2025)<br \/>\n<strong><em>Melhor Roteiro:\u00a0<\/em><\/strong>Fl\u00e1vio de Castro Barbosa, Wender Zanon e \u00c9rico Noronha por \u201cGosto Estranho\u201d (2025)<br \/>\n<strong><em>Melhor Fotografia:\u00a0<\/em><\/strong>Vinicius Linhares Macedo por \u201cCardo\u201d (2025)<br \/>\n<strong><em>Melhor Ator:\u00a0<\/em><\/strong>Gabi Faryas por \u201cEnquanto a Partida Durar\u201d (2025)<br \/>\n<strong><em>Melhor Atriz:\u00a0<\/em><\/strong>pela pluralidade e ampla representatividade na obra, o J\u00fari decidiu que o pr\u00eamio seria entregue ao elenco feminino do filme \u201cDiz o nome\u201d, de Anne Plein, Lau Graef e Mirela Kruel (2024)<br \/>\n<strong><em>Melhor Diretor:\u00a0<\/em><\/strong>L\u00e9o Moura por \u201cEnquanto a Partida Durar\u201d (2025)<br \/>\n<strong><em>Melhor filme pelo J\u00fari da Cr\u00edtica:\u00a0<\/em><\/strong>Di\u00e1rios de um Slasher Canoense, de Felipe Iesbick (2025)<br \/>\n<strong><em>Melhor filme pelo J\u00fari Popular &#8211; Trof\u00e9u Cine Porcello:\u00a0<\/em><\/strong>Di\u00e1rios de um Slasher Canoense, de Felipe Iesbick (2025)<br \/>\n<strong><em>Melhor filme pelo J\u00fari Oficial:\u00a0<\/em><\/strong>Enquanto a Partida Durar, de L\u00e9o Moura (2025)<br \/>\n<strong><em>Trof\u00e9u do Metropolitano RS &#8211; Ecossistema Audiovisual:\u00a0<\/em><\/strong>Fl\u00e1via Seligman, cineasta e professora de audiovisual<br \/>\n<strong><em>Pr\u00eamio em loca\u00e7\u00e3o de equipamentos:\u00a0<\/em><\/strong>Mariana Monteiro, representando a Locall Cinema e Televis\u00e3o<\/p>\n<p><strong>Vencedores da CATEGORIA ESTADUAL<br \/>\n<\/strong><strong><em>Melhor Desenho de Som:\u00a0<\/em><\/strong>Dave Deville por \u201cEu te escuto\u201d, de Rodrigo Teixeira (2025)<br \/>\n<strong><em>Melhor Dire\u00e7\u00e3o de Arte:\u00a0<\/em><\/strong>Thiago Beckenkamp e Eduarda Rodrigues por \u201cTodos os Beb\u00eas Nascem Pelados Em Cachoeira do Sul\u201d (2025)<br \/>\n<strong><em>Melhor Figurino:\u00a0<\/em><\/strong>Guilherme Suman e Allan Riggs por \u201cCardo\u201d (2025)<br \/>\n<strong><em>Melhor Montagem:\u00a0<\/em><\/strong>Thiago Beckenkamp por \u201cTodos os Beb\u00eas Nascem Pelados Em Cachoeira do Sul\u201d (2025)<br \/>\n<strong><em>Melhor Trilha Sonora:<\/em><\/strong>\u00a0A Biblioteca de Jorge Furtado | Gl\u00eanio P\u00f3voas e Luiz Alberto Cassol (2025) |\u00a0<strong>Leo Henkin<\/strong>\u00a0pelas trilhas \u201cO Homem que copiava\u201d, \u201cO Mercado de not\u00edcias\u201d, \u201cReal Beleza\u201d, \u201cVeja bem\u201d e \u201cA matadeira\u201d;\u00a0<strong>Geraldo Flach\u00a0<\/strong>pelas trilhas \u201cIlha das flores\u201d, de Caetano Veloso;\u00a0<strong>Andr\u00e9 Moraes\u00a0<\/strong>pela trilha de \u201cMeu tio matou um cara\u201d<br \/>\n<strong><em>Melhor Roteiro:\u00a0<\/em><\/strong>Thiago Beckenkamp por \u201cTodos os Beb\u00eas Nascem Pelados Em Cachoeira do Sul\u201d (2025)<br \/>\n<strong><em>Melhor Fotografia:\u00a0<\/em><\/strong>Vinicius Linhares Macedo por \u201cCardo\u201d (2025)<br \/>\n<strong><em>Melhor Ator:\u00a0<\/em><\/strong>Nelson Diniz por \u201cO \u00daltimo Trem\u201d, de Boca Migotto (2025)<br \/>\n<strong><em>Melhor Atriz:\u00a0<\/em><\/strong>Liane Venturella por \u201cO \u00daltimo Trem\u201d, de Boca Migotto (2025)<br \/>\n<strong><em>Melhor Diretor:\u00a0<\/em><\/strong>Allan Riggs e Guilherme Suman por \u201cCardo\u201d (2025)<br \/>\n<strong><em>Melhor filme pelo J\u00fari da Cr\u00edtica:\u00a0<\/em><\/strong>F.M, de Cassiano G. Zanella (2024)<br \/>\n<strong><em>Melhor filme pelo J\u00fari Popular &#8211; Trof\u00e9u Cine Porcello:\u00a0<\/em><\/strong>A Inven\u00e7\u00e3o, de Andr\u00e9 Arteche (2025)<br \/>\n<strong><em>Melhor filme pelo J\u00fari Oficial:\u00a0<\/em><\/strong>Cardo, de Allan Riggs e Guilherme Suman (2025)<br \/>\n<strong><em>Men\u00e7\u00e3o honrosa:\u00a0<\/em><\/strong>O Pente, de Alisson Affonso (2025)<br \/>\n<strong><em>Pr\u00eamio em loca\u00e7\u00e3o de equipamentos:\u00a0<\/em><\/strong>Locall Cinema e Televis\u00e3o<\/p>\n","protected":false},"excerpt":{"rendered":"<p>A terceira edi\u00e7\u00e3o do Festival de Cinema de Canoas encerrou neste domingo, 28 de setembro, com o an\u00fancio dos vencedores de 2025. A Cerim\u00f4nia de Premia\u00e7\u00e3o, que consagrou os melhores nas categorias Estudantil, Municipal, Estadual e Universit\u00e1ria, aconteceu no Teatro SESC Canoas e contou com transmiss\u00e3o ao vivo pela TV Minuano &#8211; canal 525 da [&hellip;]<\/p>\n","protected":false},"author":2,"featured_media":36979,"comment_status":"open","ping_status":"open","sticky":false,"template":"","format":"standard","meta":{"amp_status":"","footnotes":""},"categories":[76],"tags":[4742,31,913,190,3283,4798],"class_list":["post-36978","post","type-post","status-publish","format-standard","has-post-thumbnail","hentry","category-cultura","tag-3o-festival-de-cinema-de-canoas","tag-canoas","tag-cinema","tag-featured","tag-fecic","tag-vencedores"],"yoast_head":"<!-- This site is optimized with the Yoast SEO plugin v20.5 - https:\/\/yoast.com\/wordpress\/plugins\/seo\/ -->\n<title>Festival de Cinema de Canoas anuncia os vencedores da terceira edi\u00e7\u00e3o - O Timoneiro Jornal Canoas RS<\/title>\n<meta name=\"robots\" content=\"index, follow, max-snippet:-1, max-image-preview:large, max-video-preview:-1\" \/>\n<link rel=\"canonical\" href=\"https:\/\/jornaltimoneiro.com.br\/index.php\/2025\/09\/29\/festival-de-cinema-de-canoas-anuncia-os-vencedores-da-terceira-edicao\/\" \/>\n<meta property=\"og:locale\" content=\"pt_BR\" \/>\n<meta property=\"og:type\" content=\"article\" \/>\n<meta property=\"og:title\" content=\"Festival de Cinema de Canoas anuncia os vencedores da terceira edi\u00e7\u00e3o - O Timoneiro Jornal Canoas RS\" \/>\n<meta property=\"og:description\" content=\"A terceira edi\u00e7\u00e3o do Festival de Cinema de Canoas encerrou neste domingo, 28 de setembro, com o an\u00fancio dos vencedores de 2025. A Cerim\u00f4nia de Premia\u00e7\u00e3o, que consagrou os melhores nas categorias Estudantil, Municipal, Estadual e Universit\u00e1ria, aconteceu no Teatro SESC Canoas e contou com transmiss\u00e3o ao vivo pela TV Minuano &#8211; canal 525 da [&hellip;]\" \/>\n<meta property=\"og:url\" content=\"https:\/\/jornaltimoneiro.com.br\/index.php\/2025\/09\/29\/festival-de-cinema-de-canoas-anuncia-os-vencedores-da-terceira-edicao\/\" \/>\n<meta property=\"og:site_name\" content=\"O Timoneiro Jornal Canoas RS\" \/>\n<meta property=\"article:publisher\" content=\"https:\/\/www.facebook.com\/jornaltimoneiro\" \/>\n<meta property=\"article:published_time\" content=\"2025-09-29T16:41:15+00:00\" \/>\n<meta property=\"og:image\" content=\"https:\/\/jornaltimoneiro.com.br\/wp-content\/uploads\/2025\/09\/Festival-de-Cinema-de-Canoas-anuncia-os-vencedores-da-terceira-edicao.jpg\" \/>\n\t<meta property=\"og:image:width\" content=\"1080\" \/>\n\t<meta property=\"og:image:height\" content=\"720\" \/>\n\t<meta property=\"og:image:type\" content=\"image\/jpeg\" \/>\n<meta name=\"author\" content=\"Reda\u00e7\u00e3o\" \/>\n<meta name=\"twitter:card\" content=\"summary_large_image\" \/>\n<meta name=\"twitter:creator\" content=\"@_OTimoneiro\" \/>\n<meta name=\"twitter:site\" content=\"@_OTimoneiro\" \/>\n<meta name=\"twitter:label1\" content=\"Escrito por\" \/>\n\t<meta name=\"twitter:data1\" content=\"Reda\u00e7\u00e3o\" \/>\n\t<meta name=\"twitter:label2\" content=\"Est. tempo de leitura\" \/>\n\t<meta name=\"twitter:data2\" content=\"7 minutos\" \/>\n<script type=\"application\/ld+json\" class=\"yoast-schema-graph\">{\"@context\":\"https:\/\/schema.org\",\"@graph\":[{\"@type\":\"Article\",\"@id\":\"https:\/\/jornaltimoneiro.com.br\/index.php\/2025\/09\/29\/festival-de-cinema-de-canoas-anuncia-os-vencedores-da-terceira-edicao\/#article\",\"isPartOf\":{\"@id\":\"https:\/\/jornaltimoneiro.com.br\/index.php\/2025\/09\/29\/festival-de-cinema-de-canoas-anuncia-os-vencedores-da-terceira-edicao\/\"},\"author\":{\"name\":\"Reda\u00e7\u00e3o\",\"@id\":\"https:\/\/jornaltimoneiro.com.br\/#\/schema\/person\/f63482f1a02b1a9592707865e509ab40\"},\"headline\":\"Festival de Cinema de Canoas anuncia os vencedores da terceira edi\u00e7\u00e3o\",\"datePublished\":\"2025-09-29T16:41:15+00:00\",\"dateModified\":\"2025-09-29T16:41:15+00:00\",\"mainEntityOfPage\":{\"@id\":\"https:\/\/jornaltimoneiro.com.br\/index.php\/2025\/09\/29\/festival-de-cinema-de-canoas-anuncia-os-vencedores-da-terceira-edicao\/\"},\"wordCount\":1304,\"commentCount\":0,\"publisher\":{\"@id\":\"https:\/\/jornaltimoneiro.com.br\/#organization\"},\"keywords\":[\"3\u00ba festival de cinema de canoas\",\"canoas\",\"cinema\",\"featured\",\"FECIC\",\"vencedores\"],\"articleSection\":[\"Cultura\"],\"inLanguage\":\"pt-BR\",\"potentialAction\":[{\"@type\":\"CommentAction\",\"name\":\"Comment\",\"target\":[\"https:\/\/jornaltimoneiro.com.br\/index.php\/2025\/09\/29\/festival-de-cinema-de-canoas-anuncia-os-vencedores-da-terceira-edicao\/#respond\"]}]},{\"@type\":\"WebPage\",\"@id\":\"https:\/\/jornaltimoneiro.com.br\/index.php\/2025\/09\/29\/festival-de-cinema-de-canoas-anuncia-os-vencedores-da-terceira-edicao\/\",\"url\":\"https:\/\/jornaltimoneiro.com.br\/index.php\/2025\/09\/29\/festival-de-cinema-de-canoas-anuncia-os-vencedores-da-terceira-edicao\/\",\"name\":\"Festival de Cinema de Canoas anuncia os vencedores da terceira edi\u00e7\u00e3o - O Timoneiro Jornal Canoas RS\",\"isPartOf\":{\"@id\":\"https:\/\/jornaltimoneiro.com.br\/#website\"},\"datePublished\":\"2025-09-29T16:41:15+00:00\",\"dateModified\":\"2025-09-29T16:41:15+00:00\",\"breadcrumb\":{\"@id\":\"https:\/\/jornaltimoneiro.com.br\/index.php\/2025\/09\/29\/festival-de-cinema-de-canoas-anuncia-os-vencedores-da-terceira-edicao\/#breadcrumb\"},\"inLanguage\":\"pt-BR\",\"potentialAction\":[{\"@type\":\"ReadAction\",\"target\":[\"https:\/\/jornaltimoneiro.com.br\/index.php\/2025\/09\/29\/festival-de-cinema-de-canoas-anuncia-os-vencedores-da-terceira-edicao\/\"]}]},{\"@type\":\"BreadcrumbList\",\"@id\":\"https:\/\/jornaltimoneiro.com.br\/index.php\/2025\/09\/29\/festival-de-cinema-de-canoas-anuncia-os-vencedores-da-terceira-edicao\/#breadcrumb\",\"itemListElement\":[{\"@type\":\"ListItem\",\"position\":1,\"name\":\"In\u00edcio\",\"item\":\"https:\/\/jornaltimoneiro.com.br\/\"},{\"@type\":\"ListItem\",\"position\":2,\"name\":\"Festival de Cinema de Canoas anuncia os vencedores da terceira edi\u00e7\u00e3o\"}]},{\"@type\":\"WebSite\",\"@id\":\"https:\/\/jornaltimoneiro.com.br\/#website\",\"url\":\"https:\/\/jornaltimoneiro.com.br\/\",\"name\":\"Jornal Timoneiro Canoas RS\",\"description\":\"Jornal O Timoneiro, o verdadeiro jornal de Canoas\",\"publisher\":{\"@id\":\"https:\/\/jornaltimoneiro.com.br\/#organization\"},\"potentialAction\":[{\"@type\":\"SearchAction\",\"target\":{\"@type\":\"EntryPoint\",\"urlTemplate\":\"https:\/\/jornaltimoneiro.com.br\/?s={search_term_string}\"},\"query-input\":\"required name=search_term_string\"}],\"inLanguage\":\"pt-BR\"},{\"@type\":\"Organization\",\"@id\":\"https:\/\/jornaltimoneiro.com.br\/#organization\",\"name\":\"Jornal Timoneiro Canoas RS\",\"url\":\"https:\/\/jornaltimoneiro.com.br\/\",\"logo\":{\"@type\":\"ImageObject\",\"inLanguage\":\"pt-BR\",\"@id\":\"https:\/\/jornaltimoneiro.com.br\/#\/schema\/logo\/image\/\",\"url\":\"https:\/\/jornaltimoneiro.com.br\/wp-content\/uploads\/2023\/03\/logonovo.png\",\"contentUrl\":\"https:\/\/jornaltimoneiro.com.br\/wp-content\/uploads\/2023\/03\/logonovo.png\",\"width\":\"469\",\"height\":\"171\",\"caption\":\"Jornal Timoneiro Canoas RS\"},\"image\":{\"@id\":\"https:\/\/jornaltimoneiro.com.br\/#\/schema\/logo\/image\/\"},\"sameAs\":[\"https:\/\/www.facebook.com\/jornaltimoneiro\",\"https:\/\/twitter.com\/_OTimoneiro\",\"https:\/\/www.instagram.com\/jornaltimoneirocanoas\/\",\"https:\/\/www.youtube.com\/@jornalotimoneiro7927\"]},{\"@type\":\"Person\",\"@id\":\"https:\/\/jornaltimoneiro.com.br\/#\/schema\/person\/f63482f1a02b1a9592707865e509ab40\",\"name\":\"Reda\u00e7\u00e3o\",\"image\":{\"@type\":\"ImageObject\",\"inLanguage\":\"pt-BR\",\"@id\":\"https:\/\/jornaltimoneiro.com.br\/#\/schema\/person\/image\/\",\"url\":\"https:\/\/jornaltimoneiro.com.br\/wp-content\/uploads\/2023\/03\/download.jpeg\",\"contentUrl\":\"https:\/\/jornaltimoneiro.com.br\/wp-content\/uploads\/2023\/03\/download.jpeg\",\"caption\":\"Reda\u00e7\u00e3o\"},\"url\":\"https:\/\/jornaltimoneiro.com.br\/index.php\/author\/simone-dutra\/\"}]}<\/script>\n<!-- \/ Yoast SEO plugin. -->","yoast_head_json":{"title":"Festival de Cinema de Canoas anuncia os vencedores da terceira edi\u00e7\u00e3o - O Timoneiro Jornal Canoas RS","robots":{"index":"index","follow":"follow","max-snippet":"max-snippet:-1","max-image-preview":"max-image-preview:large","max-video-preview":"max-video-preview:-1"},"canonical":"https:\/\/jornaltimoneiro.com.br\/index.php\/2025\/09\/29\/festival-de-cinema-de-canoas-anuncia-os-vencedores-da-terceira-edicao\/","og_locale":"pt_BR","og_type":"article","og_title":"Festival de Cinema de Canoas anuncia os vencedores da terceira edi\u00e7\u00e3o - O Timoneiro Jornal Canoas RS","og_description":"A terceira edi\u00e7\u00e3o do Festival de Cinema de Canoas encerrou neste domingo, 28 de setembro, com o an\u00fancio dos vencedores de 2025. A Cerim\u00f4nia de Premia\u00e7\u00e3o, que consagrou os melhores nas categorias Estudantil, Municipal, Estadual e Universit\u00e1ria, aconteceu no Teatro SESC Canoas e contou com transmiss\u00e3o ao vivo pela TV Minuano &#8211; canal 525 da [&hellip;]","og_url":"https:\/\/jornaltimoneiro.com.br\/index.php\/2025\/09\/29\/festival-de-cinema-de-canoas-anuncia-os-vencedores-da-terceira-edicao\/","og_site_name":"O Timoneiro Jornal Canoas RS","article_publisher":"https:\/\/www.facebook.com\/jornaltimoneiro","article_published_time":"2025-09-29T16:41:15+00:00","og_image":[{"width":1080,"height":720,"url":"https:\/\/jornaltimoneiro.com.br\/wp-content\/uploads\/2025\/09\/Festival-de-Cinema-de-Canoas-anuncia-os-vencedores-da-terceira-edicao.jpg","type":"image\/jpeg"}],"author":"Reda\u00e7\u00e3o","twitter_card":"summary_large_image","twitter_creator":"@_OTimoneiro","twitter_site":"@_OTimoneiro","twitter_misc":{"Escrito por":"Reda\u00e7\u00e3o","Est. tempo de leitura":"7 minutos"},"schema":{"@context":"https:\/\/schema.org","@graph":[{"@type":"Article","@id":"https:\/\/jornaltimoneiro.com.br\/index.php\/2025\/09\/29\/festival-de-cinema-de-canoas-anuncia-os-vencedores-da-terceira-edicao\/#article","isPartOf":{"@id":"https:\/\/jornaltimoneiro.com.br\/index.php\/2025\/09\/29\/festival-de-cinema-de-canoas-anuncia-os-vencedores-da-terceira-edicao\/"},"author":{"name":"Reda\u00e7\u00e3o","@id":"https:\/\/jornaltimoneiro.com.br\/#\/schema\/person\/f63482f1a02b1a9592707865e509ab40"},"headline":"Festival de Cinema de Canoas anuncia os vencedores da terceira edi\u00e7\u00e3o","datePublished":"2025-09-29T16:41:15+00:00","dateModified":"2025-09-29T16:41:15+00:00","mainEntityOfPage":{"@id":"https:\/\/jornaltimoneiro.com.br\/index.php\/2025\/09\/29\/festival-de-cinema-de-canoas-anuncia-os-vencedores-da-terceira-edicao\/"},"wordCount":1304,"commentCount":0,"publisher":{"@id":"https:\/\/jornaltimoneiro.com.br\/#organization"},"keywords":["3\u00ba festival de cinema de canoas","canoas","cinema","featured","FECIC","vencedores"],"articleSection":["Cultura"],"inLanguage":"pt-BR","potentialAction":[{"@type":"CommentAction","name":"Comment","target":["https:\/\/jornaltimoneiro.com.br\/index.php\/2025\/09\/29\/festival-de-cinema-de-canoas-anuncia-os-vencedores-da-terceira-edicao\/#respond"]}]},{"@type":"WebPage","@id":"https:\/\/jornaltimoneiro.com.br\/index.php\/2025\/09\/29\/festival-de-cinema-de-canoas-anuncia-os-vencedores-da-terceira-edicao\/","url":"https:\/\/jornaltimoneiro.com.br\/index.php\/2025\/09\/29\/festival-de-cinema-de-canoas-anuncia-os-vencedores-da-terceira-edicao\/","name":"Festival de Cinema de Canoas anuncia os vencedores da terceira edi\u00e7\u00e3o - O Timoneiro Jornal Canoas RS","isPartOf":{"@id":"https:\/\/jornaltimoneiro.com.br\/#website"},"datePublished":"2025-09-29T16:41:15+00:00","dateModified":"2025-09-29T16:41:15+00:00","breadcrumb":{"@id":"https:\/\/jornaltimoneiro.com.br\/index.php\/2025\/09\/29\/festival-de-cinema-de-canoas-anuncia-os-vencedores-da-terceira-edicao\/#breadcrumb"},"inLanguage":"pt-BR","potentialAction":[{"@type":"ReadAction","target":["https:\/\/jornaltimoneiro.com.br\/index.php\/2025\/09\/29\/festival-de-cinema-de-canoas-anuncia-os-vencedores-da-terceira-edicao\/"]}]},{"@type":"BreadcrumbList","@id":"https:\/\/jornaltimoneiro.com.br\/index.php\/2025\/09\/29\/festival-de-cinema-de-canoas-anuncia-os-vencedores-da-terceira-edicao\/#breadcrumb","itemListElement":[{"@type":"ListItem","position":1,"name":"In\u00edcio","item":"https:\/\/jornaltimoneiro.com.br\/"},{"@type":"ListItem","position":2,"name":"Festival de Cinema de Canoas anuncia os vencedores da terceira edi\u00e7\u00e3o"}]},{"@type":"WebSite","@id":"https:\/\/jornaltimoneiro.com.br\/#website","url":"https:\/\/jornaltimoneiro.com.br\/","name":"Jornal Timoneiro Canoas RS","description":"Jornal O Timoneiro, o verdadeiro jornal de Canoas","publisher":{"@id":"https:\/\/jornaltimoneiro.com.br\/#organization"},"potentialAction":[{"@type":"SearchAction","target":{"@type":"EntryPoint","urlTemplate":"https:\/\/jornaltimoneiro.com.br\/?s={search_term_string}"},"query-input":"required name=search_term_string"}],"inLanguage":"pt-BR"},{"@type":"Organization","@id":"https:\/\/jornaltimoneiro.com.br\/#organization","name":"Jornal Timoneiro Canoas RS","url":"https:\/\/jornaltimoneiro.com.br\/","logo":{"@type":"ImageObject","inLanguage":"pt-BR","@id":"https:\/\/jornaltimoneiro.com.br\/#\/schema\/logo\/image\/","url":"https:\/\/jornaltimoneiro.com.br\/wp-content\/uploads\/2023\/03\/logonovo.png","contentUrl":"https:\/\/jornaltimoneiro.com.br\/wp-content\/uploads\/2023\/03\/logonovo.png","width":"469","height":"171","caption":"Jornal Timoneiro Canoas RS"},"image":{"@id":"https:\/\/jornaltimoneiro.com.br\/#\/schema\/logo\/image\/"},"sameAs":["https:\/\/www.facebook.com\/jornaltimoneiro","https:\/\/twitter.com\/_OTimoneiro","https:\/\/www.instagram.com\/jornaltimoneirocanoas\/","https:\/\/www.youtube.com\/@jornalotimoneiro7927"]},{"@type":"Person","@id":"https:\/\/jornaltimoneiro.com.br\/#\/schema\/person\/f63482f1a02b1a9592707865e509ab40","name":"Reda\u00e7\u00e3o","image":{"@type":"ImageObject","inLanguage":"pt-BR","@id":"https:\/\/jornaltimoneiro.com.br\/#\/schema\/person\/image\/","url":"https:\/\/jornaltimoneiro.com.br\/wp-content\/uploads\/2023\/03\/download.jpeg","contentUrl":"https:\/\/jornaltimoneiro.com.br\/wp-content\/uploads\/2023\/03\/download.jpeg","caption":"Reda\u00e7\u00e3o"},"url":"https:\/\/jornaltimoneiro.com.br\/index.php\/author\/simone-dutra\/"}]}},"_links":{"self":[{"href":"https:\/\/jornaltimoneiro.com.br\/index.php\/wp-json\/wp\/v2\/posts\/36978"}],"collection":[{"href":"https:\/\/jornaltimoneiro.com.br\/index.php\/wp-json\/wp\/v2\/posts"}],"about":[{"href":"https:\/\/jornaltimoneiro.com.br\/index.php\/wp-json\/wp\/v2\/types\/post"}],"author":[{"embeddable":true,"href":"https:\/\/jornaltimoneiro.com.br\/index.php\/wp-json\/wp\/v2\/users\/2"}],"replies":[{"embeddable":true,"href":"https:\/\/jornaltimoneiro.com.br\/index.php\/wp-json\/wp\/v2\/comments?post=36978"}],"version-history":[{"count":1,"href":"https:\/\/jornaltimoneiro.com.br\/index.php\/wp-json\/wp\/v2\/posts\/36978\/revisions"}],"predecessor-version":[{"id":36980,"href":"https:\/\/jornaltimoneiro.com.br\/index.php\/wp-json\/wp\/v2\/posts\/36978\/revisions\/36980"}],"wp:featuredmedia":[{"embeddable":true,"href":"https:\/\/jornaltimoneiro.com.br\/index.php\/wp-json\/wp\/v2\/media\/36979"}],"wp:attachment":[{"href":"https:\/\/jornaltimoneiro.com.br\/index.php\/wp-json\/wp\/v2\/media?parent=36978"}],"wp:term":[{"taxonomy":"category","embeddable":true,"href":"https:\/\/jornaltimoneiro.com.br\/index.php\/wp-json\/wp\/v2\/categories?post=36978"},{"taxonomy":"post_tag","embeddable":true,"href":"https:\/\/jornaltimoneiro.com.br\/index.php\/wp-json\/wp\/v2\/tags?post=36978"}],"curies":[{"name":"wp","href":"https:\/\/api.w.org\/{rel}","templated":true}]}}