{"id":36798,"date":"2025-09-12T15:31:12","date_gmt":"2025-09-12T18:31:12","guid":{"rendered":"https:\/\/jornaltimoneiro.com.br\/?p=36798"},"modified":"2025-09-12T15:31:31","modified_gmt":"2025-09-12T18:31:31","slug":"23-das-criancas-e-adolescentes-dizem-ter-sofrido-violencia-sexual-na-internet","status":"publish","type":"post","link":"https:\/\/jornaltimoneiro.com.br\/index.php\/2025\/09\/12\/23-das-criancas-e-adolescentes-dizem-ter-sofrido-violencia-sexual-na-internet\/","title":{"rendered":"23% das crian\u00e7as e adolescentes dizem ter sofrido viol\u00eancia sexual na internet"},"content":{"rendered":"<p>O Governo do Brasil apresentou o resumo executivo da etapa de pesquisa do projeto\u00a0<em>Diagn\u00f3stico da Viol\u00eancia Sexual Online \u2013 Crian\u00e7as e Adolescentes.\u00a0<\/em>Produzido em parceria do Minist\u00e9rio dos Direitos Humanos e Cidadania com a\u00a0Programa das Na\u00e7\u00f5es Unidas para o Desenvolvimento (PNUD), o estudo revela que\u00a023% das crian\u00e7as e adolescentes entrevistados sofreram algum tipo de viol\u00eancia sexual online, entre 2022 e 2023.<\/p>\n<p>O Diagn\u00f3stico registra ainda que 76% das\u00a0crian\u00e7as e adolescentes que s\u00e3o vitimizadas com esse tipo de viol\u00eancia s\u00e3o meninas. A ampla maioria dos predadores, 87%, ainda segundo o estudo, \u00e9 composta por homens.<\/p>\n<p>A propor\u00e7\u00e3o de crian\u00e7as e adolescentes que afirmam ter sofrido algum tipo de ataque sexual na internet pode ser menor que o que de fato ocorre. Essa hip\u00f3tese \u00e9 refor\u00e7ada por outro dado trazido pelo diagn\u00f3stico:\u00a065% dos participantes de pesquisa internacional afirmam que,\u00a0quando eram menores de idade e conversaram com adultos desconhecidos, experimentaram solicita\u00e7\u00e3o sexual por parte desses \u00faltimos.<\/p>\n<p>Isso faz supor que falar de tal experi\u00eancia \u00e9 mais f\u00e1cil quando a v\u00edtima atingiu a idade adulta, da\u00ed a maior percentagem de casos relatados.<\/p>\n<p>Outro sinal de que crian\u00e7as e adolescentes podem ocultar eventos de agress\u00e3o sexual na internet \u00e9 que a maior parte das den\u00fancias desse tipo de viola\u00e7\u00e3o s\u00e3o realizadas por terceiros (93,9%).<\/p>\n<h4><strong>Novas e melhores leis<\/strong><\/h4>\n<p>O estudo n\u00e3o pretende apenas revelar o quadro das viol\u00eancias sexuais praticadas na internet, mas tamb\u00e9m propor ferramentas para o enfrentamento e um guia de boas pr\u00e1ticas.<\/p>\n<p>Uma das conclus\u00f5es do estudo aponta o \u00f3bvio: \u00e9 preciso construir e aprovar legalmente legisla\u00e7\u00e3o que regulamente as plataformas digitais e o uso delas.<\/p>\n<p>O relat\u00f3rio preconiza a necessidade de &#8220;visibilizar, no sistema jur\u00eddico brasileiro, a responsabiliza\u00e7\u00e3o para provedores de servi\u00e7os de internet, plataformas e afins, incluindo sobre a obrigatoriedade de den\u00fancias, detec\u00e7\u00e3o e exclus\u00e3o de\u00a0conte\u00fados&#8221;.<\/p>\n<p>Outro dado do relat\u00f3rio aponta um conjunto de 16 iniciativas nacionais de \u00e2mbito federal correlacionadas \u00e0 viol\u00eancia sexual online contra crian\u00e7as e adolescentes. Por outro lado, segundo o documento, &#8220;nos 26 estados e DF, n\u00e3o foram identificadas iniciativas estruturadas e visibilizadas sobre o tema&#8221;.<\/p>\n<p>Ainda segundo o Diagn\u00f3stico produzido pelo MDHC e a PNUD, &#8220;as principais dificuldades para o enfrentamento \u00e0 problem\u00e1tica seriam a falta de regula\u00e7\u00e3o e monitoramento efetivo das plataformas digitais e conte\u00fados hospedados, as condi\u00e7\u00f5es socioecon\u00f4micas da popula\u00e7\u00e3o, apontadas como fatores de risco\u00a0\u00e0 produ\u00e7\u00e3o e compartilhamento de imagens abusivas e o d\u00e9ficit de letramento digital das fam\u00edlias para acompanhamento de crian\u00e7as e adolescentes e delas pr\u00f3prias para a sua autoprote\u00e7\u00e3o&#8221;.<\/p>\n<p>A base de dados da pesquisa inclui, entre as fontes, relat\u00f3rio do Disque 100, coordenado pelo MDHC. Entre\u00a0 2022 e 2023,o Disque 100 registrou 6.364 den\u00fancias relacionadas a viol\u00eancia sexual online contra crian\u00e7as e adolescentes.<\/p>\n<p>A iniciativa do MDHC tem o objetivo de avaliar a atua\u00e7\u00e3o do Brasil no enfrentamento da viol\u00eancia sexual em ambientes digitais, envolvendo sociedade civil, Uni\u00e3o, estados, munic\u00edpios e Distrito Federal. Outra prioridade \u00e9 promover a\u00e7\u00f5es de engajamento e capacita\u00e7\u00e3o de organiza\u00e7\u00f5es governamentais e n\u00e3o-governamentais nessa pauta.<\/p>\n<p>O estudo busca contribuir para o fortalecimento de pol\u00edticas p\u00fablicas e iniciativas privadas voltadas \u00e0 prote\u00e7\u00e3o integral de crian\u00e7as e adolescentes na internet. O diagn\u00f3stico mostra que, apesar dos avan\u00e7os no marco legal e nas a\u00e7\u00f5es de preven\u00e7\u00e3o, o Brasil ainda enfrenta graves desafios para proteger esse p\u00fablico no ambiente digital. Segundo o documento, a viol\u00eancia sexual online apresenta caracter\u00edsticas pr\u00f3prias que exigem novos marcos regulat\u00f3rios, respostas tecnol\u00f3gicas e estrat\u00e9gias de acolhimento espec\u00edficas.<\/p>\n<p>Entre os avan\u00e7os mapeados, o levantamento destaca o papel da sociedade civil na preven\u00e7\u00e3o e mobiliza\u00e7\u00e3o social. Ressalta, ainda, que em todos os setores \u00e9 necess\u00e1ria atua\u00e7\u00e3o mais colaborativa.<\/p>\n<h4>A an\u00e1lise identificou lacunas a partir de seis dom\u00ednios:<\/h4>\n<ul>\n<li><strong>Pol\u00edticas p\u00fablicas e governan\u00e7a\u00a0<\/strong>: com foco em prote\u00e7\u00e3o, repara\u00e7\u00e3o e\/ou interven\u00e7\u00e3o frente \u00e0 viol\u00eancia sexual online.<\/li>\n<li><strong>Justi\u00e7a criminal\u00a0<\/strong>: re\u00fane experi\u00eancias voltadas ao sistema de justi\u00e7a, incluindo acolhimento de den\u00fancias, investiga\u00e7\u00f5es, responsabiliza\u00e7\u00e3o de autores e apoio \u00e0s v\u00edtimas e suas fam\u00edlias.<\/li>\n<li><strong>Prioriza\u00e7\u00e3o da v\u00edtima\u00a0<\/strong>: com foco em a\u00e7\u00f5es centradas no cuidado e prote\u00e7\u00e3o de crian\u00e7as e adolescentes v\u00edtimas, bem como de seus familiares.<\/li>\n<li><strong>Responsabilidade da sociedade\u00a0<\/strong>: inclui experi\u00eancias promovidas por organiza\u00e7\u00f5es da sociedade civil que contribuem para o enfrentamento da viol\u00eancia sexual online.<\/li>\n<li><strong>Responsabilidade do mundo corporativo\u00a0<\/strong>: pr\u00e1ticas desenvolvidas por empresas e institui\u00e7\u00f5es do setor privado no \u00e2mbito da responsabilidade social empresarial.<\/li>\n<li><strong>Atua\u00e7\u00e3o da m\u00eddia e comunica\u00e7\u00e3o\u00a0<\/strong>: estrat\u00e9gias midi\u00e1ticas e comunicacionais comprometidas com a \u00e9tica e os direitos da inf\u00e2ncia e adolesc\u00eancia.<\/li>\n<\/ul>\n<h4><strong>Parcerias<\/strong><\/h4>\n<p>O projeto \u00e9 coordenado pelo Minist\u00e9rio dos Direitos Humanos e da Cidadania (MDHC), por meio da Secretaria Nacional dos Direitos da Crian\u00e7a e do Adolescente (SNDCA), em parceria com o Programa das Na\u00e7\u00f5es Unidas para o Desenvolvimento (PNUD) e execu\u00e7\u00e3o da Funda\u00e7\u00e3o Norte-Rio-Grandense de Pesquisa e Cultura (FUNPEC).<\/p>\n<p>A iniciativa integra o Projeto PNUD BRA\/18\/024 \u2013 \u201cFortalecimento da garantia do direito \u00e0 vida e da redu\u00e7\u00e3o da viol\u00eancia contra crian\u00e7as e adolescentes no Brasil\u201d e foi conduzido pelo Observat\u00f3rio da Popula\u00e7\u00e3o Infantojuvenil em Contextos de Viol\u00eancia da Universidade Federal do Rio Grande do Norte (OBIJUV\/UFRN).<\/p>\n<p>A coordenadora-geral de Enfrentamento \u00e0s Viol\u00eancias da SNDCA, C\u00e9lia Nahas, explicou que o estudo n\u00e3o se limita a mapear a viol\u00eancia sexual, mas ajuda a ampliar o olhar para outras viola\u00e7\u00f5es no ambiente digital. \u201c\u00c9 preciso compreender que a internet, al\u00e9m de espa\u00e7o de oportunidades, tamb\u00e9m pode ser um territ\u00f3rio de riscos. Crian\u00e7as e adolescentes enfrentam situa\u00e7\u00f5es de explora\u00e7\u00e3o, aliciamento, trabalho infantil e at\u00e9 incentivo \u00e0 automutila\u00e7\u00e3o\u201d, avaliou.<\/p>\n<h4><strong>Banco de Boas Pr\u00e1ticas<\/strong><\/h4>\n<p>Tamb\u00e9m foi apresentado o Banco de Boas Pr\u00e1ticas, plataforma que re\u00fane experi\u00eancias bem-sucedidas no enfrentamento \u00e0 viol\u00eancia sexual online, selecionadas com base em crit\u00e9rios como efetividade, impacto, inova\u00e7\u00e3o e alinhamento com tratados internacionais de direitos humanos. O objetivo \u00e9 compartilhar conhecimentos e fortalecer a\u00e7\u00f5es para proteger crian\u00e7as e adolescentes nesse contexto.<\/p>\n<p>Iniciativa conjunta da SNDCA, do PNUD e do OBIJUV\/UFRN, a agenda foi promovida em conjunto pelo Conselho Nacional dos Direitos da Crian\u00e7a e do Adolescente (Conanda), pela Comiss\u00e3o Intersetorial de Enfrentamento \u00e0 Viol\u00eancia Sexual contra Crian\u00e7as e Adolescentes (CIEVSCA) e pelo Comit\u00ea Interministerial de Prote\u00e7\u00e3o \u00e0s Crian\u00e7as e Adolescentes no Ambiente Digital.<\/p>\n<p>Fonte: Ag\u00eancia Brasil<\/p>\n","protected":false},"excerpt":{"rendered":"<p>O Governo do Brasil apresentou o resumo executivo da etapa de pesquisa do projeto\u00a0Diagn\u00f3stico da Viol\u00eancia Sexual Online \u2013 Crian\u00e7as e Adolescentes.\u00a0Produzido em parceria do Minist\u00e9rio dos Direitos Humanos e Cidadania com a\u00a0Programa das Na\u00e7\u00f5es Unidas para o Desenvolvimento (PNUD), o estudo revela que\u00a023% das crian\u00e7as e adolescentes entrevistados sofreram algum tipo de viol\u00eancia sexual [&hellip;]<\/p>\n","protected":false},"author":2,"featured_media":36799,"comment_status":"open","ping_status":"open","sticky":false,"template":"","format":"standard","meta":{"amp_status":"","footnotes":""},"categories":[23],"tags":[204,4033,225,203,971,2332,643,4741],"class_list":["post-36798","post","type-post","status-publish","format-standard","has-post-thumbnail","hentry","category-geral","tag-adolescentes","tag-assedio","tag-brasil","tag-criancas","tag-estudo","tag-internet","tag-pesquisa","tag-veiolencia-sexual"],"yoast_head":"<!-- This site is optimized with the Yoast SEO plugin v20.5 - https:\/\/yoast.com\/wordpress\/plugins\/seo\/ -->\n<title>23% das crian\u00e7as e adolescentes dizem ter sofrido viol\u00eancia sexual na internet - O Timoneiro Jornal Canoas RS<\/title>\n<meta name=\"robots\" content=\"index, follow, max-snippet:-1, max-image-preview:large, max-video-preview:-1\" \/>\n<link rel=\"canonical\" href=\"https:\/\/jornaltimoneiro.com.br\/index.php\/2025\/09\/12\/23-das-criancas-e-adolescentes-dizem-ter-sofrido-violencia-sexual-na-internet\/\" \/>\n<meta property=\"og:locale\" content=\"pt_BR\" \/>\n<meta property=\"og:type\" content=\"article\" \/>\n<meta property=\"og:title\" content=\"23% das crian\u00e7as e adolescentes dizem ter sofrido viol\u00eancia sexual na internet - O Timoneiro Jornal Canoas RS\" \/>\n<meta property=\"og:description\" content=\"O Governo do Brasil apresentou o resumo executivo da etapa de pesquisa do projeto\u00a0Diagn\u00f3stico da Viol\u00eancia Sexual Online \u2013 Crian\u00e7as e Adolescentes.\u00a0Produzido em parceria do Minist\u00e9rio dos Direitos Humanos e Cidadania com a\u00a0Programa das Na\u00e7\u00f5es Unidas para o Desenvolvimento (PNUD), o estudo revela que\u00a023% das crian\u00e7as e adolescentes entrevistados sofreram algum tipo de viol\u00eancia sexual [&hellip;]\" \/>\n<meta property=\"og:url\" content=\"https:\/\/jornaltimoneiro.com.br\/index.php\/2025\/09\/12\/23-das-criancas-e-adolescentes-dizem-ter-sofrido-violencia-sexual-na-internet\/\" \/>\n<meta property=\"og:site_name\" content=\"O Timoneiro Jornal Canoas RS\" \/>\n<meta property=\"article:publisher\" content=\"https:\/\/www.facebook.com\/jornaltimoneiro\" \/>\n<meta property=\"article:published_time\" content=\"2025-09-12T18:31:12+00:00\" \/>\n<meta property=\"article:modified_time\" content=\"2025-09-12T18:31:31+00:00\" \/>\n<meta property=\"og:image\" content=\"https:\/\/jornaltimoneiro.com.br\/wp-content\/uploads\/2025\/09\/23-das-criancas-e-adolescentes-dizem-ter-sofrido-violencia-sexual-na-internet.jpeg\" \/>\n\t<meta property=\"og:image:width\" content=\"768\" \/>\n\t<meta property=\"og:image:height\" content=\"459\" \/>\n\t<meta property=\"og:image:type\" content=\"image\/jpeg\" \/>\n<meta name=\"author\" content=\"Reda\u00e7\u00e3o\" \/>\n<meta name=\"twitter:card\" content=\"summary_large_image\" \/>\n<meta name=\"twitter:creator\" content=\"@_OTimoneiro\" \/>\n<meta name=\"twitter:site\" content=\"@_OTimoneiro\" \/>\n<meta name=\"twitter:label1\" content=\"Escrito por\" \/>\n\t<meta name=\"twitter:data1\" content=\"Reda\u00e7\u00e3o\" \/>\n\t<meta name=\"twitter:label2\" content=\"Est. tempo de leitura\" \/>\n\t<meta name=\"twitter:data2\" content=\"6 minutos\" \/>\n<script type=\"application\/ld+json\" class=\"yoast-schema-graph\">{\"@context\":\"https:\/\/schema.org\",\"@graph\":[{\"@type\":\"Article\",\"@id\":\"https:\/\/jornaltimoneiro.com.br\/index.php\/2025\/09\/12\/23-das-criancas-e-adolescentes-dizem-ter-sofrido-violencia-sexual-na-internet\/#article\",\"isPartOf\":{\"@id\":\"https:\/\/jornaltimoneiro.com.br\/index.php\/2025\/09\/12\/23-das-criancas-e-adolescentes-dizem-ter-sofrido-violencia-sexual-na-internet\/\"},\"author\":{\"name\":\"Reda\u00e7\u00e3o\",\"@id\":\"https:\/\/jornaltimoneiro.com.br\/#\/schema\/person\/f63482f1a02b1a9592707865e509ab40\"},\"headline\":\"23% das crian\u00e7as e adolescentes dizem ter sofrido viol\u00eancia sexual na internet\",\"datePublished\":\"2025-09-12T18:31:12+00:00\",\"dateModified\":\"2025-09-12T18:31:31+00:00\",\"mainEntityOfPage\":{\"@id\":\"https:\/\/jornaltimoneiro.com.br\/index.php\/2025\/09\/12\/23-das-criancas-e-adolescentes-dizem-ter-sofrido-violencia-sexual-na-internet\/\"},\"wordCount\":1153,\"commentCount\":0,\"publisher\":{\"@id\":\"https:\/\/jornaltimoneiro.com.br\/#organization\"},\"keywords\":[\"adolescentes\",\"ass\u00e9dio\",\"Brasil\",\"crian\u00e7as\",\"estudo\",\"internet\",\"pesquisa\",\"veiol\u00eancia sexual\"],\"articleSection\":[\"Geral\"],\"inLanguage\":\"pt-BR\",\"potentialAction\":[{\"@type\":\"CommentAction\",\"name\":\"Comment\",\"target\":[\"https:\/\/jornaltimoneiro.com.br\/index.php\/2025\/09\/12\/23-das-criancas-e-adolescentes-dizem-ter-sofrido-violencia-sexual-na-internet\/#respond\"]}]},{\"@type\":\"WebPage\",\"@id\":\"https:\/\/jornaltimoneiro.com.br\/index.php\/2025\/09\/12\/23-das-criancas-e-adolescentes-dizem-ter-sofrido-violencia-sexual-na-internet\/\",\"url\":\"https:\/\/jornaltimoneiro.com.br\/index.php\/2025\/09\/12\/23-das-criancas-e-adolescentes-dizem-ter-sofrido-violencia-sexual-na-internet\/\",\"name\":\"23% das crian\u00e7as e adolescentes dizem ter sofrido viol\u00eancia sexual na internet - O Timoneiro Jornal Canoas RS\",\"isPartOf\":{\"@id\":\"https:\/\/jornaltimoneiro.com.br\/#website\"},\"datePublished\":\"2025-09-12T18:31:12+00:00\",\"dateModified\":\"2025-09-12T18:31:31+00:00\",\"breadcrumb\":{\"@id\":\"https:\/\/jornaltimoneiro.com.br\/index.php\/2025\/09\/12\/23-das-criancas-e-adolescentes-dizem-ter-sofrido-violencia-sexual-na-internet\/#breadcrumb\"},\"inLanguage\":\"pt-BR\",\"potentialAction\":[{\"@type\":\"ReadAction\",\"target\":[\"https:\/\/jornaltimoneiro.com.br\/index.php\/2025\/09\/12\/23-das-criancas-e-adolescentes-dizem-ter-sofrido-violencia-sexual-na-internet\/\"]}]},{\"@type\":\"BreadcrumbList\",\"@id\":\"https:\/\/jornaltimoneiro.com.br\/index.php\/2025\/09\/12\/23-das-criancas-e-adolescentes-dizem-ter-sofrido-violencia-sexual-na-internet\/#breadcrumb\",\"itemListElement\":[{\"@type\":\"ListItem\",\"position\":1,\"name\":\"In\u00edcio\",\"item\":\"https:\/\/jornaltimoneiro.com.br\/\"},{\"@type\":\"ListItem\",\"position\":2,\"name\":\"23% das crian\u00e7as e adolescentes dizem ter sofrido viol\u00eancia sexual na internet\"}]},{\"@type\":\"WebSite\",\"@id\":\"https:\/\/jornaltimoneiro.com.br\/#website\",\"url\":\"https:\/\/jornaltimoneiro.com.br\/\",\"name\":\"Jornal Timoneiro Canoas RS\",\"description\":\"Jornal O Timoneiro, o verdadeiro jornal de Canoas\",\"publisher\":{\"@id\":\"https:\/\/jornaltimoneiro.com.br\/#organization\"},\"potentialAction\":[{\"@type\":\"SearchAction\",\"target\":{\"@type\":\"EntryPoint\",\"urlTemplate\":\"https:\/\/jornaltimoneiro.com.br\/?s={search_term_string}\"},\"query-input\":\"required name=search_term_string\"}],\"inLanguage\":\"pt-BR\"},{\"@type\":\"Organization\",\"@id\":\"https:\/\/jornaltimoneiro.com.br\/#organization\",\"name\":\"Jornal Timoneiro Canoas RS\",\"url\":\"https:\/\/jornaltimoneiro.com.br\/\",\"logo\":{\"@type\":\"ImageObject\",\"inLanguage\":\"pt-BR\",\"@id\":\"https:\/\/jornaltimoneiro.com.br\/#\/schema\/logo\/image\/\",\"url\":\"https:\/\/jornaltimoneiro.com.br\/wp-content\/uploads\/2023\/03\/logonovo.png\",\"contentUrl\":\"https:\/\/jornaltimoneiro.com.br\/wp-content\/uploads\/2023\/03\/logonovo.png\",\"width\":\"469\",\"height\":\"171\",\"caption\":\"Jornal Timoneiro Canoas RS\"},\"image\":{\"@id\":\"https:\/\/jornaltimoneiro.com.br\/#\/schema\/logo\/image\/\"},\"sameAs\":[\"https:\/\/www.facebook.com\/jornaltimoneiro\",\"https:\/\/twitter.com\/_OTimoneiro\",\"https:\/\/www.instagram.com\/jornaltimoneirocanoas\/\",\"https:\/\/www.youtube.com\/@jornalotimoneiro7927\"]},{\"@type\":\"Person\",\"@id\":\"https:\/\/jornaltimoneiro.com.br\/#\/schema\/person\/f63482f1a02b1a9592707865e509ab40\",\"name\":\"Reda\u00e7\u00e3o\",\"image\":{\"@type\":\"ImageObject\",\"inLanguage\":\"pt-BR\",\"@id\":\"https:\/\/jornaltimoneiro.com.br\/#\/schema\/person\/image\/\",\"url\":\"https:\/\/jornaltimoneiro.com.br\/wp-content\/uploads\/2023\/03\/download.jpeg\",\"contentUrl\":\"https:\/\/jornaltimoneiro.com.br\/wp-content\/uploads\/2023\/03\/download.jpeg\",\"caption\":\"Reda\u00e7\u00e3o\"},\"url\":\"https:\/\/jornaltimoneiro.com.br\/index.php\/author\/simone-dutra\/\"}]}<\/script>\n<!-- \/ Yoast SEO plugin. -->","yoast_head_json":{"title":"23% das crian\u00e7as e adolescentes dizem ter sofrido viol\u00eancia sexual na internet - O Timoneiro Jornal Canoas RS","robots":{"index":"index","follow":"follow","max-snippet":"max-snippet:-1","max-image-preview":"max-image-preview:large","max-video-preview":"max-video-preview:-1"},"canonical":"https:\/\/jornaltimoneiro.com.br\/index.php\/2025\/09\/12\/23-das-criancas-e-adolescentes-dizem-ter-sofrido-violencia-sexual-na-internet\/","og_locale":"pt_BR","og_type":"article","og_title":"23% das crian\u00e7as e adolescentes dizem ter sofrido viol\u00eancia sexual na internet - O Timoneiro Jornal Canoas RS","og_description":"O Governo do Brasil apresentou o resumo executivo da etapa de pesquisa do projeto\u00a0Diagn\u00f3stico da Viol\u00eancia Sexual Online \u2013 Crian\u00e7as e Adolescentes.\u00a0Produzido em parceria do Minist\u00e9rio dos Direitos Humanos e Cidadania com a\u00a0Programa das Na\u00e7\u00f5es Unidas para o Desenvolvimento (PNUD), o estudo revela que\u00a023% das crian\u00e7as e adolescentes entrevistados sofreram algum tipo de viol\u00eancia sexual [&hellip;]","og_url":"https:\/\/jornaltimoneiro.com.br\/index.php\/2025\/09\/12\/23-das-criancas-e-adolescentes-dizem-ter-sofrido-violencia-sexual-na-internet\/","og_site_name":"O Timoneiro Jornal Canoas RS","article_publisher":"https:\/\/www.facebook.com\/jornaltimoneiro","article_published_time":"2025-09-12T18:31:12+00:00","article_modified_time":"2025-09-12T18:31:31+00:00","og_image":[{"width":"768","height":"459","url":"https:\/\/jornaltimoneiro.com.br\/wp-content\/uploads\/2025\/09\/23-das-criancas-e-adolescentes-dizem-ter-sofrido-violencia-sexual-na-internet.jpeg","type":"image\/jpeg"}],"author":"Reda\u00e7\u00e3o","twitter_card":"summary_large_image","twitter_creator":"@_OTimoneiro","twitter_site":"@_OTimoneiro","twitter_misc":{"Escrito por":"Reda\u00e7\u00e3o","Est. tempo de leitura":"6 minutos"},"schema":{"@context":"https:\/\/schema.org","@graph":[{"@type":"Article","@id":"https:\/\/jornaltimoneiro.com.br\/index.php\/2025\/09\/12\/23-das-criancas-e-adolescentes-dizem-ter-sofrido-violencia-sexual-na-internet\/#article","isPartOf":{"@id":"https:\/\/jornaltimoneiro.com.br\/index.php\/2025\/09\/12\/23-das-criancas-e-adolescentes-dizem-ter-sofrido-violencia-sexual-na-internet\/"},"author":{"name":"Reda\u00e7\u00e3o","@id":"https:\/\/jornaltimoneiro.com.br\/#\/schema\/person\/f63482f1a02b1a9592707865e509ab40"},"headline":"23% das crian\u00e7as e adolescentes dizem ter sofrido viol\u00eancia sexual na internet","datePublished":"2025-09-12T18:31:12+00:00","dateModified":"2025-09-12T18:31:31+00:00","mainEntityOfPage":{"@id":"https:\/\/jornaltimoneiro.com.br\/index.php\/2025\/09\/12\/23-das-criancas-e-adolescentes-dizem-ter-sofrido-violencia-sexual-na-internet\/"},"wordCount":1153,"commentCount":0,"publisher":{"@id":"https:\/\/jornaltimoneiro.com.br\/#organization"},"keywords":["adolescentes","ass\u00e9dio","Brasil","crian\u00e7as","estudo","internet","pesquisa","veiol\u00eancia sexual"],"articleSection":["Geral"],"inLanguage":"pt-BR","potentialAction":[{"@type":"CommentAction","name":"Comment","target":["https:\/\/jornaltimoneiro.com.br\/index.php\/2025\/09\/12\/23-das-criancas-e-adolescentes-dizem-ter-sofrido-violencia-sexual-na-internet\/#respond"]}]},{"@type":"WebPage","@id":"https:\/\/jornaltimoneiro.com.br\/index.php\/2025\/09\/12\/23-das-criancas-e-adolescentes-dizem-ter-sofrido-violencia-sexual-na-internet\/","url":"https:\/\/jornaltimoneiro.com.br\/index.php\/2025\/09\/12\/23-das-criancas-e-adolescentes-dizem-ter-sofrido-violencia-sexual-na-internet\/","name":"23% das crian\u00e7as e adolescentes dizem ter sofrido viol\u00eancia sexual na internet - O Timoneiro Jornal Canoas RS","isPartOf":{"@id":"https:\/\/jornaltimoneiro.com.br\/#website"},"datePublished":"2025-09-12T18:31:12+00:00","dateModified":"2025-09-12T18:31:31+00:00","breadcrumb":{"@id":"https:\/\/jornaltimoneiro.com.br\/index.php\/2025\/09\/12\/23-das-criancas-e-adolescentes-dizem-ter-sofrido-violencia-sexual-na-internet\/#breadcrumb"},"inLanguage":"pt-BR","potentialAction":[{"@type":"ReadAction","target":["https:\/\/jornaltimoneiro.com.br\/index.php\/2025\/09\/12\/23-das-criancas-e-adolescentes-dizem-ter-sofrido-violencia-sexual-na-internet\/"]}]},{"@type":"BreadcrumbList","@id":"https:\/\/jornaltimoneiro.com.br\/index.php\/2025\/09\/12\/23-das-criancas-e-adolescentes-dizem-ter-sofrido-violencia-sexual-na-internet\/#breadcrumb","itemListElement":[{"@type":"ListItem","position":1,"name":"In\u00edcio","item":"https:\/\/jornaltimoneiro.com.br\/"},{"@type":"ListItem","position":2,"name":"23% das crian\u00e7as e adolescentes dizem ter sofrido viol\u00eancia sexual na internet"}]},{"@type":"WebSite","@id":"https:\/\/jornaltimoneiro.com.br\/#website","url":"https:\/\/jornaltimoneiro.com.br\/","name":"Jornal Timoneiro Canoas RS","description":"Jornal O Timoneiro, o verdadeiro jornal de Canoas","publisher":{"@id":"https:\/\/jornaltimoneiro.com.br\/#organization"},"potentialAction":[{"@type":"SearchAction","target":{"@type":"EntryPoint","urlTemplate":"https:\/\/jornaltimoneiro.com.br\/?s={search_term_string}"},"query-input":"required name=search_term_string"}],"inLanguage":"pt-BR"},{"@type":"Organization","@id":"https:\/\/jornaltimoneiro.com.br\/#organization","name":"Jornal Timoneiro Canoas RS","url":"https:\/\/jornaltimoneiro.com.br\/","logo":{"@type":"ImageObject","inLanguage":"pt-BR","@id":"https:\/\/jornaltimoneiro.com.br\/#\/schema\/logo\/image\/","url":"https:\/\/jornaltimoneiro.com.br\/wp-content\/uploads\/2023\/03\/logonovo.png","contentUrl":"https:\/\/jornaltimoneiro.com.br\/wp-content\/uploads\/2023\/03\/logonovo.png","width":"469","height":"171","caption":"Jornal Timoneiro Canoas RS"},"image":{"@id":"https:\/\/jornaltimoneiro.com.br\/#\/schema\/logo\/image\/"},"sameAs":["https:\/\/www.facebook.com\/jornaltimoneiro","https:\/\/twitter.com\/_OTimoneiro","https:\/\/www.instagram.com\/jornaltimoneirocanoas\/","https:\/\/www.youtube.com\/@jornalotimoneiro7927"]},{"@type":"Person","@id":"https:\/\/jornaltimoneiro.com.br\/#\/schema\/person\/f63482f1a02b1a9592707865e509ab40","name":"Reda\u00e7\u00e3o","image":{"@type":"ImageObject","inLanguage":"pt-BR","@id":"https:\/\/jornaltimoneiro.com.br\/#\/schema\/person\/image\/","url":"https:\/\/jornaltimoneiro.com.br\/wp-content\/uploads\/2023\/03\/download.jpeg","contentUrl":"https:\/\/jornaltimoneiro.com.br\/wp-content\/uploads\/2023\/03\/download.jpeg","caption":"Reda\u00e7\u00e3o"},"url":"https:\/\/jornaltimoneiro.com.br\/index.php\/author\/simone-dutra\/"}]}},"_links":{"self":[{"href":"https:\/\/jornaltimoneiro.com.br\/index.php\/wp-json\/wp\/v2\/posts\/36798"}],"collection":[{"href":"https:\/\/jornaltimoneiro.com.br\/index.php\/wp-json\/wp\/v2\/posts"}],"about":[{"href":"https:\/\/jornaltimoneiro.com.br\/index.php\/wp-json\/wp\/v2\/types\/post"}],"author":[{"embeddable":true,"href":"https:\/\/jornaltimoneiro.com.br\/index.php\/wp-json\/wp\/v2\/users\/2"}],"replies":[{"embeddable":true,"href":"https:\/\/jornaltimoneiro.com.br\/index.php\/wp-json\/wp\/v2\/comments?post=36798"}],"version-history":[{"count":1,"href":"https:\/\/jornaltimoneiro.com.br\/index.php\/wp-json\/wp\/v2\/posts\/36798\/revisions"}],"predecessor-version":[{"id":36800,"href":"https:\/\/jornaltimoneiro.com.br\/index.php\/wp-json\/wp\/v2\/posts\/36798\/revisions\/36800"}],"wp:featuredmedia":[{"embeddable":true,"href":"https:\/\/jornaltimoneiro.com.br\/index.php\/wp-json\/wp\/v2\/media\/36799"}],"wp:attachment":[{"href":"https:\/\/jornaltimoneiro.com.br\/index.php\/wp-json\/wp\/v2\/media?parent=36798"}],"wp:term":[{"taxonomy":"category","embeddable":true,"href":"https:\/\/jornaltimoneiro.com.br\/index.php\/wp-json\/wp\/v2\/categories?post=36798"},{"taxonomy":"post_tag","embeddable":true,"href":"https:\/\/jornaltimoneiro.com.br\/index.php\/wp-json\/wp\/v2\/tags?post=36798"}],"curies":[{"name":"wp","href":"https:\/\/api.w.org\/{rel}","templated":true}]}}