{"id":36746,"date":"2025-09-10T15:21:05","date_gmt":"2025-09-10T18:21:05","guid":{"rendered":"https:\/\/jornaltimoneiro.com.br\/?p=36746"},"modified":"2025-09-10T15:21:05","modified_gmt":"2025-09-10T18:21:05","slug":"nova-santa-rita-inicia-operacao-do-primeiro-contrato-licitado-de-transporte-publico-em-33-anos","status":"publish","type":"post","link":"https:\/\/jornaltimoneiro.com.br\/index.php\/2025\/09\/10\/nova-santa-rita-inicia-operacao-do-primeiro-contrato-licitado-de-transporte-publico-em-33-anos\/","title":{"rendered":"Nova Santa Rita inicia opera\u00e7\u00e3o do primeiro contrato licitado de transporte p\u00fablico em 33 anos"},"content":{"rendered":"<p data-start=\"190\" data-end=\"565\">A Prefeitura de Nova Santa Rita deu in\u00edcio, nesta quarta-feira, 10, \u00e0 opera\u00e7\u00e3o oficial do novo sistema de transporte p\u00fablico municipal, resultante da primeira licita\u00e7\u00e3o realizada desde a emancipa\u00e7\u00e3o da cidade, h\u00e1 33 anos. O contrato com a empresa vencedora, Via\u00e7\u00e3o F\u00e1tima, entrou em vigor no dia anterior, ter\u00e7a-feira, 9, com os primeiros ve\u00edculos j\u00e1 em circula\u00e7\u00e3o.<\/p>\n<p data-start=\"567\" data-end=\"887\">O novo modelo prev\u00ea uma frota com idade m\u00e9dia de sete anos, equipada com ar-condicionado, c\u00e2meras de seguran\u00e7a, acessibilidade e sistema de GPS. A tecnologia embarcada permitir\u00e1 aos usu\u00e1rios acompanhar, em tempo real, a localiza\u00e7\u00e3o e o tempo estimado de chegada dos \u00f4nibus, por meio de aplicativo no celular.<\/p>\n<p data-start=\"889\" data-end=\"1251\">Atualmente, quatro ve\u00edculos j\u00e1 operam com a identidade visual e os equipamentos completos. Os demais sete \u00f4nibus devem passar por adequa\u00e7\u00f5es nas pr\u00f3ximas semanas, conforme cronograma da empresa. O contrato tamb\u00e9m prev\u00ea subven\u00e7\u00e3o mensal de R$ 200 mil por parte da prefeitura, com objetivo de garantir qualidade no servi\u00e7o e tarifas acess\u00edveis \u00e0 popula\u00e7\u00e3o.<\/p>\n<p data-start=\"1253\" data-end=\"1578\">Durante o evento de lan\u00e7amento, realizado na Pra\u00e7a da B\u00edblia, o prefeito Rodrigo Battistella classificou a nova etapa como um marco para o munic\u00edpio. J\u00e1 o secret\u00e1rio de Servi\u00e7os P\u00fablicos, Paulo Mioranza, destacou o impacto positivo do novo sistema na mobilidade urbana e na qualidade do servi\u00e7o prestado aos usu\u00e1rios.<\/p>\n","protected":false},"excerpt":{"rendered":"<p>A Prefeitura de Nova Santa Rita deu in\u00edcio, nesta quarta-feira, 10, \u00e0 opera\u00e7\u00e3o oficial do novo sistema de transporte p\u00fablico municipal, resultante da primeira licita\u00e7\u00e3o realizada desde a emancipa\u00e7\u00e3o da cidade, h\u00e1 33 anos. O contrato com a empresa vencedora, Via\u00e7\u00e3o F\u00e1tima, entrou em vigor no dia anterior, ter\u00e7a-feira, 9, com os primeiros ve\u00edculos j\u00e1 [&hellip;]<\/p>\n","protected":false},"author":2,"featured_media":36747,"comment_status":"open","ping_status":"open","sticky":false,"template":"","format":"standard","meta":{"amp_status":"","footnotes":""},"categories":[178],"tags":[190,1793,262,214,4272,688,58],"class_list":["post-36746","post","type-post","status-publish","format-standard","has-post-thumbnail","hentry","category-nsr","tag-featured","tag-licitacao","tag-nova-santa-rita","tag-regiao-metropolitana","tag-rio-rgande-do-sul","tag-transporte","tag-transporte-publico"],"yoast_head":"<!-- This site is optimized with the Yoast SEO plugin v20.5 - https:\/\/yoast.com\/wordpress\/plugins\/seo\/ -->\n<title>Nova Santa Rita inicia opera\u00e7\u00e3o do primeiro contrato licitado de transporte p\u00fablico em 33 anos - O Timoneiro Jornal Canoas RS<\/title>\n<meta name=\"description\" content=\"A Prefeitura de Nova Santa Rita deu in\u00edcio, nesta quarta-feira, 10, \u00e0 opera\u00e7\u00e3o oficial do novo sistema de transporte p\u00fablico municipal\" \/>\n<meta name=\"robots\" content=\"index, follow, max-snippet:-1, max-image-preview:large, max-video-preview:-1\" \/>\n<link rel=\"canonical\" href=\"https:\/\/jornaltimoneiro.com.br\/index.php\/2025\/09\/10\/nova-santa-rita-inicia-operacao-do-primeiro-contrato-licitado-de-transporte-publico-em-33-anos\/\" \/>\n<meta property=\"og:locale\" content=\"pt_BR\" \/>\n<meta property=\"og:type\" content=\"article\" \/>\n<meta property=\"og:title\" content=\"Nova Santa Rita inicia opera\u00e7\u00e3o do primeiro contrato licitado de transporte p\u00fablico em 33 anos - O Timoneiro Jornal Canoas RS\" \/>\n<meta property=\"og:description\" content=\"A Prefeitura de Nova Santa Rita deu in\u00edcio, nesta quarta-feira, 10, \u00e0 opera\u00e7\u00e3o oficial do novo sistema de transporte p\u00fablico municipal\" \/>\n<meta property=\"og:url\" content=\"https:\/\/jornaltimoneiro.com.br\/index.php\/2025\/09\/10\/nova-santa-rita-inicia-operacao-do-primeiro-contrato-licitado-de-transporte-publico-em-33-anos\/\" \/>\n<meta property=\"og:site_name\" content=\"O Timoneiro Jornal Canoas RS\" \/>\n<meta property=\"article:publisher\" content=\"https:\/\/www.facebook.com\/jornaltimoneiro\" \/>\n<meta property=\"article:published_time\" content=\"2025-09-10T18:21:05+00:00\" \/>\n<meta property=\"og:image\" content=\"https:\/\/jornaltimoneiro.com.br\/wp-content\/uploads\/2025\/09\/Nova-Santa-Rita-inicia-operacao-do-primeiro-contrato-licitado-de-transporte-publico-em-33-anos.jpeg\" \/>\n\t<meta property=\"og:image:width\" content=\"1080\" \/>\n\t<meta property=\"og:image:height\" content=\"720\" \/>\n\t<meta property=\"og:image:type\" content=\"image\/jpeg\" \/>\n<meta name=\"author\" content=\"Reda\u00e7\u00e3o\" \/>\n<meta name=\"twitter:card\" content=\"summary_large_image\" \/>\n<meta name=\"twitter:creator\" content=\"@_OTimoneiro\" \/>\n<meta name=\"twitter:site\" content=\"@_OTimoneiro\" \/>\n<meta name=\"twitter:label1\" content=\"Escrito por\" \/>\n\t<meta name=\"twitter:data1\" content=\"Reda\u00e7\u00e3o\" \/>\n\t<meta name=\"twitter:label2\" content=\"Est. tempo de leitura\" \/>\n\t<meta name=\"twitter:data2\" content=\"2 minutos\" \/>\n<script type=\"application\/ld+json\" class=\"yoast-schema-graph\">{\"@context\":\"https:\/\/schema.org\",\"@graph\":[{\"@type\":\"Article\",\"@id\":\"https:\/\/jornaltimoneiro.com.br\/index.php\/2025\/09\/10\/nova-santa-rita-inicia-operacao-do-primeiro-contrato-licitado-de-transporte-publico-em-33-anos\/#article\",\"isPartOf\":{\"@id\":\"https:\/\/jornaltimoneiro.com.br\/index.php\/2025\/09\/10\/nova-santa-rita-inicia-operacao-do-primeiro-contrato-licitado-de-transporte-publico-em-33-anos\/\"},\"author\":{\"name\":\"Reda\u00e7\u00e3o\",\"@id\":\"https:\/\/jornaltimoneiro.com.br\/#\/schema\/person\/f63482f1a02b1a9592707865e509ab40\"},\"headline\":\"Nova Santa Rita inicia opera\u00e7\u00e3o do primeiro contrato licitado de transporte p\u00fablico em 33 anos\",\"datePublished\":\"2025-09-10T18:21:05+00:00\",\"dateModified\":\"2025-09-10T18:21:05+00:00\",\"mainEntityOfPage\":{\"@id\":\"https:\/\/jornaltimoneiro.com.br\/index.php\/2025\/09\/10\/nova-santa-rita-inicia-operacao-do-primeiro-contrato-licitado-de-transporte-publico-em-33-anos\/\"},\"wordCount\":252,\"commentCount\":0,\"publisher\":{\"@id\":\"https:\/\/jornaltimoneiro.com.br\/#organization\"},\"keywords\":[\"featured\",\"licita\u00e7\u00e3o\",\"nova santa rita\",\"regi\u00e3o metropolitana\",\"rio rgande do sul\",\"transporte\",\"transporte p\u00fablico\"],\"articleSection\":[\"Nova Santa Rita\"],\"inLanguage\":\"pt-BR\",\"potentialAction\":[{\"@type\":\"CommentAction\",\"name\":\"Comment\",\"target\":[\"https:\/\/jornaltimoneiro.com.br\/index.php\/2025\/09\/10\/nova-santa-rita-inicia-operacao-do-primeiro-contrato-licitado-de-transporte-publico-em-33-anos\/#respond\"]}]},{\"@type\":\"WebPage\",\"@id\":\"https:\/\/jornaltimoneiro.com.br\/index.php\/2025\/09\/10\/nova-santa-rita-inicia-operacao-do-primeiro-contrato-licitado-de-transporte-publico-em-33-anos\/\",\"url\":\"https:\/\/jornaltimoneiro.com.br\/index.php\/2025\/09\/10\/nova-santa-rita-inicia-operacao-do-primeiro-contrato-licitado-de-transporte-publico-em-33-anos\/\",\"name\":\"Nova Santa Rita inicia opera\u00e7\u00e3o do primeiro contrato licitado de transporte p\u00fablico em 33 anos - O Timoneiro Jornal Canoas RS\",\"isPartOf\":{\"@id\":\"https:\/\/jornaltimoneiro.com.br\/#website\"},\"datePublished\":\"2025-09-10T18:21:05+00:00\",\"dateModified\":\"2025-09-10T18:21:05+00:00\",\"description\":\"A Prefeitura de Nova Santa Rita deu in\u00edcio, nesta quarta-feira, 10, \u00e0 opera\u00e7\u00e3o oficial do novo sistema de transporte p\u00fablico municipal\",\"breadcrumb\":{\"@id\":\"https:\/\/jornaltimoneiro.com.br\/index.php\/2025\/09\/10\/nova-santa-rita-inicia-operacao-do-primeiro-contrato-licitado-de-transporte-publico-em-33-anos\/#breadcrumb\"},\"inLanguage\":\"pt-BR\",\"potentialAction\":[{\"@type\":\"ReadAction\",\"target\":[\"https:\/\/jornaltimoneiro.com.br\/index.php\/2025\/09\/10\/nova-santa-rita-inicia-operacao-do-primeiro-contrato-licitado-de-transporte-publico-em-33-anos\/\"]}]},{\"@type\":\"BreadcrumbList\",\"@id\":\"https:\/\/jornaltimoneiro.com.br\/index.php\/2025\/09\/10\/nova-santa-rita-inicia-operacao-do-primeiro-contrato-licitado-de-transporte-publico-em-33-anos\/#breadcrumb\",\"itemListElement\":[{\"@type\":\"ListItem\",\"position\":1,\"name\":\"In\u00edcio\",\"item\":\"https:\/\/jornaltimoneiro.com.br\/\"},{\"@type\":\"ListItem\",\"position\":2,\"name\":\"Nova Santa Rita inicia opera\u00e7\u00e3o do primeiro contrato licitado de transporte p\u00fablico em 33 anos\"}]},{\"@type\":\"WebSite\",\"@id\":\"https:\/\/jornaltimoneiro.com.br\/#website\",\"url\":\"https:\/\/jornaltimoneiro.com.br\/\",\"name\":\"Jornal Timoneiro Canoas RS\",\"description\":\"Jornal O Timoneiro, o verdadeiro jornal de Canoas\",\"publisher\":{\"@id\":\"https:\/\/jornaltimoneiro.com.br\/#organization\"},\"potentialAction\":[{\"@type\":\"SearchAction\",\"target\":{\"@type\":\"EntryPoint\",\"urlTemplate\":\"https:\/\/jornaltimoneiro.com.br\/?s={search_term_string}\"},\"query-input\":\"required name=search_term_string\"}],\"inLanguage\":\"pt-BR\"},{\"@type\":\"Organization\",\"@id\":\"https:\/\/jornaltimoneiro.com.br\/#organization\",\"name\":\"Jornal Timoneiro Canoas RS\",\"url\":\"https:\/\/jornaltimoneiro.com.br\/\",\"logo\":{\"@type\":\"ImageObject\",\"inLanguage\":\"pt-BR\",\"@id\":\"https:\/\/jornaltimoneiro.com.br\/#\/schema\/logo\/image\/\",\"url\":\"https:\/\/jornaltimoneiro.com.br\/wp-content\/uploads\/2023\/03\/logonovo.png\",\"contentUrl\":\"https:\/\/jornaltimoneiro.com.br\/wp-content\/uploads\/2023\/03\/logonovo.png\",\"width\":\"469\",\"height\":\"171\",\"caption\":\"Jornal Timoneiro Canoas RS\"},\"image\":{\"@id\":\"https:\/\/jornaltimoneiro.com.br\/#\/schema\/logo\/image\/\"},\"sameAs\":[\"https:\/\/www.facebook.com\/jornaltimoneiro\",\"https:\/\/twitter.com\/_OTimoneiro\",\"https:\/\/www.instagram.com\/jornaltimoneirocanoas\/\",\"https:\/\/www.youtube.com\/@jornalotimoneiro7927\"]},{\"@type\":\"Person\",\"@id\":\"https:\/\/jornaltimoneiro.com.br\/#\/schema\/person\/f63482f1a02b1a9592707865e509ab40\",\"name\":\"Reda\u00e7\u00e3o\",\"image\":{\"@type\":\"ImageObject\",\"inLanguage\":\"pt-BR\",\"@id\":\"https:\/\/jornaltimoneiro.com.br\/#\/schema\/person\/image\/\",\"url\":\"https:\/\/jornaltimoneiro.com.br\/wp-content\/uploads\/2023\/03\/download.jpeg\",\"contentUrl\":\"https:\/\/jornaltimoneiro.com.br\/wp-content\/uploads\/2023\/03\/download.jpeg\",\"caption\":\"Reda\u00e7\u00e3o\"},\"url\":\"https:\/\/jornaltimoneiro.com.br\/index.php\/author\/simone-dutra\/\"}]}<\/script>\n<!-- \/ Yoast SEO plugin. -->","yoast_head_json":{"title":"Nova Santa Rita inicia opera\u00e7\u00e3o do primeiro contrato licitado de transporte p\u00fablico em 33 anos - O Timoneiro Jornal Canoas RS","description":"A Prefeitura de Nova Santa Rita deu in\u00edcio, nesta quarta-feira, 10, \u00e0 opera\u00e7\u00e3o oficial do novo sistema de transporte p\u00fablico municipal","robots":{"index":"index","follow":"follow","max-snippet":"max-snippet:-1","max-image-preview":"max-image-preview:large","max-video-preview":"max-video-preview:-1"},"canonical":"https:\/\/jornaltimoneiro.com.br\/index.php\/2025\/09\/10\/nova-santa-rita-inicia-operacao-do-primeiro-contrato-licitado-de-transporte-publico-em-33-anos\/","og_locale":"pt_BR","og_type":"article","og_title":"Nova Santa Rita inicia opera\u00e7\u00e3o do primeiro contrato licitado de transporte p\u00fablico em 33 anos - O Timoneiro Jornal Canoas RS","og_description":"A Prefeitura de Nova Santa Rita deu in\u00edcio, nesta quarta-feira, 10, \u00e0 opera\u00e7\u00e3o oficial do novo sistema de transporte p\u00fablico municipal","og_url":"https:\/\/jornaltimoneiro.com.br\/index.php\/2025\/09\/10\/nova-santa-rita-inicia-operacao-do-primeiro-contrato-licitado-de-transporte-publico-em-33-anos\/","og_site_name":"O Timoneiro Jornal Canoas RS","article_publisher":"https:\/\/www.facebook.com\/jornaltimoneiro","article_published_time":"2025-09-10T18:21:05+00:00","og_image":[{"width":"1080","height":"720","url":"https:\/\/jornaltimoneiro.com.br\/wp-content\/uploads\/2025\/09\/Nova-Santa-Rita-inicia-operacao-do-primeiro-contrato-licitado-de-transporte-publico-em-33-anos.jpeg","type":"image\/jpeg"}],"author":"Reda\u00e7\u00e3o","twitter_card":"summary_large_image","twitter_creator":"@_OTimoneiro","twitter_site":"@_OTimoneiro","twitter_misc":{"Escrito por":"Reda\u00e7\u00e3o","Est. tempo de leitura":"2 minutos"},"schema":{"@context":"https:\/\/schema.org","@graph":[{"@type":"Article","@id":"https:\/\/jornaltimoneiro.com.br\/index.php\/2025\/09\/10\/nova-santa-rita-inicia-operacao-do-primeiro-contrato-licitado-de-transporte-publico-em-33-anos\/#article","isPartOf":{"@id":"https:\/\/jornaltimoneiro.com.br\/index.php\/2025\/09\/10\/nova-santa-rita-inicia-operacao-do-primeiro-contrato-licitado-de-transporte-publico-em-33-anos\/"},"author":{"name":"Reda\u00e7\u00e3o","@id":"https:\/\/jornaltimoneiro.com.br\/#\/schema\/person\/f63482f1a02b1a9592707865e509ab40"},"headline":"Nova Santa Rita inicia opera\u00e7\u00e3o do primeiro contrato licitado de transporte p\u00fablico em 33 anos","datePublished":"2025-09-10T18:21:05+00:00","dateModified":"2025-09-10T18:21:05+00:00","mainEntityOfPage":{"@id":"https:\/\/jornaltimoneiro.com.br\/index.php\/2025\/09\/10\/nova-santa-rita-inicia-operacao-do-primeiro-contrato-licitado-de-transporte-publico-em-33-anos\/"},"wordCount":252,"commentCount":0,"publisher":{"@id":"https:\/\/jornaltimoneiro.com.br\/#organization"},"keywords":["featured","licita\u00e7\u00e3o","nova santa rita","regi\u00e3o metropolitana","rio rgande do sul","transporte","transporte p\u00fablico"],"articleSection":["Nova Santa Rita"],"inLanguage":"pt-BR","potentialAction":[{"@type":"CommentAction","name":"Comment","target":["https:\/\/jornaltimoneiro.com.br\/index.php\/2025\/09\/10\/nova-santa-rita-inicia-operacao-do-primeiro-contrato-licitado-de-transporte-publico-em-33-anos\/#respond"]}]},{"@type":"WebPage","@id":"https:\/\/jornaltimoneiro.com.br\/index.php\/2025\/09\/10\/nova-santa-rita-inicia-operacao-do-primeiro-contrato-licitado-de-transporte-publico-em-33-anos\/","url":"https:\/\/jornaltimoneiro.com.br\/index.php\/2025\/09\/10\/nova-santa-rita-inicia-operacao-do-primeiro-contrato-licitado-de-transporte-publico-em-33-anos\/","name":"Nova Santa Rita inicia opera\u00e7\u00e3o do primeiro contrato licitado de transporte p\u00fablico em 33 anos - O Timoneiro Jornal Canoas RS","isPartOf":{"@id":"https:\/\/jornaltimoneiro.com.br\/#website"},"datePublished":"2025-09-10T18:21:05+00:00","dateModified":"2025-09-10T18:21:05+00:00","description":"A Prefeitura de Nova Santa Rita deu in\u00edcio, nesta quarta-feira, 10, \u00e0 opera\u00e7\u00e3o oficial do novo sistema de transporte p\u00fablico municipal","breadcrumb":{"@id":"https:\/\/jornaltimoneiro.com.br\/index.php\/2025\/09\/10\/nova-santa-rita-inicia-operacao-do-primeiro-contrato-licitado-de-transporte-publico-em-33-anos\/#breadcrumb"},"inLanguage":"pt-BR","potentialAction":[{"@type":"ReadAction","target":["https:\/\/jornaltimoneiro.com.br\/index.php\/2025\/09\/10\/nova-santa-rita-inicia-operacao-do-primeiro-contrato-licitado-de-transporte-publico-em-33-anos\/"]}]},{"@type":"BreadcrumbList","@id":"https:\/\/jornaltimoneiro.com.br\/index.php\/2025\/09\/10\/nova-santa-rita-inicia-operacao-do-primeiro-contrato-licitado-de-transporte-publico-em-33-anos\/#breadcrumb","itemListElement":[{"@type":"ListItem","position":1,"name":"In\u00edcio","item":"https:\/\/jornaltimoneiro.com.br\/"},{"@type":"ListItem","position":2,"name":"Nova Santa Rita inicia opera\u00e7\u00e3o do primeiro contrato licitado de transporte p\u00fablico em 33 anos"}]},{"@type":"WebSite","@id":"https:\/\/jornaltimoneiro.com.br\/#website","url":"https:\/\/jornaltimoneiro.com.br\/","name":"Jornal Timoneiro Canoas RS","description":"Jornal O Timoneiro, o verdadeiro jornal de Canoas","publisher":{"@id":"https:\/\/jornaltimoneiro.com.br\/#organization"},"potentialAction":[{"@type":"SearchAction","target":{"@type":"EntryPoint","urlTemplate":"https:\/\/jornaltimoneiro.com.br\/?s={search_term_string}"},"query-input":"required name=search_term_string"}],"inLanguage":"pt-BR"},{"@type":"Organization","@id":"https:\/\/jornaltimoneiro.com.br\/#organization","name":"Jornal Timoneiro Canoas RS","url":"https:\/\/jornaltimoneiro.com.br\/","logo":{"@type":"ImageObject","inLanguage":"pt-BR","@id":"https:\/\/jornaltimoneiro.com.br\/#\/schema\/logo\/image\/","url":"https:\/\/jornaltimoneiro.com.br\/wp-content\/uploads\/2023\/03\/logonovo.png","contentUrl":"https:\/\/jornaltimoneiro.com.br\/wp-content\/uploads\/2023\/03\/logonovo.png","width":"469","height":"171","caption":"Jornal Timoneiro Canoas RS"},"image":{"@id":"https:\/\/jornaltimoneiro.com.br\/#\/schema\/logo\/image\/"},"sameAs":["https:\/\/www.facebook.com\/jornaltimoneiro","https:\/\/twitter.com\/_OTimoneiro","https:\/\/www.instagram.com\/jornaltimoneirocanoas\/","https:\/\/www.youtube.com\/@jornalotimoneiro7927"]},{"@type":"Person","@id":"https:\/\/jornaltimoneiro.com.br\/#\/schema\/person\/f63482f1a02b1a9592707865e509ab40","name":"Reda\u00e7\u00e3o","image":{"@type":"ImageObject","inLanguage":"pt-BR","@id":"https:\/\/jornaltimoneiro.com.br\/#\/schema\/person\/image\/","url":"https:\/\/jornaltimoneiro.com.br\/wp-content\/uploads\/2023\/03\/download.jpeg","contentUrl":"https:\/\/jornaltimoneiro.com.br\/wp-content\/uploads\/2023\/03\/download.jpeg","caption":"Reda\u00e7\u00e3o"},"url":"https:\/\/jornaltimoneiro.com.br\/index.php\/author\/simone-dutra\/"}]}},"_links":{"self":[{"href":"https:\/\/jornaltimoneiro.com.br\/index.php\/wp-json\/wp\/v2\/posts\/36746"}],"collection":[{"href":"https:\/\/jornaltimoneiro.com.br\/index.php\/wp-json\/wp\/v2\/posts"}],"about":[{"href":"https:\/\/jornaltimoneiro.com.br\/index.php\/wp-json\/wp\/v2\/types\/post"}],"author":[{"embeddable":true,"href":"https:\/\/jornaltimoneiro.com.br\/index.php\/wp-json\/wp\/v2\/users\/2"}],"replies":[{"embeddable":true,"href":"https:\/\/jornaltimoneiro.com.br\/index.php\/wp-json\/wp\/v2\/comments?post=36746"}],"version-history":[{"count":1,"href":"https:\/\/jornaltimoneiro.com.br\/index.php\/wp-json\/wp\/v2\/posts\/36746\/revisions"}],"predecessor-version":[{"id":36748,"href":"https:\/\/jornaltimoneiro.com.br\/index.php\/wp-json\/wp\/v2\/posts\/36746\/revisions\/36748"}],"wp:featuredmedia":[{"embeddable":true,"href":"https:\/\/jornaltimoneiro.com.br\/index.php\/wp-json\/wp\/v2\/media\/36747"}],"wp:attachment":[{"href":"https:\/\/jornaltimoneiro.com.br\/index.php\/wp-json\/wp\/v2\/media?parent=36746"}],"wp:term":[{"taxonomy":"category","embeddable":true,"href":"https:\/\/jornaltimoneiro.com.br\/index.php\/wp-json\/wp\/v2\/categories?post=36746"},{"taxonomy":"post_tag","embeddable":true,"href":"https:\/\/jornaltimoneiro.com.br\/index.php\/wp-json\/wp\/v2\/tags?post=36746"}],"curies":[{"name":"wp","href":"https:\/\/api.w.org\/{rel}","templated":true}]}}