{"id":36595,"date":"2025-09-02T13:48:44","date_gmt":"2025-09-02T16:48:44","guid":{"rendered":"https:\/\/jornaltimoneiro.com.br\/?p=36595"},"modified":"2025-09-02T13:48:44","modified_gmt":"2025-09-02T16:48:44","slug":"festival-de-cinema-de-canoas-anuncia-filmes-selecionados-e-homenagens-da-3a-edicao","status":"publish","type":"post","link":"https:\/\/jornaltimoneiro.com.br\/index.php\/2025\/09\/02\/festival-de-cinema-de-canoas-anuncia-filmes-selecionados-e-homenagens-da-3a-edicao\/","title":{"rendered":"Festival de Cinema de Canoas anuncia filmes selecionados e homenagens da 3\u00aa edi\u00e7\u00e3o"},"content":{"rendered":"<p>Na manh\u00e3 desta ter\u00e7a-feira, 2, a organiza\u00e7\u00e3o do Festival de Cinema de Canoas (FECIC) revelou os curtas-metragens selecionados para as mostras competitivas da 3\u00aa edi\u00e7\u00e3o do evento. Ao todo, 195 produ\u00e7\u00f5es foram inscritas, das quais a curadoria e a comiss\u00e3o de sele\u00e7\u00e3o escolheram 11 t\u00edtulos para a categoria Estudantil, 13 para a Universit\u00e1ria (novidade desta edi\u00e7\u00e3o), al\u00e9m de 7 produ\u00e7\u00f5es na categoria Municipal e 18 na Estadual (<em>lista completa no final do release<\/em>).<\/p>\n<p>Durante o lan\u00e7amento foram reveladas tamb\u00e9m as produ\u00e7\u00f5es convidadas para a edi\u00e7\u00e3o deste ano. S\u00e3o elas: o m\u00e9dia-metragem \u201c<em>1940 \u2013 CICS Canoas: A Origem<\/em>\u201d, de Andrei Fialho, que resgata a trajet\u00f3ria da C\u00e2mara de Ind\u00fastria, Com\u00e9rcio e Servi\u00e7os da cidade e \u201c<em>Roma Guapor\u00e9<\/em>\u201d, dirigido por Gilberto Perin, uma obra \u201clivremente inspirada na vida real e poeticamente manipulada\u201d, que mergulha nas mem\u00f3rias e reflex\u00f5es de uma mulher casada.<\/p>\n<p>Entre as atividades do FECIC est\u00e1 ainda a\u00a0<em>Mostra Mem\u00f3ria: Metropolitano RS Ecossistema Audiovisual<\/em>, dedicada \u00e0 preserva\u00e7\u00e3o e valoriza\u00e7\u00e3o da produ\u00e7\u00e3o cinematogr\u00e1fica local e regional. Este ano ser\u00e3o exibidos os filmes \u201c<em>O Cinema Ga\u00facho dos Anos 20<\/em>\u201d, de Ant\u00f4nio Jesus Pfeil, e \u201c<em>Sargento Garcia<\/em>\u201d, de Tutti Gregianin.<\/p>\n<p>Outro ponto alto do festival ser\u00e1 a sess\u00e3o de estreia do document\u00e1rio em longa-metragem \u201c<em>Um Filme de BR<\/em>\u201d, produzido por Wender Zanon, que traz as percep\u00e7\u00f5es de quatro pesquisadores enquanto caminham pela BR-116 em seu trecho que atravessa Canoas, buscando personagens que tenham suas vidas entremeadas pelo conv\u00edvio com a rodovia. A obra ser\u00e1 exibida durante a programa\u00e7\u00e3o oficial.<\/p>\n<blockquote><p>\u201cO FECIC \u00e9 muito mais do que um evento de exibi\u00e7\u00e3o de curtas e longas-metragens. Somos uma plataforma de promo\u00e7\u00e3o e valoriza\u00e7\u00e3o da produ\u00e7\u00e3o audiovisual ga\u00facha, um est\u00edmulo \u00e0 economia criativa e ao fortalecimento audiovisual com essa poderosa ferramenta de transforma\u00e7\u00e3o social. Ent\u00e3o, contamos com a presen\u00e7a de todos no 3\u00ba Festival de Cinema de Canoas, uma edi\u00e7\u00e3o que promete ser inesquec\u00edvel\u201d, comenta Alexandre Derlam, coordenador geral e curador do FECIC.<\/p><\/blockquote>\n<h4><strong>Homenageados da 3\u00aa edi\u00e7\u00e3o<\/strong><\/h4>\n<p>No lan\u00e7amento oficial do evento foram revelados tamb\u00e9m os homenageados deste ano, que t\u00eam papel fundamental na valoriza\u00e7\u00e3o da cultura e do audiovisual. Ser\u00e3o celebrados o SESC Canoas, pelos seus 10 anos de atua\u00e7\u00e3o cultural; Alice Urbim, jornalista e roteirista; Gilberto Perin, cineasta e Marcos Breda, ator com carreira consolidada no teatro, cinema e televis\u00e3o.<\/p>\n<p>O lan\u00e7amento do Festival de Cinema de Canoas foi transmitido pela TV Minuano e est\u00e1 dispon\u00edvel no YouTube\u00a0<a href=\"https:\/\/www.youtube.com\/@TV_MINUANO\" target=\"_blank\" rel=\"noopener\" data-saferedirecturl=\"https:\/\/www.google.com\/url?q=https:\/\/www.youtube.com\/@TV_MINUANO&amp;source=gmail&amp;ust=1756916942679000&amp;usg=AOvVaw0pqGwYPTdsmhYEGeCJeBrp\">https:\/\/www.youtube.com\/@TV_<wbr \/>MINUANO<\/a>\u00a0e tamb\u00e9m no perfil do Instagram\u00a0<a href=\"https:\/\/www.instagram.com\/festivaldecinemadecanoas\/\" target=\"_blank\" rel=\"noopener\" data-saferedirecturl=\"https:\/\/www.google.com\/url?q=https:\/\/www.instagram.com\/festivaldecinemadecanoas\/&amp;source=gmail&amp;ust=1756916942679000&amp;usg=AOvVaw3DnrKWPawcqWnEt0RcJ890\">https:\/\/www.instagram.com\/<wbr \/>festivaldecinemadecanoas\/<\/a>.<\/p>\n<h4><strong>3\u00ba Festival de Cinema de Canoas &#8211; Filmes selecionados:\u00a0<\/strong><\/h4>\n<h4><strong>Categoria Estudantil\u00a0<\/strong><\/h4>\n<ul>\n<li aria-level=\"1\"><strong>Querida Irm\u00e3<\/strong>\u00a0| IPUC (2024)<\/li>\n<li aria-level=\"1\"><strong>A C\u00e1psula do Tempo<\/strong>\u00a0| EEEM Bento Gon\u00e7alves (2025)<\/li>\n<li aria-level=\"1\"><strong>Vazios Despertos\u00a0<\/strong>| EMEF Monteiro Lobato (2025)<\/li>\n<li aria-level=\"1\"><strong>Pequenos Relatos: Fernando Quiroga E Seus Antepassados<\/strong>\u00a0| EMEF Prefeito Edgar Fontoura (2024)<\/li>\n<li aria-level=\"1\"><strong>A Arte De Ser Livre<\/strong>\u00a0| EMEF Prefeito Edgar Fontoura (2024)<\/li>\n<li aria-level=\"1\"><strong>A Carteira<\/strong>\u00a0| IFRS &#8211; Campus Canoas (2024)<\/li>\n<li aria-level=\"1\"><strong>A Igreja do Diabo<\/strong>\u00a0| IFRS &#8211; Campus Canoas (2023)<\/li>\n<li aria-level=\"1\"><strong>As Minas E Os Karas em: A Droga Da Obedi\u00eancia E Outros Mist\u00e9rios<\/strong>\u00a0| EMEF Pernambuco (2025)<\/li>\n<li aria-level=\"1\"><strong>Influ\u00eancia Da Psicologia Das Cores Nas Produ\u00e7\u00f5es Do Studio Ghibli<\/strong>\u00a0| EEEB Santa Rita (2025)<\/li>\n<li aria-level=\"1\"><strong>Racismo<\/strong>\u00a0| Document\u00e1rio Livre (2024)<\/li>\n<\/ul>\n<h4><strong>Categoria Universit\u00e1ria\u00a0<\/strong><\/h4>\n<ul>\n<li aria-level=\"1\"><strong>Posso Contar Nos Dedos<\/strong>, de Vict\u00f3ria Kaminski\u00a0| UFPEL (2024)<\/li>\n<li aria-level=\"1\"><strong>Minha Querida Bruxinha,\u00a0<\/strong>de\u00a0Brenda Magalh\u00e3e | UFPEL (2025)<\/li>\n<li aria-level=\"1\"><strong>Submersa<\/strong>, de Laura Viegas\u00a0| Unisinos (2024)<\/li>\n<li aria-level=\"1\"><strong>Prato Principal<\/strong>, de Rebeka Paula e Pitagoras Nardi\u00a0| UniRitter (2025)<\/li>\n<li aria-level=\"1\"><strong>Ervilhas<\/strong>, de Catherine Pires Pedroni\u00a0| UCS (2025)<\/li>\n<li aria-level=\"1\"><strong>Desperta<\/strong>, de Laura Becker\u00a0| Unisinos (2024)<\/li>\n<li aria-level=\"1\"><strong>Espa\u00e7o de Transi\u00e7\u00e3o<\/strong>, de Bruno Ramos Martins| UFPEL (2025)<\/li>\n<li aria-level=\"1\"><strong>\u00c7a me va<\/strong>, de Wellington Lucas Rocha de Souza\u00a0| FSG (2025)<\/li>\n<li aria-level=\"1\"><strong>Carcar\u00e1s<\/strong>, de Gabriello Alvarez| PUCRS (2024)<\/li>\n<li aria-level=\"1\"><strong>Ternura<\/strong>, de Malu Ferreira dos Santos\u00a0| UFPEL (2025)<\/li>\n<li aria-level=\"1\"><strong>Porto Macabra<\/strong>, de Ju Costenaro\u00a0| PUCRS (2025)<\/li>\n<li aria-level=\"1\"><strong>A Balada de um Artista em Extin\u00e7\u00e3o<\/strong>, de Vitz Almeida e Maur\u00edcio Bremm\u00a0| UNISC (2024)<\/li>\n<li aria-level=\"1\"><strong>Confio<\/strong>, de Giovanna Plentz\u00a0| Universidade Feevale (2024)<\/li>\n<\/ul>\n<h4><strong>Categoria Municipal\u00a0<\/strong><\/h4>\n<ul>\n<li aria-level=\"1\"><strong>Cardo<\/strong>\u00a0| Allan Riggs e Guilherme Suman (2025)<\/li>\n<li aria-level=\"1\"><strong>Enquanto a Partida Durar\u00a0<\/strong>| L\u00e9o Moura (2025)<\/li>\n<li aria-level=\"1\"><strong>Canoas, um poema<\/strong>\u00a0| L\u00e9o Moura (2024)<\/li>\n<li aria-level=\"1\"><strong>Mem\u00f3rias Enferrujadas &#8211; Costuras do Tempo<\/strong>\u00a0| Tayh\u00fa Durigon Wiester (2025)<\/li>\n<li aria-level=\"1\"><strong>Diz o nome<\/strong>\u00a0| Anne Plein, Lau Graef e Mirela Kruel (2024)<\/li>\n<li aria-level=\"1\"><strong>Gosto Estranho<\/strong>\u00a0| Wender Zanon (2025)<\/li>\n<li aria-level=\"1\"><strong>Di\u00e1rios de um Slasher Canoense<\/strong>\u00a0| Felipe Iesbick (2025)<\/li>\n<\/ul>\n<h4><strong>Categoria Estadual\u00a0<\/strong><\/h4>\n<ul>\n<li aria-level=\"1\"><strong>Cardo<\/strong>\u00a0| Allan Riggs e Guilherme Suman (2025)<\/li>\n<li aria-level=\"1\"><strong>O Correspondente<\/strong>\u00a0| Thali Bartikoski e Bruno Barcelos (2024)<\/li>\n<li aria-level=\"1\"><strong>A Inven\u00e7\u00e3o<\/strong>\u00a0| Andr\u00e9 Arteche (2025)<\/li>\n<li aria-level=\"1\"><strong>A Biblioteca de Jorge Furtado<\/strong>\u00a0| Gl\u00eanio P\u00f3voas e Luiz Alberto Cassol (2025)<\/li>\n<li aria-level=\"1\"><strong>O Pente<\/strong>\u00a0| Alisson Affonso (2025)<\/li>\n<li aria-level=\"1\"><strong>O \u00daltimo Trem<\/strong>\u00a0| Boca Migotto (2025)<\/li>\n<li aria-level=\"1\"><strong>2 Batuqueiros<\/strong>\u00a0| Claudinho Pereira e Carlos Caramez, codire\u00e7\u00e3o Mirian Fichtner (2024)<\/li>\n<li aria-level=\"1\"><strong>Gamb\u00e1<\/strong>\u00a0| Maciel Fischer (2025)<\/li>\n<li aria-level=\"1\"><strong>Para onde foram os drag\u00f5es?<\/strong>\u00a0| Mirela Kruel (2025)<\/li>\n<li aria-level=\"1\"><strong>Eu te escuto<\/strong>\u00a0| Rodrigo Teixeira (2025)<\/li>\n<li aria-level=\"1\"><strong>Todos os Beb\u00eas Nascem Pelados Em Cachoeira do Sul<\/strong>\u00a0| Thiago Beckenkamp e Eduarda Rodrigues (2025)<\/li>\n<li aria-level=\"1\"><strong>Hist\u00f3ria de Pescador<\/strong>\u00a0| Edison Rodrigues e Renato Winckiewicz (2025)<\/li>\n<li aria-level=\"1\"><strong>A casa da v\u00f3<\/strong>\u00a0| Luiz Levandovski (2024)<\/li>\n<li aria-level=\"1\"><strong>Enfim S.O.S<\/strong>\u00a0| Zaracla (2025)<\/li>\n<li aria-level=\"1\"><strong>F.M<\/strong>\u00a0| Cassiano G. Zanella (2024)<\/li>\n<li aria-level=\"1\"><strong>Meu Nome \u00c9 Jorge<\/strong>\u00a0| Rafa Ferretti (2024)<\/li>\n<li aria-level=\"1\"><strong>Igni &#8211; Lembran\u00e7as do fogo<\/strong>\u00a0| Rodrigo Fraga (2024)<\/li>\n<li aria-level=\"1\"><strong>Hoje \u00e9 Teu<\/strong>\u00a0| Luiz Alberto Cassol (2025)<\/li>\n<\/ul>\n<h4><strong>3\u00ba Festival de Cinema de Canoas<\/strong><\/h4>\n<ul>\n<li>De 25 a 28 de setembro de 2025, Canoas\/RS<\/li>\n<li><strong>Site:<\/strong>\u00a0<a href=\"https:\/\/festivaldecinemadecanoas.com.br\/\" target=\"_blank\" rel=\"noopener\" data-saferedirecturl=\"https:\/\/www.google.com\/url?q=https:\/\/festivaldecinemadecanoas.com.br\/&amp;source=gmail&amp;ust=1756916942680000&amp;usg=AOvVaw207v6GjS0gvjwpAkUFBNf7\">https:\/\/<wbr \/>festivaldecinemadecanoas.com.<wbr \/>br\/<\/a><\/li>\n<li><strong>Instagram:<\/strong>\u00a0@<a href=\"https:\/\/www.instagram.com\/festivaldecinemadecanoas\" target=\"_blank\" rel=\"noopener\" data-saferedirecturl=\"https:\/\/www.google.com\/url?q=https:\/\/www.instagram.com\/festivaldecinemadecanoas&amp;source=gmail&amp;ust=1756916942680000&amp;usg=AOvVaw2vIGlIwz0L9MtQGQS6TXhi\">festivaldecinemadecanoas<\/a>\u00a0<strong><br \/>\n<\/strong><\/li>\n<li><strong>Entrada gratuita<\/strong><\/li>\n<\/ul>\n","protected":false},"excerpt":{"rendered":"<p>Na manh\u00e3 desta ter\u00e7a-feira, 2, a organiza\u00e7\u00e3o do Festival de Cinema de Canoas (FECIC) revelou os curtas-metragens selecionados para as mostras competitivas da 3\u00aa edi\u00e7\u00e3o do evento. Ao todo, 195 produ\u00e7\u00f5es foram inscritas, das quais a curadoria e a comiss\u00e3o de sele\u00e7\u00e3o escolheram 11 t\u00edtulos para a categoria Estudantil, 13 para a Universit\u00e1ria (novidade desta [&hellip;]<\/p>\n","protected":false},"author":2,"featured_media":36596,"comment_status":"open","ping_status":"open","sticky":false,"template":"","format":"standard","meta":{"amp_status":"","footnotes":""},"categories":[76],"tags":[2251,913,116,4682,190,3283,914],"class_list":["post-36595","post","type-post","status-publish","format-standard","has-post-thumbnail","hentry","category-cultura","tag-audiovisual","tag-cinema","tag-cultura","tag-curtas-metragens","tag-featured","tag-fecic","tag-festival-de-cinema-de-canoas"],"yoast_head":"<!-- This site is optimized with the Yoast SEO plugin v20.5 - https:\/\/yoast.com\/wordpress\/plugins\/seo\/ -->\n<title>Festival de Cinema de Canoas anuncia filmes selecionados e homenagens da 3\u00aa edi\u00e7\u00e3o - O Timoneiro Jornal Canoas RS<\/title>\n<meta name=\"description\" content=\"a organiza\u00e7\u00e3o do Festival de Cinema de Canoas revelou os curtas-metragens selecionados para as mostras competitivas da 3\u00aa edi\u00e7\u00e3o do evento\" \/>\n<meta name=\"robots\" content=\"index, follow, max-snippet:-1, max-image-preview:large, max-video-preview:-1\" \/>\n<link rel=\"canonical\" href=\"https:\/\/jornaltimoneiro.com.br\/index.php\/2025\/09\/02\/festival-de-cinema-de-canoas-anuncia-filmes-selecionados-e-homenagens-da-3a-edicao\/\" \/>\n<meta property=\"og:locale\" content=\"pt_BR\" \/>\n<meta property=\"og:type\" content=\"article\" \/>\n<meta property=\"og:title\" content=\"Festival de Cinema de Canoas anuncia filmes selecionados e homenagens da 3\u00aa edi\u00e7\u00e3o - O Timoneiro Jornal Canoas RS\" \/>\n<meta property=\"og:description\" content=\"a organiza\u00e7\u00e3o do Festival de Cinema de Canoas revelou os curtas-metragens selecionados para as mostras competitivas da 3\u00aa edi\u00e7\u00e3o do evento\" \/>\n<meta property=\"og:url\" content=\"https:\/\/jornaltimoneiro.com.br\/index.php\/2025\/09\/02\/festival-de-cinema-de-canoas-anuncia-filmes-selecionados-e-homenagens-da-3a-edicao\/\" \/>\n<meta property=\"og:site_name\" content=\"O Timoneiro Jornal Canoas RS\" \/>\n<meta property=\"article:publisher\" content=\"https:\/\/www.facebook.com\/jornaltimoneiro\" \/>\n<meta property=\"article:published_time\" content=\"2025-09-02T16:48:44+00:00\" \/>\n<meta property=\"og:image\" content=\"https:\/\/jornaltimoneiro.com.br\/wp-content\/uploads\/2025\/09\/Festival-de-Cinema-de-Canoas-anuncia-filmes-selecionados-e-homenagens-da-3a-edicao.jpg\" \/>\n\t<meta property=\"og:image:width\" content=\"1024\" \/>\n\t<meta property=\"og:image:height\" content=\"768\" \/>\n\t<meta property=\"og:image:type\" content=\"image\/jpeg\" \/>\n<meta name=\"author\" content=\"Reda\u00e7\u00e3o\" \/>\n<meta name=\"twitter:card\" content=\"summary_large_image\" \/>\n<meta name=\"twitter:creator\" content=\"@_OTimoneiro\" \/>\n<meta name=\"twitter:site\" content=\"@_OTimoneiro\" \/>\n<meta name=\"twitter:label1\" content=\"Escrito por\" \/>\n\t<meta name=\"twitter:data1\" content=\"Reda\u00e7\u00e3o\" \/>\n\t<meta name=\"twitter:label2\" content=\"Est. tempo de leitura\" \/>\n\t<meta name=\"twitter:data2\" content=\"5 minutos\" \/>\n<script type=\"application\/ld+json\" class=\"yoast-schema-graph\">{\"@context\":\"https:\/\/schema.org\",\"@graph\":[{\"@type\":\"Article\",\"@id\":\"https:\/\/jornaltimoneiro.com.br\/index.php\/2025\/09\/02\/festival-de-cinema-de-canoas-anuncia-filmes-selecionados-e-homenagens-da-3a-edicao\/#article\",\"isPartOf\":{\"@id\":\"https:\/\/jornaltimoneiro.com.br\/index.php\/2025\/09\/02\/festival-de-cinema-de-canoas-anuncia-filmes-selecionados-e-homenagens-da-3a-edicao\/\"},\"author\":{\"name\":\"Reda\u00e7\u00e3o\",\"@id\":\"https:\/\/jornaltimoneiro.com.br\/#\/schema\/person\/f63482f1a02b1a9592707865e509ab40\"},\"headline\":\"Festival de Cinema de Canoas anuncia filmes selecionados e homenagens da 3\u00aa edi\u00e7\u00e3o\",\"datePublished\":\"2025-09-02T16:48:44+00:00\",\"dateModified\":\"2025-09-02T16:48:44+00:00\",\"mainEntityOfPage\":{\"@id\":\"https:\/\/jornaltimoneiro.com.br\/index.php\/2025\/09\/02\/festival-de-cinema-de-canoas-anuncia-filmes-selecionados-e-homenagens-da-3a-edicao\/\"},\"wordCount\":870,\"commentCount\":0,\"publisher\":{\"@id\":\"https:\/\/jornaltimoneiro.com.br\/#organization\"},\"keywords\":[\"audiovisual\",\"cinema\",\"cultura\",\"curtas-metragens\",\"featured\",\"FECIC\",\"festival de cinema de canoas\"],\"articleSection\":[\"Cultura\"],\"inLanguage\":\"pt-BR\",\"potentialAction\":[{\"@type\":\"CommentAction\",\"name\":\"Comment\",\"target\":[\"https:\/\/jornaltimoneiro.com.br\/index.php\/2025\/09\/02\/festival-de-cinema-de-canoas-anuncia-filmes-selecionados-e-homenagens-da-3a-edicao\/#respond\"]}]},{\"@type\":\"WebPage\",\"@id\":\"https:\/\/jornaltimoneiro.com.br\/index.php\/2025\/09\/02\/festival-de-cinema-de-canoas-anuncia-filmes-selecionados-e-homenagens-da-3a-edicao\/\",\"url\":\"https:\/\/jornaltimoneiro.com.br\/index.php\/2025\/09\/02\/festival-de-cinema-de-canoas-anuncia-filmes-selecionados-e-homenagens-da-3a-edicao\/\",\"name\":\"Festival de Cinema de Canoas anuncia filmes selecionados e homenagens da 3\u00aa edi\u00e7\u00e3o - O Timoneiro Jornal Canoas RS\",\"isPartOf\":{\"@id\":\"https:\/\/jornaltimoneiro.com.br\/#website\"},\"datePublished\":\"2025-09-02T16:48:44+00:00\",\"dateModified\":\"2025-09-02T16:48:44+00:00\",\"description\":\"a organiza\u00e7\u00e3o do Festival de Cinema de Canoas revelou os curtas-metragens selecionados para as mostras competitivas da 3\u00aa edi\u00e7\u00e3o do evento\",\"breadcrumb\":{\"@id\":\"https:\/\/jornaltimoneiro.com.br\/index.php\/2025\/09\/02\/festival-de-cinema-de-canoas-anuncia-filmes-selecionados-e-homenagens-da-3a-edicao\/#breadcrumb\"},\"inLanguage\":\"pt-BR\",\"potentialAction\":[{\"@type\":\"ReadAction\",\"target\":[\"https:\/\/jornaltimoneiro.com.br\/index.php\/2025\/09\/02\/festival-de-cinema-de-canoas-anuncia-filmes-selecionados-e-homenagens-da-3a-edicao\/\"]}]},{\"@type\":\"BreadcrumbList\",\"@id\":\"https:\/\/jornaltimoneiro.com.br\/index.php\/2025\/09\/02\/festival-de-cinema-de-canoas-anuncia-filmes-selecionados-e-homenagens-da-3a-edicao\/#breadcrumb\",\"itemListElement\":[{\"@type\":\"ListItem\",\"position\":1,\"name\":\"In\u00edcio\",\"item\":\"https:\/\/jornaltimoneiro.com.br\/\"},{\"@type\":\"ListItem\",\"position\":2,\"name\":\"Festival de Cinema de Canoas anuncia filmes selecionados e homenagens da 3\u00aa edi\u00e7\u00e3o\"}]},{\"@type\":\"WebSite\",\"@id\":\"https:\/\/jornaltimoneiro.com.br\/#website\",\"url\":\"https:\/\/jornaltimoneiro.com.br\/\",\"name\":\"Jornal Timoneiro Canoas RS\",\"description\":\"Jornal O Timoneiro, o verdadeiro jornal de Canoas\",\"publisher\":{\"@id\":\"https:\/\/jornaltimoneiro.com.br\/#organization\"},\"potentialAction\":[{\"@type\":\"SearchAction\",\"target\":{\"@type\":\"EntryPoint\",\"urlTemplate\":\"https:\/\/jornaltimoneiro.com.br\/?s={search_term_string}\"},\"query-input\":\"required name=search_term_string\"}],\"inLanguage\":\"pt-BR\"},{\"@type\":\"Organization\",\"@id\":\"https:\/\/jornaltimoneiro.com.br\/#organization\",\"name\":\"Jornal Timoneiro Canoas RS\",\"url\":\"https:\/\/jornaltimoneiro.com.br\/\",\"logo\":{\"@type\":\"ImageObject\",\"inLanguage\":\"pt-BR\",\"@id\":\"https:\/\/jornaltimoneiro.com.br\/#\/schema\/logo\/image\/\",\"url\":\"https:\/\/jornaltimoneiro.com.br\/wp-content\/uploads\/2023\/03\/logonovo.png\",\"contentUrl\":\"https:\/\/jornaltimoneiro.com.br\/wp-content\/uploads\/2023\/03\/logonovo.png\",\"width\":\"469\",\"height\":\"171\",\"caption\":\"Jornal Timoneiro Canoas RS\"},\"image\":{\"@id\":\"https:\/\/jornaltimoneiro.com.br\/#\/schema\/logo\/image\/\"},\"sameAs\":[\"https:\/\/www.facebook.com\/jornaltimoneiro\",\"https:\/\/twitter.com\/_OTimoneiro\",\"https:\/\/www.instagram.com\/jornaltimoneirocanoas\/\",\"https:\/\/www.youtube.com\/@jornalotimoneiro7927\"]},{\"@type\":\"Person\",\"@id\":\"https:\/\/jornaltimoneiro.com.br\/#\/schema\/person\/f63482f1a02b1a9592707865e509ab40\",\"name\":\"Reda\u00e7\u00e3o\",\"image\":{\"@type\":\"ImageObject\",\"inLanguage\":\"pt-BR\",\"@id\":\"https:\/\/jornaltimoneiro.com.br\/#\/schema\/person\/image\/\",\"url\":\"https:\/\/jornaltimoneiro.com.br\/wp-content\/uploads\/2023\/03\/download.jpeg\",\"contentUrl\":\"https:\/\/jornaltimoneiro.com.br\/wp-content\/uploads\/2023\/03\/download.jpeg\",\"caption\":\"Reda\u00e7\u00e3o\"},\"url\":\"https:\/\/jornaltimoneiro.com.br\/index.php\/author\/simone-dutra\/\"}]}<\/script>\n<!-- \/ Yoast SEO plugin. -->","yoast_head_json":{"title":"Festival de Cinema de Canoas anuncia filmes selecionados e homenagens da 3\u00aa edi\u00e7\u00e3o - O Timoneiro Jornal Canoas RS","description":"a organiza\u00e7\u00e3o do Festival de Cinema de Canoas revelou os curtas-metragens selecionados para as mostras competitivas da 3\u00aa edi\u00e7\u00e3o do evento","robots":{"index":"index","follow":"follow","max-snippet":"max-snippet:-1","max-image-preview":"max-image-preview:large","max-video-preview":"max-video-preview:-1"},"canonical":"https:\/\/jornaltimoneiro.com.br\/index.php\/2025\/09\/02\/festival-de-cinema-de-canoas-anuncia-filmes-selecionados-e-homenagens-da-3a-edicao\/","og_locale":"pt_BR","og_type":"article","og_title":"Festival de Cinema de Canoas anuncia filmes selecionados e homenagens da 3\u00aa edi\u00e7\u00e3o - O Timoneiro Jornal Canoas RS","og_description":"a organiza\u00e7\u00e3o do Festival de Cinema de Canoas revelou os curtas-metragens selecionados para as mostras competitivas da 3\u00aa edi\u00e7\u00e3o do evento","og_url":"https:\/\/jornaltimoneiro.com.br\/index.php\/2025\/09\/02\/festival-de-cinema-de-canoas-anuncia-filmes-selecionados-e-homenagens-da-3a-edicao\/","og_site_name":"O Timoneiro Jornal Canoas RS","article_publisher":"https:\/\/www.facebook.com\/jornaltimoneiro","article_published_time":"2025-09-02T16:48:44+00:00","og_image":[{"width":"1024","height":"768","url":"https:\/\/jornaltimoneiro.com.br\/wp-content\/uploads\/2025\/09\/Festival-de-Cinema-de-Canoas-anuncia-filmes-selecionados-e-homenagens-da-3a-edicao.jpg","type":"image\/jpeg"}],"author":"Reda\u00e7\u00e3o","twitter_card":"summary_large_image","twitter_creator":"@_OTimoneiro","twitter_site":"@_OTimoneiro","twitter_misc":{"Escrito por":"Reda\u00e7\u00e3o","Est. tempo de leitura":"5 minutos"},"schema":{"@context":"https:\/\/schema.org","@graph":[{"@type":"Article","@id":"https:\/\/jornaltimoneiro.com.br\/index.php\/2025\/09\/02\/festival-de-cinema-de-canoas-anuncia-filmes-selecionados-e-homenagens-da-3a-edicao\/#article","isPartOf":{"@id":"https:\/\/jornaltimoneiro.com.br\/index.php\/2025\/09\/02\/festival-de-cinema-de-canoas-anuncia-filmes-selecionados-e-homenagens-da-3a-edicao\/"},"author":{"name":"Reda\u00e7\u00e3o","@id":"https:\/\/jornaltimoneiro.com.br\/#\/schema\/person\/f63482f1a02b1a9592707865e509ab40"},"headline":"Festival de Cinema de Canoas anuncia filmes selecionados e homenagens da 3\u00aa edi\u00e7\u00e3o","datePublished":"2025-09-02T16:48:44+00:00","dateModified":"2025-09-02T16:48:44+00:00","mainEntityOfPage":{"@id":"https:\/\/jornaltimoneiro.com.br\/index.php\/2025\/09\/02\/festival-de-cinema-de-canoas-anuncia-filmes-selecionados-e-homenagens-da-3a-edicao\/"},"wordCount":870,"commentCount":0,"publisher":{"@id":"https:\/\/jornaltimoneiro.com.br\/#organization"},"keywords":["audiovisual","cinema","cultura","curtas-metragens","featured","FECIC","festival de cinema de canoas"],"articleSection":["Cultura"],"inLanguage":"pt-BR","potentialAction":[{"@type":"CommentAction","name":"Comment","target":["https:\/\/jornaltimoneiro.com.br\/index.php\/2025\/09\/02\/festival-de-cinema-de-canoas-anuncia-filmes-selecionados-e-homenagens-da-3a-edicao\/#respond"]}]},{"@type":"WebPage","@id":"https:\/\/jornaltimoneiro.com.br\/index.php\/2025\/09\/02\/festival-de-cinema-de-canoas-anuncia-filmes-selecionados-e-homenagens-da-3a-edicao\/","url":"https:\/\/jornaltimoneiro.com.br\/index.php\/2025\/09\/02\/festival-de-cinema-de-canoas-anuncia-filmes-selecionados-e-homenagens-da-3a-edicao\/","name":"Festival de Cinema de Canoas anuncia filmes selecionados e homenagens da 3\u00aa edi\u00e7\u00e3o - O Timoneiro Jornal Canoas RS","isPartOf":{"@id":"https:\/\/jornaltimoneiro.com.br\/#website"},"datePublished":"2025-09-02T16:48:44+00:00","dateModified":"2025-09-02T16:48:44+00:00","description":"a organiza\u00e7\u00e3o do Festival de Cinema de Canoas revelou os curtas-metragens selecionados para as mostras competitivas da 3\u00aa edi\u00e7\u00e3o do evento","breadcrumb":{"@id":"https:\/\/jornaltimoneiro.com.br\/index.php\/2025\/09\/02\/festival-de-cinema-de-canoas-anuncia-filmes-selecionados-e-homenagens-da-3a-edicao\/#breadcrumb"},"inLanguage":"pt-BR","potentialAction":[{"@type":"ReadAction","target":["https:\/\/jornaltimoneiro.com.br\/index.php\/2025\/09\/02\/festival-de-cinema-de-canoas-anuncia-filmes-selecionados-e-homenagens-da-3a-edicao\/"]}]},{"@type":"BreadcrumbList","@id":"https:\/\/jornaltimoneiro.com.br\/index.php\/2025\/09\/02\/festival-de-cinema-de-canoas-anuncia-filmes-selecionados-e-homenagens-da-3a-edicao\/#breadcrumb","itemListElement":[{"@type":"ListItem","position":1,"name":"In\u00edcio","item":"https:\/\/jornaltimoneiro.com.br\/"},{"@type":"ListItem","position":2,"name":"Festival de Cinema de Canoas anuncia filmes selecionados e homenagens da 3\u00aa edi\u00e7\u00e3o"}]},{"@type":"WebSite","@id":"https:\/\/jornaltimoneiro.com.br\/#website","url":"https:\/\/jornaltimoneiro.com.br\/","name":"Jornal Timoneiro Canoas RS","description":"Jornal O Timoneiro, o verdadeiro jornal de Canoas","publisher":{"@id":"https:\/\/jornaltimoneiro.com.br\/#organization"},"potentialAction":[{"@type":"SearchAction","target":{"@type":"EntryPoint","urlTemplate":"https:\/\/jornaltimoneiro.com.br\/?s={search_term_string}"},"query-input":"required name=search_term_string"}],"inLanguage":"pt-BR"},{"@type":"Organization","@id":"https:\/\/jornaltimoneiro.com.br\/#organization","name":"Jornal Timoneiro Canoas RS","url":"https:\/\/jornaltimoneiro.com.br\/","logo":{"@type":"ImageObject","inLanguage":"pt-BR","@id":"https:\/\/jornaltimoneiro.com.br\/#\/schema\/logo\/image\/","url":"https:\/\/jornaltimoneiro.com.br\/wp-content\/uploads\/2023\/03\/logonovo.png","contentUrl":"https:\/\/jornaltimoneiro.com.br\/wp-content\/uploads\/2023\/03\/logonovo.png","width":"469","height":"171","caption":"Jornal Timoneiro Canoas RS"},"image":{"@id":"https:\/\/jornaltimoneiro.com.br\/#\/schema\/logo\/image\/"},"sameAs":["https:\/\/www.facebook.com\/jornaltimoneiro","https:\/\/twitter.com\/_OTimoneiro","https:\/\/www.instagram.com\/jornaltimoneirocanoas\/","https:\/\/www.youtube.com\/@jornalotimoneiro7927"]},{"@type":"Person","@id":"https:\/\/jornaltimoneiro.com.br\/#\/schema\/person\/f63482f1a02b1a9592707865e509ab40","name":"Reda\u00e7\u00e3o","image":{"@type":"ImageObject","inLanguage":"pt-BR","@id":"https:\/\/jornaltimoneiro.com.br\/#\/schema\/person\/image\/","url":"https:\/\/jornaltimoneiro.com.br\/wp-content\/uploads\/2023\/03\/download.jpeg","contentUrl":"https:\/\/jornaltimoneiro.com.br\/wp-content\/uploads\/2023\/03\/download.jpeg","caption":"Reda\u00e7\u00e3o"},"url":"https:\/\/jornaltimoneiro.com.br\/index.php\/author\/simone-dutra\/"}]}},"_links":{"self":[{"href":"https:\/\/jornaltimoneiro.com.br\/index.php\/wp-json\/wp\/v2\/posts\/36595"}],"collection":[{"href":"https:\/\/jornaltimoneiro.com.br\/index.php\/wp-json\/wp\/v2\/posts"}],"about":[{"href":"https:\/\/jornaltimoneiro.com.br\/index.php\/wp-json\/wp\/v2\/types\/post"}],"author":[{"embeddable":true,"href":"https:\/\/jornaltimoneiro.com.br\/index.php\/wp-json\/wp\/v2\/users\/2"}],"replies":[{"embeddable":true,"href":"https:\/\/jornaltimoneiro.com.br\/index.php\/wp-json\/wp\/v2\/comments?post=36595"}],"version-history":[{"count":1,"href":"https:\/\/jornaltimoneiro.com.br\/index.php\/wp-json\/wp\/v2\/posts\/36595\/revisions"}],"predecessor-version":[{"id":36597,"href":"https:\/\/jornaltimoneiro.com.br\/index.php\/wp-json\/wp\/v2\/posts\/36595\/revisions\/36597"}],"wp:featuredmedia":[{"embeddable":true,"href":"https:\/\/jornaltimoneiro.com.br\/index.php\/wp-json\/wp\/v2\/media\/36596"}],"wp:attachment":[{"href":"https:\/\/jornaltimoneiro.com.br\/index.php\/wp-json\/wp\/v2\/media?parent=36595"}],"wp:term":[{"taxonomy":"category","embeddable":true,"href":"https:\/\/jornaltimoneiro.com.br\/index.php\/wp-json\/wp\/v2\/categories?post=36595"},{"taxonomy":"post_tag","embeddable":true,"href":"https:\/\/jornaltimoneiro.com.br\/index.php\/wp-json\/wp\/v2\/tags?post=36595"}],"curies":[{"name":"wp","href":"https:\/\/api.w.org\/{rel}","templated":true}]}}