{"id":36575,"date":"2025-09-01T14:28:48","date_gmt":"2025-09-01T17:28:48","guid":{"rendered":"https:\/\/jornaltimoneiro.com.br\/?p=36575"},"modified":"2025-09-01T14:28:48","modified_gmt":"2025-09-01T17:28:48","slug":"fort-atacadista-tem-vagas-abertas-em-novo-hamburgo-selecao-sera-realizada-de-1o-a-5-de-setembro","status":"publish","type":"post","link":"https:\/\/jornaltimoneiro.com.br\/index.php\/2025\/09\/01\/fort-atacadista-tem-vagas-abertas-em-novo-hamburgo-selecao-sera-realizada-de-1o-a-5-de-setembro\/","title":{"rendered":"Fort Atacadista tem vagas abertas em Novo Hamburgo;\u00a0sele\u00e7\u00e3o ser\u00e1 realizada de 1\u00ba a 5 de setembro\u00a0"},"content":{"rendered":"<p>O Fort Atacadista est\u00e1 com 20 oportunidades de emprego dispon\u00edveis para interessados em trabalhar em sua unidade em Novo Hamburgo. As vagas s\u00e3o para operador de loja. Quem quiser se candidatar, deve comparecer \u00e0 Rua 24 de Maio, 368, para se apresentar \u00e0 \u00e1rea de Gente &amp; Gest\u00e3o, respons\u00e1vel pelas contrata\u00e7\u00f5es. \u00c9 necess\u00e1rio levar curr\u00edculo e documento de identidade.<\/p>\n<h4><strong>Benef\u00edcios:\u00a0<\/strong><\/h4>\n<div>\n<p>Caf\u00e9 da manh\u00e3, almo\u00e7o e\/ou jantar; transporte; assist\u00eancia odontol\u00f3gica; vale-transporte; kit maternidade\/paternidade; seguro de vida; descontos de 7% nas compras no Fort (Cart\u00e3o Vuon Card); e suporte social (com atendimento por telefone 0800 para assist\u00eancia financeira, jur\u00eddica, social, psicol\u00f3gica e previdenci\u00e1ria) aos funcion\u00e1rios e familiares, al\u00e9m de outras facilidades.<\/p>\n<p><strong>Sele\u00e7\u00e3o Fort Atacadista Novo Hamburgo<br \/>\nPer\u00edodo:\u00a0<\/strong>1\u00aa a 5 de setembro<br \/>\n<strong>Hor\u00e1rio:\u00a0<\/strong>das 8h30 \u00e0s 17h<br \/>\n<strong>Endere\u00e7o<\/strong>\u00a0&#8211; R. 24 de Maio, 368 \u2013 Vila Rosa<\/p>\n<\/div>\n","protected":false},"excerpt":{"rendered":"<p>O Fort Atacadista est\u00e1 com 20 oportunidades de emprego dispon\u00edveis para interessados em trabalhar em sua unidade em Novo Hamburgo. As vagas s\u00e3o para operador de loja. Quem quiser se candidatar, deve comparecer \u00e0 Rua 24 de Maio, 368, para se apresentar \u00e0 \u00e1rea de Gente &amp; Gest\u00e3o, respons\u00e1vel pelas contrata\u00e7\u00f5es. \u00c9 necess\u00e1rio levar curr\u00edculo [&hellip;]<\/p>\n","protected":false},"author":2,"featured_media":36576,"comment_status":"open","ping_status":"open","sticky":false,"template":"","format":"standard","meta":{"amp_status":"","footnotes":""},"categories":[2092],"tags":[82,296,254,612,1960],"class_list":["post-36575","post","type-post","status-publish","format-standard","has-post-thumbnail","hentry","category-emprego","tag-emprego","tag-fort-atacadista","tag-novo-hamburgo","tag-oportunidade","tag-vagas-abertas"],"yoast_head":"<!-- This site is optimized with the Yoast SEO plugin v20.5 - https:\/\/yoast.com\/wordpress\/plugins\/seo\/ -->\n<title>Fort Atacadista tem vagas abertas em Novo Hamburgo;\u00a0sele\u00e7\u00e3o ser\u00e1 realizada de 1\u00ba a 5 de setembro\u00a0 - O Timoneiro Jornal Canoas RS<\/title>\n<meta name=\"description\" content=\"O Fort Atacadista est\u00e1 com 20 oportunidades de emprego dispon\u00edveis para interessados em trabalhar em sua unidade em Novo Hamburgo.\" \/>\n<meta name=\"robots\" content=\"index, follow, max-snippet:-1, max-image-preview:large, max-video-preview:-1\" \/>\n<link rel=\"canonical\" href=\"https:\/\/jornaltimoneiro.com.br\/index.php\/2025\/09\/01\/fort-atacadista-tem-vagas-abertas-em-novo-hamburgo-selecao-sera-realizada-de-1o-a-5-de-setembro\/\" \/>\n<meta property=\"og:locale\" content=\"pt_BR\" \/>\n<meta property=\"og:type\" content=\"article\" \/>\n<meta property=\"og:title\" content=\"Fort Atacadista tem vagas abertas em Novo Hamburgo;\u00a0sele\u00e7\u00e3o ser\u00e1 realizada de 1\u00ba a 5 de setembro\u00a0 - O Timoneiro Jornal Canoas RS\" \/>\n<meta property=\"og:description\" content=\"O Fort Atacadista est\u00e1 com 20 oportunidades de emprego dispon\u00edveis para interessados em trabalhar em sua unidade em Novo Hamburgo.\" \/>\n<meta property=\"og:url\" content=\"https:\/\/jornaltimoneiro.com.br\/index.php\/2025\/09\/01\/fort-atacadista-tem-vagas-abertas-em-novo-hamburgo-selecao-sera-realizada-de-1o-a-5-de-setembro\/\" \/>\n<meta property=\"og:site_name\" content=\"O Timoneiro Jornal Canoas RS\" \/>\n<meta property=\"article:publisher\" content=\"https:\/\/www.facebook.com\/jornaltimoneiro\" \/>\n<meta property=\"article:published_time\" content=\"2025-09-01T17:28:48+00:00\" \/>\n<meta property=\"og:image\" content=\"https:\/\/jornaltimoneiro.com.br\/wp-content\/uploads\/2025\/09\/Fort-Atacadista-tem-vagas-abertas-em-Novo-Hamburgo-selecao-sera-realizada-de-1o-a-5-de-setembro-.jpg\" \/>\n\t<meta property=\"og:image:width\" content=\"1080\" \/>\n\t<meta property=\"og:image:height\" content=\"607\" \/>\n\t<meta property=\"og:image:type\" content=\"image\/jpeg\" \/>\n<meta name=\"author\" content=\"Reda\u00e7\u00e3o\" \/>\n<meta name=\"twitter:card\" content=\"summary_large_image\" \/>\n<meta name=\"twitter:creator\" content=\"@_OTimoneiro\" \/>\n<meta name=\"twitter:site\" content=\"@_OTimoneiro\" \/>\n<meta name=\"twitter:label1\" content=\"Escrito por\" \/>\n\t<meta name=\"twitter:data1\" content=\"Reda\u00e7\u00e3o\" \/>\n\t<meta name=\"twitter:label2\" content=\"Est. tempo de leitura\" \/>\n\t<meta name=\"twitter:data2\" content=\"1 minuto\" \/>\n<script type=\"application\/ld+json\" class=\"yoast-schema-graph\">{\"@context\":\"https:\/\/schema.org\",\"@graph\":[{\"@type\":\"Article\",\"@id\":\"https:\/\/jornaltimoneiro.com.br\/index.php\/2025\/09\/01\/fort-atacadista-tem-vagas-abertas-em-novo-hamburgo-selecao-sera-realizada-de-1o-a-5-de-setembro\/#article\",\"isPartOf\":{\"@id\":\"https:\/\/jornaltimoneiro.com.br\/index.php\/2025\/09\/01\/fort-atacadista-tem-vagas-abertas-em-novo-hamburgo-selecao-sera-realizada-de-1o-a-5-de-setembro\/\"},\"author\":{\"name\":\"Reda\u00e7\u00e3o\",\"@id\":\"https:\/\/jornaltimoneiro.com.br\/#\/schema\/person\/f63482f1a02b1a9592707865e509ab40\"},\"headline\":\"Fort Atacadista tem vagas abertas em Novo Hamburgo;\u00a0sele\u00e7\u00e3o ser\u00e1 realizada de 1\u00ba a 5 de setembro\u00a0\",\"datePublished\":\"2025-09-01T17:28:48+00:00\",\"dateModified\":\"2025-09-01T17:28:48+00:00\",\"mainEntityOfPage\":{\"@id\":\"https:\/\/jornaltimoneiro.com.br\/index.php\/2025\/09\/01\/fort-atacadista-tem-vagas-abertas-em-novo-hamburgo-selecao-sera-realizada-de-1o-a-5-de-setembro\/\"},\"wordCount\":162,\"commentCount\":0,\"publisher\":{\"@id\":\"https:\/\/jornaltimoneiro.com.br\/#organization\"},\"keywords\":[\"emprego\",\"fort atacadista\",\"Novo Hamburgo\",\"oportunidade\",\"vagas abertas\"],\"articleSection\":[\"Emprego\"],\"inLanguage\":\"pt-BR\",\"potentialAction\":[{\"@type\":\"CommentAction\",\"name\":\"Comment\",\"target\":[\"https:\/\/jornaltimoneiro.com.br\/index.php\/2025\/09\/01\/fort-atacadista-tem-vagas-abertas-em-novo-hamburgo-selecao-sera-realizada-de-1o-a-5-de-setembro\/#respond\"]}]},{\"@type\":\"WebPage\",\"@id\":\"https:\/\/jornaltimoneiro.com.br\/index.php\/2025\/09\/01\/fort-atacadista-tem-vagas-abertas-em-novo-hamburgo-selecao-sera-realizada-de-1o-a-5-de-setembro\/\",\"url\":\"https:\/\/jornaltimoneiro.com.br\/index.php\/2025\/09\/01\/fort-atacadista-tem-vagas-abertas-em-novo-hamburgo-selecao-sera-realizada-de-1o-a-5-de-setembro\/\",\"name\":\"Fort Atacadista tem vagas abertas em Novo Hamburgo;\u00a0sele\u00e7\u00e3o ser\u00e1 realizada de 1\u00ba a 5 de setembro\u00a0 - O Timoneiro Jornal Canoas RS\",\"isPartOf\":{\"@id\":\"https:\/\/jornaltimoneiro.com.br\/#website\"},\"datePublished\":\"2025-09-01T17:28:48+00:00\",\"dateModified\":\"2025-09-01T17:28:48+00:00\",\"description\":\"O Fort Atacadista est\u00e1 com 20 oportunidades de emprego dispon\u00edveis para interessados em trabalhar em sua unidade em Novo Hamburgo.\",\"breadcrumb\":{\"@id\":\"https:\/\/jornaltimoneiro.com.br\/index.php\/2025\/09\/01\/fort-atacadista-tem-vagas-abertas-em-novo-hamburgo-selecao-sera-realizada-de-1o-a-5-de-setembro\/#breadcrumb\"},\"inLanguage\":\"pt-BR\",\"potentialAction\":[{\"@type\":\"ReadAction\",\"target\":[\"https:\/\/jornaltimoneiro.com.br\/index.php\/2025\/09\/01\/fort-atacadista-tem-vagas-abertas-em-novo-hamburgo-selecao-sera-realizada-de-1o-a-5-de-setembro\/\"]}]},{\"@type\":\"BreadcrumbList\",\"@id\":\"https:\/\/jornaltimoneiro.com.br\/index.php\/2025\/09\/01\/fort-atacadista-tem-vagas-abertas-em-novo-hamburgo-selecao-sera-realizada-de-1o-a-5-de-setembro\/#breadcrumb\",\"itemListElement\":[{\"@type\":\"ListItem\",\"position\":1,\"name\":\"In\u00edcio\",\"item\":\"https:\/\/jornaltimoneiro.com.br\/\"},{\"@type\":\"ListItem\",\"position\":2,\"name\":\"Fort Atacadista tem vagas abertas em Novo Hamburgo;\u00a0sele\u00e7\u00e3o ser\u00e1 realizada de 1\u00ba a 5 de setembro\u00a0\"}]},{\"@type\":\"WebSite\",\"@id\":\"https:\/\/jornaltimoneiro.com.br\/#website\",\"url\":\"https:\/\/jornaltimoneiro.com.br\/\",\"name\":\"Jornal Timoneiro Canoas RS\",\"description\":\"Jornal O Timoneiro, o verdadeiro jornal de Canoas\",\"publisher\":{\"@id\":\"https:\/\/jornaltimoneiro.com.br\/#organization\"},\"potentialAction\":[{\"@type\":\"SearchAction\",\"target\":{\"@type\":\"EntryPoint\",\"urlTemplate\":\"https:\/\/jornaltimoneiro.com.br\/?s={search_term_string}\"},\"query-input\":\"required name=search_term_string\"}],\"inLanguage\":\"pt-BR\"},{\"@type\":\"Organization\",\"@id\":\"https:\/\/jornaltimoneiro.com.br\/#organization\",\"name\":\"Jornal Timoneiro Canoas RS\",\"url\":\"https:\/\/jornaltimoneiro.com.br\/\",\"logo\":{\"@type\":\"ImageObject\",\"inLanguage\":\"pt-BR\",\"@id\":\"https:\/\/jornaltimoneiro.com.br\/#\/schema\/logo\/image\/\",\"url\":\"https:\/\/jornaltimoneiro.com.br\/wp-content\/uploads\/2023\/03\/logonovo.png\",\"contentUrl\":\"https:\/\/jornaltimoneiro.com.br\/wp-content\/uploads\/2023\/03\/logonovo.png\",\"width\":\"469\",\"height\":\"171\",\"caption\":\"Jornal Timoneiro Canoas RS\"},\"image\":{\"@id\":\"https:\/\/jornaltimoneiro.com.br\/#\/schema\/logo\/image\/\"},\"sameAs\":[\"https:\/\/www.facebook.com\/jornaltimoneiro\",\"https:\/\/twitter.com\/_OTimoneiro\",\"https:\/\/www.instagram.com\/jornaltimoneirocanoas\/\",\"https:\/\/www.youtube.com\/@jornalotimoneiro7927\"]},{\"@type\":\"Person\",\"@id\":\"https:\/\/jornaltimoneiro.com.br\/#\/schema\/person\/f63482f1a02b1a9592707865e509ab40\",\"name\":\"Reda\u00e7\u00e3o\",\"image\":{\"@type\":\"ImageObject\",\"inLanguage\":\"pt-BR\",\"@id\":\"https:\/\/jornaltimoneiro.com.br\/#\/schema\/person\/image\/\",\"url\":\"https:\/\/jornaltimoneiro.com.br\/wp-content\/uploads\/2023\/03\/download.jpeg\",\"contentUrl\":\"https:\/\/jornaltimoneiro.com.br\/wp-content\/uploads\/2023\/03\/download.jpeg\",\"caption\":\"Reda\u00e7\u00e3o\"},\"url\":\"https:\/\/jornaltimoneiro.com.br\/index.php\/author\/simone-dutra\/\"}]}<\/script>\n<!-- \/ Yoast SEO plugin. -->","yoast_head_json":{"title":"Fort Atacadista tem vagas abertas em Novo Hamburgo;\u00a0sele\u00e7\u00e3o ser\u00e1 realizada de 1\u00ba a 5 de setembro\u00a0 - O Timoneiro Jornal Canoas RS","description":"O Fort Atacadista est\u00e1 com 20 oportunidades de emprego dispon\u00edveis para interessados em trabalhar em sua unidade em Novo Hamburgo.","robots":{"index":"index","follow":"follow","max-snippet":"max-snippet:-1","max-image-preview":"max-image-preview:large","max-video-preview":"max-video-preview:-1"},"canonical":"https:\/\/jornaltimoneiro.com.br\/index.php\/2025\/09\/01\/fort-atacadista-tem-vagas-abertas-em-novo-hamburgo-selecao-sera-realizada-de-1o-a-5-de-setembro\/","og_locale":"pt_BR","og_type":"article","og_title":"Fort Atacadista tem vagas abertas em Novo Hamburgo;\u00a0sele\u00e7\u00e3o ser\u00e1 realizada de 1\u00ba a 5 de setembro\u00a0 - O Timoneiro Jornal Canoas RS","og_description":"O Fort Atacadista est\u00e1 com 20 oportunidades de emprego dispon\u00edveis para interessados em trabalhar em sua unidade em Novo Hamburgo.","og_url":"https:\/\/jornaltimoneiro.com.br\/index.php\/2025\/09\/01\/fort-atacadista-tem-vagas-abertas-em-novo-hamburgo-selecao-sera-realizada-de-1o-a-5-de-setembro\/","og_site_name":"O Timoneiro Jornal Canoas RS","article_publisher":"https:\/\/www.facebook.com\/jornaltimoneiro","article_published_time":"2025-09-01T17:28:48+00:00","og_image":[{"width":"1080","height":"607","url":"https:\/\/jornaltimoneiro.com.br\/wp-content\/uploads\/2025\/09\/Fort-Atacadista-tem-vagas-abertas-em-Novo-Hamburgo-selecao-sera-realizada-de-1o-a-5-de-setembro-.jpg","type":"image\/jpeg"}],"author":"Reda\u00e7\u00e3o","twitter_card":"summary_large_image","twitter_creator":"@_OTimoneiro","twitter_site":"@_OTimoneiro","twitter_misc":{"Escrito por":"Reda\u00e7\u00e3o","Est. tempo de leitura":"1 minuto"},"schema":{"@context":"https:\/\/schema.org","@graph":[{"@type":"Article","@id":"https:\/\/jornaltimoneiro.com.br\/index.php\/2025\/09\/01\/fort-atacadista-tem-vagas-abertas-em-novo-hamburgo-selecao-sera-realizada-de-1o-a-5-de-setembro\/#article","isPartOf":{"@id":"https:\/\/jornaltimoneiro.com.br\/index.php\/2025\/09\/01\/fort-atacadista-tem-vagas-abertas-em-novo-hamburgo-selecao-sera-realizada-de-1o-a-5-de-setembro\/"},"author":{"name":"Reda\u00e7\u00e3o","@id":"https:\/\/jornaltimoneiro.com.br\/#\/schema\/person\/f63482f1a02b1a9592707865e509ab40"},"headline":"Fort Atacadista tem vagas abertas em Novo Hamburgo;\u00a0sele\u00e7\u00e3o ser\u00e1 realizada de 1\u00ba a 5 de setembro\u00a0","datePublished":"2025-09-01T17:28:48+00:00","dateModified":"2025-09-01T17:28:48+00:00","mainEntityOfPage":{"@id":"https:\/\/jornaltimoneiro.com.br\/index.php\/2025\/09\/01\/fort-atacadista-tem-vagas-abertas-em-novo-hamburgo-selecao-sera-realizada-de-1o-a-5-de-setembro\/"},"wordCount":162,"commentCount":0,"publisher":{"@id":"https:\/\/jornaltimoneiro.com.br\/#organization"},"keywords":["emprego","fort atacadista","Novo Hamburgo","oportunidade","vagas abertas"],"articleSection":["Emprego"],"inLanguage":"pt-BR","potentialAction":[{"@type":"CommentAction","name":"Comment","target":["https:\/\/jornaltimoneiro.com.br\/index.php\/2025\/09\/01\/fort-atacadista-tem-vagas-abertas-em-novo-hamburgo-selecao-sera-realizada-de-1o-a-5-de-setembro\/#respond"]}]},{"@type":"WebPage","@id":"https:\/\/jornaltimoneiro.com.br\/index.php\/2025\/09\/01\/fort-atacadista-tem-vagas-abertas-em-novo-hamburgo-selecao-sera-realizada-de-1o-a-5-de-setembro\/","url":"https:\/\/jornaltimoneiro.com.br\/index.php\/2025\/09\/01\/fort-atacadista-tem-vagas-abertas-em-novo-hamburgo-selecao-sera-realizada-de-1o-a-5-de-setembro\/","name":"Fort Atacadista tem vagas abertas em Novo Hamburgo;\u00a0sele\u00e7\u00e3o ser\u00e1 realizada de 1\u00ba a 5 de setembro\u00a0 - O Timoneiro Jornal Canoas RS","isPartOf":{"@id":"https:\/\/jornaltimoneiro.com.br\/#website"},"datePublished":"2025-09-01T17:28:48+00:00","dateModified":"2025-09-01T17:28:48+00:00","description":"O Fort Atacadista est\u00e1 com 20 oportunidades de emprego dispon\u00edveis para interessados em trabalhar em sua unidade em Novo Hamburgo.","breadcrumb":{"@id":"https:\/\/jornaltimoneiro.com.br\/index.php\/2025\/09\/01\/fort-atacadista-tem-vagas-abertas-em-novo-hamburgo-selecao-sera-realizada-de-1o-a-5-de-setembro\/#breadcrumb"},"inLanguage":"pt-BR","potentialAction":[{"@type":"ReadAction","target":["https:\/\/jornaltimoneiro.com.br\/index.php\/2025\/09\/01\/fort-atacadista-tem-vagas-abertas-em-novo-hamburgo-selecao-sera-realizada-de-1o-a-5-de-setembro\/"]}]},{"@type":"BreadcrumbList","@id":"https:\/\/jornaltimoneiro.com.br\/index.php\/2025\/09\/01\/fort-atacadista-tem-vagas-abertas-em-novo-hamburgo-selecao-sera-realizada-de-1o-a-5-de-setembro\/#breadcrumb","itemListElement":[{"@type":"ListItem","position":1,"name":"In\u00edcio","item":"https:\/\/jornaltimoneiro.com.br\/"},{"@type":"ListItem","position":2,"name":"Fort Atacadista tem vagas abertas em Novo Hamburgo;\u00a0sele\u00e7\u00e3o ser\u00e1 realizada de 1\u00ba a 5 de setembro\u00a0"}]},{"@type":"WebSite","@id":"https:\/\/jornaltimoneiro.com.br\/#website","url":"https:\/\/jornaltimoneiro.com.br\/","name":"Jornal Timoneiro Canoas RS","description":"Jornal O Timoneiro, o verdadeiro jornal de Canoas","publisher":{"@id":"https:\/\/jornaltimoneiro.com.br\/#organization"},"potentialAction":[{"@type":"SearchAction","target":{"@type":"EntryPoint","urlTemplate":"https:\/\/jornaltimoneiro.com.br\/?s={search_term_string}"},"query-input":"required name=search_term_string"}],"inLanguage":"pt-BR"},{"@type":"Organization","@id":"https:\/\/jornaltimoneiro.com.br\/#organization","name":"Jornal Timoneiro Canoas RS","url":"https:\/\/jornaltimoneiro.com.br\/","logo":{"@type":"ImageObject","inLanguage":"pt-BR","@id":"https:\/\/jornaltimoneiro.com.br\/#\/schema\/logo\/image\/","url":"https:\/\/jornaltimoneiro.com.br\/wp-content\/uploads\/2023\/03\/logonovo.png","contentUrl":"https:\/\/jornaltimoneiro.com.br\/wp-content\/uploads\/2023\/03\/logonovo.png","width":"469","height":"171","caption":"Jornal Timoneiro Canoas RS"},"image":{"@id":"https:\/\/jornaltimoneiro.com.br\/#\/schema\/logo\/image\/"},"sameAs":["https:\/\/www.facebook.com\/jornaltimoneiro","https:\/\/twitter.com\/_OTimoneiro","https:\/\/www.instagram.com\/jornaltimoneirocanoas\/","https:\/\/www.youtube.com\/@jornalotimoneiro7927"]},{"@type":"Person","@id":"https:\/\/jornaltimoneiro.com.br\/#\/schema\/person\/f63482f1a02b1a9592707865e509ab40","name":"Reda\u00e7\u00e3o","image":{"@type":"ImageObject","inLanguage":"pt-BR","@id":"https:\/\/jornaltimoneiro.com.br\/#\/schema\/person\/image\/","url":"https:\/\/jornaltimoneiro.com.br\/wp-content\/uploads\/2023\/03\/download.jpeg","contentUrl":"https:\/\/jornaltimoneiro.com.br\/wp-content\/uploads\/2023\/03\/download.jpeg","caption":"Reda\u00e7\u00e3o"},"url":"https:\/\/jornaltimoneiro.com.br\/index.php\/author\/simone-dutra\/"}]}},"_links":{"self":[{"href":"https:\/\/jornaltimoneiro.com.br\/index.php\/wp-json\/wp\/v2\/posts\/36575"}],"collection":[{"href":"https:\/\/jornaltimoneiro.com.br\/index.php\/wp-json\/wp\/v2\/posts"}],"about":[{"href":"https:\/\/jornaltimoneiro.com.br\/index.php\/wp-json\/wp\/v2\/types\/post"}],"author":[{"embeddable":true,"href":"https:\/\/jornaltimoneiro.com.br\/index.php\/wp-json\/wp\/v2\/users\/2"}],"replies":[{"embeddable":true,"href":"https:\/\/jornaltimoneiro.com.br\/index.php\/wp-json\/wp\/v2\/comments?post=36575"}],"version-history":[{"count":1,"href":"https:\/\/jornaltimoneiro.com.br\/index.php\/wp-json\/wp\/v2\/posts\/36575\/revisions"}],"predecessor-version":[{"id":36577,"href":"https:\/\/jornaltimoneiro.com.br\/index.php\/wp-json\/wp\/v2\/posts\/36575\/revisions\/36577"}],"wp:featuredmedia":[{"embeddable":true,"href":"https:\/\/jornaltimoneiro.com.br\/index.php\/wp-json\/wp\/v2\/media\/36576"}],"wp:attachment":[{"href":"https:\/\/jornaltimoneiro.com.br\/index.php\/wp-json\/wp\/v2\/media?parent=36575"}],"wp:term":[{"taxonomy":"category","embeddable":true,"href":"https:\/\/jornaltimoneiro.com.br\/index.php\/wp-json\/wp\/v2\/categories?post=36575"},{"taxonomy":"post_tag","embeddable":true,"href":"https:\/\/jornaltimoneiro.com.br\/index.php\/wp-json\/wp\/v2\/tags?post=36575"}],"curies":[{"name":"wp","href":"https:\/\/api.w.org\/{rel}","templated":true}]}}