{"id":36525,"date":"2025-08-27T16:57:41","date_gmt":"2025-08-27T19:57:41","guid":{"rendered":"https:\/\/jornaltimoneiro.com.br\/?p=36525"},"modified":"2025-08-27T16:57:41","modified_gmt":"2025-08-27T19:57:41","slug":"campanha-ganha-ganha-canoas-visa-movimentar-o-comercio-em-setembro","status":"publish","type":"post","link":"https:\/\/jornaltimoneiro.com.br\/index.php\/2025\/08\/27\/campanha-ganha-ganha-canoas-visa-movimentar-o-comercio-em-setembro\/","title":{"rendered":"Campanha Ganha-Ganha Canoas visa movimentar o com\u00e9rcio em setembro"},"content":{"rendered":"<p>Os empres\u00e1rios de Canoas ter\u00e3o, em setembro, uma oportunidade para impulsionar suas vendas e atrair novos clientes com a Campanha Ganha-Ganha Farroupilha. A iniciativa \u00e9 do Governo do Estado e, em Canoas, conta com a parceria da Secretaria de Desenvolvimento Econ\u00f4mico e Inova\u00e7\u00e3o (SMDEI), Secretaria de Cultura e Turismo e com entidades empresariais. A a\u00e7\u00e3o ser\u00e1 realizada de 6 a 21 de setembro, com promo\u00e7\u00f5es, descontos exclusivos e sorteios que prometem movimentar o com\u00e9rcio e fortalecer a economia da cidade.<\/p>\n<p>Com o slogan \u201cA promo\u00e7\u00e3o que vai virar tradi\u00e7\u00e3o\u201d, o projeto vai al\u00e9m do est\u00edmulo \u00e0s vendas, busca valorizar a identidade cultural ga\u00facha em um m\u00eas marcado pelas comemora\u00e7\u00f5es farroupilhas, mas que historicamente registra retra\u00e7\u00e3o no consumo.<\/p>\n<p>Os consumidores que fizerem compras em estabelecimentos participantes ter\u00e3o acesso a descontos e promo\u00e7\u00f5es especiais. Al\u00e9m disso, quem estiver cadastrado no Programa Nota Fiscal Ga\u00facha (NFG) concorrer\u00e1 a R$ 450 mil em pr\u00eamios em dinheiro. Durante os dias da campanha, ser\u00e3o realizados sorteios di\u00e1rios com a seguinte premia\u00e7\u00e3o: 5 pr\u00eamios de R$ 1.000,00, 10 pr\u00eamios de R$ 500,00 e 300 pr\u00eamios de R$ 50,00.<\/p>\n<p>O grande destaque ser\u00e1 o sorteio final de R$ 50 mil, distribu\u00eddos em cinco pr\u00eamios de R$ 10 mil cada, em evento coordenado pela Secretaria de Desenvolvimento Econ\u00f4mico do Estado e realizado pela Receita Estadual. As empresas interessadas podem se inscrever pelo site oficial da campanha: ganhaganhafarroupilha.com.br. No portal tamb\u00e9m est\u00e3o dispon\u00edveis o regulamento completo, orienta\u00e7\u00f5es e materiais de divulga\u00e7\u00e3o prontos para uso.<\/p>\n","protected":false},"excerpt":{"rendered":"<p>Os empres\u00e1rios de Canoas ter\u00e3o, em setembro, uma oportunidade para impulsionar suas vendas e atrair novos clientes com a Campanha Ganha-Ganha Farroupilha. A iniciativa \u00e9 do Governo do Estado e, em Canoas, conta com a parceria da Secretaria de Desenvolvimento Econ\u00f4mico e Inova\u00e7\u00e3o (SMDEI), Secretaria de Cultura e Turismo e com entidades empresariais. A a\u00e7\u00e3o [&hellip;]<\/p>\n","protected":false},"author":2,"featured_media":36533,"comment_status":"open","ping_status":"open","sticky":false,"template":"","format":"standard","meta":{"amp_status":"","footnotes":""},"categories":[4664],"tags":[140,634,554,4665,807,1730],"class_list":["post-36525","post","type-post","status-publish","format-standard","has-post-thumbnail","hentry","category-comercio","tag-campanha","tag-comercio","tag-empresas","tag-ganha-ganha-canoas","tag-governo-do-estado","tag-nota-fiscal-gaucha"],"yoast_head":"<!-- This site is optimized with the Yoast SEO plugin v20.5 - https:\/\/yoast.com\/wordpress\/plugins\/seo\/ -->\n<title>Campanha Ganha-Ganha Canoas visa movimentar o com\u00e9rcio em setembro - O Timoneiro Jornal Canoas RS<\/title>\n<meta name=\"description\" content=\"Empres\u00e1rios de Canoas ter\u00e3o uma oportunidade para impulsionar suas vendas e atrair novos clientes com a Campanha Ganha-Ganha Farroupilha\" \/>\n<meta name=\"robots\" content=\"index, follow, max-snippet:-1, max-image-preview:large, max-video-preview:-1\" \/>\n<link rel=\"canonical\" href=\"https:\/\/jornaltimoneiro.com.br\/index.php\/2025\/08\/27\/campanha-ganha-ganha-canoas-visa-movimentar-o-comercio-em-setembro\/\" \/>\n<meta property=\"og:locale\" content=\"pt_BR\" \/>\n<meta property=\"og:type\" content=\"article\" \/>\n<meta property=\"og:title\" content=\"Campanha Ganha-Ganha Canoas visa movimentar o com\u00e9rcio em setembro - O Timoneiro Jornal Canoas RS\" \/>\n<meta property=\"og:description\" content=\"Empres\u00e1rios de Canoas ter\u00e3o uma oportunidade para impulsionar suas vendas e atrair novos clientes com a Campanha Ganha-Ganha Farroupilha\" \/>\n<meta property=\"og:url\" content=\"https:\/\/jornaltimoneiro.com.br\/index.php\/2025\/08\/27\/campanha-ganha-ganha-canoas-visa-movimentar-o-comercio-em-setembro\/\" \/>\n<meta property=\"og:site_name\" content=\"O Timoneiro Jornal Canoas RS\" \/>\n<meta property=\"article:publisher\" content=\"https:\/\/www.facebook.com\/jornaltimoneiro\" \/>\n<meta property=\"article:published_time\" content=\"2025-08-27T19:57:41+00:00\" \/>\n<meta property=\"og:image\" content=\"https:\/\/jornaltimoneiro.com.br\/wp-content\/uploads\/2025\/08\/Campanha-Ganha-Ganha-Canoas-visa-movimentar-o-comercio-em-setembro.jpeg\" \/>\n\t<meta property=\"og:image:width\" content=\"1080\" \/>\n\t<meta property=\"og:image:height\" content=\"838\" \/>\n\t<meta property=\"og:image:type\" content=\"image\/jpeg\" \/>\n<meta name=\"author\" content=\"Reda\u00e7\u00e3o\" \/>\n<meta name=\"twitter:card\" content=\"summary_large_image\" \/>\n<meta name=\"twitter:creator\" content=\"@_OTimoneiro\" \/>\n<meta name=\"twitter:site\" content=\"@_OTimoneiro\" \/>\n<meta name=\"twitter:label1\" content=\"Escrito por\" \/>\n\t<meta name=\"twitter:data1\" content=\"Reda\u00e7\u00e3o\" \/>\n\t<meta name=\"twitter:label2\" content=\"Est. tempo de leitura\" \/>\n\t<meta name=\"twitter:data2\" content=\"2 minutos\" \/>\n<script type=\"application\/ld+json\" class=\"yoast-schema-graph\">{\"@context\":\"https:\/\/schema.org\",\"@graph\":[{\"@type\":\"Article\",\"@id\":\"https:\/\/jornaltimoneiro.com.br\/index.php\/2025\/08\/27\/campanha-ganha-ganha-canoas-visa-movimentar-o-comercio-em-setembro\/#article\",\"isPartOf\":{\"@id\":\"https:\/\/jornaltimoneiro.com.br\/index.php\/2025\/08\/27\/campanha-ganha-ganha-canoas-visa-movimentar-o-comercio-em-setembro\/\"},\"author\":{\"name\":\"Reda\u00e7\u00e3o\",\"@id\":\"https:\/\/jornaltimoneiro.com.br\/#\/schema\/person\/f63482f1a02b1a9592707865e509ab40\"},\"headline\":\"Campanha Ganha-Ganha Canoas visa movimentar o com\u00e9rcio em setembro\",\"datePublished\":\"2025-08-27T19:57:41+00:00\",\"dateModified\":\"2025-08-27T19:57:41+00:00\",\"mainEntityOfPage\":{\"@id\":\"https:\/\/jornaltimoneiro.com.br\/index.php\/2025\/08\/27\/campanha-ganha-ganha-canoas-visa-movimentar-o-comercio-em-setembro\/\"},\"wordCount\":278,\"commentCount\":0,\"publisher\":{\"@id\":\"https:\/\/jornaltimoneiro.com.br\/#organization\"},\"keywords\":[\"campanha\",\"com\u00e9rcio\",\"empresas\",\"ganha-ganha canoas\",\"governo do estado\",\"Nota Fiscal ga\u00facha\"],\"articleSection\":[\"Com\u00e9rcio\"],\"inLanguage\":\"pt-BR\",\"potentialAction\":[{\"@type\":\"CommentAction\",\"name\":\"Comment\",\"target\":[\"https:\/\/jornaltimoneiro.com.br\/index.php\/2025\/08\/27\/campanha-ganha-ganha-canoas-visa-movimentar-o-comercio-em-setembro\/#respond\"]}]},{\"@type\":\"WebPage\",\"@id\":\"https:\/\/jornaltimoneiro.com.br\/index.php\/2025\/08\/27\/campanha-ganha-ganha-canoas-visa-movimentar-o-comercio-em-setembro\/\",\"url\":\"https:\/\/jornaltimoneiro.com.br\/index.php\/2025\/08\/27\/campanha-ganha-ganha-canoas-visa-movimentar-o-comercio-em-setembro\/\",\"name\":\"Campanha Ganha-Ganha Canoas visa movimentar o com\u00e9rcio em setembro - O Timoneiro Jornal Canoas RS\",\"isPartOf\":{\"@id\":\"https:\/\/jornaltimoneiro.com.br\/#website\"},\"datePublished\":\"2025-08-27T19:57:41+00:00\",\"dateModified\":\"2025-08-27T19:57:41+00:00\",\"description\":\"Empres\u00e1rios de Canoas ter\u00e3o uma oportunidade para impulsionar suas vendas e atrair novos clientes com a Campanha Ganha-Ganha Farroupilha\",\"breadcrumb\":{\"@id\":\"https:\/\/jornaltimoneiro.com.br\/index.php\/2025\/08\/27\/campanha-ganha-ganha-canoas-visa-movimentar-o-comercio-em-setembro\/#breadcrumb\"},\"inLanguage\":\"pt-BR\",\"potentialAction\":[{\"@type\":\"ReadAction\",\"target\":[\"https:\/\/jornaltimoneiro.com.br\/index.php\/2025\/08\/27\/campanha-ganha-ganha-canoas-visa-movimentar-o-comercio-em-setembro\/\"]}]},{\"@type\":\"BreadcrumbList\",\"@id\":\"https:\/\/jornaltimoneiro.com.br\/index.php\/2025\/08\/27\/campanha-ganha-ganha-canoas-visa-movimentar-o-comercio-em-setembro\/#breadcrumb\",\"itemListElement\":[{\"@type\":\"ListItem\",\"position\":1,\"name\":\"In\u00edcio\",\"item\":\"https:\/\/jornaltimoneiro.com.br\/\"},{\"@type\":\"ListItem\",\"position\":2,\"name\":\"Campanha Ganha-Ganha Canoas visa movimentar o com\u00e9rcio em setembro\"}]},{\"@type\":\"WebSite\",\"@id\":\"https:\/\/jornaltimoneiro.com.br\/#website\",\"url\":\"https:\/\/jornaltimoneiro.com.br\/\",\"name\":\"Jornal Timoneiro Canoas RS\",\"description\":\"Jornal O Timoneiro, o verdadeiro jornal de Canoas\",\"publisher\":{\"@id\":\"https:\/\/jornaltimoneiro.com.br\/#organization\"},\"potentialAction\":[{\"@type\":\"SearchAction\",\"target\":{\"@type\":\"EntryPoint\",\"urlTemplate\":\"https:\/\/jornaltimoneiro.com.br\/?s={search_term_string}\"},\"query-input\":\"required name=search_term_string\"}],\"inLanguage\":\"pt-BR\"},{\"@type\":\"Organization\",\"@id\":\"https:\/\/jornaltimoneiro.com.br\/#organization\",\"name\":\"Jornal Timoneiro Canoas RS\",\"url\":\"https:\/\/jornaltimoneiro.com.br\/\",\"logo\":{\"@type\":\"ImageObject\",\"inLanguage\":\"pt-BR\",\"@id\":\"https:\/\/jornaltimoneiro.com.br\/#\/schema\/logo\/image\/\",\"url\":\"https:\/\/jornaltimoneiro.com.br\/wp-content\/uploads\/2023\/03\/logonovo.png\",\"contentUrl\":\"https:\/\/jornaltimoneiro.com.br\/wp-content\/uploads\/2023\/03\/logonovo.png\",\"width\":\"469\",\"height\":\"171\",\"caption\":\"Jornal Timoneiro Canoas RS\"},\"image\":{\"@id\":\"https:\/\/jornaltimoneiro.com.br\/#\/schema\/logo\/image\/\"},\"sameAs\":[\"https:\/\/www.facebook.com\/jornaltimoneiro\",\"https:\/\/twitter.com\/_OTimoneiro\",\"https:\/\/www.instagram.com\/jornaltimoneirocanoas\/\",\"https:\/\/www.youtube.com\/@jornalotimoneiro7927\"]},{\"@type\":\"Person\",\"@id\":\"https:\/\/jornaltimoneiro.com.br\/#\/schema\/person\/f63482f1a02b1a9592707865e509ab40\",\"name\":\"Reda\u00e7\u00e3o\",\"image\":{\"@type\":\"ImageObject\",\"inLanguage\":\"pt-BR\",\"@id\":\"https:\/\/jornaltimoneiro.com.br\/#\/schema\/person\/image\/\",\"url\":\"https:\/\/jornaltimoneiro.com.br\/wp-content\/uploads\/2023\/03\/download.jpeg\",\"contentUrl\":\"https:\/\/jornaltimoneiro.com.br\/wp-content\/uploads\/2023\/03\/download.jpeg\",\"caption\":\"Reda\u00e7\u00e3o\"},\"url\":\"https:\/\/jornaltimoneiro.com.br\/index.php\/author\/simone-dutra\/\"}]}<\/script>\n<!-- \/ Yoast SEO plugin. -->","yoast_head_json":{"title":"Campanha Ganha-Ganha Canoas visa movimentar o com\u00e9rcio em setembro - O Timoneiro Jornal Canoas RS","description":"Empres\u00e1rios de Canoas ter\u00e3o uma oportunidade para impulsionar suas vendas e atrair novos clientes com a Campanha Ganha-Ganha Farroupilha","robots":{"index":"index","follow":"follow","max-snippet":"max-snippet:-1","max-image-preview":"max-image-preview:large","max-video-preview":"max-video-preview:-1"},"canonical":"https:\/\/jornaltimoneiro.com.br\/index.php\/2025\/08\/27\/campanha-ganha-ganha-canoas-visa-movimentar-o-comercio-em-setembro\/","og_locale":"pt_BR","og_type":"article","og_title":"Campanha Ganha-Ganha Canoas visa movimentar o com\u00e9rcio em setembro - O Timoneiro Jornal Canoas RS","og_description":"Empres\u00e1rios de Canoas ter\u00e3o uma oportunidade para impulsionar suas vendas e atrair novos clientes com a Campanha Ganha-Ganha Farroupilha","og_url":"https:\/\/jornaltimoneiro.com.br\/index.php\/2025\/08\/27\/campanha-ganha-ganha-canoas-visa-movimentar-o-comercio-em-setembro\/","og_site_name":"O Timoneiro Jornal Canoas RS","article_publisher":"https:\/\/www.facebook.com\/jornaltimoneiro","article_published_time":"2025-08-27T19:57:41+00:00","og_image":[{"width":"1080","height":"838","url":"https:\/\/jornaltimoneiro.com.br\/wp-content\/uploads\/2025\/08\/Campanha-Ganha-Ganha-Canoas-visa-movimentar-o-comercio-em-setembro.jpeg","type":"image\/jpeg"}],"author":"Reda\u00e7\u00e3o","twitter_card":"summary_large_image","twitter_creator":"@_OTimoneiro","twitter_site":"@_OTimoneiro","twitter_misc":{"Escrito por":"Reda\u00e7\u00e3o","Est. tempo de leitura":"2 minutos"},"schema":{"@context":"https:\/\/schema.org","@graph":[{"@type":"Article","@id":"https:\/\/jornaltimoneiro.com.br\/index.php\/2025\/08\/27\/campanha-ganha-ganha-canoas-visa-movimentar-o-comercio-em-setembro\/#article","isPartOf":{"@id":"https:\/\/jornaltimoneiro.com.br\/index.php\/2025\/08\/27\/campanha-ganha-ganha-canoas-visa-movimentar-o-comercio-em-setembro\/"},"author":{"name":"Reda\u00e7\u00e3o","@id":"https:\/\/jornaltimoneiro.com.br\/#\/schema\/person\/f63482f1a02b1a9592707865e509ab40"},"headline":"Campanha Ganha-Ganha Canoas visa movimentar o com\u00e9rcio em setembro","datePublished":"2025-08-27T19:57:41+00:00","dateModified":"2025-08-27T19:57:41+00:00","mainEntityOfPage":{"@id":"https:\/\/jornaltimoneiro.com.br\/index.php\/2025\/08\/27\/campanha-ganha-ganha-canoas-visa-movimentar-o-comercio-em-setembro\/"},"wordCount":278,"commentCount":0,"publisher":{"@id":"https:\/\/jornaltimoneiro.com.br\/#organization"},"keywords":["campanha","com\u00e9rcio","empresas","ganha-ganha canoas","governo do estado","Nota Fiscal ga\u00facha"],"articleSection":["Com\u00e9rcio"],"inLanguage":"pt-BR","potentialAction":[{"@type":"CommentAction","name":"Comment","target":["https:\/\/jornaltimoneiro.com.br\/index.php\/2025\/08\/27\/campanha-ganha-ganha-canoas-visa-movimentar-o-comercio-em-setembro\/#respond"]}]},{"@type":"WebPage","@id":"https:\/\/jornaltimoneiro.com.br\/index.php\/2025\/08\/27\/campanha-ganha-ganha-canoas-visa-movimentar-o-comercio-em-setembro\/","url":"https:\/\/jornaltimoneiro.com.br\/index.php\/2025\/08\/27\/campanha-ganha-ganha-canoas-visa-movimentar-o-comercio-em-setembro\/","name":"Campanha Ganha-Ganha Canoas visa movimentar o com\u00e9rcio em setembro - O Timoneiro Jornal Canoas RS","isPartOf":{"@id":"https:\/\/jornaltimoneiro.com.br\/#website"},"datePublished":"2025-08-27T19:57:41+00:00","dateModified":"2025-08-27T19:57:41+00:00","description":"Empres\u00e1rios de Canoas ter\u00e3o uma oportunidade para impulsionar suas vendas e atrair novos clientes com a Campanha Ganha-Ganha Farroupilha","breadcrumb":{"@id":"https:\/\/jornaltimoneiro.com.br\/index.php\/2025\/08\/27\/campanha-ganha-ganha-canoas-visa-movimentar-o-comercio-em-setembro\/#breadcrumb"},"inLanguage":"pt-BR","potentialAction":[{"@type":"ReadAction","target":["https:\/\/jornaltimoneiro.com.br\/index.php\/2025\/08\/27\/campanha-ganha-ganha-canoas-visa-movimentar-o-comercio-em-setembro\/"]}]},{"@type":"BreadcrumbList","@id":"https:\/\/jornaltimoneiro.com.br\/index.php\/2025\/08\/27\/campanha-ganha-ganha-canoas-visa-movimentar-o-comercio-em-setembro\/#breadcrumb","itemListElement":[{"@type":"ListItem","position":1,"name":"In\u00edcio","item":"https:\/\/jornaltimoneiro.com.br\/"},{"@type":"ListItem","position":2,"name":"Campanha Ganha-Ganha Canoas visa movimentar o com\u00e9rcio em setembro"}]},{"@type":"WebSite","@id":"https:\/\/jornaltimoneiro.com.br\/#website","url":"https:\/\/jornaltimoneiro.com.br\/","name":"Jornal Timoneiro Canoas RS","description":"Jornal O Timoneiro, o verdadeiro jornal de Canoas","publisher":{"@id":"https:\/\/jornaltimoneiro.com.br\/#organization"},"potentialAction":[{"@type":"SearchAction","target":{"@type":"EntryPoint","urlTemplate":"https:\/\/jornaltimoneiro.com.br\/?s={search_term_string}"},"query-input":"required name=search_term_string"}],"inLanguage":"pt-BR"},{"@type":"Organization","@id":"https:\/\/jornaltimoneiro.com.br\/#organization","name":"Jornal Timoneiro Canoas RS","url":"https:\/\/jornaltimoneiro.com.br\/","logo":{"@type":"ImageObject","inLanguage":"pt-BR","@id":"https:\/\/jornaltimoneiro.com.br\/#\/schema\/logo\/image\/","url":"https:\/\/jornaltimoneiro.com.br\/wp-content\/uploads\/2023\/03\/logonovo.png","contentUrl":"https:\/\/jornaltimoneiro.com.br\/wp-content\/uploads\/2023\/03\/logonovo.png","width":"469","height":"171","caption":"Jornal Timoneiro Canoas RS"},"image":{"@id":"https:\/\/jornaltimoneiro.com.br\/#\/schema\/logo\/image\/"},"sameAs":["https:\/\/www.facebook.com\/jornaltimoneiro","https:\/\/twitter.com\/_OTimoneiro","https:\/\/www.instagram.com\/jornaltimoneirocanoas\/","https:\/\/www.youtube.com\/@jornalotimoneiro7927"]},{"@type":"Person","@id":"https:\/\/jornaltimoneiro.com.br\/#\/schema\/person\/f63482f1a02b1a9592707865e509ab40","name":"Reda\u00e7\u00e3o","image":{"@type":"ImageObject","inLanguage":"pt-BR","@id":"https:\/\/jornaltimoneiro.com.br\/#\/schema\/person\/image\/","url":"https:\/\/jornaltimoneiro.com.br\/wp-content\/uploads\/2023\/03\/download.jpeg","contentUrl":"https:\/\/jornaltimoneiro.com.br\/wp-content\/uploads\/2023\/03\/download.jpeg","caption":"Reda\u00e7\u00e3o"},"url":"https:\/\/jornaltimoneiro.com.br\/index.php\/author\/simone-dutra\/"}]}},"_links":{"self":[{"href":"https:\/\/jornaltimoneiro.com.br\/index.php\/wp-json\/wp\/v2\/posts\/36525"}],"collection":[{"href":"https:\/\/jornaltimoneiro.com.br\/index.php\/wp-json\/wp\/v2\/posts"}],"about":[{"href":"https:\/\/jornaltimoneiro.com.br\/index.php\/wp-json\/wp\/v2\/types\/post"}],"author":[{"embeddable":true,"href":"https:\/\/jornaltimoneiro.com.br\/index.php\/wp-json\/wp\/v2\/users\/2"}],"replies":[{"embeddable":true,"href":"https:\/\/jornaltimoneiro.com.br\/index.php\/wp-json\/wp\/v2\/comments?post=36525"}],"version-history":[{"count":1,"href":"https:\/\/jornaltimoneiro.com.br\/index.php\/wp-json\/wp\/v2\/posts\/36525\/revisions"}],"predecessor-version":[{"id":36534,"href":"https:\/\/jornaltimoneiro.com.br\/index.php\/wp-json\/wp\/v2\/posts\/36525\/revisions\/36534"}],"wp:featuredmedia":[{"embeddable":true,"href":"https:\/\/jornaltimoneiro.com.br\/index.php\/wp-json\/wp\/v2\/media\/36533"}],"wp:attachment":[{"href":"https:\/\/jornaltimoneiro.com.br\/index.php\/wp-json\/wp\/v2\/media?parent=36525"}],"wp:term":[{"taxonomy":"category","embeddable":true,"href":"https:\/\/jornaltimoneiro.com.br\/index.php\/wp-json\/wp\/v2\/categories?post=36525"},{"taxonomy":"post_tag","embeddable":true,"href":"https:\/\/jornaltimoneiro.com.br\/index.php\/wp-json\/wp\/v2\/tags?post=36525"}],"curies":[{"name":"wp","href":"https:\/\/api.w.org\/{rel}","templated":true}]}}