{"id":36450,"date":"2025-08-25T15:23:07","date_gmt":"2025-08-25T18:23:07","guid":{"rendered":"https:\/\/jornaltimoneiro.com.br\/?p=36450"},"modified":"2025-08-25T15:23:07","modified_gmt":"2025-08-25T18:23:07","slug":"vigilancia-sanitaria-apreende-240-kg-de-alimentos-improprios-para-o-consumo-em-supermercado-no-guajuviras","status":"publish","type":"post","link":"https:\/\/jornaltimoneiro.com.br\/index.php\/2025\/08\/25\/vigilancia-sanitaria-apreende-240-kg-de-alimentos-improprios-para-o-consumo-em-supermercado-no-guajuviras\/","title":{"rendered":"Vigil\u00e2ncia Sanit\u00e1ria apreende 240 kg de alimentos impr\u00f3prios para o consumo em supermercado no Guajuviras"},"content":{"rendered":"<p>Na tarde de quinta-feira, 21, a Vigil\u00e2ncia Sanit\u00e1ria de Canoas apreendeu 240 kg de alimentos impr\u00f3prios para o consumo. A fiscaliza\u00e7\u00e3o ocorreu em um supermercado no bairro Guajuviras ap\u00f3s den\u00fancia an\u00f4nima sobre a venda de produtos vencidos.<\/p>\n<p>De acordo com a gest\u00e3o municipal, durante a vistoria, os agentes constataram diversas irregularidades, como produtos com prazo de validade vencido e armazenados de forma inadequada, oferecendo risco \u00e0 sa\u00fade da popula\u00e7\u00e3o.<\/p>\n<p>Diante da situa\u00e7\u00e3o, a equipe da Vigil\u00e2ncia deu um prazo para que o estabelecimento se reorganize e se adeque \u00e0s normas sanit\u00e1rias. Os produtos foram recolhidos e descartados corretamente para garantir que ningu\u00e9m fa\u00e7a uso dos alimentos.<\/p>\n<p>A secret\u00e1ria adjunta de Aten\u00e7\u00e3o Prim\u00e1ria, Michele Ara\u00fajo da Rosa, reiterou o compromisso da Prefeitura com a promo\u00e7\u00e3o da seguran\u00e7a alimentar e nutricional da popula\u00e7\u00e3o.<\/p>\n<blockquote><p>\u201cNossa miss\u00e3o \u00e9 assegurar que todos os alimentos comercializados estejam em conformidade com os padr\u00f5es sanit\u00e1rios e de qualidade definidos pela legisla\u00e7\u00e3o vigente. A comercializa\u00e7\u00e3o de produtos vencidos ou acondicionados de forma inadequada representa um risco concreto \u00e0 sa\u00fade coletiva\u201d, disse.<\/p>\n<p>\u201cPor isso, nossas equipes atuam de maneira rigorosa, por\u00e9m tamb\u00e9m educativa, orientando os estabelecimentos sobre os ajustes necess\u00e1rios, de modo a garantir que continuem prestando servi\u00e7os \u00e0 comunidade dentro de par\u00e2metros seguros e respons\u00e1veis\u201d, completou.<\/p><\/blockquote>\n","protected":false},"excerpt":{"rendered":"<p>Na tarde de quinta-feira, 21, a Vigil\u00e2ncia Sanit\u00e1ria de Canoas apreendeu 240 kg de alimentos impr\u00f3prios para o consumo. A fiscaliza\u00e7\u00e3o ocorreu em um supermercado no bairro Guajuviras ap\u00f3s den\u00fancia an\u00f4nima sobre a venda de produtos vencidos. De acordo com a gest\u00e3o municipal, durante a vistoria, os agentes constataram diversas irregularidades, como produtos com prazo [&hellip;]<\/p>\n","protected":false},"author":2,"featured_media":36451,"comment_status":"open","ping_status":"open","sticky":false,"template":"","format":"standard","meta":{"amp_status":"","footnotes":""},"categories":[23],"tags":[31,190,98,2880,1639],"class_list":["post-36450","post","type-post","status-publish","format-standard","has-post-thumbnail","hentry","category-geral","tag-canoas","tag-featured","tag-guajuviras","tag-supermercado","tag-vigilancia-sanitaria"],"yoast_head":"<!-- This site is optimized with the Yoast SEO plugin v20.5 - https:\/\/yoast.com\/wordpress\/plugins\/seo\/ -->\n<title>Vigil\u00e2ncia Sanit\u00e1ria apreende 240 kg de alimentos impr\u00f3prios para o consumo em supermercado no Guajuviras - O Timoneiro Jornal Canoas RS<\/title>\n<meta name=\"description\" content=\"Na tarde de quinta-feira, 21, a Vigil\u00e2ncia Sanit\u00e1ria de Canoas apreendeu 240 kg de alimentos impr\u00f3prios para o consumo.\" \/>\n<meta name=\"robots\" content=\"index, follow, max-snippet:-1, max-image-preview:large, max-video-preview:-1\" \/>\n<link rel=\"canonical\" href=\"https:\/\/jornaltimoneiro.com.br\/index.php\/2025\/08\/25\/vigilancia-sanitaria-apreende-240-kg-de-alimentos-improprios-para-o-consumo-em-supermercado-no-guajuviras\/\" \/>\n<meta property=\"og:locale\" content=\"pt_BR\" \/>\n<meta property=\"og:type\" content=\"article\" \/>\n<meta property=\"og:title\" content=\"Vigil\u00e2ncia Sanit\u00e1ria apreende 240 kg de alimentos impr\u00f3prios para o consumo em supermercado no Guajuviras - O Timoneiro Jornal Canoas RS\" \/>\n<meta property=\"og:description\" content=\"Na tarde de quinta-feira, 21, a Vigil\u00e2ncia Sanit\u00e1ria de Canoas apreendeu 240 kg de alimentos impr\u00f3prios para o consumo.\" \/>\n<meta property=\"og:url\" content=\"https:\/\/jornaltimoneiro.com.br\/index.php\/2025\/08\/25\/vigilancia-sanitaria-apreende-240-kg-de-alimentos-improprios-para-o-consumo-em-supermercado-no-guajuviras\/\" \/>\n<meta property=\"og:site_name\" content=\"O Timoneiro Jornal Canoas RS\" \/>\n<meta property=\"article:publisher\" content=\"https:\/\/www.facebook.com\/jornaltimoneiro\" \/>\n<meta property=\"article:published_time\" content=\"2025-08-25T18:23:07+00:00\" \/>\n<meta property=\"og:image\" content=\"https:\/\/jornaltimoneiro.com.br\/wp-content\/uploads\/2025\/08\/Vigilancia-Sanitaria-apreende-240-kg-de-alimentos-improprios-para-o-consumo-em-supermercado-no-Guajuviras.jpeg\" \/>\n\t<meta property=\"og:image:width\" content=\"1080\" \/>\n\t<meta property=\"og:image:height\" content=\"810\" \/>\n\t<meta property=\"og:image:type\" content=\"image\/jpeg\" \/>\n<meta name=\"author\" content=\"Reda\u00e7\u00e3o\" \/>\n<meta name=\"twitter:card\" content=\"summary_large_image\" \/>\n<meta name=\"twitter:creator\" content=\"@_OTimoneiro\" \/>\n<meta name=\"twitter:site\" content=\"@_OTimoneiro\" \/>\n<meta name=\"twitter:label1\" content=\"Escrito por\" \/>\n\t<meta name=\"twitter:data1\" content=\"Reda\u00e7\u00e3o\" \/>\n\t<meta name=\"twitter:label2\" content=\"Est. tempo de leitura\" \/>\n\t<meta name=\"twitter:data2\" content=\"2 minutos\" \/>\n<script type=\"application\/ld+json\" class=\"yoast-schema-graph\">{\"@context\":\"https:\/\/schema.org\",\"@graph\":[{\"@type\":\"Article\",\"@id\":\"https:\/\/jornaltimoneiro.com.br\/index.php\/2025\/08\/25\/vigilancia-sanitaria-apreende-240-kg-de-alimentos-improprios-para-o-consumo-em-supermercado-no-guajuviras\/#article\",\"isPartOf\":{\"@id\":\"https:\/\/jornaltimoneiro.com.br\/index.php\/2025\/08\/25\/vigilancia-sanitaria-apreende-240-kg-de-alimentos-improprios-para-o-consumo-em-supermercado-no-guajuviras\/\"},\"author\":{\"name\":\"Reda\u00e7\u00e3o\",\"@id\":\"https:\/\/jornaltimoneiro.com.br\/#\/schema\/person\/f63482f1a02b1a9592707865e509ab40\"},\"headline\":\"Vigil\u00e2ncia Sanit\u00e1ria apreende 240 kg de alimentos impr\u00f3prios para o consumo em supermercado no Guajuviras\",\"datePublished\":\"2025-08-25T18:23:07+00:00\",\"dateModified\":\"2025-08-25T18:23:07+00:00\",\"mainEntityOfPage\":{\"@id\":\"https:\/\/jornaltimoneiro.com.br\/index.php\/2025\/08\/25\/vigilancia-sanitaria-apreende-240-kg-de-alimentos-improprios-para-o-consumo-em-supermercado-no-guajuviras\/\"},\"wordCount\":252,\"commentCount\":0,\"publisher\":{\"@id\":\"https:\/\/jornaltimoneiro.com.br\/#organization\"},\"keywords\":[\"canoas\",\"featured\",\"Guajuviras\",\"supermercado\",\"Vigil\u00e2ncia Sanit\u00e1ria\"],\"articleSection\":[\"Geral\"],\"inLanguage\":\"pt-BR\",\"potentialAction\":[{\"@type\":\"CommentAction\",\"name\":\"Comment\",\"target\":[\"https:\/\/jornaltimoneiro.com.br\/index.php\/2025\/08\/25\/vigilancia-sanitaria-apreende-240-kg-de-alimentos-improprios-para-o-consumo-em-supermercado-no-guajuviras\/#respond\"]}]},{\"@type\":\"WebPage\",\"@id\":\"https:\/\/jornaltimoneiro.com.br\/index.php\/2025\/08\/25\/vigilancia-sanitaria-apreende-240-kg-de-alimentos-improprios-para-o-consumo-em-supermercado-no-guajuviras\/\",\"url\":\"https:\/\/jornaltimoneiro.com.br\/index.php\/2025\/08\/25\/vigilancia-sanitaria-apreende-240-kg-de-alimentos-improprios-para-o-consumo-em-supermercado-no-guajuviras\/\",\"name\":\"Vigil\u00e2ncia Sanit\u00e1ria apreende 240 kg de alimentos impr\u00f3prios para o consumo em supermercado no Guajuviras - O Timoneiro Jornal Canoas RS\",\"isPartOf\":{\"@id\":\"https:\/\/jornaltimoneiro.com.br\/#website\"},\"datePublished\":\"2025-08-25T18:23:07+00:00\",\"dateModified\":\"2025-08-25T18:23:07+00:00\",\"description\":\"Na tarde de quinta-feira, 21, a Vigil\u00e2ncia Sanit\u00e1ria de Canoas apreendeu 240 kg de alimentos impr\u00f3prios para o consumo.\",\"breadcrumb\":{\"@id\":\"https:\/\/jornaltimoneiro.com.br\/index.php\/2025\/08\/25\/vigilancia-sanitaria-apreende-240-kg-de-alimentos-improprios-para-o-consumo-em-supermercado-no-guajuviras\/#breadcrumb\"},\"inLanguage\":\"pt-BR\",\"potentialAction\":[{\"@type\":\"ReadAction\",\"target\":[\"https:\/\/jornaltimoneiro.com.br\/index.php\/2025\/08\/25\/vigilancia-sanitaria-apreende-240-kg-de-alimentos-improprios-para-o-consumo-em-supermercado-no-guajuviras\/\"]}]},{\"@type\":\"BreadcrumbList\",\"@id\":\"https:\/\/jornaltimoneiro.com.br\/index.php\/2025\/08\/25\/vigilancia-sanitaria-apreende-240-kg-de-alimentos-improprios-para-o-consumo-em-supermercado-no-guajuviras\/#breadcrumb\",\"itemListElement\":[{\"@type\":\"ListItem\",\"position\":1,\"name\":\"In\u00edcio\",\"item\":\"https:\/\/jornaltimoneiro.com.br\/\"},{\"@type\":\"ListItem\",\"position\":2,\"name\":\"Vigil\u00e2ncia Sanit\u00e1ria apreende 240 kg de alimentos impr\u00f3prios para o consumo em supermercado no Guajuviras\"}]},{\"@type\":\"WebSite\",\"@id\":\"https:\/\/jornaltimoneiro.com.br\/#website\",\"url\":\"https:\/\/jornaltimoneiro.com.br\/\",\"name\":\"Jornal Timoneiro Canoas RS\",\"description\":\"Jornal O Timoneiro, o verdadeiro jornal de Canoas\",\"publisher\":{\"@id\":\"https:\/\/jornaltimoneiro.com.br\/#organization\"},\"potentialAction\":[{\"@type\":\"SearchAction\",\"target\":{\"@type\":\"EntryPoint\",\"urlTemplate\":\"https:\/\/jornaltimoneiro.com.br\/?s={search_term_string}\"},\"query-input\":\"required name=search_term_string\"}],\"inLanguage\":\"pt-BR\"},{\"@type\":\"Organization\",\"@id\":\"https:\/\/jornaltimoneiro.com.br\/#organization\",\"name\":\"Jornal Timoneiro Canoas RS\",\"url\":\"https:\/\/jornaltimoneiro.com.br\/\",\"logo\":{\"@type\":\"ImageObject\",\"inLanguage\":\"pt-BR\",\"@id\":\"https:\/\/jornaltimoneiro.com.br\/#\/schema\/logo\/image\/\",\"url\":\"https:\/\/jornaltimoneiro.com.br\/wp-content\/uploads\/2023\/03\/logonovo.png\",\"contentUrl\":\"https:\/\/jornaltimoneiro.com.br\/wp-content\/uploads\/2023\/03\/logonovo.png\",\"width\":\"469\",\"height\":\"171\",\"caption\":\"Jornal Timoneiro Canoas RS\"},\"image\":{\"@id\":\"https:\/\/jornaltimoneiro.com.br\/#\/schema\/logo\/image\/\"},\"sameAs\":[\"https:\/\/www.facebook.com\/jornaltimoneiro\",\"https:\/\/twitter.com\/_OTimoneiro\",\"https:\/\/www.instagram.com\/jornaltimoneirocanoas\/\",\"https:\/\/www.youtube.com\/@jornalotimoneiro7927\"]},{\"@type\":\"Person\",\"@id\":\"https:\/\/jornaltimoneiro.com.br\/#\/schema\/person\/f63482f1a02b1a9592707865e509ab40\",\"name\":\"Reda\u00e7\u00e3o\",\"image\":{\"@type\":\"ImageObject\",\"inLanguage\":\"pt-BR\",\"@id\":\"https:\/\/jornaltimoneiro.com.br\/#\/schema\/person\/image\/\",\"url\":\"https:\/\/jornaltimoneiro.com.br\/wp-content\/uploads\/2023\/03\/download.jpeg\",\"contentUrl\":\"https:\/\/jornaltimoneiro.com.br\/wp-content\/uploads\/2023\/03\/download.jpeg\",\"caption\":\"Reda\u00e7\u00e3o\"},\"url\":\"https:\/\/jornaltimoneiro.com.br\/index.php\/author\/simone-dutra\/\"}]}<\/script>\n<!-- \/ Yoast SEO plugin. -->","yoast_head_json":{"title":"Vigil\u00e2ncia Sanit\u00e1ria apreende 240 kg de alimentos impr\u00f3prios para o consumo em supermercado no Guajuviras - O Timoneiro Jornal Canoas RS","description":"Na tarde de quinta-feira, 21, a Vigil\u00e2ncia Sanit\u00e1ria de Canoas apreendeu 240 kg de alimentos impr\u00f3prios para o consumo.","robots":{"index":"index","follow":"follow","max-snippet":"max-snippet:-1","max-image-preview":"max-image-preview:large","max-video-preview":"max-video-preview:-1"},"canonical":"https:\/\/jornaltimoneiro.com.br\/index.php\/2025\/08\/25\/vigilancia-sanitaria-apreende-240-kg-de-alimentos-improprios-para-o-consumo-em-supermercado-no-guajuviras\/","og_locale":"pt_BR","og_type":"article","og_title":"Vigil\u00e2ncia Sanit\u00e1ria apreende 240 kg de alimentos impr\u00f3prios para o consumo em supermercado no Guajuviras - O Timoneiro Jornal Canoas RS","og_description":"Na tarde de quinta-feira, 21, a Vigil\u00e2ncia Sanit\u00e1ria de Canoas apreendeu 240 kg de alimentos impr\u00f3prios para o consumo.","og_url":"https:\/\/jornaltimoneiro.com.br\/index.php\/2025\/08\/25\/vigilancia-sanitaria-apreende-240-kg-de-alimentos-improprios-para-o-consumo-em-supermercado-no-guajuviras\/","og_site_name":"O Timoneiro Jornal Canoas RS","article_publisher":"https:\/\/www.facebook.com\/jornaltimoneiro","article_published_time":"2025-08-25T18:23:07+00:00","og_image":[{"width":"1080","height":"810","url":"https:\/\/jornaltimoneiro.com.br\/wp-content\/uploads\/2025\/08\/Vigilancia-Sanitaria-apreende-240-kg-de-alimentos-improprios-para-o-consumo-em-supermercado-no-Guajuviras.jpeg","type":"image\/jpeg"}],"author":"Reda\u00e7\u00e3o","twitter_card":"summary_large_image","twitter_creator":"@_OTimoneiro","twitter_site":"@_OTimoneiro","twitter_misc":{"Escrito por":"Reda\u00e7\u00e3o","Est. tempo de leitura":"2 minutos"},"schema":{"@context":"https:\/\/schema.org","@graph":[{"@type":"Article","@id":"https:\/\/jornaltimoneiro.com.br\/index.php\/2025\/08\/25\/vigilancia-sanitaria-apreende-240-kg-de-alimentos-improprios-para-o-consumo-em-supermercado-no-guajuviras\/#article","isPartOf":{"@id":"https:\/\/jornaltimoneiro.com.br\/index.php\/2025\/08\/25\/vigilancia-sanitaria-apreende-240-kg-de-alimentos-improprios-para-o-consumo-em-supermercado-no-guajuviras\/"},"author":{"name":"Reda\u00e7\u00e3o","@id":"https:\/\/jornaltimoneiro.com.br\/#\/schema\/person\/f63482f1a02b1a9592707865e509ab40"},"headline":"Vigil\u00e2ncia Sanit\u00e1ria apreende 240 kg de alimentos impr\u00f3prios para o consumo em supermercado no Guajuviras","datePublished":"2025-08-25T18:23:07+00:00","dateModified":"2025-08-25T18:23:07+00:00","mainEntityOfPage":{"@id":"https:\/\/jornaltimoneiro.com.br\/index.php\/2025\/08\/25\/vigilancia-sanitaria-apreende-240-kg-de-alimentos-improprios-para-o-consumo-em-supermercado-no-guajuviras\/"},"wordCount":252,"commentCount":0,"publisher":{"@id":"https:\/\/jornaltimoneiro.com.br\/#organization"},"keywords":["canoas","featured","Guajuviras","supermercado","Vigil\u00e2ncia Sanit\u00e1ria"],"articleSection":["Geral"],"inLanguage":"pt-BR","potentialAction":[{"@type":"CommentAction","name":"Comment","target":["https:\/\/jornaltimoneiro.com.br\/index.php\/2025\/08\/25\/vigilancia-sanitaria-apreende-240-kg-de-alimentos-improprios-para-o-consumo-em-supermercado-no-guajuviras\/#respond"]}]},{"@type":"WebPage","@id":"https:\/\/jornaltimoneiro.com.br\/index.php\/2025\/08\/25\/vigilancia-sanitaria-apreende-240-kg-de-alimentos-improprios-para-o-consumo-em-supermercado-no-guajuviras\/","url":"https:\/\/jornaltimoneiro.com.br\/index.php\/2025\/08\/25\/vigilancia-sanitaria-apreende-240-kg-de-alimentos-improprios-para-o-consumo-em-supermercado-no-guajuviras\/","name":"Vigil\u00e2ncia Sanit\u00e1ria apreende 240 kg de alimentos impr\u00f3prios para o consumo em supermercado no Guajuviras - O Timoneiro Jornal Canoas RS","isPartOf":{"@id":"https:\/\/jornaltimoneiro.com.br\/#website"},"datePublished":"2025-08-25T18:23:07+00:00","dateModified":"2025-08-25T18:23:07+00:00","description":"Na tarde de quinta-feira, 21, a Vigil\u00e2ncia Sanit\u00e1ria de Canoas apreendeu 240 kg de alimentos impr\u00f3prios para o consumo.","breadcrumb":{"@id":"https:\/\/jornaltimoneiro.com.br\/index.php\/2025\/08\/25\/vigilancia-sanitaria-apreende-240-kg-de-alimentos-improprios-para-o-consumo-em-supermercado-no-guajuviras\/#breadcrumb"},"inLanguage":"pt-BR","potentialAction":[{"@type":"ReadAction","target":["https:\/\/jornaltimoneiro.com.br\/index.php\/2025\/08\/25\/vigilancia-sanitaria-apreende-240-kg-de-alimentos-improprios-para-o-consumo-em-supermercado-no-guajuviras\/"]}]},{"@type":"BreadcrumbList","@id":"https:\/\/jornaltimoneiro.com.br\/index.php\/2025\/08\/25\/vigilancia-sanitaria-apreende-240-kg-de-alimentos-improprios-para-o-consumo-em-supermercado-no-guajuviras\/#breadcrumb","itemListElement":[{"@type":"ListItem","position":1,"name":"In\u00edcio","item":"https:\/\/jornaltimoneiro.com.br\/"},{"@type":"ListItem","position":2,"name":"Vigil\u00e2ncia Sanit\u00e1ria apreende 240 kg de alimentos impr\u00f3prios para o consumo em supermercado no Guajuviras"}]},{"@type":"WebSite","@id":"https:\/\/jornaltimoneiro.com.br\/#website","url":"https:\/\/jornaltimoneiro.com.br\/","name":"Jornal Timoneiro Canoas RS","description":"Jornal O Timoneiro, o verdadeiro jornal de Canoas","publisher":{"@id":"https:\/\/jornaltimoneiro.com.br\/#organization"},"potentialAction":[{"@type":"SearchAction","target":{"@type":"EntryPoint","urlTemplate":"https:\/\/jornaltimoneiro.com.br\/?s={search_term_string}"},"query-input":"required name=search_term_string"}],"inLanguage":"pt-BR"},{"@type":"Organization","@id":"https:\/\/jornaltimoneiro.com.br\/#organization","name":"Jornal Timoneiro Canoas RS","url":"https:\/\/jornaltimoneiro.com.br\/","logo":{"@type":"ImageObject","inLanguage":"pt-BR","@id":"https:\/\/jornaltimoneiro.com.br\/#\/schema\/logo\/image\/","url":"https:\/\/jornaltimoneiro.com.br\/wp-content\/uploads\/2023\/03\/logonovo.png","contentUrl":"https:\/\/jornaltimoneiro.com.br\/wp-content\/uploads\/2023\/03\/logonovo.png","width":"469","height":"171","caption":"Jornal Timoneiro Canoas RS"},"image":{"@id":"https:\/\/jornaltimoneiro.com.br\/#\/schema\/logo\/image\/"},"sameAs":["https:\/\/www.facebook.com\/jornaltimoneiro","https:\/\/twitter.com\/_OTimoneiro","https:\/\/www.instagram.com\/jornaltimoneirocanoas\/","https:\/\/www.youtube.com\/@jornalotimoneiro7927"]},{"@type":"Person","@id":"https:\/\/jornaltimoneiro.com.br\/#\/schema\/person\/f63482f1a02b1a9592707865e509ab40","name":"Reda\u00e7\u00e3o","image":{"@type":"ImageObject","inLanguage":"pt-BR","@id":"https:\/\/jornaltimoneiro.com.br\/#\/schema\/person\/image\/","url":"https:\/\/jornaltimoneiro.com.br\/wp-content\/uploads\/2023\/03\/download.jpeg","contentUrl":"https:\/\/jornaltimoneiro.com.br\/wp-content\/uploads\/2023\/03\/download.jpeg","caption":"Reda\u00e7\u00e3o"},"url":"https:\/\/jornaltimoneiro.com.br\/index.php\/author\/simone-dutra\/"}]}},"_links":{"self":[{"href":"https:\/\/jornaltimoneiro.com.br\/index.php\/wp-json\/wp\/v2\/posts\/36450"}],"collection":[{"href":"https:\/\/jornaltimoneiro.com.br\/index.php\/wp-json\/wp\/v2\/posts"}],"about":[{"href":"https:\/\/jornaltimoneiro.com.br\/index.php\/wp-json\/wp\/v2\/types\/post"}],"author":[{"embeddable":true,"href":"https:\/\/jornaltimoneiro.com.br\/index.php\/wp-json\/wp\/v2\/users\/2"}],"replies":[{"embeddable":true,"href":"https:\/\/jornaltimoneiro.com.br\/index.php\/wp-json\/wp\/v2\/comments?post=36450"}],"version-history":[{"count":1,"href":"https:\/\/jornaltimoneiro.com.br\/index.php\/wp-json\/wp\/v2\/posts\/36450\/revisions"}],"predecessor-version":[{"id":36458,"href":"https:\/\/jornaltimoneiro.com.br\/index.php\/wp-json\/wp\/v2\/posts\/36450\/revisions\/36458"}],"wp:featuredmedia":[{"embeddable":true,"href":"https:\/\/jornaltimoneiro.com.br\/index.php\/wp-json\/wp\/v2\/media\/36451"}],"wp:attachment":[{"href":"https:\/\/jornaltimoneiro.com.br\/index.php\/wp-json\/wp\/v2\/media?parent=36450"}],"wp:term":[{"taxonomy":"category","embeddable":true,"href":"https:\/\/jornaltimoneiro.com.br\/index.php\/wp-json\/wp\/v2\/categories?post=36450"},{"taxonomy":"post_tag","embeddable":true,"href":"https:\/\/jornaltimoneiro.com.br\/index.php\/wp-json\/wp\/v2\/tags?post=36450"}],"curies":[{"name":"wp","href":"https:\/\/api.w.org\/{rel}","templated":true}]}}