{"id":36439,"date":"2025-08-25T13:26:00","date_gmt":"2025-08-25T16:26:00","guid":{"rendered":"https:\/\/jornaltimoneiro.com.br\/?p=36439"},"modified":"2025-08-25T13:26:00","modified_gmt":"2025-08-25T16:26:00","slug":"rustica-85-anos-cics-canoas-celebra-a-propria-historia-em-evento-esportivo","status":"publish","type":"post","link":"https:\/\/jornaltimoneiro.com.br\/index.php\/2025\/08\/25\/rustica-85-anos-cics-canoas-celebra-a-propria-historia-em-evento-esportivo\/","title":{"rendered":"R\u00fastica 85 anos CICS Canoas celebra a pr\u00f3pria hist\u00f3ria em evento esportivo"},"content":{"rendered":"<p><span style=\"font-weight: 400;\">No dia <\/span>26 de outubro, Canoas ser\u00e1 palco de um evento que une tradi\u00e7\u00e3o, sa\u00fade e confraterniza\u00e7\u00e3o: a R\u00fastica comemorativa aos 85 anos da CICS Canoas. Mais do que uma corrida, \u00e9 um convite para celebrar a hist\u00f3ria e o futuro de uma Entidade que h\u00e1 quase nove d\u00e9cadas impulsiona o desenvolvimento econ\u00f4mico e social da cidade.<\/p>\n<p>Promovida pela CICS Canoas, com apoio das Diretorias de Sa\u00fade e de Comunica\u00e7\u00e3o e Marketing, e em parceria com o SESI<span style=\"font-weight: 400;\">, a R\u00fastica \u00e9 um est\u00edmulo \u00e0 pr\u00e1tica esportiva e um incentivo ao bem-estar e \u00e0 qualidade de vida.<\/span><\/p>\n<h4><span style=\"font-weight: 400;\">Os participantes poder\u00e3o escolher entre tr\u00eas modalidades:<\/span><\/h4>\n<ul>\n<li style=\"font-weight: 400;\" aria-level=\"1\"><b>Corrida 8,5 km<\/b><span style=\"font-weight: 400;\"> \u2013 largada \u00e0s 07h30<\/span><\/li>\n<li style=\"font-weight: 400;\" aria-level=\"1\"><b>Corrida 3 km<\/b><span style=\"font-weight: 400;\"> \u2013 largada \u00e0s 07h30<\/span><\/li>\n<li style=\"font-weight: 400;\" aria-level=\"1\"><b>Caminhada 3 km<\/b><span style=\"font-weight: 400;\"> \u2013 largada \u00e0s 07h35<\/span><\/li>\n<\/ul>\n<p><span style=\"font-weight: 400;\">As inscri\u00e7\u00f5es j\u00e1 est\u00e3o abertas no site da <\/span><b>TriChip<\/b><span style=\"font-weight: 400;\"> (<\/span><a href=\"https:\/\/www.trichip.com.br\/evento\/rustica-85-anos-cics-canoas-2025\"><span style=\"font-weight: 400;\">https:\/\/www.trichip.com.br\/evento\/rustica-85-anos-cics-canoas-2025<\/span><\/a><span style=\"font-weight: 400;\"> ) e contam com valores promocionais:<\/span><\/p>\n<p>&#8211;\u00a0 R$ 85,00 at\u00e9 10\/09<br \/>\n(+ taxa do site)<br \/>\n&#8211; R$ 99,00 a partir do dia 11\/09 at\u00e9 01\/10 ou enquanto houver vagas<br \/>\n(+ taxa do site)<\/p>\n<p>A R\u00fastica n\u00e3o \u00e9 apenas uma competi\u00e7\u00e3o; \u00e9 tamb\u00e9m um incentivo a h\u00e1bitos saud\u00e1veis e \u00e0 integra\u00e7\u00e3o, reunindo amigos, fam\u00edlias, atletas e a comunidade para fortalecer v\u00ednculos e criar mem\u00f3rias.<\/p>\n<blockquote><p>\u201cMais do que cruzar a linha de chegada, estaremos todos juntos rumo a um futuro mais saud\u00e1vel e conectado. A R\u00fastica simboliza a uni\u00e3o entre tradi\u00e7\u00e3o e inova\u00e7\u00e3o, marcas que definem a trajet\u00f3ria da nossa Entidade\u201d, destaca a diretoria da CICS Canoas. Em breve, ser\u00e3o divulgados o percurso completo e detalhes sobre as premia\u00e7\u00f5es.<\/p><\/blockquote>\n<h4>Servi\u00e7o<\/h4>\n<ul>\n<li>O qu\u00ea: R\u00fastica 85 anos CICS Canoas<\/li>\n<li>Quando: 26 de outubro de 2025 (domingo), a partir das 07h30<\/li>\n<li>Onde: ParkShopping Canoas \u2013 Canoas\/RS<\/li>\n<li>Modalidades: Corrida 8,5 km | Corrida 3 km | Caminhada 3 km<\/li>\n<li>Inscri\u00e7\u00f5es: Site TriChip https:\/\/www.trichip.com.br\/evento\/rustica-85-anos-cics-canoas-2025<\/li>\n<li>Valores: R$ 85,00 at\u00e9 10\/09 | R$ 99,00 at\u00e9 01\/10 ou at\u00e9 o limite de vagas<\/li>\n<\/ul>\n","protected":false},"excerpt":{"rendered":"<p>No dia 26 de outubro, Canoas ser\u00e1 palco de um evento que une tradi\u00e7\u00e3o, sa\u00fade e confraterniza\u00e7\u00e3o: a R\u00fastica comemorativa aos 85 anos da CICS Canoas. Mais do que uma corrida, \u00e9 um convite para celebrar a hist\u00f3ria e o futuro de uma Entidade que h\u00e1 quase nove d\u00e9cadas impulsiona o desenvolvimento econ\u00f4mico e social [&hellip;]<\/p>\n","protected":false},"author":2,"featured_media":36440,"comment_status":"open","ping_status":"open","sticky":false,"template":"","format":"standard","meta":{"amp_status":"","footnotes":""},"categories":[23],"tags":[2869,31,884,949,4631],"class_list":["post-36439","post","type-post","status-publish","format-standard","has-post-thumbnail","hentry","category-geral","tag-85-anos","tag-canoas","tag-cics","tag-corrida","tag-rustica"],"yoast_head":"<!-- This site is optimized with the Yoast SEO plugin v20.5 - https:\/\/yoast.com\/wordpress\/plugins\/seo\/ -->\n<title>R\u00fastica 85 anos CICS Canoas celebra a pr\u00f3pria hist\u00f3ria em evento esportivo - O Timoneiro Jornal Canoas RS<\/title>\n<meta name=\"description\" content=\"Canoas ser\u00e1 palco de um evento que une tradi\u00e7\u00e3o, sa\u00fade e confraterniza\u00e7\u00e3o: a R\u00fastica comemorativa aos 85 anos da CICS Canoas\" \/>\n<meta name=\"robots\" content=\"index, follow, max-snippet:-1, max-image-preview:large, max-video-preview:-1\" \/>\n<link rel=\"canonical\" href=\"https:\/\/jornaltimoneiro.com.br\/index.php\/2025\/08\/25\/rustica-85-anos-cics-canoas-celebra-a-propria-historia-em-evento-esportivo\/\" \/>\n<meta property=\"og:locale\" content=\"pt_BR\" \/>\n<meta property=\"og:type\" content=\"article\" \/>\n<meta property=\"og:title\" content=\"R\u00fastica 85 anos CICS Canoas celebra a pr\u00f3pria hist\u00f3ria em evento esportivo - O Timoneiro Jornal Canoas RS\" \/>\n<meta property=\"og:description\" content=\"Canoas ser\u00e1 palco de um evento que une tradi\u00e7\u00e3o, sa\u00fade e confraterniza\u00e7\u00e3o: a R\u00fastica comemorativa aos 85 anos da CICS Canoas\" \/>\n<meta property=\"og:url\" content=\"https:\/\/jornaltimoneiro.com.br\/index.php\/2025\/08\/25\/rustica-85-anos-cics-canoas-celebra-a-propria-historia-em-evento-esportivo\/\" \/>\n<meta property=\"og:site_name\" content=\"O Timoneiro Jornal Canoas RS\" \/>\n<meta property=\"article:publisher\" content=\"https:\/\/www.facebook.com\/jornaltimoneiro\" \/>\n<meta property=\"article:published_time\" content=\"2025-08-25T16:26:00+00:00\" \/>\n<meta property=\"og:image\" content=\"https:\/\/jornaltimoneiro.com.br\/wp-content\/uploads\/2025\/08\/Rustica-85-anos-CICS-Canoas-celebra-a-propria-historia-em-evento-esportivo.jpeg\" \/>\n\t<meta property=\"og:image:width\" content=\"300\" \/>\n\t<meta property=\"og:image:height\" content=\"318\" \/>\n\t<meta property=\"og:image:type\" content=\"image\/jpeg\" \/>\n<meta name=\"author\" content=\"Reda\u00e7\u00e3o\" \/>\n<meta name=\"twitter:card\" content=\"summary_large_image\" \/>\n<meta name=\"twitter:creator\" content=\"@_OTimoneiro\" \/>\n<meta name=\"twitter:site\" content=\"@_OTimoneiro\" \/>\n<meta name=\"twitter:label1\" content=\"Escrito por\" \/>\n\t<meta name=\"twitter:data1\" content=\"Reda\u00e7\u00e3o\" \/>\n\t<meta name=\"twitter:label2\" content=\"Est. tempo de leitura\" \/>\n\t<meta name=\"twitter:data2\" content=\"2 minutos\" \/>\n<script type=\"application\/ld+json\" class=\"yoast-schema-graph\">{\"@context\":\"https:\/\/schema.org\",\"@graph\":[{\"@type\":\"Article\",\"@id\":\"https:\/\/jornaltimoneiro.com.br\/index.php\/2025\/08\/25\/rustica-85-anos-cics-canoas-celebra-a-propria-historia-em-evento-esportivo\/#article\",\"isPartOf\":{\"@id\":\"https:\/\/jornaltimoneiro.com.br\/index.php\/2025\/08\/25\/rustica-85-anos-cics-canoas-celebra-a-propria-historia-em-evento-esportivo\/\"},\"author\":{\"name\":\"Reda\u00e7\u00e3o\",\"@id\":\"https:\/\/jornaltimoneiro.com.br\/#\/schema\/person\/f63482f1a02b1a9592707865e509ab40\"},\"headline\":\"R\u00fastica 85 anos CICS Canoas celebra a pr\u00f3pria hist\u00f3ria em evento esportivo\",\"datePublished\":\"2025-08-25T16:26:00+00:00\",\"dateModified\":\"2025-08-25T16:26:00+00:00\",\"mainEntityOfPage\":{\"@id\":\"https:\/\/jornaltimoneiro.com.br\/index.php\/2025\/08\/25\/rustica-85-anos-cics-canoas-celebra-a-propria-historia-em-evento-esportivo\/\"},\"wordCount\":336,\"commentCount\":0,\"publisher\":{\"@id\":\"https:\/\/jornaltimoneiro.com.br\/#organization\"},\"keywords\":[\"85 anos\",\"canoas\",\"CICS\",\"corrida\",\"r\u00fastica\"],\"articleSection\":[\"Geral\"],\"inLanguage\":\"pt-BR\",\"potentialAction\":[{\"@type\":\"CommentAction\",\"name\":\"Comment\",\"target\":[\"https:\/\/jornaltimoneiro.com.br\/index.php\/2025\/08\/25\/rustica-85-anos-cics-canoas-celebra-a-propria-historia-em-evento-esportivo\/#respond\"]}]},{\"@type\":\"WebPage\",\"@id\":\"https:\/\/jornaltimoneiro.com.br\/index.php\/2025\/08\/25\/rustica-85-anos-cics-canoas-celebra-a-propria-historia-em-evento-esportivo\/\",\"url\":\"https:\/\/jornaltimoneiro.com.br\/index.php\/2025\/08\/25\/rustica-85-anos-cics-canoas-celebra-a-propria-historia-em-evento-esportivo\/\",\"name\":\"R\u00fastica 85 anos CICS Canoas celebra a pr\u00f3pria hist\u00f3ria em evento esportivo - O Timoneiro Jornal Canoas RS\",\"isPartOf\":{\"@id\":\"https:\/\/jornaltimoneiro.com.br\/#website\"},\"datePublished\":\"2025-08-25T16:26:00+00:00\",\"dateModified\":\"2025-08-25T16:26:00+00:00\",\"description\":\"Canoas ser\u00e1 palco de um evento que une tradi\u00e7\u00e3o, sa\u00fade e confraterniza\u00e7\u00e3o: a R\u00fastica comemorativa aos 85 anos da CICS Canoas\",\"breadcrumb\":{\"@id\":\"https:\/\/jornaltimoneiro.com.br\/index.php\/2025\/08\/25\/rustica-85-anos-cics-canoas-celebra-a-propria-historia-em-evento-esportivo\/#breadcrumb\"},\"inLanguage\":\"pt-BR\",\"potentialAction\":[{\"@type\":\"ReadAction\",\"target\":[\"https:\/\/jornaltimoneiro.com.br\/index.php\/2025\/08\/25\/rustica-85-anos-cics-canoas-celebra-a-propria-historia-em-evento-esportivo\/\"]}]},{\"@type\":\"BreadcrumbList\",\"@id\":\"https:\/\/jornaltimoneiro.com.br\/index.php\/2025\/08\/25\/rustica-85-anos-cics-canoas-celebra-a-propria-historia-em-evento-esportivo\/#breadcrumb\",\"itemListElement\":[{\"@type\":\"ListItem\",\"position\":1,\"name\":\"In\u00edcio\",\"item\":\"https:\/\/jornaltimoneiro.com.br\/\"},{\"@type\":\"ListItem\",\"position\":2,\"name\":\"R\u00fastica 85 anos CICS Canoas celebra a pr\u00f3pria hist\u00f3ria em evento esportivo\"}]},{\"@type\":\"WebSite\",\"@id\":\"https:\/\/jornaltimoneiro.com.br\/#website\",\"url\":\"https:\/\/jornaltimoneiro.com.br\/\",\"name\":\"Jornal Timoneiro Canoas RS\",\"description\":\"Jornal O Timoneiro, o verdadeiro jornal de Canoas\",\"publisher\":{\"@id\":\"https:\/\/jornaltimoneiro.com.br\/#organization\"},\"potentialAction\":[{\"@type\":\"SearchAction\",\"target\":{\"@type\":\"EntryPoint\",\"urlTemplate\":\"https:\/\/jornaltimoneiro.com.br\/?s={search_term_string}\"},\"query-input\":\"required name=search_term_string\"}],\"inLanguage\":\"pt-BR\"},{\"@type\":\"Organization\",\"@id\":\"https:\/\/jornaltimoneiro.com.br\/#organization\",\"name\":\"Jornal Timoneiro Canoas RS\",\"url\":\"https:\/\/jornaltimoneiro.com.br\/\",\"logo\":{\"@type\":\"ImageObject\",\"inLanguage\":\"pt-BR\",\"@id\":\"https:\/\/jornaltimoneiro.com.br\/#\/schema\/logo\/image\/\",\"url\":\"https:\/\/jornaltimoneiro.com.br\/wp-content\/uploads\/2023\/03\/logonovo.png\",\"contentUrl\":\"https:\/\/jornaltimoneiro.com.br\/wp-content\/uploads\/2023\/03\/logonovo.png\",\"width\":\"469\",\"height\":\"171\",\"caption\":\"Jornal Timoneiro Canoas RS\"},\"image\":{\"@id\":\"https:\/\/jornaltimoneiro.com.br\/#\/schema\/logo\/image\/\"},\"sameAs\":[\"https:\/\/www.facebook.com\/jornaltimoneiro\",\"https:\/\/twitter.com\/_OTimoneiro\",\"https:\/\/www.instagram.com\/jornaltimoneirocanoas\/\",\"https:\/\/www.youtube.com\/@jornalotimoneiro7927\"]},{\"@type\":\"Person\",\"@id\":\"https:\/\/jornaltimoneiro.com.br\/#\/schema\/person\/f63482f1a02b1a9592707865e509ab40\",\"name\":\"Reda\u00e7\u00e3o\",\"image\":{\"@type\":\"ImageObject\",\"inLanguage\":\"pt-BR\",\"@id\":\"https:\/\/jornaltimoneiro.com.br\/#\/schema\/person\/image\/\",\"url\":\"https:\/\/jornaltimoneiro.com.br\/wp-content\/uploads\/2023\/03\/download.jpeg\",\"contentUrl\":\"https:\/\/jornaltimoneiro.com.br\/wp-content\/uploads\/2023\/03\/download.jpeg\",\"caption\":\"Reda\u00e7\u00e3o\"},\"url\":\"https:\/\/jornaltimoneiro.com.br\/index.php\/author\/simone-dutra\/\"}]}<\/script>\n<!-- \/ Yoast SEO plugin. -->","yoast_head_json":{"title":"R\u00fastica 85 anos CICS Canoas celebra a pr\u00f3pria hist\u00f3ria em evento esportivo - O Timoneiro Jornal Canoas RS","description":"Canoas ser\u00e1 palco de um evento que une tradi\u00e7\u00e3o, sa\u00fade e confraterniza\u00e7\u00e3o: a R\u00fastica comemorativa aos 85 anos da CICS Canoas","robots":{"index":"index","follow":"follow","max-snippet":"max-snippet:-1","max-image-preview":"max-image-preview:large","max-video-preview":"max-video-preview:-1"},"canonical":"https:\/\/jornaltimoneiro.com.br\/index.php\/2025\/08\/25\/rustica-85-anos-cics-canoas-celebra-a-propria-historia-em-evento-esportivo\/","og_locale":"pt_BR","og_type":"article","og_title":"R\u00fastica 85 anos CICS Canoas celebra a pr\u00f3pria hist\u00f3ria em evento esportivo - O Timoneiro Jornal Canoas RS","og_description":"Canoas ser\u00e1 palco de um evento que une tradi\u00e7\u00e3o, sa\u00fade e confraterniza\u00e7\u00e3o: a R\u00fastica comemorativa aos 85 anos da CICS Canoas","og_url":"https:\/\/jornaltimoneiro.com.br\/index.php\/2025\/08\/25\/rustica-85-anos-cics-canoas-celebra-a-propria-historia-em-evento-esportivo\/","og_site_name":"O Timoneiro Jornal Canoas RS","article_publisher":"https:\/\/www.facebook.com\/jornaltimoneiro","article_published_time":"2025-08-25T16:26:00+00:00","og_image":[{"width":"300","height":"318","url":"https:\/\/jornaltimoneiro.com.br\/wp-content\/uploads\/2025\/08\/Rustica-85-anos-CICS-Canoas-celebra-a-propria-historia-em-evento-esportivo.jpeg","type":"image\/jpeg"}],"author":"Reda\u00e7\u00e3o","twitter_card":"summary_large_image","twitter_creator":"@_OTimoneiro","twitter_site":"@_OTimoneiro","twitter_misc":{"Escrito por":"Reda\u00e7\u00e3o","Est. tempo de leitura":"2 minutos"},"schema":{"@context":"https:\/\/schema.org","@graph":[{"@type":"Article","@id":"https:\/\/jornaltimoneiro.com.br\/index.php\/2025\/08\/25\/rustica-85-anos-cics-canoas-celebra-a-propria-historia-em-evento-esportivo\/#article","isPartOf":{"@id":"https:\/\/jornaltimoneiro.com.br\/index.php\/2025\/08\/25\/rustica-85-anos-cics-canoas-celebra-a-propria-historia-em-evento-esportivo\/"},"author":{"name":"Reda\u00e7\u00e3o","@id":"https:\/\/jornaltimoneiro.com.br\/#\/schema\/person\/f63482f1a02b1a9592707865e509ab40"},"headline":"R\u00fastica 85 anos CICS Canoas celebra a pr\u00f3pria hist\u00f3ria em evento esportivo","datePublished":"2025-08-25T16:26:00+00:00","dateModified":"2025-08-25T16:26:00+00:00","mainEntityOfPage":{"@id":"https:\/\/jornaltimoneiro.com.br\/index.php\/2025\/08\/25\/rustica-85-anos-cics-canoas-celebra-a-propria-historia-em-evento-esportivo\/"},"wordCount":336,"commentCount":0,"publisher":{"@id":"https:\/\/jornaltimoneiro.com.br\/#organization"},"keywords":["85 anos","canoas","CICS","corrida","r\u00fastica"],"articleSection":["Geral"],"inLanguage":"pt-BR","potentialAction":[{"@type":"CommentAction","name":"Comment","target":["https:\/\/jornaltimoneiro.com.br\/index.php\/2025\/08\/25\/rustica-85-anos-cics-canoas-celebra-a-propria-historia-em-evento-esportivo\/#respond"]}]},{"@type":"WebPage","@id":"https:\/\/jornaltimoneiro.com.br\/index.php\/2025\/08\/25\/rustica-85-anos-cics-canoas-celebra-a-propria-historia-em-evento-esportivo\/","url":"https:\/\/jornaltimoneiro.com.br\/index.php\/2025\/08\/25\/rustica-85-anos-cics-canoas-celebra-a-propria-historia-em-evento-esportivo\/","name":"R\u00fastica 85 anos CICS Canoas celebra a pr\u00f3pria hist\u00f3ria em evento esportivo - O Timoneiro Jornal Canoas RS","isPartOf":{"@id":"https:\/\/jornaltimoneiro.com.br\/#website"},"datePublished":"2025-08-25T16:26:00+00:00","dateModified":"2025-08-25T16:26:00+00:00","description":"Canoas ser\u00e1 palco de um evento que une tradi\u00e7\u00e3o, sa\u00fade e confraterniza\u00e7\u00e3o: a R\u00fastica comemorativa aos 85 anos da CICS Canoas","breadcrumb":{"@id":"https:\/\/jornaltimoneiro.com.br\/index.php\/2025\/08\/25\/rustica-85-anos-cics-canoas-celebra-a-propria-historia-em-evento-esportivo\/#breadcrumb"},"inLanguage":"pt-BR","potentialAction":[{"@type":"ReadAction","target":["https:\/\/jornaltimoneiro.com.br\/index.php\/2025\/08\/25\/rustica-85-anos-cics-canoas-celebra-a-propria-historia-em-evento-esportivo\/"]}]},{"@type":"BreadcrumbList","@id":"https:\/\/jornaltimoneiro.com.br\/index.php\/2025\/08\/25\/rustica-85-anos-cics-canoas-celebra-a-propria-historia-em-evento-esportivo\/#breadcrumb","itemListElement":[{"@type":"ListItem","position":1,"name":"In\u00edcio","item":"https:\/\/jornaltimoneiro.com.br\/"},{"@type":"ListItem","position":2,"name":"R\u00fastica 85 anos CICS Canoas celebra a pr\u00f3pria hist\u00f3ria em evento esportivo"}]},{"@type":"WebSite","@id":"https:\/\/jornaltimoneiro.com.br\/#website","url":"https:\/\/jornaltimoneiro.com.br\/","name":"Jornal Timoneiro Canoas RS","description":"Jornal O Timoneiro, o verdadeiro jornal de Canoas","publisher":{"@id":"https:\/\/jornaltimoneiro.com.br\/#organization"},"potentialAction":[{"@type":"SearchAction","target":{"@type":"EntryPoint","urlTemplate":"https:\/\/jornaltimoneiro.com.br\/?s={search_term_string}"},"query-input":"required name=search_term_string"}],"inLanguage":"pt-BR"},{"@type":"Organization","@id":"https:\/\/jornaltimoneiro.com.br\/#organization","name":"Jornal Timoneiro Canoas RS","url":"https:\/\/jornaltimoneiro.com.br\/","logo":{"@type":"ImageObject","inLanguage":"pt-BR","@id":"https:\/\/jornaltimoneiro.com.br\/#\/schema\/logo\/image\/","url":"https:\/\/jornaltimoneiro.com.br\/wp-content\/uploads\/2023\/03\/logonovo.png","contentUrl":"https:\/\/jornaltimoneiro.com.br\/wp-content\/uploads\/2023\/03\/logonovo.png","width":"469","height":"171","caption":"Jornal Timoneiro Canoas RS"},"image":{"@id":"https:\/\/jornaltimoneiro.com.br\/#\/schema\/logo\/image\/"},"sameAs":["https:\/\/www.facebook.com\/jornaltimoneiro","https:\/\/twitter.com\/_OTimoneiro","https:\/\/www.instagram.com\/jornaltimoneirocanoas\/","https:\/\/www.youtube.com\/@jornalotimoneiro7927"]},{"@type":"Person","@id":"https:\/\/jornaltimoneiro.com.br\/#\/schema\/person\/f63482f1a02b1a9592707865e509ab40","name":"Reda\u00e7\u00e3o","image":{"@type":"ImageObject","inLanguage":"pt-BR","@id":"https:\/\/jornaltimoneiro.com.br\/#\/schema\/person\/image\/","url":"https:\/\/jornaltimoneiro.com.br\/wp-content\/uploads\/2023\/03\/download.jpeg","contentUrl":"https:\/\/jornaltimoneiro.com.br\/wp-content\/uploads\/2023\/03\/download.jpeg","caption":"Reda\u00e7\u00e3o"},"url":"https:\/\/jornaltimoneiro.com.br\/index.php\/author\/simone-dutra\/"}]}},"_links":{"self":[{"href":"https:\/\/jornaltimoneiro.com.br\/index.php\/wp-json\/wp\/v2\/posts\/36439"}],"collection":[{"href":"https:\/\/jornaltimoneiro.com.br\/index.php\/wp-json\/wp\/v2\/posts"}],"about":[{"href":"https:\/\/jornaltimoneiro.com.br\/index.php\/wp-json\/wp\/v2\/types\/post"}],"author":[{"embeddable":true,"href":"https:\/\/jornaltimoneiro.com.br\/index.php\/wp-json\/wp\/v2\/users\/2"}],"replies":[{"embeddable":true,"href":"https:\/\/jornaltimoneiro.com.br\/index.php\/wp-json\/wp\/v2\/comments?post=36439"}],"version-history":[{"count":1,"href":"https:\/\/jornaltimoneiro.com.br\/index.php\/wp-json\/wp\/v2\/posts\/36439\/revisions"}],"predecessor-version":[{"id":36441,"href":"https:\/\/jornaltimoneiro.com.br\/index.php\/wp-json\/wp\/v2\/posts\/36439\/revisions\/36441"}],"wp:featuredmedia":[{"embeddable":true,"href":"https:\/\/jornaltimoneiro.com.br\/index.php\/wp-json\/wp\/v2\/media\/36440"}],"wp:attachment":[{"href":"https:\/\/jornaltimoneiro.com.br\/index.php\/wp-json\/wp\/v2\/media?parent=36439"}],"wp:term":[{"taxonomy":"category","embeddable":true,"href":"https:\/\/jornaltimoneiro.com.br\/index.php\/wp-json\/wp\/v2\/categories?post=36439"},{"taxonomy":"post_tag","embeddable":true,"href":"https:\/\/jornaltimoneiro.com.br\/index.php\/wp-json\/wp\/v2\/tags?post=36439"}],"curies":[{"name":"wp","href":"https:\/\/api.w.org\/{rel}","templated":true}]}}