{"id":36374,"date":"2025-08-19T14:50:20","date_gmt":"2025-08-19T17:50:20","guid":{"rendered":"https:\/\/jornaltimoneiro.com.br\/?p=36374"},"modified":"2025-08-19T14:50:20","modified_gmt":"2025-08-19T17:50:20","slug":"divulgado-resultado-final-do-edital-do-rs-talentos-para-universidades-publicas","status":"publish","type":"post","link":"https:\/\/jornaltimoneiro.com.br\/index.php\/2025\/08\/19\/divulgado-resultado-final-do-edital-do-rs-talentos-para-universidades-publicas\/","title":{"rendered":"Divulgado resultado final do edital do RS Talentos para universidades p\u00fablicas"},"content":{"rendered":"<p>O governo do Estado, por meio da Secretaria de Inova\u00e7\u00e3o, Ci\u00eancia e Tecnologia (Sict), divulgou, nesta ter\u00e7a-feira, 19, o resultado final do <a href=\"https:\/\/sict.rs.gov.br\/edital-rs-talentos-05-2025\" target=\"_blank\" rel=\"noopener\"><strong>Edital RS Talentos 05\/2025<\/strong>,<\/a>\u00a0referente ao Programa RS Talentos, com bolsas para engenharias e ci\u00eancias da computa\u00e7\u00e3o em universidades p\u00fablicas.<\/p>\n<ul>\n<li><strong><a href=\"https:\/\/diariooficial.rs.gov.br\/materia?id=1307958\" target=\"_blank\" rel=\"noopener\">Lista de propostas aprovadas.<\/a><br \/>\n<\/strong><\/li>\n<\/ul>\n<p>A partir de agora, cada institui\u00e7\u00e3o ser\u00e1 respons\u00e1vel pelos processos seletivos aos estudantes interessados em participar do programa.<\/p>\n<h4><strong>Universidades e cursos contemplados<\/strong><\/h4>\n<p>Ao todo, foram aprovadas 200 bolsas, distribu\u00eddas entre as seguintes universidades:<\/p>\n<ul>\n<li>Universidade Federal de Santa Maria (UFSM): campus sede (40) e campus Cachoeira do Sul (10);<\/li>\n<li>Universidade Federal do Rio Grande do Sul (UFRGS): 73;<\/li>\n<li>Universidade Estadual do Rio Grande do Sul (Uergs): 17;<\/li>\n<li>Universidade Federal do Rio Grande (Furg): 30;<\/li>\n<li>Universidade Federal de Pelotas (UFPel): 30.<\/li>\n<\/ul>\n<h4>As bolsas ser\u00e3o direcionadas aos seguintes cursos:<\/h4>\n<ul>\n<li>Ci\u00eancia da Computa\u00e7\u00e3o ou de Dados;<\/li>\n<li>Engenharia de Computa\u00e7\u00e3o ou de Software;<\/li>\n<li>Engenharia de Controle e Automa\u00e7\u00e3o;<\/li>\n<li>Engenharia El\u00e9trica ou Eletr\u00f4nica;<\/li>\n<li>Engenharia Mec\u00e2nica;<\/li>\n<li>Engenharia Qu\u00edmica.<\/li>\n<\/ul>\n<p>Ser\u00e3o pagos R$ 2 mil para bolsa de est\u00edmulo \u00e0 inova\u00e7\u00e3o, diretamente ao aluno, pelo per\u00edodo de 18 meses.<\/p>\n<h4><strong>Atra\u00e7\u00e3o e manuten\u00e7\u00e3o de talentos<\/strong><\/h4>\n<p>\u201cO RS Talentos tem como foco a atra\u00e7\u00e3o e a manuten\u00e7\u00e3o de talentos que possam contribuir para a reconstru\u00e7\u00e3o do Estado ap\u00f3s as enchentes, dentro da estrat\u00e9gia do Plano Rio Grande. Al\u00e9m das bolsas, um diferencial oferecido pelo programa \u00e9 a aproxima\u00e7\u00e3o com o setor produtivo, pensando na futura empregabilidade destes jovens\u201d, pontuou a titular da Sict, Simone St\u00fclp.<\/p>\n<p>Este edital foi voltado a universidades p\u00fablicas localizadas nos ecossistemas regionais de inova\u00e7\u00e3o diretamente afetados pelo desastre meteorol\u00f3gico de 2024 \u2013 Regi\u00e3o Metropolitana e Litoral Norte, Regi\u00e3o dos Vales, Regi\u00e3o Sul, Regi\u00e3o Serra Ga\u00facha e Regi\u00e3o Central.<\/p>\n<h4><strong>Universidades comunit\u00e1rias<\/strong><\/h4>\n<p>Anteriormente, a Sict lan\u00e7ou o\u00a0<a href=\"https:\/\/sict.rs.gov.br\/edital-rs-talentos-04-2025\" target=\"_blank\" rel=\"noopener\"><strong>Edital RS Talentos 04\/2025<\/strong>,<\/a>\u00a0que concedeu 200 bolsas para engenharias e ci\u00eancias da computa\u00e7\u00e3o em Institui\u00e7\u00f5es Comunit\u00e1rias de Educa\u00e7\u00e3o Superior (Ices). As bolsas consistem em R$ 2 mil em taxas administrativas, pagas \u00e0s Ices, e R$ 2 mil, pagos ao aluno, pelo per\u00edodo de 18 meses.<\/p>\n<p>O investimento total do RS Talentos, com at\u00e9 400 bolsas, ser\u00e1 de R$ 21,6 milh\u00f5es, com recursos oriundos do Fundo do Plano Rio Grande (Funrigs). Liderado pelo governador Eduardo Leite, o Plano Rio Grande \u00e9 um programa de Estado criado para proteger a popula\u00e7\u00e3o, reconstruir o Rio Grande do Sul e torn\u00e1-lo ainda mais forte e resiliente, preparado para o futuro.<\/p>\n","protected":false},"excerpt":{"rendered":"<p>O governo do Estado, por meio da Secretaria de Inova\u00e7\u00e3o, Ci\u00eancia e Tecnologia (Sict), divulgou, nesta ter\u00e7a-feira, 19, o resultado final do Edital RS Talentos 05\/2025,\u00a0referente ao Programa RS Talentos, com bolsas para engenharias e ci\u00eancias da computa\u00e7\u00e3o em universidades p\u00fablicas. Lista de propostas aprovadas. A partir de agora, cada institui\u00e7\u00e3o ser\u00e1 respons\u00e1vel pelos processos [&hellip;]<\/p>\n","protected":false},"author":2,"featured_media":36294,"comment_status":"open","ping_status":"open","sticky":false,"template":"","format":"standard","meta":{"amp_status":"","footnotes":""},"categories":[143],"tags":[213,4461],"class_list":["post-36374","post","type-post","status-publish","format-standard","has-post-thumbnail","hentry","category-estado","tag-rio-grande-do-sul","tag-rs-talentos"],"yoast_head":"<!-- This site is optimized with the Yoast SEO plugin v20.5 - https:\/\/yoast.com\/wordpress\/plugins\/seo\/ -->\n<title>Divulgado resultado final do edital do RS Talentos para universidades p\u00fablicas - O Timoneiro Jornal Canoas RS<\/title>\n<meta name=\"description\" content=\"O governo do Estado, por meio da Secretaria de Inova\u00e7\u00e3o, Ci\u00eancia e Tecnologia, divulgou o resultado final do Edital RS Talentos 05\/2025\" \/>\n<meta name=\"robots\" content=\"index, follow, max-snippet:-1, max-image-preview:large, max-video-preview:-1\" \/>\n<link rel=\"canonical\" href=\"https:\/\/jornaltimoneiro.com.br\/index.php\/2025\/08\/19\/divulgado-resultado-final-do-edital-do-rs-talentos-para-universidades-publicas\/\" \/>\n<meta property=\"og:locale\" content=\"pt_BR\" \/>\n<meta property=\"og:type\" content=\"article\" \/>\n<meta property=\"og:title\" content=\"Divulgado resultado final do edital do RS Talentos para universidades p\u00fablicas - O Timoneiro Jornal Canoas RS\" \/>\n<meta property=\"og:description\" content=\"O governo do Estado, por meio da Secretaria de Inova\u00e7\u00e3o, Ci\u00eancia e Tecnologia, divulgou o resultado final do Edital RS Talentos 05\/2025\" \/>\n<meta property=\"og:url\" content=\"https:\/\/jornaltimoneiro.com.br\/index.php\/2025\/08\/19\/divulgado-resultado-final-do-edital-do-rs-talentos-para-universidades-publicas\/\" \/>\n<meta property=\"og:site_name\" content=\"O Timoneiro Jornal Canoas RS\" \/>\n<meta property=\"article:publisher\" content=\"https:\/\/www.facebook.com\/jornaltimoneiro\" \/>\n<meta property=\"article:published_time\" content=\"2025-08-19T17:50:20+00:00\" \/>\n<meta property=\"og:image\" content=\"https:\/\/jornaltimoneiro.com.br\/wp-content\/uploads\/2025\/08\/Divulgado-resultado-preliminar-do-edital-do-RS-Talentos-voltado-para-universidades-publicas.jpeg\" \/>\n\t<meta property=\"og:image:width\" content=\"800\" \/>\n\t<meta property=\"og:image:height\" content=\"450\" \/>\n\t<meta property=\"og:image:type\" content=\"image\/jpeg\" \/>\n<meta name=\"author\" content=\"Reda\u00e7\u00e3o\" \/>\n<meta name=\"twitter:card\" content=\"summary_large_image\" \/>\n<meta name=\"twitter:creator\" content=\"@_OTimoneiro\" \/>\n<meta name=\"twitter:site\" content=\"@_OTimoneiro\" \/>\n<meta name=\"twitter:label1\" content=\"Escrito por\" \/>\n\t<meta name=\"twitter:data1\" content=\"Reda\u00e7\u00e3o\" \/>\n\t<meta name=\"twitter:label2\" content=\"Est. tempo de leitura\" \/>\n\t<meta name=\"twitter:data2\" content=\"3 minutos\" \/>\n<script type=\"application\/ld+json\" class=\"yoast-schema-graph\">{\"@context\":\"https:\/\/schema.org\",\"@graph\":[{\"@type\":\"Article\",\"@id\":\"https:\/\/jornaltimoneiro.com.br\/index.php\/2025\/08\/19\/divulgado-resultado-final-do-edital-do-rs-talentos-para-universidades-publicas\/#article\",\"isPartOf\":{\"@id\":\"https:\/\/jornaltimoneiro.com.br\/index.php\/2025\/08\/19\/divulgado-resultado-final-do-edital-do-rs-talentos-para-universidades-publicas\/\"},\"author\":{\"name\":\"Reda\u00e7\u00e3o\",\"@id\":\"https:\/\/jornaltimoneiro.com.br\/#\/schema\/person\/f63482f1a02b1a9592707865e509ab40\"},\"headline\":\"Divulgado resultado final do edital do RS Talentos para universidades p\u00fablicas\",\"datePublished\":\"2025-08-19T17:50:20+00:00\",\"dateModified\":\"2025-08-19T17:50:20+00:00\",\"mainEntityOfPage\":{\"@id\":\"https:\/\/jornaltimoneiro.com.br\/index.php\/2025\/08\/19\/divulgado-resultado-final-do-edital-do-rs-talentos-para-universidades-publicas\/\"},\"wordCount\":432,\"commentCount\":0,\"publisher\":{\"@id\":\"https:\/\/jornaltimoneiro.com.br\/#organization\"},\"keywords\":[\"rio grande do sul\",\"RS talentos\"],\"articleSection\":[\"Estado\"],\"inLanguage\":\"pt-BR\",\"potentialAction\":[{\"@type\":\"CommentAction\",\"name\":\"Comment\",\"target\":[\"https:\/\/jornaltimoneiro.com.br\/index.php\/2025\/08\/19\/divulgado-resultado-final-do-edital-do-rs-talentos-para-universidades-publicas\/#respond\"]}]},{\"@type\":\"WebPage\",\"@id\":\"https:\/\/jornaltimoneiro.com.br\/index.php\/2025\/08\/19\/divulgado-resultado-final-do-edital-do-rs-talentos-para-universidades-publicas\/\",\"url\":\"https:\/\/jornaltimoneiro.com.br\/index.php\/2025\/08\/19\/divulgado-resultado-final-do-edital-do-rs-talentos-para-universidades-publicas\/\",\"name\":\"Divulgado resultado final do edital do RS Talentos para universidades p\u00fablicas - O Timoneiro Jornal Canoas RS\",\"isPartOf\":{\"@id\":\"https:\/\/jornaltimoneiro.com.br\/#website\"},\"datePublished\":\"2025-08-19T17:50:20+00:00\",\"dateModified\":\"2025-08-19T17:50:20+00:00\",\"description\":\"O governo do Estado, por meio da Secretaria de Inova\u00e7\u00e3o, Ci\u00eancia e Tecnologia, divulgou o resultado final do Edital RS Talentos 05\/2025\",\"breadcrumb\":{\"@id\":\"https:\/\/jornaltimoneiro.com.br\/index.php\/2025\/08\/19\/divulgado-resultado-final-do-edital-do-rs-talentos-para-universidades-publicas\/#breadcrumb\"},\"inLanguage\":\"pt-BR\",\"potentialAction\":[{\"@type\":\"ReadAction\",\"target\":[\"https:\/\/jornaltimoneiro.com.br\/index.php\/2025\/08\/19\/divulgado-resultado-final-do-edital-do-rs-talentos-para-universidades-publicas\/\"]}]},{\"@type\":\"BreadcrumbList\",\"@id\":\"https:\/\/jornaltimoneiro.com.br\/index.php\/2025\/08\/19\/divulgado-resultado-final-do-edital-do-rs-talentos-para-universidades-publicas\/#breadcrumb\",\"itemListElement\":[{\"@type\":\"ListItem\",\"position\":1,\"name\":\"In\u00edcio\",\"item\":\"https:\/\/jornaltimoneiro.com.br\/\"},{\"@type\":\"ListItem\",\"position\":2,\"name\":\"Divulgado resultado final do edital do RS Talentos para universidades p\u00fablicas\"}]},{\"@type\":\"WebSite\",\"@id\":\"https:\/\/jornaltimoneiro.com.br\/#website\",\"url\":\"https:\/\/jornaltimoneiro.com.br\/\",\"name\":\"Jornal Timoneiro Canoas RS\",\"description\":\"Jornal O Timoneiro, o verdadeiro jornal de Canoas\",\"publisher\":{\"@id\":\"https:\/\/jornaltimoneiro.com.br\/#organization\"},\"potentialAction\":[{\"@type\":\"SearchAction\",\"target\":{\"@type\":\"EntryPoint\",\"urlTemplate\":\"https:\/\/jornaltimoneiro.com.br\/?s={search_term_string}\"},\"query-input\":\"required name=search_term_string\"}],\"inLanguage\":\"pt-BR\"},{\"@type\":\"Organization\",\"@id\":\"https:\/\/jornaltimoneiro.com.br\/#organization\",\"name\":\"Jornal Timoneiro Canoas RS\",\"url\":\"https:\/\/jornaltimoneiro.com.br\/\",\"logo\":{\"@type\":\"ImageObject\",\"inLanguage\":\"pt-BR\",\"@id\":\"https:\/\/jornaltimoneiro.com.br\/#\/schema\/logo\/image\/\",\"url\":\"https:\/\/jornaltimoneiro.com.br\/wp-content\/uploads\/2023\/03\/logonovo.png\",\"contentUrl\":\"https:\/\/jornaltimoneiro.com.br\/wp-content\/uploads\/2023\/03\/logonovo.png\",\"width\":\"469\",\"height\":\"171\",\"caption\":\"Jornal Timoneiro Canoas RS\"},\"image\":{\"@id\":\"https:\/\/jornaltimoneiro.com.br\/#\/schema\/logo\/image\/\"},\"sameAs\":[\"https:\/\/www.facebook.com\/jornaltimoneiro\",\"https:\/\/twitter.com\/_OTimoneiro\",\"https:\/\/www.instagram.com\/jornaltimoneirocanoas\/\",\"https:\/\/www.youtube.com\/@jornalotimoneiro7927\"]},{\"@type\":\"Person\",\"@id\":\"https:\/\/jornaltimoneiro.com.br\/#\/schema\/person\/f63482f1a02b1a9592707865e509ab40\",\"name\":\"Reda\u00e7\u00e3o\",\"image\":{\"@type\":\"ImageObject\",\"inLanguage\":\"pt-BR\",\"@id\":\"https:\/\/jornaltimoneiro.com.br\/#\/schema\/person\/image\/\",\"url\":\"https:\/\/jornaltimoneiro.com.br\/wp-content\/uploads\/2023\/03\/download.jpeg\",\"contentUrl\":\"https:\/\/jornaltimoneiro.com.br\/wp-content\/uploads\/2023\/03\/download.jpeg\",\"caption\":\"Reda\u00e7\u00e3o\"},\"url\":\"https:\/\/jornaltimoneiro.com.br\/index.php\/author\/simone-dutra\/\"}]}<\/script>\n<!-- \/ Yoast SEO plugin. -->","yoast_head_json":{"title":"Divulgado resultado final do edital do RS Talentos para universidades p\u00fablicas - O Timoneiro Jornal Canoas RS","description":"O governo do Estado, por meio da Secretaria de Inova\u00e7\u00e3o, Ci\u00eancia e Tecnologia, divulgou o resultado final do Edital RS Talentos 05\/2025","robots":{"index":"index","follow":"follow","max-snippet":"max-snippet:-1","max-image-preview":"max-image-preview:large","max-video-preview":"max-video-preview:-1"},"canonical":"https:\/\/jornaltimoneiro.com.br\/index.php\/2025\/08\/19\/divulgado-resultado-final-do-edital-do-rs-talentos-para-universidades-publicas\/","og_locale":"pt_BR","og_type":"article","og_title":"Divulgado resultado final do edital do RS Talentos para universidades p\u00fablicas - O Timoneiro Jornal Canoas RS","og_description":"O governo do Estado, por meio da Secretaria de Inova\u00e7\u00e3o, Ci\u00eancia e Tecnologia, divulgou o resultado final do Edital RS Talentos 05\/2025","og_url":"https:\/\/jornaltimoneiro.com.br\/index.php\/2025\/08\/19\/divulgado-resultado-final-do-edital-do-rs-talentos-para-universidades-publicas\/","og_site_name":"O Timoneiro Jornal Canoas RS","article_publisher":"https:\/\/www.facebook.com\/jornaltimoneiro","article_published_time":"2025-08-19T17:50:20+00:00","og_image":[{"width":"800","height":"450","url":"https:\/\/jornaltimoneiro.com.br\/wp-content\/uploads\/2025\/08\/Divulgado-resultado-preliminar-do-edital-do-RS-Talentos-voltado-para-universidades-publicas.jpeg","type":"image\/jpeg"}],"author":"Reda\u00e7\u00e3o","twitter_card":"summary_large_image","twitter_creator":"@_OTimoneiro","twitter_site":"@_OTimoneiro","twitter_misc":{"Escrito por":"Reda\u00e7\u00e3o","Est. tempo de leitura":"3 minutos"},"schema":{"@context":"https:\/\/schema.org","@graph":[{"@type":"Article","@id":"https:\/\/jornaltimoneiro.com.br\/index.php\/2025\/08\/19\/divulgado-resultado-final-do-edital-do-rs-talentos-para-universidades-publicas\/#article","isPartOf":{"@id":"https:\/\/jornaltimoneiro.com.br\/index.php\/2025\/08\/19\/divulgado-resultado-final-do-edital-do-rs-talentos-para-universidades-publicas\/"},"author":{"name":"Reda\u00e7\u00e3o","@id":"https:\/\/jornaltimoneiro.com.br\/#\/schema\/person\/f63482f1a02b1a9592707865e509ab40"},"headline":"Divulgado resultado final do edital do RS Talentos para universidades p\u00fablicas","datePublished":"2025-08-19T17:50:20+00:00","dateModified":"2025-08-19T17:50:20+00:00","mainEntityOfPage":{"@id":"https:\/\/jornaltimoneiro.com.br\/index.php\/2025\/08\/19\/divulgado-resultado-final-do-edital-do-rs-talentos-para-universidades-publicas\/"},"wordCount":432,"commentCount":0,"publisher":{"@id":"https:\/\/jornaltimoneiro.com.br\/#organization"},"keywords":["rio grande do sul","RS talentos"],"articleSection":["Estado"],"inLanguage":"pt-BR","potentialAction":[{"@type":"CommentAction","name":"Comment","target":["https:\/\/jornaltimoneiro.com.br\/index.php\/2025\/08\/19\/divulgado-resultado-final-do-edital-do-rs-talentos-para-universidades-publicas\/#respond"]}]},{"@type":"WebPage","@id":"https:\/\/jornaltimoneiro.com.br\/index.php\/2025\/08\/19\/divulgado-resultado-final-do-edital-do-rs-talentos-para-universidades-publicas\/","url":"https:\/\/jornaltimoneiro.com.br\/index.php\/2025\/08\/19\/divulgado-resultado-final-do-edital-do-rs-talentos-para-universidades-publicas\/","name":"Divulgado resultado final do edital do RS Talentos para universidades p\u00fablicas - O Timoneiro Jornal Canoas RS","isPartOf":{"@id":"https:\/\/jornaltimoneiro.com.br\/#website"},"datePublished":"2025-08-19T17:50:20+00:00","dateModified":"2025-08-19T17:50:20+00:00","description":"O governo do Estado, por meio da Secretaria de Inova\u00e7\u00e3o, Ci\u00eancia e Tecnologia, divulgou o resultado final do Edital RS Talentos 05\/2025","breadcrumb":{"@id":"https:\/\/jornaltimoneiro.com.br\/index.php\/2025\/08\/19\/divulgado-resultado-final-do-edital-do-rs-talentos-para-universidades-publicas\/#breadcrumb"},"inLanguage":"pt-BR","potentialAction":[{"@type":"ReadAction","target":["https:\/\/jornaltimoneiro.com.br\/index.php\/2025\/08\/19\/divulgado-resultado-final-do-edital-do-rs-talentos-para-universidades-publicas\/"]}]},{"@type":"BreadcrumbList","@id":"https:\/\/jornaltimoneiro.com.br\/index.php\/2025\/08\/19\/divulgado-resultado-final-do-edital-do-rs-talentos-para-universidades-publicas\/#breadcrumb","itemListElement":[{"@type":"ListItem","position":1,"name":"In\u00edcio","item":"https:\/\/jornaltimoneiro.com.br\/"},{"@type":"ListItem","position":2,"name":"Divulgado resultado final do edital do RS Talentos para universidades p\u00fablicas"}]},{"@type":"WebSite","@id":"https:\/\/jornaltimoneiro.com.br\/#website","url":"https:\/\/jornaltimoneiro.com.br\/","name":"Jornal Timoneiro Canoas RS","description":"Jornal O Timoneiro, o verdadeiro jornal de Canoas","publisher":{"@id":"https:\/\/jornaltimoneiro.com.br\/#organization"},"potentialAction":[{"@type":"SearchAction","target":{"@type":"EntryPoint","urlTemplate":"https:\/\/jornaltimoneiro.com.br\/?s={search_term_string}"},"query-input":"required name=search_term_string"}],"inLanguage":"pt-BR"},{"@type":"Organization","@id":"https:\/\/jornaltimoneiro.com.br\/#organization","name":"Jornal Timoneiro Canoas RS","url":"https:\/\/jornaltimoneiro.com.br\/","logo":{"@type":"ImageObject","inLanguage":"pt-BR","@id":"https:\/\/jornaltimoneiro.com.br\/#\/schema\/logo\/image\/","url":"https:\/\/jornaltimoneiro.com.br\/wp-content\/uploads\/2023\/03\/logonovo.png","contentUrl":"https:\/\/jornaltimoneiro.com.br\/wp-content\/uploads\/2023\/03\/logonovo.png","width":"469","height":"171","caption":"Jornal Timoneiro Canoas RS"},"image":{"@id":"https:\/\/jornaltimoneiro.com.br\/#\/schema\/logo\/image\/"},"sameAs":["https:\/\/www.facebook.com\/jornaltimoneiro","https:\/\/twitter.com\/_OTimoneiro","https:\/\/www.instagram.com\/jornaltimoneirocanoas\/","https:\/\/www.youtube.com\/@jornalotimoneiro7927"]},{"@type":"Person","@id":"https:\/\/jornaltimoneiro.com.br\/#\/schema\/person\/f63482f1a02b1a9592707865e509ab40","name":"Reda\u00e7\u00e3o","image":{"@type":"ImageObject","inLanguage":"pt-BR","@id":"https:\/\/jornaltimoneiro.com.br\/#\/schema\/person\/image\/","url":"https:\/\/jornaltimoneiro.com.br\/wp-content\/uploads\/2023\/03\/download.jpeg","contentUrl":"https:\/\/jornaltimoneiro.com.br\/wp-content\/uploads\/2023\/03\/download.jpeg","caption":"Reda\u00e7\u00e3o"},"url":"https:\/\/jornaltimoneiro.com.br\/index.php\/author\/simone-dutra\/"}]}},"_links":{"self":[{"href":"https:\/\/jornaltimoneiro.com.br\/index.php\/wp-json\/wp\/v2\/posts\/36374"}],"collection":[{"href":"https:\/\/jornaltimoneiro.com.br\/index.php\/wp-json\/wp\/v2\/posts"}],"about":[{"href":"https:\/\/jornaltimoneiro.com.br\/index.php\/wp-json\/wp\/v2\/types\/post"}],"author":[{"embeddable":true,"href":"https:\/\/jornaltimoneiro.com.br\/index.php\/wp-json\/wp\/v2\/users\/2"}],"replies":[{"embeddable":true,"href":"https:\/\/jornaltimoneiro.com.br\/index.php\/wp-json\/wp\/v2\/comments?post=36374"}],"version-history":[{"count":1,"href":"https:\/\/jornaltimoneiro.com.br\/index.php\/wp-json\/wp\/v2\/posts\/36374\/revisions"}],"predecessor-version":[{"id":36375,"href":"https:\/\/jornaltimoneiro.com.br\/index.php\/wp-json\/wp\/v2\/posts\/36374\/revisions\/36375"}],"wp:featuredmedia":[{"embeddable":true,"href":"https:\/\/jornaltimoneiro.com.br\/index.php\/wp-json\/wp\/v2\/media\/36294"}],"wp:attachment":[{"href":"https:\/\/jornaltimoneiro.com.br\/index.php\/wp-json\/wp\/v2\/media?parent=36374"}],"wp:term":[{"taxonomy":"category","embeddable":true,"href":"https:\/\/jornaltimoneiro.com.br\/index.php\/wp-json\/wp\/v2\/categories?post=36374"},{"taxonomy":"post_tag","embeddable":true,"href":"https:\/\/jornaltimoneiro.com.br\/index.php\/wp-json\/wp\/v2\/tags?post=36374"}],"curies":[{"name":"wp","href":"https:\/\/api.w.org\/{rel}","templated":true}]}}