{"id":36326,"date":"2025-08-15T13:40:43","date_gmt":"2025-08-15T16:40:43","guid":{"rendered":"https:\/\/jornaltimoneiro.com.br\/?p=36326"},"modified":"2025-08-15T13:40:43","modified_gmt":"2025-08-15T16:40:43","slug":"stf-inicia-em-setembro-julgamento-de-bolsonaro-e-outros-sete-reus-por-tentativa-de-golpe","status":"publish","type":"post","link":"https:\/\/jornaltimoneiro.com.br\/index.php\/2025\/08\/15\/stf-inicia-em-setembro-julgamento-de-bolsonaro-e-outros-sete-reus-por-tentativa-de-golpe\/","title":{"rendered":"STF inicia em setembro julgamento de Bolsonaro e outros sete r\u00e9us por tentativa de golpe"},"content":{"rendered":"<p data-start=\"173\" data-end=\"546\">O ministro Cristiano Zanin, presidente da Primeira Turma do Supremo Tribunal Federal (STF), marcou para 2 de setembro o in\u00edcio do julgamento da a\u00e7\u00e3o penal que apura tentativa de golpe de Estado. As sess\u00f5es extraordin\u00e1rias ocorrer\u00e3o nos dias 2, 3, 9, 10 e 12 de setembro, no turno da manh\u00e3, das 9 \u00e0s 12 horas. Nos dias 2, 9 e 12, tamb\u00e9m haver\u00e1 sess\u00f5es \u00e0 tarde, das 14h \u00e0s 19h.<\/p>\n<p data-start=\"548\" data-end=\"1055\">Ser\u00e3o julgados o ex-presidente Jair Bolsonaro (PL) e outros sete r\u00e9us apontados pela Procuradoria-Geral da Rep\u00fablica (PGR) como integrantes do n\u00facleo considerado central na suposta organiza\u00e7\u00e3o criminosa. Entre eles est\u00e3o os ex-ministros Anderson Torres (Justi\u00e7a), Augusto Heleno (Gabinete de Seguran\u00e7a Institucional), Braga Netto (Casa Civil) e Paulo S\u00e9rgio Nogueira (Defesa), al\u00e9m do ex-comandante da Marinha, Almir Garnier, do ex-diretor da Abin, Alexandre Ramagem, e do ex-ajudante de ordens Mauro Cid.<\/p>\n<p data-start=\"1057\" data-end=\"1396\">O relator, ministro Alexandre de Moraes, abrir\u00e1 a vota\u00e7\u00e3o, seguido da manifesta\u00e7\u00e3o da PGR, que ter\u00e1 duas horas para apresentar seus argumentos. As defesas ter\u00e3o uma hora cada para sustentar suas teses, antes da vota\u00e7\u00e3o dos demais ministros da turma: Fl\u00e1vio Dino, Luiz Fux, C\u00e1rmen L\u00facia e, por \u00faltimo, Zanin, podendo a ordem ser alterada.<\/p>\n<p data-start=\"1398\" data-end=\"1737\">Bolsonaro e os demais r\u00e9us respondem por crimes como organiza\u00e7\u00e3o criminosa armada, tentativa de aboli\u00e7\u00e3o violenta do Estado Democr\u00e1tico de Direito, golpe de Estado, dano qualificado contra patrim\u00f4nio da Uni\u00e3o e deteriora\u00e7\u00e3o de patrim\u00f4nio tombado. O processo relacionado aos outros 26 acusados ainda n\u00e3o tem data definida para julgamento.<\/p>\n","protected":false},"excerpt":{"rendered":"<p>O ministro Cristiano Zanin, presidente da Primeira Turma do Supremo Tribunal Federal (STF), marcou para 2 de setembro o in\u00edcio do julgamento da a\u00e7\u00e3o penal que apura tentativa de golpe de Estado. As sess\u00f5es extraordin\u00e1rias ocorrer\u00e3o nos dias 2, 3, 9, 10 e 12 de setembro, no turno da manh\u00e3, das 9 \u00e0s 12 horas. [&hellip;]<\/p>\n","protected":false},"author":2,"featured_media":33897,"comment_status":"open","ping_status":"open","sticky":false,"template":"","format":"standard","meta":{"amp_status":"","footnotes":""},"categories":[2139],"tags":[1024,225,190,731,3775,4599],"class_list":["post-36326","post","type-post","status-publish","format-standard","has-post-thumbnail","hentry","category-justica","tag-bolsonaro","tag-brasil","tag-featured","tag-justica","tag-tentativa-de-golpe","tag-zanin"],"yoast_head":"<!-- This site is optimized with the Yoast SEO plugin v20.5 - https:\/\/yoast.com\/wordpress\/plugins\/seo\/ -->\n<title>STF inicia em setembro julgamento de Bolsonaro e outros sete r\u00e9us por tentativa de golpe - O Timoneiro Jornal Canoas RS<\/title>\n<meta name=\"description\" content=\"O ministro Cristiano Zanin, presidente da Primeira Turma do Supremo Tribunal Federal (STF), marcou para 2 de setembro o in\u00edcio do julgamento\" \/>\n<meta name=\"robots\" content=\"index, follow, max-snippet:-1, max-image-preview:large, max-video-preview:-1\" \/>\n<link rel=\"canonical\" href=\"https:\/\/jornaltimoneiro.com.br\/index.php\/2025\/08\/15\/stf-inicia-em-setembro-julgamento-de-bolsonaro-e-outros-sete-reus-por-tentativa-de-golpe\/\" \/>\n<meta property=\"og:locale\" content=\"pt_BR\" \/>\n<meta property=\"og:type\" content=\"article\" \/>\n<meta property=\"og:title\" content=\"STF inicia em setembro julgamento de Bolsonaro e outros sete r\u00e9us por tentativa de golpe - O Timoneiro Jornal Canoas RS\" \/>\n<meta property=\"og:description\" content=\"O ministro Cristiano Zanin, presidente da Primeira Turma do Supremo Tribunal Federal (STF), marcou para 2 de setembro o in\u00edcio do julgamento\" \/>\n<meta property=\"og:url\" content=\"https:\/\/jornaltimoneiro.com.br\/index.php\/2025\/08\/15\/stf-inicia-em-setembro-julgamento-de-bolsonaro-e-outros-sete-reus-por-tentativa-de-golpe\/\" \/>\n<meta property=\"og:site_name\" content=\"O Timoneiro Jornal Canoas RS\" \/>\n<meta property=\"article:publisher\" content=\"https:\/\/www.facebook.com\/jornaltimoneiro\" \/>\n<meta property=\"article:published_time\" content=\"2025-08-15T16:40:43+00:00\" \/>\n<meta property=\"og:image\" content=\"https:\/\/jornaltimoneiro.com.br\/wp-content\/uploads\/2025\/02\/Ex-presidente-Jair-Bolsonaro-e-acusado-pela-PGR-de-comandar-golpe-de-Estado.jpeg\" \/>\n\t<meta property=\"og:image:width\" content=\"768\" \/>\n\t<meta property=\"og:image:height\" content=\"512\" \/>\n\t<meta property=\"og:image:type\" content=\"image\/jpeg\" \/>\n<meta name=\"author\" content=\"Reda\u00e7\u00e3o\" \/>\n<meta name=\"twitter:card\" content=\"summary_large_image\" \/>\n<meta name=\"twitter:creator\" content=\"@_OTimoneiro\" \/>\n<meta name=\"twitter:site\" content=\"@_OTimoneiro\" \/>\n<meta name=\"twitter:label1\" content=\"Escrito por\" \/>\n\t<meta name=\"twitter:data1\" content=\"Reda\u00e7\u00e3o\" \/>\n\t<meta name=\"twitter:label2\" content=\"Est. tempo de leitura\" \/>\n\t<meta name=\"twitter:data2\" content=\"2 minutos\" \/>\n<script type=\"application\/ld+json\" class=\"yoast-schema-graph\">{\"@context\":\"https:\/\/schema.org\",\"@graph\":[{\"@type\":\"Article\",\"@id\":\"https:\/\/jornaltimoneiro.com.br\/index.php\/2025\/08\/15\/stf-inicia-em-setembro-julgamento-de-bolsonaro-e-outros-sete-reus-por-tentativa-de-golpe\/#article\",\"isPartOf\":{\"@id\":\"https:\/\/jornaltimoneiro.com.br\/index.php\/2025\/08\/15\/stf-inicia-em-setembro-julgamento-de-bolsonaro-e-outros-sete-reus-por-tentativa-de-golpe\/\"},\"author\":{\"name\":\"Reda\u00e7\u00e3o\",\"@id\":\"https:\/\/jornaltimoneiro.com.br\/#\/schema\/person\/f63482f1a02b1a9592707865e509ab40\"},\"headline\":\"STF inicia em setembro julgamento de Bolsonaro e outros sete r\u00e9us por tentativa de golpe\",\"datePublished\":\"2025-08-15T16:40:43+00:00\",\"dateModified\":\"2025-08-15T16:40:43+00:00\",\"mainEntityOfPage\":{\"@id\":\"https:\/\/jornaltimoneiro.com.br\/index.php\/2025\/08\/15\/stf-inicia-em-setembro-julgamento-de-bolsonaro-e-outros-sete-reus-por-tentativa-de-golpe\/\"},\"wordCount\":280,\"commentCount\":0,\"publisher\":{\"@id\":\"https:\/\/jornaltimoneiro.com.br\/#organization\"},\"keywords\":[\"bolsonaro\",\"Brasil\",\"featured\",\"justi\u00e7a\",\"tentativa de golpe\",\"zanin\"],\"articleSection\":[\"Justi\u00e7a\"],\"inLanguage\":\"pt-BR\",\"potentialAction\":[{\"@type\":\"CommentAction\",\"name\":\"Comment\",\"target\":[\"https:\/\/jornaltimoneiro.com.br\/index.php\/2025\/08\/15\/stf-inicia-em-setembro-julgamento-de-bolsonaro-e-outros-sete-reus-por-tentativa-de-golpe\/#respond\"]}]},{\"@type\":\"WebPage\",\"@id\":\"https:\/\/jornaltimoneiro.com.br\/index.php\/2025\/08\/15\/stf-inicia-em-setembro-julgamento-de-bolsonaro-e-outros-sete-reus-por-tentativa-de-golpe\/\",\"url\":\"https:\/\/jornaltimoneiro.com.br\/index.php\/2025\/08\/15\/stf-inicia-em-setembro-julgamento-de-bolsonaro-e-outros-sete-reus-por-tentativa-de-golpe\/\",\"name\":\"STF inicia em setembro julgamento de Bolsonaro e outros sete r\u00e9us por tentativa de golpe - O Timoneiro Jornal Canoas RS\",\"isPartOf\":{\"@id\":\"https:\/\/jornaltimoneiro.com.br\/#website\"},\"datePublished\":\"2025-08-15T16:40:43+00:00\",\"dateModified\":\"2025-08-15T16:40:43+00:00\",\"description\":\"O ministro Cristiano Zanin, presidente da Primeira Turma do Supremo Tribunal Federal (STF), marcou para 2 de setembro o in\u00edcio do julgamento\",\"breadcrumb\":{\"@id\":\"https:\/\/jornaltimoneiro.com.br\/index.php\/2025\/08\/15\/stf-inicia-em-setembro-julgamento-de-bolsonaro-e-outros-sete-reus-por-tentativa-de-golpe\/#breadcrumb\"},\"inLanguage\":\"pt-BR\",\"potentialAction\":[{\"@type\":\"ReadAction\",\"target\":[\"https:\/\/jornaltimoneiro.com.br\/index.php\/2025\/08\/15\/stf-inicia-em-setembro-julgamento-de-bolsonaro-e-outros-sete-reus-por-tentativa-de-golpe\/\"]}]},{\"@type\":\"BreadcrumbList\",\"@id\":\"https:\/\/jornaltimoneiro.com.br\/index.php\/2025\/08\/15\/stf-inicia-em-setembro-julgamento-de-bolsonaro-e-outros-sete-reus-por-tentativa-de-golpe\/#breadcrumb\",\"itemListElement\":[{\"@type\":\"ListItem\",\"position\":1,\"name\":\"In\u00edcio\",\"item\":\"https:\/\/jornaltimoneiro.com.br\/\"},{\"@type\":\"ListItem\",\"position\":2,\"name\":\"STF inicia em setembro julgamento de Bolsonaro e outros sete r\u00e9us por tentativa de golpe\"}]},{\"@type\":\"WebSite\",\"@id\":\"https:\/\/jornaltimoneiro.com.br\/#website\",\"url\":\"https:\/\/jornaltimoneiro.com.br\/\",\"name\":\"Jornal Timoneiro Canoas RS\",\"description\":\"Jornal O Timoneiro, o verdadeiro jornal de Canoas\",\"publisher\":{\"@id\":\"https:\/\/jornaltimoneiro.com.br\/#organization\"},\"potentialAction\":[{\"@type\":\"SearchAction\",\"target\":{\"@type\":\"EntryPoint\",\"urlTemplate\":\"https:\/\/jornaltimoneiro.com.br\/?s={search_term_string}\"},\"query-input\":\"required name=search_term_string\"}],\"inLanguage\":\"pt-BR\"},{\"@type\":\"Organization\",\"@id\":\"https:\/\/jornaltimoneiro.com.br\/#organization\",\"name\":\"Jornal Timoneiro Canoas RS\",\"url\":\"https:\/\/jornaltimoneiro.com.br\/\",\"logo\":{\"@type\":\"ImageObject\",\"inLanguage\":\"pt-BR\",\"@id\":\"https:\/\/jornaltimoneiro.com.br\/#\/schema\/logo\/image\/\",\"url\":\"https:\/\/jornaltimoneiro.com.br\/wp-content\/uploads\/2023\/03\/logonovo.png\",\"contentUrl\":\"https:\/\/jornaltimoneiro.com.br\/wp-content\/uploads\/2023\/03\/logonovo.png\",\"width\":\"469\",\"height\":\"171\",\"caption\":\"Jornal Timoneiro Canoas RS\"},\"image\":{\"@id\":\"https:\/\/jornaltimoneiro.com.br\/#\/schema\/logo\/image\/\"},\"sameAs\":[\"https:\/\/www.facebook.com\/jornaltimoneiro\",\"https:\/\/twitter.com\/_OTimoneiro\",\"https:\/\/www.instagram.com\/jornaltimoneirocanoas\/\",\"https:\/\/www.youtube.com\/@jornalotimoneiro7927\"]},{\"@type\":\"Person\",\"@id\":\"https:\/\/jornaltimoneiro.com.br\/#\/schema\/person\/f63482f1a02b1a9592707865e509ab40\",\"name\":\"Reda\u00e7\u00e3o\",\"image\":{\"@type\":\"ImageObject\",\"inLanguage\":\"pt-BR\",\"@id\":\"https:\/\/jornaltimoneiro.com.br\/#\/schema\/person\/image\/\",\"url\":\"https:\/\/jornaltimoneiro.com.br\/wp-content\/uploads\/2023\/03\/download.jpeg\",\"contentUrl\":\"https:\/\/jornaltimoneiro.com.br\/wp-content\/uploads\/2023\/03\/download.jpeg\",\"caption\":\"Reda\u00e7\u00e3o\"},\"url\":\"https:\/\/jornaltimoneiro.com.br\/index.php\/author\/simone-dutra\/\"}]}<\/script>\n<!-- \/ Yoast SEO plugin. -->","yoast_head_json":{"title":"STF inicia em setembro julgamento de Bolsonaro e outros sete r\u00e9us por tentativa de golpe - O Timoneiro Jornal Canoas RS","description":"O ministro Cristiano Zanin, presidente da Primeira Turma do Supremo Tribunal Federal (STF), marcou para 2 de setembro o in\u00edcio do julgamento","robots":{"index":"index","follow":"follow","max-snippet":"max-snippet:-1","max-image-preview":"max-image-preview:large","max-video-preview":"max-video-preview:-1"},"canonical":"https:\/\/jornaltimoneiro.com.br\/index.php\/2025\/08\/15\/stf-inicia-em-setembro-julgamento-de-bolsonaro-e-outros-sete-reus-por-tentativa-de-golpe\/","og_locale":"pt_BR","og_type":"article","og_title":"STF inicia em setembro julgamento de Bolsonaro e outros sete r\u00e9us por tentativa de golpe - O Timoneiro Jornal Canoas RS","og_description":"O ministro Cristiano Zanin, presidente da Primeira Turma do Supremo Tribunal Federal (STF), marcou para 2 de setembro o in\u00edcio do julgamento","og_url":"https:\/\/jornaltimoneiro.com.br\/index.php\/2025\/08\/15\/stf-inicia-em-setembro-julgamento-de-bolsonaro-e-outros-sete-reus-por-tentativa-de-golpe\/","og_site_name":"O Timoneiro Jornal Canoas RS","article_publisher":"https:\/\/www.facebook.com\/jornaltimoneiro","article_published_time":"2025-08-15T16:40:43+00:00","og_image":[{"width":768,"height":512,"url":"https:\/\/jornaltimoneiro.com.br\/wp-content\/uploads\/2025\/02\/Ex-presidente-Jair-Bolsonaro-e-acusado-pela-PGR-de-comandar-golpe-de-Estado.jpeg","type":"image\/jpeg"}],"author":"Reda\u00e7\u00e3o","twitter_card":"summary_large_image","twitter_creator":"@_OTimoneiro","twitter_site":"@_OTimoneiro","twitter_misc":{"Escrito por":"Reda\u00e7\u00e3o","Est. tempo de leitura":"2 minutos"},"schema":{"@context":"https:\/\/schema.org","@graph":[{"@type":"Article","@id":"https:\/\/jornaltimoneiro.com.br\/index.php\/2025\/08\/15\/stf-inicia-em-setembro-julgamento-de-bolsonaro-e-outros-sete-reus-por-tentativa-de-golpe\/#article","isPartOf":{"@id":"https:\/\/jornaltimoneiro.com.br\/index.php\/2025\/08\/15\/stf-inicia-em-setembro-julgamento-de-bolsonaro-e-outros-sete-reus-por-tentativa-de-golpe\/"},"author":{"name":"Reda\u00e7\u00e3o","@id":"https:\/\/jornaltimoneiro.com.br\/#\/schema\/person\/f63482f1a02b1a9592707865e509ab40"},"headline":"STF inicia em setembro julgamento de Bolsonaro e outros sete r\u00e9us por tentativa de golpe","datePublished":"2025-08-15T16:40:43+00:00","dateModified":"2025-08-15T16:40:43+00:00","mainEntityOfPage":{"@id":"https:\/\/jornaltimoneiro.com.br\/index.php\/2025\/08\/15\/stf-inicia-em-setembro-julgamento-de-bolsonaro-e-outros-sete-reus-por-tentativa-de-golpe\/"},"wordCount":280,"commentCount":0,"publisher":{"@id":"https:\/\/jornaltimoneiro.com.br\/#organization"},"keywords":["bolsonaro","Brasil","featured","justi\u00e7a","tentativa de golpe","zanin"],"articleSection":["Justi\u00e7a"],"inLanguage":"pt-BR","potentialAction":[{"@type":"CommentAction","name":"Comment","target":["https:\/\/jornaltimoneiro.com.br\/index.php\/2025\/08\/15\/stf-inicia-em-setembro-julgamento-de-bolsonaro-e-outros-sete-reus-por-tentativa-de-golpe\/#respond"]}]},{"@type":"WebPage","@id":"https:\/\/jornaltimoneiro.com.br\/index.php\/2025\/08\/15\/stf-inicia-em-setembro-julgamento-de-bolsonaro-e-outros-sete-reus-por-tentativa-de-golpe\/","url":"https:\/\/jornaltimoneiro.com.br\/index.php\/2025\/08\/15\/stf-inicia-em-setembro-julgamento-de-bolsonaro-e-outros-sete-reus-por-tentativa-de-golpe\/","name":"STF inicia em setembro julgamento de Bolsonaro e outros sete r\u00e9us por tentativa de golpe - O Timoneiro Jornal Canoas RS","isPartOf":{"@id":"https:\/\/jornaltimoneiro.com.br\/#website"},"datePublished":"2025-08-15T16:40:43+00:00","dateModified":"2025-08-15T16:40:43+00:00","description":"O ministro Cristiano Zanin, presidente da Primeira Turma do Supremo Tribunal Federal (STF), marcou para 2 de setembro o in\u00edcio do julgamento","breadcrumb":{"@id":"https:\/\/jornaltimoneiro.com.br\/index.php\/2025\/08\/15\/stf-inicia-em-setembro-julgamento-de-bolsonaro-e-outros-sete-reus-por-tentativa-de-golpe\/#breadcrumb"},"inLanguage":"pt-BR","potentialAction":[{"@type":"ReadAction","target":["https:\/\/jornaltimoneiro.com.br\/index.php\/2025\/08\/15\/stf-inicia-em-setembro-julgamento-de-bolsonaro-e-outros-sete-reus-por-tentativa-de-golpe\/"]}]},{"@type":"BreadcrumbList","@id":"https:\/\/jornaltimoneiro.com.br\/index.php\/2025\/08\/15\/stf-inicia-em-setembro-julgamento-de-bolsonaro-e-outros-sete-reus-por-tentativa-de-golpe\/#breadcrumb","itemListElement":[{"@type":"ListItem","position":1,"name":"In\u00edcio","item":"https:\/\/jornaltimoneiro.com.br\/"},{"@type":"ListItem","position":2,"name":"STF inicia em setembro julgamento de Bolsonaro e outros sete r\u00e9us por tentativa de golpe"}]},{"@type":"WebSite","@id":"https:\/\/jornaltimoneiro.com.br\/#website","url":"https:\/\/jornaltimoneiro.com.br\/","name":"Jornal Timoneiro Canoas RS","description":"Jornal O Timoneiro, o verdadeiro jornal de Canoas","publisher":{"@id":"https:\/\/jornaltimoneiro.com.br\/#organization"},"potentialAction":[{"@type":"SearchAction","target":{"@type":"EntryPoint","urlTemplate":"https:\/\/jornaltimoneiro.com.br\/?s={search_term_string}"},"query-input":"required name=search_term_string"}],"inLanguage":"pt-BR"},{"@type":"Organization","@id":"https:\/\/jornaltimoneiro.com.br\/#organization","name":"Jornal Timoneiro Canoas RS","url":"https:\/\/jornaltimoneiro.com.br\/","logo":{"@type":"ImageObject","inLanguage":"pt-BR","@id":"https:\/\/jornaltimoneiro.com.br\/#\/schema\/logo\/image\/","url":"https:\/\/jornaltimoneiro.com.br\/wp-content\/uploads\/2023\/03\/logonovo.png","contentUrl":"https:\/\/jornaltimoneiro.com.br\/wp-content\/uploads\/2023\/03\/logonovo.png","width":"469","height":"171","caption":"Jornal Timoneiro Canoas RS"},"image":{"@id":"https:\/\/jornaltimoneiro.com.br\/#\/schema\/logo\/image\/"},"sameAs":["https:\/\/www.facebook.com\/jornaltimoneiro","https:\/\/twitter.com\/_OTimoneiro","https:\/\/www.instagram.com\/jornaltimoneirocanoas\/","https:\/\/www.youtube.com\/@jornalotimoneiro7927"]},{"@type":"Person","@id":"https:\/\/jornaltimoneiro.com.br\/#\/schema\/person\/f63482f1a02b1a9592707865e509ab40","name":"Reda\u00e7\u00e3o","image":{"@type":"ImageObject","inLanguage":"pt-BR","@id":"https:\/\/jornaltimoneiro.com.br\/#\/schema\/person\/image\/","url":"https:\/\/jornaltimoneiro.com.br\/wp-content\/uploads\/2023\/03\/download.jpeg","contentUrl":"https:\/\/jornaltimoneiro.com.br\/wp-content\/uploads\/2023\/03\/download.jpeg","caption":"Reda\u00e7\u00e3o"},"url":"https:\/\/jornaltimoneiro.com.br\/index.php\/author\/simone-dutra\/"}]}},"_links":{"self":[{"href":"https:\/\/jornaltimoneiro.com.br\/index.php\/wp-json\/wp\/v2\/posts\/36326"}],"collection":[{"href":"https:\/\/jornaltimoneiro.com.br\/index.php\/wp-json\/wp\/v2\/posts"}],"about":[{"href":"https:\/\/jornaltimoneiro.com.br\/index.php\/wp-json\/wp\/v2\/types\/post"}],"author":[{"embeddable":true,"href":"https:\/\/jornaltimoneiro.com.br\/index.php\/wp-json\/wp\/v2\/users\/2"}],"replies":[{"embeddable":true,"href":"https:\/\/jornaltimoneiro.com.br\/index.php\/wp-json\/wp\/v2\/comments?post=36326"}],"version-history":[{"count":1,"href":"https:\/\/jornaltimoneiro.com.br\/index.php\/wp-json\/wp\/v2\/posts\/36326\/revisions"}],"predecessor-version":[{"id":36327,"href":"https:\/\/jornaltimoneiro.com.br\/index.php\/wp-json\/wp\/v2\/posts\/36326\/revisions\/36327"}],"wp:featuredmedia":[{"embeddable":true,"href":"https:\/\/jornaltimoneiro.com.br\/index.php\/wp-json\/wp\/v2\/media\/33897"}],"wp:attachment":[{"href":"https:\/\/jornaltimoneiro.com.br\/index.php\/wp-json\/wp\/v2\/media?parent=36326"}],"wp:term":[{"taxonomy":"category","embeddable":true,"href":"https:\/\/jornaltimoneiro.com.br\/index.php\/wp-json\/wp\/v2\/categories?post=36326"},{"taxonomy":"post_tag","embeddable":true,"href":"https:\/\/jornaltimoneiro.com.br\/index.php\/wp-json\/wp\/v2\/tags?post=36326"}],"curies":[{"name":"wp","href":"https:\/\/api.w.org\/{rel}","templated":true}]}}