{"id":363,"date":"2015-06-17T11:59:23","date_gmt":"2015-06-17T14:59:23","guid":{"rendered":"http:\/\/otimoneiro.com.br\/?p=363"},"modified":"2015-06-17T11:59:23","modified_gmt":"2015-06-17T14:59:23","slug":"onibus-da-sogal-pegou-fogo-no-mato-grande","status":"publish","type":"post","link":"https:\/\/jornaltimoneiro.com.br\/index.php\/2015\/06\/17\/onibus-da-sogal-pegou-fogo-no-mato-grande\/","title":{"rendered":"\u00d4nibus da Sogal pegou fogo no Mato Grande"},"content":{"rendered":"<div id=\"attachment_364\" style=\"width: 224px\" class=\"wp-caption alignleft\"><a href=\"http:\/\/otimoneiro.com.br\/wp-content\/uploads\/2015\/06\/Foto-Autor-desconhecido.jpg\"><img decoding=\"async\" aria-describedby=\"caption-attachment-364\" class=\" wp-image-364\" src=\"http:\/\/otimoneiro.com.br\/wp-content\/uploads\/2015\/06\/Foto-Autor-desconhecido-225x300.jpg\" alt=\"Interior de \u00f4nibus incendiado no Mato Grande Foto: Autor desconhecido\" width=\"214\" height=\"285\" \/><\/a><p id=\"caption-attachment-364\" class=\"wp-caption-text\">Interior de \u00f4nibus incendiado no Mato Grande Foto: Autor desconhecido<\/p><\/div>\n<p style=\"text-align: justify;\">Um \u00f4nibus da empresa Sogal pegou fogo por volta das 8 horas da manh\u00e3 desta quarta-feira, 17, na rua Santo Ant\u00f4nio, principal acesso da BR-448 com o centro da cidade, no bairro Mato Grande.<\/p>\n<p style=\"text-align: justify;\">O Corpo de bombeiros, que controlou o inc\u00eandio, informou que o motorista ordenou o desembarque dos passageiros ap\u00f3s observar fagulhas no motor. \u00a0O carro, de numera\u00e7\u00e3o 086, que fazia a linha 215 Mato Grande\/Igara\/Ulbra, ficou com a estrutura comprometida ap\u00f3s o inc\u00eandio. Ningu\u00e9m ficou ferido.<\/p>\n<p style=\"text-align: justify;\">Em visita ao local, a equipe de <strong>O Timoneiro<\/strong> constatou que os fios de energia el\u00e9trica, inclusive a l\u00e2mpada no poste ao lado da parada, foram prejudicados, mas a companhia de energia el\u00e9trica j\u00e1 trabalha no local. Uma equipe de TV por assinatura tamb\u00e9m estava fazendo manuten\u00e7\u00e3o por ter sua rede de fibra \u00f3ptica comprometida ap\u00f3s o acidente.<\/p>\n<div id=\"attachment_368\" style=\"width: 235px\" class=\"wp-caption alignright\"><a href=\"http:\/\/otimoneiro.com.br\/wp-content\/uploads\/2015\/06\/11639464_869637053114897_1540610556_o.jpg\"><img decoding=\"async\" aria-describedby=\"caption-attachment-368\" class=\"size-medium wp-image-368\" src=\"http:\/\/otimoneiro.com.br\/wp-content\/uploads\/2015\/06\/11639464_869637053114897_1540610556_o-225x300.jpg\" alt=\"Hora no inc\u00eandio. Foto: via whatsapp. Autor desconhecido.\" width=\"225\" height=\"300\" \/><\/a><p id=\"caption-attachment-368\" class=\"wp-caption-text\">Hora no inc\u00eandio. Foto: via whatsapp. Autor desconhecido.<\/p><\/div>\n<p style=\"text-align: justify;\">Segundo o gerente de opera\u00e7\u00f5es da Sogal\/Vicasa, Fl\u00e1vio Caldasso, o ve\u00edculo rodava com 70 passageiros na hora do ocorrido. Em entrevista, comentou que o motorista viu a fuma\u00e7a que se iniciou no lado direito de suas pernas, mas n\u00e3o conseguiu controlar a situa\u00e7\u00e3o com o extintor. A empresa fez um Boletim de Ocorr\u00eancia para que a per\u00edcia possa ser feita e averiguar\u00a0a causa real do inc\u00eandio, mas adiantou que a equipe acredita que uma mangueira entrou em contato com o motor, que superaqueceu e gerou o fogo, a princ\u00edpio, na parte de arranque do motor.<\/p>\n<p style=\"text-align: justify;\">Ainda segundo Fl\u00e1vio, a manuten\u00e7\u00e3o da empresa e da Prefeitura, tanto preventiva quanto corretiva, acontece com uma periodicidade de 30, 45 e 60 dias, levando em considera\u00e7\u00e3o o tempo de servi\u00e7o da frota.<\/p>\n<p style=\"text-align: justify;\">No caso do \u00f4nibus 086, de 2005, a manuten\u00e7\u00e3o era feita de 30 \u00e0 45 dias e estava com o selo em dia. Este fato leva a equipe da Sogal a considerar o ocorrido um sinistro, ou seja, um acidente que n\u00e3o teve um fato gerador ocasionado por falha humana ou de manuten\u00e7\u00e3o.<\/p>\n<div id=\"attachment_367\" style=\"width: 483px\" class=\"wp-caption aligncenter\"><a href=\"http:\/\/otimoneiro.com.br\/wp-content\/uploads\/2015\/06\/DSC1173.jpg\"><img decoding=\"async\" aria-describedby=\"caption-attachment-367\" class=\"wp-image-367 \" src=\"http:\/\/otimoneiro.com.br\/wp-content\/uploads\/2015\/06\/DSC1173-1024x683.jpg\" alt=\"Carro 086 da Sogal. Foto: Bruno Lara\/OT\" width=\"473\" height=\"315\" \/><\/a><p id=\"caption-attachment-367\" class=\"wp-caption-text\">Carro 086 da Sogal. Foto: Bruno Lara\/OT<\/p><\/div>\n<div id=\"attachment_366\" style=\"width: 491px\" class=\"wp-caption aligncenter\"><a href=\"http:\/\/otimoneiro.com.br\/wp-content\/uploads\/2015\/06\/DSC1183.jpg\"><img decoding=\"async\" aria-describedby=\"caption-attachment-366\" class=\"wp-image-366 \" src=\"http:\/\/otimoneiro.com.br\/wp-content\/uploads\/2015\/06\/DSC1183-1024x683.jpg\" alt=\"Cabine do motorista. Foto: Bruno Lara\/OT\" width=\"481\" height=\"320\" \/><\/a><p id=\"caption-attachment-366\" class=\"wp-caption-text\">Cabine do motorista. Foto: Bruno Lara\/OT<\/p><\/div>\n","protected":false},"excerpt":{"rendered":"<p>Carro transportava cerca de 70 pessoas, mas ningu\u00e9m se feriu. <\/p>\n","protected":false},"author":1,"featured_media":364,"comment_status":"open","ping_status":"open","sticky":false,"template":"","format":"standard","meta":{"amp_status":"","footnotes":""},"categories":[25,19,22],"tags":[],"class_list":["post-363","post","type-post","status-publish","format-standard","has-post-thumbnail","hentry","category-comunidade","category-destaques","category-noticias"],"yoast_head":"<!-- This site is optimized with the Yoast SEO plugin v20.5 - https:\/\/yoast.com\/wordpress\/plugins\/seo\/ -->\n<title>\u00d4nibus da Sogal pegou fogo no Mato Grande - O Timoneiro Jornal Canoas RS<\/title>\n<meta name=\"robots\" content=\"index, follow, max-snippet:-1, max-image-preview:large, max-video-preview:-1\" \/>\n<link rel=\"canonical\" href=\"https:\/\/jornaltimoneiro.com.br\/index.php\/2015\/06\/17\/onibus-da-sogal-pegou-fogo-no-mato-grande\/\" \/>\n<meta property=\"og:locale\" content=\"pt_BR\" \/>\n<meta property=\"og:type\" content=\"article\" \/>\n<meta property=\"og:title\" content=\"\u00d4nibus da Sogal pegou fogo no Mato Grande - O Timoneiro Jornal Canoas RS\" \/>\n<meta property=\"og:description\" content=\"Carro transportava cerca de 70 pessoas, mas ningu\u00e9m se feriu.\" \/>\n<meta property=\"og:url\" content=\"https:\/\/jornaltimoneiro.com.br\/index.php\/2015\/06\/17\/onibus-da-sogal-pegou-fogo-no-mato-grande\/\" \/>\n<meta property=\"og:site_name\" content=\"O Timoneiro Jornal Canoas RS\" \/>\n<meta property=\"article:publisher\" content=\"https:\/\/www.facebook.com\/jornaltimoneiro\" \/>\n<meta property=\"article:published_time\" content=\"2015-06-17T14:59:23+00:00\" \/>\n<meta name=\"author\" content=\"Reda\u00e7\u00e3o\" \/>\n<meta name=\"twitter:card\" content=\"summary_large_image\" \/>\n<meta name=\"twitter:creator\" content=\"@_OTimoneiro\" \/>\n<meta name=\"twitter:site\" content=\"@_OTimoneiro\" \/>\n<meta name=\"twitter:label1\" content=\"Escrito por\" \/>\n\t<meta name=\"twitter:data1\" content=\"Reda\u00e7\u00e3o\" \/>\n\t<meta name=\"twitter:label2\" content=\"Est. tempo de leitura\" \/>\n\t<meta name=\"twitter:data2\" content=\"2 minutos\" \/>\n<script type=\"application\/ld+json\" class=\"yoast-schema-graph\">{\"@context\":\"https:\/\/schema.org\",\"@graph\":[{\"@type\":\"Article\",\"@id\":\"https:\/\/jornaltimoneiro.com.br\/index.php\/2015\/06\/17\/onibus-da-sogal-pegou-fogo-no-mato-grande\/#article\",\"isPartOf\":{\"@id\":\"https:\/\/jornaltimoneiro.com.br\/index.php\/2015\/06\/17\/onibus-da-sogal-pegou-fogo-no-mato-grande\/\"},\"author\":{\"name\":\"Reda\u00e7\u00e3o\",\"@id\":\"https:\/\/jornaltimoneiro.com.br\/#\/schema\/person\/620efd1d8244466117482be494360b08\"},\"headline\":\"\u00d4nibus da Sogal pegou fogo no Mato Grande\",\"datePublished\":\"2015-06-17T14:59:23+00:00\",\"dateModified\":\"2015-06-17T14:59:23+00:00\",\"mainEntityOfPage\":{\"@id\":\"https:\/\/jornaltimoneiro.com.br\/index.php\/2015\/06\/17\/onibus-da-sogal-pegou-fogo-no-mato-grande\/\"},\"wordCount\":408,\"commentCount\":0,\"publisher\":{\"@id\":\"https:\/\/jornaltimoneiro.com.br\/#organization\"},\"articleSection\":[\"Comunidade\",\"Destaques\",\"Not\u00edcias\"],\"inLanguage\":\"pt-BR\",\"potentialAction\":[{\"@type\":\"CommentAction\",\"name\":\"Comment\",\"target\":[\"https:\/\/jornaltimoneiro.com.br\/index.php\/2015\/06\/17\/onibus-da-sogal-pegou-fogo-no-mato-grande\/#respond\"]}]},{\"@type\":\"WebPage\",\"@id\":\"https:\/\/jornaltimoneiro.com.br\/index.php\/2015\/06\/17\/onibus-da-sogal-pegou-fogo-no-mato-grande\/\",\"url\":\"https:\/\/jornaltimoneiro.com.br\/index.php\/2015\/06\/17\/onibus-da-sogal-pegou-fogo-no-mato-grande\/\",\"name\":\"\u00d4nibus da Sogal pegou fogo no Mato Grande - O Timoneiro Jornal Canoas RS\",\"isPartOf\":{\"@id\":\"https:\/\/jornaltimoneiro.com.br\/#website\"},\"datePublished\":\"2015-06-17T14:59:23+00:00\",\"dateModified\":\"2015-06-17T14:59:23+00:00\",\"breadcrumb\":{\"@id\":\"https:\/\/jornaltimoneiro.com.br\/index.php\/2015\/06\/17\/onibus-da-sogal-pegou-fogo-no-mato-grande\/#breadcrumb\"},\"inLanguage\":\"pt-BR\",\"potentialAction\":[{\"@type\":\"ReadAction\",\"target\":[\"https:\/\/jornaltimoneiro.com.br\/index.php\/2015\/06\/17\/onibus-da-sogal-pegou-fogo-no-mato-grande\/\"]}]},{\"@type\":\"BreadcrumbList\",\"@id\":\"https:\/\/jornaltimoneiro.com.br\/index.php\/2015\/06\/17\/onibus-da-sogal-pegou-fogo-no-mato-grande\/#breadcrumb\",\"itemListElement\":[{\"@type\":\"ListItem\",\"position\":1,\"name\":\"In\u00edcio\",\"item\":\"https:\/\/jornaltimoneiro.com.br\/\"},{\"@type\":\"ListItem\",\"position\":2,\"name\":\"\u00d4nibus da Sogal pegou fogo no Mato Grande\"}]},{\"@type\":\"WebSite\",\"@id\":\"https:\/\/jornaltimoneiro.com.br\/#website\",\"url\":\"https:\/\/jornaltimoneiro.com.br\/\",\"name\":\"Jornal Timoneiro Canoas RS\",\"description\":\"Jornal O Timoneiro, o verdadeiro jornal de Canoas\",\"publisher\":{\"@id\":\"https:\/\/jornaltimoneiro.com.br\/#organization\"},\"potentialAction\":[{\"@type\":\"SearchAction\",\"target\":{\"@type\":\"EntryPoint\",\"urlTemplate\":\"https:\/\/jornaltimoneiro.com.br\/?s={search_term_string}\"},\"query-input\":\"required name=search_term_string\"}],\"inLanguage\":\"pt-BR\"},{\"@type\":\"Organization\",\"@id\":\"https:\/\/jornaltimoneiro.com.br\/#organization\",\"name\":\"Jornal Timoneiro Canoas RS\",\"url\":\"https:\/\/jornaltimoneiro.com.br\/\",\"logo\":{\"@type\":\"ImageObject\",\"inLanguage\":\"pt-BR\",\"@id\":\"https:\/\/jornaltimoneiro.com.br\/#\/schema\/logo\/image\/\",\"url\":\"https:\/\/jornaltimoneiro.com.br\/wp-content\/uploads\/2023\/03\/logonovo.png\",\"contentUrl\":\"https:\/\/jornaltimoneiro.com.br\/wp-content\/uploads\/2023\/03\/logonovo.png\",\"width\":\"469\",\"height\":\"171\",\"caption\":\"Jornal Timoneiro Canoas RS\"},\"image\":{\"@id\":\"https:\/\/jornaltimoneiro.com.br\/#\/schema\/logo\/image\/\"},\"sameAs\":[\"https:\/\/www.facebook.com\/jornaltimoneiro\",\"https:\/\/twitter.com\/_OTimoneiro\",\"https:\/\/www.instagram.com\/jornaltimoneirocanoas\/\",\"https:\/\/www.youtube.com\/@jornalotimoneiro7927\"]},{\"@type\":\"Person\",\"@id\":\"https:\/\/jornaltimoneiro.com.br\/#\/schema\/person\/620efd1d8244466117482be494360b08\",\"name\":\"Reda\u00e7\u00e3o\",\"image\":{\"@type\":\"ImageObject\",\"inLanguage\":\"pt-BR\",\"@id\":\"https:\/\/jornaltimoneiro.com.br\/#\/schema\/person\/image\/\",\"url\":\"https:\/\/secure.gravatar.com\/avatar\/2f04e1b304682a8d9db336c7acd77f08?s=96&d=mm&r=g\",\"contentUrl\":\"https:\/\/secure.gravatar.com\/avatar\/2f04e1b304682a8d9db336c7acd77f08?s=96&d=mm&r=g\",\"caption\":\"Reda\u00e7\u00e3o\"},\"url\":\"https:\/\/jornaltimoneiro.com.br\/index.php\/author\/timoneirocanoas\/\"}]}<\/script>\n<!-- \/ Yoast SEO plugin. -->","yoast_head_json":{"title":"\u00d4nibus da Sogal pegou fogo no Mato Grande - O Timoneiro Jornal Canoas RS","robots":{"index":"index","follow":"follow","max-snippet":"max-snippet:-1","max-image-preview":"max-image-preview:large","max-video-preview":"max-video-preview:-1"},"canonical":"https:\/\/jornaltimoneiro.com.br\/index.php\/2015\/06\/17\/onibus-da-sogal-pegou-fogo-no-mato-grande\/","og_locale":"pt_BR","og_type":"article","og_title":"\u00d4nibus da Sogal pegou fogo no Mato Grande - O Timoneiro Jornal Canoas RS","og_description":"Carro transportava cerca de 70 pessoas, mas ningu\u00e9m se feriu.","og_url":"https:\/\/jornaltimoneiro.com.br\/index.php\/2015\/06\/17\/onibus-da-sogal-pegou-fogo-no-mato-grande\/","og_site_name":"O Timoneiro Jornal Canoas RS","article_publisher":"https:\/\/www.facebook.com\/jornaltimoneiro","article_published_time":"2015-06-17T14:59:23+00:00","author":"Reda\u00e7\u00e3o","twitter_card":"summary_large_image","twitter_creator":"@_OTimoneiro","twitter_site":"@_OTimoneiro","twitter_misc":{"Escrito por":"Reda\u00e7\u00e3o","Est. tempo de leitura":"2 minutos"},"schema":{"@context":"https:\/\/schema.org","@graph":[{"@type":"Article","@id":"https:\/\/jornaltimoneiro.com.br\/index.php\/2015\/06\/17\/onibus-da-sogal-pegou-fogo-no-mato-grande\/#article","isPartOf":{"@id":"https:\/\/jornaltimoneiro.com.br\/index.php\/2015\/06\/17\/onibus-da-sogal-pegou-fogo-no-mato-grande\/"},"author":{"name":"Reda\u00e7\u00e3o","@id":"https:\/\/jornaltimoneiro.com.br\/#\/schema\/person\/620efd1d8244466117482be494360b08"},"headline":"\u00d4nibus da Sogal pegou fogo no Mato Grande","datePublished":"2015-06-17T14:59:23+00:00","dateModified":"2015-06-17T14:59:23+00:00","mainEntityOfPage":{"@id":"https:\/\/jornaltimoneiro.com.br\/index.php\/2015\/06\/17\/onibus-da-sogal-pegou-fogo-no-mato-grande\/"},"wordCount":408,"commentCount":0,"publisher":{"@id":"https:\/\/jornaltimoneiro.com.br\/#organization"},"articleSection":["Comunidade","Destaques","Not\u00edcias"],"inLanguage":"pt-BR","potentialAction":[{"@type":"CommentAction","name":"Comment","target":["https:\/\/jornaltimoneiro.com.br\/index.php\/2015\/06\/17\/onibus-da-sogal-pegou-fogo-no-mato-grande\/#respond"]}]},{"@type":"WebPage","@id":"https:\/\/jornaltimoneiro.com.br\/index.php\/2015\/06\/17\/onibus-da-sogal-pegou-fogo-no-mato-grande\/","url":"https:\/\/jornaltimoneiro.com.br\/index.php\/2015\/06\/17\/onibus-da-sogal-pegou-fogo-no-mato-grande\/","name":"\u00d4nibus da Sogal pegou fogo no Mato Grande - O Timoneiro Jornal Canoas RS","isPartOf":{"@id":"https:\/\/jornaltimoneiro.com.br\/#website"},"datePublished":"2015-06-17T14:59:23+00:00","dateModified":"2015-06-17T14:59:23+00:00","breadcrumb":{"@id":"https:\/\/jornaltimoneiro.com.br\/index.php\/2015\/06\/17\/onibus-da-sogal-pegou-fogo-no-mato-grande\/#breadcrumb"},"inLanguage":"pt-BR","potentialAction":[{"@type":"ReadAction","target":["https:\/\/jornaltimoneiro.com.br\/index.php\/2015\/06\/17\/onibus-da-sogal-pegou-fogo-no-mato-grande\/"]}]},{"@type":"BreadcrumbList","@id":"https:\/\/jornaltimoneiro.com.br\/index.php\/2015\/06\/17\/onibus-da-sogal-pegou-fogo-no-mato-grande\/#breadcrumb","itemListElement":[{"@type":"ListItem","position":1,"name":"In\u00edcio","item":"https:\/\/jornaltimoneiro.com.br\/"},{"@type":"ListItem","position":2,"name":"\u00d4nibus da Sogal pegou fogo no Mato Grande"}]},{"@type":"WebSite","@id":"https:\/\/jornaltimoneiro.com.br\/#website","url":"https:\/\/jornaltimoneiro.com.br\/","name":"Jornal Timoneiro Canoas RS","description":"Jornal O Timoneiro, o verdadeiro jornal de Canoas","publisher":{"@id":"https:\/\/jornaltimoneiro.com.br\/#organization"},"potentialAction":[{"@type":"SearchAction","target":{"@type":"EntryPoint","urlTemplate":"https:\/\/jornaltimoneiro.com.br\/?s={search_term_string}"},"query-input":"required name=search_term_string"}],"inLanguage":"pt-BR"},{"@type":"Organization","@id":"https:\/\/jornaltimoneiro.com.br\/#organization","name":"Jornal Timoneiro Canoas RS","url":"https:\/\/jornaltimoneiro.com.br\/","logo":{"@type":"ImageObject","inLanguage":"pt-BR","@id":"https:\/\/jornaltimoneiro.com.br\/#\/schema\/logo\/image\/","url":"https:\/\/jornaltimoneiro.com.br\/wp-content\/uploads\/2023\/03\/logonovo.png","contentUrl":"https:\/\/jornaltimoneiro.com.br\/wp-content\/uploads\/2023\/03\/logonovo.png","width":"469","height":"171","caption":"Jornal Timoneiro Canoas RS"},"image":{"@id":"https:\/\/jornaltimoneiro.com.br\/#\/schema\/logo\/image\/"},"sameAs":["https:\/\/www.facebook.com\/jornaltimoneiro","https:\/\/twitter.com\/_OTimoneiro","https:\/\/www.instagram.com\/jornaltimoneirocanoas\/","https:\/\/www.youtube.com\/@jornalotimoneiro7927"]},{"@type":"Person","@id":"https:\/\/jornaltimoneiro.com.br\/#\/schema\/person\/620efd1d8244466117482be494360b08","name":"Reda\u00e7\u00e3o","image":{"@type":"ImageObject","inLanguage":"pt-BR","@id":"https:\/\/jornaltimoneiro.com.br\/#\/schema\/person\/image\/","url":"https:\/\/secure.gravatar.com\/avatar\/2f04e1b304682a8d9db336c7acd77f08?s=96&d=mm&r=g","contentUrl":"https:\/\/secure.gravatar.com\/avatar\/2f04e1b304682a8d9db336c7acd77f08?s=96&d=mm&r=g","caption":"Reda\u00e7\u00e3o"},"url":"https:\/\/jornaltimoneiro.com.br\/index.php\/author\/timoneirocanoas\/"}]}},"_links":{"self":[{"href":"https:\/\/jornaltimoneiro.com.br\/index.php\/wp-json\/wp\/v2\/posts\/363"}],"collection":[{"href":"https:\/\/jornaltimoneiro.com.br\/index.php\/wp-json\/wp\/v2\/posts"}],"about":[{"href":"https:\/\/jornaltimoneiro.com.br\/index.php\/wp-json\/wp\/v2\/types\/post"}],"author":[{"embeddable":true,"href":"https:\/\/jornaltimoneiro.com.br\/index.php\/wp-json\/wp\/v2\/users\/1"}],"replies":[{"embeddable":true,"href":"https:\/\/jornaltimoneiro.com.br\/index.php\/wp-json\/wp\/v2\/comments?post=363"}],"version-history":[{"count":0,"href":"https:\/\/jornaltimoneiro.com.br\/index.php\/wp-json\/wp\/v2\/posts\/363\/revisions"}],"wp:featuredmedia":[{"embeddable":true,"href":"https:\/\/jornaltimoneiro.com.br\/index.php\/wp-json\/"}],"wp:attachment":[{"href":"https:\/\/jornaltimoneiro.com.br\/index.php\/wp-json\/wp\/v2\/media?parent=363"}],"wp:term":[{"taxonomy":"category","embeddable":true,"href":"https:\/\/jornaltimoneiro.com.br\/index.php\/wp-json\/wp\/v2\/categories?post=363"},{"taxonomy":"post_tag","embeddable":true,"href":"https:\/\/jornaltimoneiro.com.br\/index.php\/wp-json\/wp\/v2\/tags?post=363"}],"curies":[{"name":"wp","href":"https:\/\/api.w.org\/{rel}","templated":true}]}}