{"id":36232,"date":"2025-08-08T16:57:55","date_gmt":"2025-08-08T19:57:55","guid":{"rendered":"https:\/\/jornaltimoneiro.com.br\/?p=36232"},"modified":"2025-08-08T16:57:55","modified_gmt":"2025-08-08T19:57:55","slug":"massa-de-ar-polar-derruba-temperaturas-e-traz-risco-de-geada-no-rs-a-partir-desta-sexta-feira","status":"publish","type":"post","link":"https:\/\/jornaltimoneiro.com.br\/index.php\/2025\/08\/08\/massa-de-ar-polar-derruba-temperaturas-e-traz-risco-de-geada-no-rs-a-partir-desta-sexta-feira\/","title":{"rendered":"Massa de ar polar derruba temperaturas e traz risco de geada no RS a partir desta sexta-feira"},"content":{"rendered":"<p data-start=\"242\" data-end=\"563\">O avan\u00e7o de uma massa de ar frio de origem polar provocar\u00e1 queda acentuada nas temperaturas em todo o Rio Grande do Sul a partir desta sexta-feira, 8. A previs\u00e3o indica que o fen\u00f4meno seguir\u00e1 influenciando o clima at\u00e9 a pr\u00f3xima quarta-feira, 13, com possibilidade de geadas e at\u00e9 m\u00ednimas negativas em algumas regi\u00f5es.<\/p>\n<p data-start=\"565\" data-end=\"845\">Na sexta, as temperaturas m\u00ednimas devem variar entre 4\u00b0C e 13\u00b0C, enquanto as m\u00e1ximas sobem pouco, ficando entre 6\u00b0C e 14\u00b0C. Durante a noite, os term\u00f4metros voltam a cair, podendo marcar entre -1\u00b0C e 6\u00b0C em \u00e1reas da Metade Norte e Campanha, e entre 7\u00b0C e 10\u00b0C nas demais regi\u00f5es.<\/p>\n<p data-start=\"847\" data-end=\"1180\">O s\u00e1bado, 9,\u00a0 deve ser ainda mais frio, com m\u00ednimas entre -2\u00b0C e 10\u00b0C e ocorr\u00eancia de geada no Oeste ga\u00facho. H\u00e1 tamb\u00e9m chance de precipita\u00e7\u00e3o invernal nos pontos mais altos da Serra Ga\u00facha, especialmente no final da madrugada e pela manh\u00e3, devido \u00e0 combina\u00e7\u00e3o de chuva e baixas temperaturas. As m\u00e1ximas devem ficar entre 4\u00b0C e 15\u00b0C.<\/p>\n<p data-start=\"1182\" data-end=\"1352\">No domingo, 10, a previs\u00e3o aponta m\u00ednimas de -1\u00b0C a 11\u00b0C e geada em grande parte do Estado, com exce\u00e7\u00e3o da faixa Leste e da Serra. As m\u00e1ximas variam entre 10\u00b0C e 16\u00b0C.<\/p>\n<p data-start=\"1354\" data-end=\"1563\">A segunda-feira, 11, ter\u00e1 amanhecer gelado, com m\u00ednimas entre -3\u00b0C e 10\u00b0C e geada generalizada, exceto na faixa Leste e na Serra, onde o nevoeiro deve predominar. \u00c0 tarde, as m\u00e1ximas ficam entre 12\u00b0C e 18\u00b0C.<\/p>\n<p data-start=\"1565\" data-end=\"1839\">Na ter\u00e7a-feira, 12, as m\u00ednimas variam de 0\u00b0C a 11\u00b0C, com geadas localizadas, e as m\u00e1ximas sobem um pouco, marcando entre 17\u00b0C e 22\u00b0C. A tend\u00eancia \u00e9 de aquecimento na quarta-feira, 13, quando as m\u00ednimas devem ficar entre 2\u00b0C e 13\u00b0C e as m\u00e1ximas alcan\u00e7arem de 18\u00b0C a 25\u00b0C.<\/p>\n","protected":false},"excerpt":{"rendered":"<p>O avan\u00e7o de uma massa de ar frio de origem polar provocar\u00e1 queda acentuada nas temperaturas em todo o Rio Grande do Sul a partir desta sexta-feira, 8. A previs\u00e3o indica que o fen\u00f4meno seguir\u00e1 influenciando o clima at\u00e9 a pr\u00f3xima quarta-feira, 13, com possibilidade de geadas e at\u00e9 m\u00ednimas negativas em algumas regi\u00f5es. Na [&hellip;]<\/p>\n","protected":false},"author":2,"featured_media":36239,"comment_status":"open","ping_status":"open","sticky":false,"template":"","format":"standard","meta":{"amp_status":"","footnotes":""},"categories":[2193],"tags":[4574,793,864,448,1671,213,80,1166],"class_list":["post-36232","post","type-post","status-publish","format-standard","has-post-thumbnail","hentry","category-clima","tag-ar-polar","tag-clima","tag-frio","tag-inverno","tag-previsao-do-tempo","tag-rio-grande-do-sul","tag-rs","tag-temperatura"],"yoast_head":"<!-- This site is optimized with the Yoast SEO plugin v20.5 - https:\/\/yoast.com\/wordpress\/plugins\/seo\/ -->\n<title>Massa de ar polar derruba temperaturas e traz risco de geada no RS a partir desta sexta-feira - O Timoneiro Jornal Canoas RS<\/title>\n<meta name=\"description\" content=\"O avan\u00e7o de uma massa de ar frio de origem polar provocar\u00e1 queda acentuada nas temperaturas em todo o Rio Grande do Sul\" \/>\n<meta name=\"robots\" content=\"index, follow, max-snippet:-1, max-image-preview:large, max-video-preview:-1\" \/>\n<link rel=\"canonical\" href=\"https:\/\/jornaltimoneiro.com.br\/index.php\/2025\/08\/08\/massa-de-ar-polar-derruba-temperaturas-e-traz-risco-de-geada-no-rs-a-partir-desta-sexta-feira\/\" \/>\n<meta property=\"og:locale\" content=\"pt_BR\" \/>\n<meta property=\"og:type\" content=\"article\" \/>\n<meta property=\"og:title\" content=\"Massa de ar polar derruba temperaturas e traz risco de geada no RS a partir desta sexta-feira - O Timoneiro Jornal Canoas RS\" \/>\n<meta property=\"og:description\" content=\"O avan\u00e7o de uma massa de ar frio de origem polar provocar\u00e1 queda acentuada nas temperaturas em todo o Rio Grande do Sul\" \/>\n<meta property=\"og:url\" content=\"https:\/\/jornaltimoneiro.com.br\/index.php\/2025\/08\/08\/massa-de-ar-polar-derruba-temperaturas-e-traz-risco-de-geada-no-rs-a-partir-desta-sexta-feira\/\" \/>\n<meta property=\"og:site_name\" content=\"O Timoneiro Jornal Canoas RS\" \/>\n<meta property=\"article:publisher\" content=\"https:\/\/www.facebook.com\/jornaltimoneiro\" \/>\n<meta property=\"article:published_time\" content=\"2025-08-08T19:57:55+00:00\" \/>\n<meta property=\"og:image\" content=\"https:\/\/jornaltimoneiro.com.br\/wp-content\/uploads\/2025\/08\/Massa-de-ar-polar-derruba-temperaturas-e-traz-risco-de-geada-no-RS-a-partir-desta-sexta-feira.jpeg\" \/>\n\t<meta property=\"og:image:width\" content=\"782\" \/>\n\t<meta property=\"og:image:height\" content=\"630\" \/>\n\t<meta property=\"og:image:type\" content=\"image\/jpeg\" \/>\n<meta name=\"author\" content=\"Reda\u00e7\u00e3o\" \/>\n<meta name=\"twitter:card\" content=\"summary_large_image\" \/>\n<meta name=\"twitter:creator\" content=\"@_OTimoneiro\" \/>\n<meta name=\"twitter:site\" content=\"@_OTimoneiro\" \/>\n<meta name=\"twitter:label1\" content=\"Escrito por\" \/>\n\t<meta name=\"twitter:data1\" content=\"Reda\u00e7\u00e3o\" \/>\n\t<meta name=\"twitter:label2\" content=\"Est. tempo de leitura\" \/>\n\t<meta name=\"twitter:data2\" content=\"2 minutos\" \/>\n<script type=\"application\/ld+json\" class=\"yoast-schema-graph\">{\"@context\":\"https:\/\/schema.org\",\"@graph\":[{\"@type\":\"Article\",\"@id\":\"https:\/\/jornaltimoneiro.com.br\/index.php\/2025\/08\/08\/massa-de-ar-polar-derruba-temperaturas-e-traz-risco-de-geada-no-rs-a-partir-desta-sexta-feira\/#article\",\"isPartOf\":{\"@id\":\"https:\/\/jornaltimoneiro.com.br\/index.php\/2025\/08\/08\/massa-de-ar-polar-derruba-temperaturas-e-traz-risco-de-geada-no-rs-a-partir-desta-sexta-feira\/\"},\"author\":{\"name\":\"Reda\u00e7\u00e3o\",\"@id\":\"https:\/\/jornaltimoneiro.com.br\/#\/schema\/person\/f63482f1a02b1a9592707865e509ab40\"},\"headline\":\"Massa de ar polar derruba temperaturas e traz risco de geada no RS a partir desta sexta-feira\",\"datePublished\":\"2025-08-08T19:57:55+00:00\",\"dateModified\":\"2025-08-08T19:57:55+00:00\",\"mainEntityOfPage\":{\"@id\":\"https:\/\/jornaltimoneiro.com.br\/index.php\/2025\/08\/08\/massa-de-ar-polar-derruba-temperaturas-e-traz-risco-de-geada-no-rs-a-partir-desta-sexta-feira\/\"},\"wordCount\":323,\"commentCount\":0,\"publisher\":{\"@id\":\"https:\/\/jornaltimoneiro.com.br\/#organization\"},\"keywords\":[\"ar polar\",\"clima\",\"frio\",\"inverno\",\"previs\u00e3o do tempo\",\"rio grande do sul\",\"RS\",\"temperatura\"],\"articleSection\":[\"Clima\"],\"inLanguage\":\"pt-BR\",\"potentialAction\":[{\"@type\":\"CommentAction\",\"name\":\"Comment\",\"target\":[\"https:\/\/jornaltimoneiro.com.br\/index.php\/2025\/08\/08\/massa-de-ar-polar-derruba-temperaturas-e-traz-risco-de-geada-no-rs-a-partir-desta-sexta-feira\/#respond\"]}]},{\"@type\":\"WebPage\",\"@id\":\"https:\/\/jornaltimoneiro.com.br\/index.php\/2025\/08\/08\/massa-de-ar-polar-derruba-temperaturas-e-traz-risco-de-geada-no-rs-a-partir-desta-sexta-feira\/\",\"url\":\"https:\/\/jornaltimoneiro.com.br\/index.php\/2025\/08\/08\/massa-de-ar-polar-derruba-temperaturas-e-traz-risco-de-geada-no-rs-a-partir-desta-sexta-feira\/\",\"name\":\"Massa de ar polar derruba temperaturas e traz risco de geada no RS a partir desta sexta-feira - O Timoneiro Jornal Canoas RS\",\"isPartOf\":{\"@id\":\"https:\/\/jornaltimoneiro.com.br\/#website\"},\"datePublished\":\"2025-08-08T19:57:55+00:00\",\"dateModified\":\"2025-08-08T19:57:55+00:00\",\"description\":\"O avan\u00e7o de uma massa de ar frio de origem polar provocar\u00e1 queda acentuada nas temperaturas em todo o Rio Grande do Sul\",\"breadcrumb\":{\"@id\":\"https:\/\/jornaltimoneiro.com.br\/index.php\/2025\/08\/08\/massa-de-ar-polar-derruba-temperaturas-e-traz-risco-de-geada-no-rs-a-partir-desta-sexta-feira\/#breadcrumb\"},\"inLanguage\":\"pt-BR\",\"potentialAction\":[{\"@type\":\"ReadAction\",\"target\":[\"https:\/\/jornaltimoneiro.com.br\/index.php\/2025\/08\/08\/massa-de-ar-polar-derruba-temperaturas-e-traz-risco-de-geada-no-rs-a-partir-desta-sexta-feira\/\"]}]},{\"@type\":\"BreadcrumbList\",\"@id\":\"https:\/\/jornaltimoneiro.com.br\/index.php\/2025\/08\/08\/massa-de-ar-polar-derruba-temperaturas-e-traz-risco-de-geada-no-rs-a-partir-desta-sexta-feira\/#breadcrumb\",\"itemListElement\":[{\"@type\":\"ListItem\",\"position\":1,\"name\":\"In\u00edcio\",\"item\":\"https:\/\/jornaltimoneiro.com.br\/\"},{\"@type\":\"ListItem\",\"position\":2,\"name\":\"Massa de ar polar derruba temperaturas e traz risco de geada no RS a partir desta sexta-feira\"}]},{\"@type\":\"WebSite\",\"@id\":\"https:\/\/jornaltimoneiro.com.br\/#website\",\"url\":\"https:\/\/jornaltimoneiro.com.br\/\",\"name\":\"Jornal Timoneiro Canoas RS\",\"description\":\"Jornal O Timoneiro, o verdadeiro jornal de Canoas\",\"publisher\":{\"@id\":\"https:\/\/jornaltimoneiro.com.br\/#organization\"},\"potentialAction\":[{\"@type\":\"SearchAction\",\"target\":{\"@type\":\"EntryPoint\",\"urlTemplate\":\"https:\/\/jornaltimoneiro.com.br\/?s={search_term_string}\"},\"query-input\":\"required name=search_term_string\"}],\"inLanguage\":\"pt-BR\"},{\"@type\":\"Organization\",\"@id\":\"https:\/\/jornaltimoneiro.com.br\/#organization\",\"name\":\"Jornal Timoneiro Canoas RS\",\"url\":\"https:\/\/jornaltimoneiro.com.br\/\",\"logo\":{\"@type\":\"ImageObject\",\"inLanguage\":\"pt-BR\",\"@id\":\"https:\/\/jornaltimoneiro.com.br\/#\/schema\/logo\/image\/\",\"url\":\"https:\/\/jornaltimoneiro.com.br\/wp-content\/uploads\/2023\/03\/logonovo.png\",\"contentUrl\":\"https:\/\/jornaltimoneiro.com.br\/wp-content\/uploads\/2023\/03\/logonovo.png\",\"width\":\"469\",\"height\":\"171\",\"caption\":\"Jornal Timoneiro Canoas RS\"},\"image\":{\"@id\":\"https:\/\/jornaltimoneiro.com.br\/#\/schema\/logo\/image\/\"},\"sameAs\":[\"https:\/\/www.facebook.com\/jornaltimoneiro\",\"https:\/\/twitter.com\/_OTimoneiro\",\"https:\/\/www.instagram.com\/jornaltimoneirocanoas\/\",\"https:\/\/www.youtube.com\/@jornalotimoneiro7927\"]},{\"@type\":\"Person\",\"@id\":\"https:\/\/jornaltimoneiro.com.br\/#\/schema\/person\/f63482f1a02b1a9592707865e509ab40\",\"name\":\"Reda\u00e7\u00e3o\",\"image\":{\"@type\":\"ImageObject\",\"inLanguage\":\"pt-BR\",\"@id\":\"https:\/\/jornaltimoneiro.com.br\/#\/schema\/person\/image\/\",\"url\":\"https:\/\/jornaltimoneiro.com.br\/wp-content\/uploads\/2023\/03\/download.jpeg\",\"contentUrl\":\"https:\/\/jornaltimoneiro.com.br\/wp-content\/uploads\/2023\/03\/download.jpeg\",\"caption\":\"Reda\u00e7\u00e3o\"},\"url\":\"https:\/\/jornaltimoneiro.com.br\/index.php\/author\/simone-dutra\/\"}]}<\/script>\n<!-- \/ Yoast SEO plugin. -->","yoast_head_json":{"title":"Massa de ar polar derruba temperaturas e traz risco de geada no RS a partir desta sexta-feira - O Timoneiro Jornal Canoas RS","description":"O avan\u00e7o de uma massa de ar frio de origem polar provocar\u00e1 queda acentuada nas temperaturas em todo o Rio Grande do Sul","robots":{"index":"index","follow":"follow","max-snippet":"max-snippet:-1","max-image-preview":"max-image-preview:large","max-video-preview":"max-video-preview:-1"},"canonical":"https:\/\/jornaltimoneiro.com.br\/index.php\/2025\/08\/08\/massa-de-ar-polar-derruba-temperaturas-e-traz-risco-de-geada-no-rs-a-partir-desta-sexta-feira\/","og_locale":"pt_BR","og_type":"article","og_title":"Massa de ar polar derruba temperaturas e traz risco de geada no RS a partir desta sexta-feira - O Timoneiro Jornal Canoas RS","og_description":"O avan\u00e7o de uma massa de ar frio de origem polar provocar\u00e1 queda acentuada nas temperaturas em todo o Rio Grande do Sul","og_url":"https:\/\/jornaltimoneiro.com.br\/index.php\/2025\/08\/08\/massa-de-ar-polar-derruba-temperaturas-e-traz-risco-de-geada-no-rs-a-partir-desta-sexta-feira\/","og_site_name":"O Timoneiro Jornal Canoas RS","article_publisher":"https:\/\/www.facebook.com\/jornaltimoneiro","article_published_time":"2025-08-08T19:57:55+00:00","og_image":[{"width":782,"height":630,"url":"https:\/\/jornaltimoneiro.com.br\/wp-content\/uploads\/2025\/08\/Massa-de-ar-polar-derruba-temperaturas-e-traz-risco-de-geada-no-RS-a-partir-desta-sexta-feira.jpeg","type":"image\/jpeg"}],"author":"Reda\u00e7\u00e3o","twitter_card":"summary_large_image","twitter_creator":"@_OTimoneiro","twitter_site":"@_OTimoneiro","twitter_misc":{"Escrito por":"Reda\u00e7\u00e3o","Est. tempo de leitura":"2 minutos"},"schema":{"@context":"https:\/\/schema.org","@graph":[{"@type":"Article","@id":"https:\/\/jornaltimoneiro.com.br\/index.php\/2025\/08\/08\/massa-de-ar-polar-derruba-temperaturas-e-traz-risco-de-geada-no-rs-a-partir-desta-sexta-feira\/#article","isPartOf":{"@id":"https:\/\/jornaltimoneiro.com.br\/index.php\/2025\/08\/08\/massa-de-ar-polar-derruba-temperaturas-e-traz-risco-de-geada-no-rs-a-partir-desta-sexta-feira\/"},"author":{"name":"Reda\u00e7\u00e3o","@id":"https:\/\/jornaltimoneiro.com.br\/#\/schema\/person\/f63482f1a02b1a9592707865e509ab40"},"headline":"Massa de ar polar derruba temperaturas e traz risco de geada no RS a partir desta sexta-feira","datePublished":"2025-08-08T19:57:55+00:00","dateModified":"2025-08-08T19:57:55+00:00","mainEntityOfPage":{"@id":"https:\/\/jornaltimoneiro.com.br\/index.php\/2025\/08\/08\/massa-de-ar-polar-derruba-temperaturas-e-traz-risco-de-geada-no-rs-a-partir-desta-sexta-feira\/"},"wordCount":323,"commentCount":0,"publisher":{"@id":"https:\/\/jornaltimoneiro.com.br\/#organization"},"keywords":["ar polar","clima","frio","inverno","previs\u00e3o do tempo","rio grande do sul","RS","temperatura"],"articleSection":["Clima"],"inLanguage":"pt-BR","potentialAction":[{"@type":"CommentAction","name":"Comment","target":["https:\/\/jornaltimoneiro.com.br\/index.php\/2025\/08\/08\/massa-de-ar-polar-derruba-temperaturas-e-traz-risco-de-geada-no-rs-a-partir-desta-sexta-feira\/#respond"]}]},{"@type":"WebPage","@id":"https:\/\/jornaltimoneiro.com.br\/index.php\/2025\/08\/08\/massa-de-ar-polar-derruba-temperaturas-e-traz-risco-de-geada-no-rs-a-partir-desta-sexta-feira\/","url":"https:\/\/jornaltimoneiro.com.br\/index.php\/2025\/08\/08\/massa-de-ar-polar-derruba-temperaturas-e-traz-risco-de-geada-no-rs-a-partir-desta-sexta-feira\/","name":"Massa de ar polar derruba temperaturas e traz risco de geada no RS a partir desta sexta-feira - O Timoneiro Jornal Canoas RS","isPartOf":{"@id":"https:\/\/jornaltimoneiro.com.br\/#website"},"datePublished":"2025-08-08T19:57:55+00:00","dateModified":"2025-08-08T19:57:55+00:00","description":"O avan\u00e7o de uma massa de ar frio de origem polar provocar\u00e1 queda acentuada nas temperaturas em todo o Rio Grande do Sul","breadcrumb":{"@id":"https:\/\/jornaltimoneiro.com.br\/index.php\/2025\/08\/08\/massa-de-ar-polar-derruba-temperaturas-e-traz-risco-de-geada-no-rs-a-partir-desta-sexta-feira\/#breadcrumb"},"inLanguage":"pt-BR","potentialAction":[{"@type":"ReadAction","target":["https:\/\/jornaltimoneiro.com.br\/index.php\/2025\/08\/08\/massa-de-ar-polar-derruba-temperaturas-e-traz-risco-de-geada-no-rs-a-partir-desta-sexta-feira\/"]}]},{"@type":"BreadcrumbList","@id":"https:\/\/jornaltimoneiro.com.br\/index.php\/2025\/08\/08\/massa-de-ar-polar-derruba-temperaturas-e-traz-risco-de-geada-no-rs-a-partir-desta-sexta-feira\/#breadcrumb","itemListElement":[{"@type":"ListItem","position":1,"name":"In\u00edcio","item":"https:\/\/jornaltimoneiro.com.br\/"},{"@type":"ListItem","position":2,"name":"Massa de ar polar derruba temperaturas e traz risco de geada no RS a partir desta sexta-feira"}]},{"@type":"WebSite","@id":"https:\/\/jornaltimoneiro.com.br\/#website","url":"https:\/\/jornaltimoneiro.com.br\/","name":"Jornal Timoneiro Canoas RS","description":"Jornal O Timoneiro, o verdadeiro jornal de Canoas","publisher":{"@id":"https:\/\/jornaltimoneiro.com.br\/#organization"},"potentialAction":[{"@type":"SearchAction","target":{"@type":"EntryPoint","urlTemplate":"https:\/\/jornaltimoneiro.com.br\/?s={search_term_string}"},"query-input":"required name=search_term_string"}],"inLanguage":"pt-BR"},{"@type":"Organization","@id":"https:\/\/jornaltimoneiro.com.br\/#organization","name":"Jornal Timoneiro Canoas RS","url":"https:\/\/jornaltimoneiro.com.br\/","logo":{"@type":"ImageObject","inLanguage":"pt-BR","@id":"https:\/\/jornaltimoneiro.com.br\/#\/schema\/logo\/image\/","url":"https:\/\/jornaltimoneiro.com.br\/wp-content\/uploads\/2023\/03\/logonovo.png","contentUrl":"https:\/\/jornaltimoneiro.com.br\/wp-content\/uploads\/2023\/03\/logonovo.png","width":"469","height":"171","caption":"Jornal Timoneiro Canoas RS"},"image":{"@id":"https:\/\/jornaltimoneiro.com.br\/#\/schema\/logo\/image\/"},"sameAs":["https:\/\/www.facebook.com\/jornaltimoneiro","https:\/\/twitter.com\/_OTimoneiro","https:\/\/www.instagram.com\/jornaltimoneirocanoas\/","https:\/\/www.youtube.com\/@jornalotimoneiro7927"]},{"@type":"Person","@id":"https:\/\/jornaltimoneiro.com.br\/#\/schema\/person\/f63482f1a02b1a9592707865e509ab40","name":"Reda\u00e7\u00e3o","image":{"@type":"ImageObject","inLanguage":"pt-BR","@id":"https:\/\/jornaltimoneiro.com.br\/#\/schema\/person\/image\/","url":"https:\/\/jornaltimoneiro.com.br\/wp-content\/uploads\/2023\/03\/download.jpeg","contentUrl":"https:\/\/jornaltimoneiro.com.br\/wp-content\/uploads\/2023\/03\/download.jpeg","caption":"Reda\u00e7\u00e3o"},"url":"https:\/\/jornaltimoneiro.com.br\/index.php\/author\/simone-dutra\/"}]}},"_links":{"self":[{"href":"https:\/\/jornaltimoneiro.com.br\/index.php\/wp-json\/wp\/v2\/posts\/36232"}],"collection":[{"href":"https:\/\/jornaltimoneiro.com.br\/index.php\/wp-json\/wp\/v2\/posts"}],"about":[{"href":"https:\/\/jornaltimoneiro.com.br\/index.php\/wp-json\/wp\/v2\/types\/post"}],"author":[{"embeddable":true,"href":"https:\/\/jornaltimoneiro.com.br\/index.php\/wp-json\/wp\/v2\/users\/2"}],"replies":[{"embeddable":true,"href":"https:\/\/jornaltimoneiro.com.br\/index.php\/wp-json\/wp\/v2\/comments?post=36232"}],"version-history":[{"count":1,"href":"https:\/\/jornaltimoneiro.com.br\/index.php\/wp-json\/wp\/v2\/posts\/36232\/revisions"}],"predecessor-version":[{"id":36240,"href":"https:\/\/jornaltimoneiro.com.br\/index.php\/wp-json\/wp\/v2\/posts\/36232\/revisions\/36240"}],"wp:featuredmedia":[{"embeddable":true,"href":"https:\/\/jornaltimoneiro.com.br\/index.php\/wp-json\/wp\/v2\/media\/36239"}],"wp:attachment":[{"href":"https:\/\/jornaltimoneiro.com.br\/index.php\/wp-json\/wp\/v2\/media?parent=36232"}],"wp:term":[{"taxonomy":"category","embeddable":true,"href":"https:\/\/jornaltimoneiro.com.br\/index.php\/wp-json\/wp\/v2\/categories?post=36232"},{"taxonomy":"post_tag","embeddable":true,"href":"https:\/\/jornaltimoneiro.com.br\/index.php\/wp-json\/wp\/v2\/tags?post=36232"}],"curies":[{"name":"wp","href":"https:\/\/api.w.org\/{rel}","templated":true}]}}