{"id":35892,"date":"2025-07-24T18:04:39","date_gmt":"2025-07-24T21:04:39","guid":{"rendered":"https:\/\/jornaltimoneiro.com.br\/?p=35892"},"modified":"2025-07-24T18:04:39","modified_gmt":"2025-07-24T21:04:39","slug":"estado-inicia-repasse-de-r-1797-milhoes-para-sistemas-de-protecao-contra-cheias-de-canoas","status":"publish","type":"post","link":"https:\/\/jornaltimoneiro.com.br\/index.php\/2025\/07\/24\/estado-inicia-repasse-de-r-1797-milhoes-para-sistemas-de-protecao-contra-cheias-de-canoas\/","title":{"rendered":"Estado inicia repasse de R$ 179,7 milh\u00f5es para sistemas de prote\u00e7\u00e3o contra cheias de Canoas"},"content":{"rendered":"<p>Foi efetivado pelo governador Eduardo Leite na quinta-feira, 24, o in\u00edcio do repasse que ter\u00e1 um total de R$ 179,7 milh\u00f5es para o munic\u00edpio de Canoas, por meio do programa Fundo a Fundo da Reconstru\u00e7\u00e3o, que integra o\u00a0<a href=\"https:\/\/planoriogrande.rs.gov.br\/inicial\">Plano Rio Grande<\/a>.<\/p>\n<p>O investimento se dar\u00e1 em diversas frentes de a\u00e7\u00e3o, como o hidrojateamento de redes de \u00e1gua e esgoto, a moderniza\u00e7\u00e3o de oito casas de bombas do munic\u00edpio e a recupera\u00e7\u00e3o dos diques de prote\u00e7\u00e3o da cidade, danificados durante o evento meteorol\u00f3gico de 2024. Do valor total destinado a Canoas, R$ 62,8 milh\u00f5es j\u00e1 foram depositados como primeira parcela. O restante ser\u00e1 encaminhado conforme as entregas e obras forem sendo realizadas pela prefeitura.<\/p>\n<blockquote><p>\u201cN\u00e3o estamos apenas assinando um conv\u00eanio, mas efetivamente depositando os recursos. Hoje, o Estado j\u00e1 transferiu R$ 62,8 milh\u00f5es \u00e0 conta do Fundo de Reconstru\u00e7\u00e3o do munic\u00edpio. \u00c9 a primeira parte dos R$ 179,7 milh\u00f5es aprovados. A libera\u00e7\u00e3o \u00e9 feita por etapas, \u00e0 medida em que os projetos s\u00e3o executados\u201d, afirmou Leite.<\/p><\/blockquote>\n<p>A destina\u00e7\u00e3o do Funrigs prioriza a recupera\u00e7\u00e3o de sistemas de prote\u00e7\u00e3o existentes, como forma de garantir efic\u00e1cia e execu\u00e7\u00e3o dentro do prazo previsto at\u00e9 2027.<\/p>\n<blockquote><p>\u201cTemos muito cuidado com a aplica\u00e7\u00e3o dos recursos. Cada projeto \u00e9 analisado tecnicamente e validado pelo Comit\u00ea Cient\u00edfico, para assegurar que estamos financiando solu\u00e7\u00f5es consistentes e que protejam a popula\u00e7\u00e3o&#8221;, completou.<\/p><\/blockquote>\n<h4><strong>Obras v\u00e3o minimizar o impacto das chuvas<\/strong><\/h4>\n<p>O hidrojateamento permitir\u00e1 a limpeza e desobstru\u00e7\u00e3o das redes pluviais e de esgoto, reduzindo entupimentos e prevenindo problemas futuros nas tubula\u00e7\u00f5es, especialmente em per\u00edodos de chuvas intensas.<\/p>\n<p>A moderniza\u00e7\u00e3o das casas de bombas tamb\u00e9m est\u00e1 entre os projetos aprovados pelo governo do Estado. Os recursos ser\u00e3o utilizados na melhoria dos equipamentos e na realiza\u00e7\u00e3o de manuten\u00e7\u00f5es necess\u00e1rias para garantir o funcionamento adequado das estruturas. Os diques que fazem a conten\u00e7\u00e3o da \u00e1gua no munic\u00edpio receber\u00e3o obras de recupera\u00e7\u00e3o.<\/p>\n<blockquote><p>\u201cEssas obras s\u00e3o complexas e envolvem v\u00e1rias frentes e regi\u00f5es densamente povoadas da cidade. Com esse apoio do Estado, vamos acelerar o ritmo e avan\u00e7ar nas etapas que j\u00e1 estavam preparadas. Est\u00e1vamos tocando com recursos pr\u00f3prios e da venda da Corsan, mas agora podemos acelerar com seguran\u00e7a. O mais importante \u00e9 devolver a tranquilidade \u00e0s pessoas&#8221;, destacou o prefeito de Canoas, Airton de Souza.<\/p><\/blockquote>\n<h4><strong>Diques<\/strong><\/h4>\n<p>Entre os projetos contemplados, est\u00e3o a recupera\u00e7\u00e3o do dique da Niter\u00f3i, com R$ 500 mil para contrata\u00e7\u00e3o de projetos, e a reestrutura\u00e7\u00e3o dos diques do Rio Branco e Matias Velho, com valores de R$ 62 milh\u00f5es e R$ 34,2 milh\u00f5es, respectivamente. As casas de bombas, que tiveram seu funcionamento comprometido durante a enchente, receber\u00e3o R$ 78,7 milh\u00f5es em obras estruturais, eletromec\u00e2nicas e de automa\u00e7\u00e3o.<\/p>\n<p>O secret\u00e1rio da Reconstru\u00e7\u00e3o Ga\u00facha, Pedro Capeluppi, refor\u00e7ou que a libera\u00e7\u00e3o para Canoas \u00e9 resultado de intenso trabalho t\u00e9cnico e colabora\u00e7\u00e3o entre as equipes estaduais e municipais. \u201cEssa entrega s\u00f3 foi poss\u00edvel porque tivemos um esfor\u00e7o conjunto, com muito di\u00e1logo, ajustes de projeto e foco na solu\u00e7\u00e3o. Canoas tem papel estrat\u00e9gico na prote\u00e7\u00e3o da Regi\u00e3o Metropolitana, e o Estado est\u00e1 fazendo sua parte para garantir essa seguran\u00e7a\u201d, pontuou.<\/p>\n<p>Al\u00e9m de Porto Alegre e Canoas, que j\u00e1 tiveram repasses confirmados, cerca de 30 munic\u00edpios manifestaram interesse e est\u00e3o em di\u00e1logo com o Executivo Estadual para receber recursos do programa Fundo a Fundo da Reconstru\u00e7\u00e3o.<\/p>\n<p>Tamb\u00e9m participaram da reuni\u00e3o o secret\u00e1rio em exerc\u00edcio da Fazenda, Itanielson Cruz, o vice-prefeito Rodrigo Busato e secret\u00e1rios municipais.<\/p>\n","protected":false},"excerpt":{"rendered":"<p>Foi efetivado pelo governador Eduardo Leite na quinta-feira, 24, o in\u00edcio do repasse que ter\u00e1 um total de R$ 179,7 milh\u00f5es para o munic\u00edpio de Canoas, por meio do programa Fundo a Fundo da Reconstru\u00e7\u00e3o, que integra o\u00a0Plano Rio Grande. O investimento se dar\u00e1 em diversas frentes de a\u00e7\u00e3o, como o hidrojateamento de redes de [&hellip;]<\/p>\n","protected":false},"author":2,"featured_media":35893,"comment_status":"open","ping_status":"open","sticky":false,"template":"","format":"standard","meta":{"amp_status":"","footnotes":""},"categories":[19,2443],"tags":[2230,31,1353,665,2497,190,519,808],"class_list":["post-35892","post","type-post","status-publish","format-standard","has-post-thumbnail","hentry","category-destaques","category-enchente-2024-canoas","tag-airton-souza","tag-canoas","tag-cheias","tag-eduardo-leite","tag-enchente-rs","tag-featured","tag-repasse","tag-verba"],"yoast_head":"<!-- This site is optimized with the Yoast SEO plugin v20.5 - https:\/\/yoast.com\/wordpress\/plugins\/seo\/ -->\n<title>Estado inicia repasse de R$ 179,7 milh\u00f5es para sistemas de prote\u00e7\u00e3o contra cheias de Canoas - O Timoneiro Jornal Canoas RS<\/title>\n<meta name=\"description\" content=\"Foi efetivado pelo governador Eduardo Leite na quinta-feira, 24, o in\u00edcio do repasse que ter\u00e1 um total de R$ 179,7 milh\u00f5es para Canoas\" \/>\n<meta name=\"robots\" content=\"index, follow, max-snippet:-1, max-image-preview:large, max-video-preview:-1\" \/>\n<link rel=\"canonical\" href=\"https:\/\/jornaltimoneiro.com.br\/index.php\/2025\/07\/24\/estado-inicia-repasse-de-r-1797-milhoes-para-sistemas-de-protecao-contra-cheias-de-canoas\/\" \/>\n<meta property=\"og:locale\" content=\"pt_BR\" \/>\n<meta property=\"og:type\" content=\"article\" \/>\n<meta property=\"og:title\" content=\"Estado inicia repasse de R$ 179,7 milh\u00f5es para sistemas de prote\u00e7\u00e3o contra cheias de Canoas - O Timoneiro Jornal Canoas RS\" \/>\n<meta property=\"og:description\" content=\"Foi efetivado pelo governador Eduardo Leite na quinta-feira, 24, o in\u00edcio do repasse que ter\u00e1 um total de R$ 179,7 milh\u00f5es para Canoas\" \/>\n<meta property=\"og:url\" content=\"https:\/\/jornaltimoneiro.com.br\/index.php\/2025\/07\/24\/estado-inicia-repasse-de-r-1797-milhoes-para-sistemas-de-protecao-contra-cheias-de-canoas\/\" \/>\n<meta property=\"og:site_name\" content=\"O Timoneiro Jornal Canoas RS\" \/>\n<meta property=\"article:publisher\" content=\"https:\/\/www.facebook.com\/jornaltimoneiro\" \/>\n<meta property=\"article:published_time\" content=\"2025-07-24T21:04:39+00:00\" \/>\n<meta property=\"og:image\" content=\"https:\/\/jornaltimoneiro.com.br\/wp-content\/uploads\/2025\/07\/Estado-inicia-repasse-de-R-1797-milhoes-para-sistemas-de-protecao-contra-cheias-de-Canoas.jpg\" \/>\n\t<meta property=\"og:image:width\" content=\"1080\" \/>\n\t<meta property=\"og:image:height\" content=\"810\" \/>\n\t<meta property=\"og:image:type\" content=\"image\/jpeg\" \/>\n<meta name=\"author\" content=\"Reda\u00e7\u00e3o\" \/>\n<meta name=\"twitter:card\" content=\"summary_large_image\" \/>\n<meta name=\"twitter:creator\" content=\"@_OTimoneiro\" \/>\n<meta name=\"twitter:site\" content=\"@_OTimoneiro\" \/>\n<meta name=\"twitter:label1\" content=\"Escrito por\" \/>\n\t<meta name=\"twitter:data1\" content=\"Reda\u00e7\u00e3o\" \/>\n\t<meta name=\"twitter:label2\" content=\"Est. tempo de leitura\" \/>\n\t<meta name=\"twitter:data2\" content=\"4 minutos\" \/>\n<script type=\"application\/ld+json\" class=\"yoast-schema-graph\">{\"@context\":\"https:\/\/schema.org\",\"@graph\":[{\"@type\":\"Article\",\"@id\":\"https:\/\/jornaltimoneiro.com.br\/index.php\/2025\/07\/24\/estado-inicia-repasse-de-r-1797-milhoes-para-sistemas-de-protecao-contra-cheias-de-canoas\/#article\",\"isPartOf\":{\"@id\":\"https:\/\/jornaltimoneiro.com.br\/index.php\/2025\/07\/24\/estado-inicia-repasse-de-r-1797-milhoes-para-sistemas-de-protecao-contra-cheias-de-canoas\/\"},\"author\":{\"name\":\"Reda\u00e7\u00e3o\",\"@id\":\"https:\/\/jornaltimoneiro.com.br\/#\/schema\/person\/f63482f1a02b1a9592707865e509ab40\"},\"headline\":\"Estado inicia repasse de R$ 179,7 milh\u00f5es para sistemas de prote\u00e7\u00e3o contra cheias de Canoas\",\"datePublished\":\"2025-07-24T21:04:39+00:00\",\"dateModified\":\"2025-07-24T21:04:39+00:00\",\"mainEntityOfPage\":{\"@id\":\"https:\/\/jornaltimoneiro.com.br\/index.php\/2025\/07\/24\/estado-inicia-repasse-de-r-1797-milhoes-para-sistemas-de-protecao-contra-cheias-de-canoas\/\"},\"wordCount\":639,\"commentCount\":0,\"publisher\":{\"@id\":\"https:\/\/jornaltimoneiro.com.br\/#organization\"},\"keywords\":[\"airton souza\",\"canoas\",\"cheias\",\"eduardo leite\",\"enchente rs\",\"featured\",\"repasse\",\"verba\"],\"articleSection\":[\"Destaques\",\"Enchente 2024 Canoas\"],\"inLanguage\":\"pt-BR\",\"potentialAction\":[{\"@type\":\"CommentAction\",\"name\":\"Comment\",\"target\":[\"https:\/\/jornaltimoneiro.com.br\/index.php\/2025\/07\/24\/estado-inicia-repasse-de-r-1797-milhoes-para-sistemas-de-protecao-contra-cheias-de-canoas\/#respond\"]}]},{\"@type\":\"WebPage\",\"@id\":\"https:\/\/jornaltimoneiro.com.br\/index.php\/2025\/07\/24\/estado-inicia-repasse-de-r-1797-milhoes-para-sistemas-de-protecao-contra-cheias-de-canoas\/\",\"url\":\"https:\/\/jornaltimoneiro.com.br\/index.php\/2025\/07\/24\/estado-inicia-repasse-de-r-1797-milhoes-para-sistemas-de-protecao-contra-cheias-de-canoas\/\",\"name\":\"Estado inicia repasse de R$ 179,7 milh\u00f5es para sistemas de prote\u00e7\u00e3o contra cheias de Canoas - O Timoneiro Jornal Canoas RS\",\"isPartOf\":{\"@id\":\"https:\/\/jornaltimoneiro.com.br\/#website\"},\"datePublished\":\"2025-07-24T21:04:39+00:00\",\"dateModified\":\"2025-07-24T21:04:39+00:00\",\"description\":\"Foi efetivado pelo governador Eduardo Leite na quinta-feira, 24, o in\u00edcio do repasse que ter\u00e1 um total de R$ 179,7 milh\u00f5es para Canoas\",\"breadcrumb\":{\"@id\":\"https:\/\/jornaltimoneiro.com.br\/index.php\/2025\/07\/24\/estado-inicia-repasse-de-r-1797-milhoes-para-sistemas-de-protecao-contra-cheias-de-canoas\/#breadcrumb\"},\"inLanguage\":\"pt-BR\",\"potentialAction\":[{\"@type\":\"ReadAction\",\"target\":[\"https:\/\/jornaltimoneiro.com.br\/index.php\/2025\/07\/24\/estado-inicia-repasse-de-r-1797-milhoes-para-sistemas-de-protecao-contra-cheias-de-canoas\/\"]}]},{\"@type\":\"BreadcrumbList\",\"@id\":\"https:\/\/jornaltimoneiro.com.br\/index.php\/2025\/07\/24\/estado-inicia-repasse-de-r-1797-milhoes-para-sistemas-de-protecao-contra-cheias-de-canoas\/#breadcrumb\",\"itemListElement\":[{\"@type\":\"ListItem\",\"position\":1,\"name\":\"In\u00edcio\",\"item\":\"https:\/\/jornaltimoneiro.com.br\/\"},{\"@type\":\"ListItem\",\"position\":2,\"name\":\"Estado inicia repasse de R$ 179,7 milh\u00f5es para sistemas de prote\u00e7\u00e3o contra cheias de Canoas\"}]},{\"@type\":\"WebSite\",\"@id\":\"https:\/\/jornaltimoneiro.com.br\/#website\",\"url\":\"https:\/\/jornaltimoneiro.com.br\/\",\"name\":\"Jornal Timoneiro Canoas RS\",\"description\":\"Jornal O Timoneiro, o verdadeiro jornal de Canoas\",\"publisher\":{\"@id\":\"https:\/\/jornaltimoneiro.com.br\/#organization\"},\"potentialAction\":[{\"@type\":\"SearchAction\",\"target\":{\"@type\":\"EntryPoint\",\"urlTemplate\":\"https:\/\/jornaltimoneiro.com.br\/?s={search_term_string}\"},\"query-input\":\"required name=search_term_string\"}],\"inLanguage\":\"pt-BR\"},{\"@type\":\"Organization\",\"@id\":\"https:\/\/jornaltimoneiro.com.br\/#organization\",\"name\":\"Jornal Timoneiro Canoas RS\",\"url\":\"https:\/\/jornaltimoneiro.com.br\/\",\"logo\":{\"@type\":\"ImageObject\",\"inLanguage\":\"pt-BR\",\"@id\":\"https:\/\/jornaltimoneiro.com.br\/#\/schema\/logo\/image\/\",\"url\":\"https:\/\/jornaltimoneiro.com.br\/wp-content\/uploads\/2023\/03\/logonovo.png\",\"contentUrl\":\"https:\/\/jornaltimoneiro.com.br\/wp-content\/uploads\/2023\/03\/logonovo.png\",\"width\":\"469\",\"height\":\"171\",\"caption\":\"Jornal Timoneiro Canoas RS\"},\"image\":{\"@id\":\"https:\/\/jornaltimoneiro.com.br\/#\/schema\/logo\/image\/\"},\"sameAs\":[\"https:\/\/www.facebook.com\/jornaltimoneiro\",\"https:\/\/twitter.com\/_OTimoneiro\",\"https:\/\/www.instagram.com\/jornaltimoneirocanoas\/\",\"https:\/\/www.youtube.com\/@jornalotimoneiro7927\"]},{\"@type\":\"Person\",\"@id\":\"https:\/\/jornaltimoneiro.com.br\/#\/schema\/person\/f63482f1a02b1a9592707865e509ab40\",\"name\":\"Reda\u00e7\u00e3o\",\"image\":{\"@type\":\"ImageObject\",\"inLanguage\":\"pt-BR\",\"@id\":\"https:\/\/jornaltimoneiro.com.br\/#\/schema\/person\/image\/\",\"url\":\"https:\/\/jornaltimoneiro.com.br\/wp-content\/uploads\/2023\/03\/download.jpeg\",\"contentUrl\":\"https:\/\/jornaltimoneiro.com.br\/wp-content\/uploads\/2023\/03\/download.jpeg\",\"caption\":\"Reda\u00e7\u00e3o\"},\"url\":\"https:\/\/jornaltimoneiro.com.br\/index.php\/author\/simone-dutra\/\"}]}<\/script>\n<!-- \/ Yoast SEO plugin. -->","yoast_head_json":{"title":"Estado inicia repasse de R$ 179,7 milh\u00f5es para sistemas de prote\u00e7\u00e3o contra cheias de Canoas - O Timoneiro Jornal Canoas RS","description":"Foi efetivado pelo governador Eduardo Leite na quinta-feira, 24, o in\u00edcio do repasse que ter\u00e1 um total de R$ 179,7 milh\u00f5es para Canoas","robots":{"index":"index","follow":"follow","max-snippet":"max-snippet:-1","max-image-preview":"max-image-preview:large","max-video-preview":"max-video-preview:-1"},"canonical":"https:\/\/jornaltimoneiro.com.br\/index.php\/2025\/07\/24\/estado-inicia-repasse-de-r-1797-milhoes-para-sistemas-de-protecao-contra-cheias-de-canoas\/","og_locale":"pt_BR","og_type":"article","og_title":"Estado inicia repasse de R$ 179,7 milh\u00f5es para sistemas de prote\u00e7\u00e3o contra cheias de Canoas - O Timoneiro Jornal Canoas RS","og_description":"Foi efetivado pelo governador Eduardo Leite na quinta-feira, 24, o in\u00edcio do repasse que ter\u00e1 um total de R$ 179,7 milh\u00f5es para Canoas","og_url":"https:\/\/jornaltimoneiro.com.br\/index.php\/2025\/07\/24\/estado-inicia-repasse-de-r-1797-milhoes-para-sistemas-de-protecao-contra-cheias-de-canoas\/","og_site_name":"O Timoneiro Jornal Canoas RS","article_publisher":"https:\/\/www.facebook.com\/jornaltimoneiro","article_published_time":"2025-07-24T21:04:39+00:00","og_image":[{"width":"1080","height":"810","url":"https:\/\/jornaltimoneiro.com.br\/wp-content\/uploads\/2025\/07\/Estado-inicia-repasse-de-R-1797-milhoes-para-sistemas-de-protecao-contra-cheias-de-Canoas.jpg","type":"image\/jpeg"}],"author":"Reda\u00e7\u00e3o","twitter_card":"summary_large_image","twitter_creator":"@_OTimoneiro","twitter_site":"@_OTimoneiro","twitter_misc":{"Escrito por":"Reda\u00e7\u00e3o","Est. tempo de leitura":"4 minutos"},"schema":{"@context":"https:\/\/schema.org","@graph":[{"@type":"Article","@id":"https:\/\/jornaltimoneiro.com.br\/index.php\/2025\/07\/24\/estado-inicia-repasse-de-r-1797-milhoes-para-sistemas-de-protecao-contra-cheias-de-canoas\/#article","isPartOf":{"@id":"https:\/\/jornaltimoneiro.com.br\/index.php\/2025\/07\/24\/estado-inicia-repasse-de-r-1797-milhoes-para-sistemas-de-protecao-contra-cheias-de-canoas\/"},"author":{"name":"Reda\u00e7\u00e3o","@id":"https:\/\/jornaltimoneiro.com.br\/#\/schema\/person\/f63482f1a02b1a9592707865e509ab40"},"headline":"Estado inicia repasse de R$ 179,7 milh\u00f5es para sistemas de prote\u00e7\u00e3o contra cheias de Canoas","datePublished":"2025-07-24T21:04:39+00:00","dateModified":"2025-07-24T21:04:39+00:00","mainEntityOfPage":{"@id":"https:\/\/jornaltimoneiro.com.br\/index.php\/2025\/07\/24\/estado-inicia-repasse-de-r-1797-milhoes-para-sistemas-de-protecao-contra-cheias-de-canoas\/"},"wordCount":639,"commentCount":0,"publisher":{"@id":"https:\/\/jornaltimoneiro.com.br\/#organization"},"keywords":["airton souza","canoas","cheias","eduardo leite","enchente rs","featured","repasse","verba"],"articleSection":["Destaques","Enchente 2024 Canoas"],"inLanguage":"pt-BR","potentialAction":[{"@type":"CommentAction","name":"Comment","target":["https:\/\/jornaltimoneiro.com.br\/index.php\/2025\/07\/24\/estado-inicia-repasse-de-r-1797-milhoes-para-sistemas-de-protecao-contra-cheias-de-canoas\/#respond"]}]},{"@type":"WebPage","@id":"https:\/\/jornaltimoneiro.com.br\/index.php\/2025\/07\/24\/estado-inicia-repasse-de-r-1797-milhoes-para-sistemas-de-protecao-contra-cheias-de-canoas\/","url":"https:\/\/jornaltimoneiro.com.br\/index.php\/2025\/07\/24\/estado-inicia-repasse-de-r-1797-milhoes-para-sistemas-de-protecao-contra-cheias-de-canoas\/","name":"Estado inicia repasse de R$ 179,7 milh\u00f5es para sistemas de prote\u00e7\u00e3o contra cheias de Canoas - O Timoneiro Jornal Canoas RS","isPartOf":{"@id":"https:\/\/jornaltimoneiro.com.br\/#website"},"datePublished":"2025-07-24T21:04:39+00:00","dateModified":"2025-07-24T21:04:39+00:00","description":"Foi efetivado pelo governador Eduardo Leite na quinta-feira, 24, o in\u00edcio do repasse que ter\u00e1 um total de R$ 179,7 milh\u00f5es para Canoas","breadcrumb":{"@id":"https:\/\/jornaltimoneiro.com.br\/index.php\/2025\/07\/24\/estado-inicia-repasse-de-r-1797-milhoes-para-sistemas-de-protecao-contra-cheias-de-canoas\/#breadcrumb"},"inLanguage":"pt-BR","potentialAction":[{"@type":"ReadAction","target":["https:\/\/jornaltimoneiro.com.br\/index.php\/2025\/07\/24\/estado-inicia-repasse-de-r-1797-milhoes-para-sistemas-de-protecao-contra-cheias-de-canoas\/"]}]},{"@type":"BreadcrumbList","@id":"https:\/\/jornaltimoneiro.com.br\/index.php\/2025\/07\/24\/estado-inicia-repasse-de-r-1797-milhoes-para-sistemas-de-protecao-contra-cheias-de-canoas\/#breadcrumb","itemListElement":[{"@type":"ListItem","position":1,"name":"In\u00edcio","item":"https:\/\/jornaltimoneiro.com.br\/"},{"@type":"ListItem","position":2,"name":"Estado inicia repasse de R$ 179,7 milh\u00f5es para sistemas de prote\u00e7\u00e3o contra cheias de Canoas"}]},{"@type":"WebSite","@id":"https:\/\/jornaltimoneiro.com.br\/#website","url":"https:\/\/jornaltimoneiro.com.br\/","name":"Jornal Timoneiro Canoas RS","description":"Jornal O Timoneiro, o verdadeiro jornal de Canoas","publisher":{"@id":"https:\/\/jornaltimoneiro.com.br\/#organization"},"potentialAction":[{"@type":"SearchAction","target":{"@type":"EntryPoint","urlTemplate":"https:\/\/jornaltimoneiro.com.br\/?s={search_term_string}"},"query-input":"required name=search_term_string"}],"inLanguage":"pt-BR"},{"@type":"Organization","@id":"https:\/\/jornaltimoneiro.com.br\/#organization","name":"Jornal Timoneiro Canoas RS","url":"https:\/\/jornaltimoneiro.com.br\/","logo":{"@type":"ImageObject","inLanguage":"pt-BR","@id":"https:\/\/jornaltimoneiro.com.br\/#\/schema\/logo\/image\/","url":"https:\/\/jornaltimoneiro.com.br\/wp-content\/uploads\/2023\/03\/logonovo.png","contentUrl":"https:\/\/jornaltimoneiro.com.br\/wp-content\/uploads\/2023\/03\/logonovo.png","width":"469","height":"171","caption":"Jornal Timoneiro Canoas RS"},"image":{"@id":"https:\/\/jornaltimoneiro.com.br\/#\/schema\/logo\/image\/"},"sameAs":["https:\/\/www.facebook.com\/jornaltimoneiro","https:\/\/twitter.com\/_OTimoneiro","https:\/\/www.instagram.com\/jornaltimoneirocanoas\/","https:\/\/www.youtube.com\/@jornalotimoneiro7927"]},{"@type":"Person","@id":"https:\/\/jornaltimoneiro.com.br\/#\/schema\/person\/f63482f1a02b1a9592707865e509ab40","name":"Reda\u00e7\u00e3o","image":{"@type":"ImageObject","inLanguage":"pt-BR","@id":"https:\/\/jornaltimoneiro.com.br\/#\/schema\/person\/image\/","url":"https:\/\/jornaltimoneiro.com.br\/wp-content\/uploads\/2023\/03\/download.jpeg","contentUrl":"https:\/\/jornaltimoneiro.com.br\/wp-content\/uploads\/2023\/03\/download.jpeg","caption":"Reda\u00e7\u00e3o"},"url":"https:\/\/jornaltimoneiro.com.br\/index.php\/author\/simone-dutra\/"}]}},"_links":{"self":[{"href":"https:\/\/jornaltimoneiro.com.br\/index.php\/wp-json\/wp\/v2\/posts\/35892"}],"collection":[{"href":"https:\/\/jornaltimoneiro.com.br\/index.php\/wp-json\/wp\/v2\/posts"}],"about":[{"href":"https:\/\/jornaltimoneiro.com.br\/index.php\/wp-json\/wp\/v2\/types\/post"}],"author":[{"embeddable":true,"href":"https:\/\/jornaltimoneiro.com.br\/index.php\/wp-json\/wp\/v2\/users\/2"}],"replies":[{"embeddable":true,"href":"https:\/\/jornaltimoneiro.com.br\/index.php\/wp-json\/wp\/v2\/comments?post=35892"}],"version-history":[{"count":1,"href":"https:\/\/jornaltimoneiro.com.br\/index.php\/wp-json\/wp\/v2\/posts\/35892\/revisions"}],"predecessor-version":[{"id":35894,"href":"https:\/\/jornaltimoneiro.com.br\/index.php\/wp-json\/wp\/v2\/posts\/35892\/revisions\/35894"}],"wp:featuredmedia":[{"embeddable":true,"href":"https:\/\/jornaltimoneiro.com.br\/index.php\/wp-json\/wp\/v2\/media\/35893"}],"wp:attachment":[{"href":"https:\/\/jornaltimoneiro.com.br\/index.php\/wp-json\/wp\/v2\/media?parent=35892"}],"wp:term":[{"taxonomy":"category","embeddable":true,"href":"https:\/\/jornaltimoneiro.com.br\/index.php\/wp-json\/wp\/v2\/categories?post=35892"},{"taxonomy":"post_tag","embeddable":true,"href":"https:\/\/jornaltimoneiro.com.br\/index.php\/wp-json\/wp\/v2\/tags?post=35892"}],"curies":[{"name":"wp","href":"https:\/\/api.w.org\/{rel}","templated":true}]}}