{"id":35779,"date":"2025-07-16T13:50:08","date_gmt":"2025-07-16T16:50:08","guid":{"rendered":"https:\/\/jornaltimoneiro.com.br\/?p=35779"},"modified":"2025-07-16T13:50:08","modified_gmt":"2025-07-16T16:50:08","slug":"aprovado-em-canoas-projeto-de-lei-que-homenageia-guilherme-da-silva-motoboy-morto-no-transito","status":"publish","type":"post","link":"https:\/\/jornaltimoneiro.com.br\/index.php\/2025\/07\/16\/aprovado-em-canoas-projeto-de-lei-que-homenageia-guilherme-da-silva-motoboy-morto-no-transito\/","title":{"rendered":"Aprovado em Canoas projeto de lei que homenageia Guilherme da Silva, motoboy morto no tr\u00e2nsito"},"content":{"rendered":"<p>Foi aprovado, em sess\u00e3o marcada por como\u00e7\u00e3o, o projeto de lei que denomina como Rua Guilherme Joaquim da Silva a via anteriormente identificada como Rua 42C, no bairro Guajuviras, em Canoas. A proposta \u00e9 de autoria do vereador Ezequiel Vargas (PL) e presta homenagem ao jovem motoboy de 19 anos, morto no tr\u00e2nsito no in\u00edcio deste ano.<\/p>\n<p>A vota\u00e7\u00e3o contou com a presen\u00e7a de familiares, amigos, colegas de profiss\u00e3o e representantes de movimentos pela paz no tr\u00e2nsito. Em sil\u00eancio respeitoso, muitos seguravam pequenos patos de borracha, que \u00e9 um s\u00edmbolo que passou a representar a mobiliza\u00e7\u00e3o organizada pela m\u00e3e de Guilherme desde sua morte, ocorrida em 31 de janeiro, quando ele foi atropelado de forma deliberada por um motorista, na divisa dos bairros Jardim Atl\u00e2ntico e Guajuviras.<\/p>\n<blockquote><p>\u201cHoje n\u00e3o se trata apenas de um projeto. N\u00e3o \u00e9 mais uma rua que vamos batizar em nossa cidade\u201d, afirmou o vereador Ezequiel, emocionado. \u201cQuem se lembra do acidente sabe o impacto dessa hist\u00f3ria. E a m\u00e3e do Gui\u2026 a voz dela \u00e9 eterna. Por isso optamos por n\u00e3o exibir o v\u00eddeo aqui, em respeito a ela.\u201d<\/p>\n<p>Durante a fala, o parlamentar relembrou o momento em que soube do crime, ainda durante uma sess\u00e3o da C\u00e2mara. \u201cV\u00e1rios colegas se colocaram \u00e0 disposi\u00e7\u00e3o, foram at\u00e9 a manifesta\u00e7\u00e3o em frente \u00e0 delegacia. Foi ali que me veio \u00e0 mem\u00f3ria quem era o Gui e quem era o Fran. Meus pais s\u00e3o pastores, e a gente j\u00e1 tinha caminhado junto. Essa dor tamb\u00e9m foi sentida pela minha fam\u00edlia.\u201d<\/p><\/blockquote>\n<p>O projeto aprovado n\u00e3o apenas oficializa a nova denomina\u00e7\u00e3o da via p\u00fablica, mas busca estabelecer um marco simb\u00f3lico de conscientiza\u00e7\u00e3o. A justificativa do texto legislativo destaca o car\u00e1ter pedag\u00f3gico da homenagem: um lembrete permanente sobre os riscos da viol\u00eancia no tr\u00e2nsito e a necessidade de atitudes mais emp\u00e1ticas e respons\u00e1veis por parte dos condutores.<\/p>\n<p>A m\u00e3e de Guilherme, que preferiu n\u00e3o discursar, foi acolhida por todos os presentes. Ela tem se engajado em a\u00e7\u00f5es nas redes sociais e eventos p\u00fablicos em defesa da paz no tr\u00e2nsito, tendo escolhido o patinho, que Guilherme carregava na moto, como s\u00edmbolo de sua luta.<\/p>\n<blockquote><p>\u201cEla perdeu o filho, est\u00e1 sofrendo e ainda vai sofrer muito, mas conseguiu transformar essa dor em um movimento. E isso precisa ser reconhecido\u201d, completou Ezequiel. \u201cHoje, o nome do Gui se torna um ponto de mem\u00f3ria em nossa cidade. Mas que seja tamb\u00e9m um ponto de partida: para um tr\u00e2nsito mais humano, para uma cidade mais consciente.\u201d<\/p><\/blockquote>\n","protected":false},"excerpt":{"rendered":"<p>Foi aprovado, em sess\u00e3o marcada por como\u00e7\u00e3o, o projeto de lei que denomina como Rua Guilherme Joaquim da Silva a via anteriormente identificada como Rua 42C, no bairro Guajuviras, em Canoas. A proposta \u00e9 de autoria do vereador Ezequiel Vargas (PL) e presta homenagem ao jovem motoboy de 19 anos, morto no tr\u00e2nsito no in\u00edcio [&hellip;]<\/p>\n","protected":false},"author":2,"featured_media":35780,"comment_status":"open","ping_status":"open","sticky":false,"template":"","format":"standard","meta":{"amp_status":"","footnotes":""},"categories":[25],"tags":[104,31,190,4453,4452],"class_list":["post-35779","post","type-post","status-publish","format-standard","has-post-thumbnail","hentry","category-comunidade","tag-camara-de-vereadores","tag-canoas","tag-featured","tag-guilherme-da-silva","tag-motoboy"],"yoast_head":"<!-- This site is optimized with the Yoast SEO plugin v20.5 - https:\/\/yoast.com\/wordpress\/plugins\/seo\/ -->\n<title>Aprovado em Canoas projeto de lei que homenageia Guilherme da Silva, motoboy morto no tr\u00e2nsito - O Timoneiro Jornal Canoas RS<\/title>\n<meta name=\"description\" content=\"Foi aprovado o projeto de lei que denomina como Rua Guilherme Joaquim da Silva a via anteriormente identificada como Rua 42C\" \/>\n<meta name=\"robots\" content=\"index, follow, max-snippet:-1, max-image-preview:large, max-video-preview:-1\" \/>\n<link rel=\"canonical\" href=\"https:\/\/jornaltimoneiro.com.br\/index.php\/2025\/07\/16\/aprovado-em-canoas-projeto-de-lei-que-homenageia-guilherme-da-silva-motoboy-morto-no-transito\/\" \/>\n<meta property=\"og:locale\" content=\"pt_BR\" \/>\n<meta property=\"og:type\" content=\"article\" \/>\n<meta property=\"og:title\" content=\"Aprovado em Canoas projeto de lei que homenageia Guilherme da Silva, motoboy morto no tr\u00e2nsito - O Timoneiro Jornal Canoas RS\" \/>\n<meta property=\"og:description\" content=\"Foi aprovado o projeto de lei que denomina como Rua Guilherme Joaquim da Silva a via anteriormente identificada como Rua 42C\" \/>\n<meta property=\"og:url\" content=\"https:\/\/jornaltimoneiro.com.br\/index.php\/2025\/07\/16\/aprovado-em-canoas-projeto-de-lei-que-homenageia-guilherme-da-silva-motoboy-morto-no-transito\/\" \/>\n<meta property=\"og:site_name\" content=\"O Timoneiro Jornal Canoas RS\" \/>\n<meta property=\"article:publisher\" content=\"https:\/\/www.facebook.com\/jornaltimoneiro\" \/>\n<meta property=\"article:published_time\" content=\"2025-07-16T16:50:08+00:00\" \/>\n<meta property=\"og:image\" content=\"https:\/\/jornaltimoneiro.com.br\/wp-content\/uploads\/2025\/07\/Aprovado-em-Canoas-projeto-de-lei-que-homenageia-Guilherme-da-Silva-motoboy-morto-no-transito.jpeg\" \/>\n\t<meta property=\"og:image:width\" content=\"900\" \/>\n\t<meta property=\"og:image:height\" content=\"600\" \/>\n\t<meta property=\"og:image:type\" content=\"image\/jpeg\" \/>\n<meta name=\"author\" content=\"Reda\u00e7\u00e3o\" \/>\n<meta name=\"twitter:card\" content=\"summary_large_image\" \/>\n<meta name=\"twitter:creator\" content=\"@_OTimoneiro\" \/>\n<meta name=\"twitter:site\" content=\"@_OTimoneiro\" \/>\n<meta name=\"twitter:label1\" content=\"Escrito por\" \/>\n\t<meta name=\"twitter:data1\" content=\"Reda\u00e7\u00e3o\" \/>\n\t<meta name=\"twitter:label2\" content=\"Est. tempo de leitura\" \/>\n\t<meta name=\"twitter:data2\" content=\"3 minutos\" \/>\n<script type=\"application\/ld+json\" class=\"yoast-schema-graph\">{\"@context\":\"https:\/\/schema.org\",\"@graph\":[{\"@type\":\"Article\",\"@id\":\"https:\/\/jornaltimoneiro.com.br\/index.php\/2025\/07\/16\/aprovado-em-canoas-projeto-de-lei-que-homenageia-guilherme-da-silva-motoboy-morto-no-transito\/#article\",\"isPartOf\":{\"@id\":\"https:\/\/jornaltimoneiro.com.br\/index.php\/2025\/07\/16\/aprovado-em-canoas-projeto-de-lei-que-homenageia-guilherme-da-silva-motoboy-morto-no-transito\/\"},\"author\":{\"name\":\"Reda\u00e7\u00e3o\",\"@id\":\"https:\/\/jornaltimoneiro.com.br\/#\/schema\/person\/f63482f1a02b1a9592707865e509ab40\"},\"headline\":\"Aprovado em Canoas projeto de lei que homenageia Guilherme da Silva, motoboy morto no tr\u00e2nsito\",\"datePublished\":\"2025-07-16T16:50:08+00:00\",\"dateModified\":\"2025-07-16T16:50:08+00:00\",\"mainEntityOfPage\":{\"@id\":\"https:\/\/jornaltimoneiro.com.br\/index.php\/2025\/07\/16\/aprovado-em-canoas-projeto-de-lei-que-homenageia-guilherme-da-silva-motoboy-morto-no-transito\/\"},\"wordCount\":465,\"commentCount\":0,\"publisher\":{\"@id\":\"https:\/\/jornaltimoneiro.com.br\/#organization\"},\"keywords\":[\"C\u00e2mara de Vereadores\",\"canoas\",\"featured\",\"guilherme da silva\",\"motoboy\"],\"articleSection\":[\"Comunidade\"],\"inLanguage\":\"pt-BR\",\"potentialAction\":[{\"@type\":\"CommentAction\",\"name\":\"Comment\",\"target\":[\"https:\/\/jornaltimoneiro.com.br\/index.php\/2025\/07\/16\/aprovado-em-canoas-projeto-de-lei-que-homenageia-guilherme-da-silva-motoboy-morto-no-transito\/#respond\"]}]},{\"@type\":\"WebPage\",\"@id\":\"https:\/\/jornaltimoneiro.com.br\/index.php\/2025\/07\/16\/aprovado-em-canoas-projeto-de-lei-que-homenageia-guilherme-da-silva-motoboy-morto-no-transito\/\",\"url\":\"https:\/\/jornaltimoneiro.com.br\/index.php\/2025\/07\/16\/aprovado-em-canoas-projeto-de-lei-que-homenageia-guilherme-da-silva-motoboy-morto-no-transito\/\",\"name\":\"Aprovado em Canoas projeto de lei que homenageia Guilherme da Silva, motoboy morto no tr\u00e2nsito - O Timoneiro Jornal Canoas RS\",\"isPartOf\":{\"@id\":\"https:\/\/jornaltimoneiro.com.br\/#website\"},\"datePublished\":\"2025-07-16T16:50:08+00:00\",\"dateModified\":\"2025-07-16T16:50:08+00:00\",\"description\":\"Foi aprovado o projeto de lei que denomina como Rua Guilherme Joaquim da Silva a via anteriormente identificada como Rua 42C\",\"breadcrumb\":{\"@id\":\"https:\/\/jornaltimoneiro.com.br\/index.php\/2025\/07\/16\/aprovado-em-canoas-projeto-de-lei-que-homenageia-guilherme-da-silva-motoboy-morto-no-transito\/#breadcrumb\"},\"inLanguage\":\"pt-BR\",\"potentialAction\":[{\"@type\":\"ReadAction\",\"target\":[\"https:\/\/jornaltimoneiro.com.br\/index.php\/2025\/07\/16\/aprovado-em-canoas-projeto-de-lei-que-homenageia-guilherme-da-silva-motoboy-morto-no-transito\/\"]}]},{\"@type\":\"BreadcrumbList\",\"@id\":\"https:\/\/jornaltimoneiro.com.br\/index.php\/2025\/07\/16\/aprovado-em-canoas-projeto-de-lei-que-homenageia-guilherme-da-silva-motoboy-morto-no-transito\/#breadcrumb\",\"itemListElement\":[{\"@type\":\"ListItem\",\"position\":1,\"name\":\"In\u00edcio\",\"item\":\"https:\/\/jornaltimoneiro.com.br\/\"},{\"@type\":\"ListItem\",\"position\":2,\"name\":\"Aprovado em Canoas projeto de lei que homenageia Guilherme da Silva, motoboy morto no tr\u00e2nsito\"}]},{\"@type\":\"WebSite\",\"@id\":\"https:\/\/jornaltimoneiro.com.br\/#website\",\"url\":\"https:\/\/jornaltimoneiro.com.br\/\",\"name\":\"Jornal Timoneiro Canoas RS\",\"description\":\"Jornal O Timoneiro, o verdadeiro jornal de Canoas\",\"publisher\":{\"@id\":\"https:\/\/jornaltimoneiro.com.br\/#organization\"},\"potentialAction\":[{\"@type\":\"SearchAction\",\"target\":{\"@type\":\"EntryPoint\",\"urlTemplate\":\"https:\/\/jornaltimoneiro.com.br\/?s={search_term_string}\"},\"query-input\":\"required name=search_term_string\"}],\"inLanguage\":\"pt-BR\"},{\"@type\":\"Organization\",\"@id\":\"https:\/\/jornaltimoneiro.com.br\/#organization\",\"name\":\"Jornal Timoneiro Canoas RS\",\"url\":\"https:\/\/jornaltimoneiro.com.br\/\",\"logo\":{\"@type\":\"ImageObject\",\"inLanguage\":\"pt-BR\",\"@id\":\"https:\/\/jornaltimoneiro.com.br\/#\/schema\/logo\/image\/\",\"url\":\"https:\/\/jornaltimoneiro.com.br\/wp-content\/uploads\/2023\/03\/logonovo.png\",\"contentUrl\":\"https:\/\/jornaltimoneiro.com.br\/wp-content\/uploads\/2023\/03\/logonovo.png\",\"width\":\"469\",\"height\":\"171\",\"caption\":\"Jornal Timoneiro Canoas RS\"},\"image\":{\"@id\":\"https:\/\/jornaltimoneiro.com.br\/#\/schema\/logo\/image\/\"},\"sameAs\":[\"https:\/\/www.facebook.com\/jornaltimoneiro\",\"https:\/\/twitter.com\/_OTimoneiro\",\"https:\/\/www.instagram.com\/jornaltimoneirocanoas\/\",\"https:\/\/www.youtube.com\/@jornalotimoneiro7927\"]},{\"@type\":\"Person\",\"@id\":\"https:\/\/jornaltimoneiro.com.br\/#\/schema\/person\/f63482f1a02b1a9592707865e509ab40\",\"name\":\"Reda\u00e7\u00e3o\",\"image\":{\"@type\":\"ImageObject\",\"inLanguage\":\"pt-BR\",\"@id\":\"https:\/\/jornaltimoneiro.com.br\/#\/schema\/person\/image\/\",\"url\":\"https:\/\/jornaltimoneiro.com.br\/wp-content\/uploads\/2023\/03\/download.jpeg\",\"contentUrl\":\"https:\/\/jornaltimoneiro.com.br\/wp-content\/uploads\/2023\/03\/download.jpeg\",\"caption\":\"Reda\u00e7\u00e3o\"},\"url\":\"https:\/\/jornaltimoneiro.com.br\/index.php\/author\/simone-dutra\/\"}]}<\/script>\n<!-- \/ Yoast SEO plugin. -->","yoast_head_json":{"title":"Aprovado em Canoas projeto de lei que homenageia Guilherme da Silva, motoboy morto no tr\u00e2nsito - O Timoneiro Jornal Canoas RS","description":"Foi aprovado o projeto de lei que denomina como Rua Guilherme Joaquim da Silva a via anteriormente identificada como Rua 42C","robots":{"index":"index","follow":"follow","max-snippet":"max-snippet:-1","max-image-preview":"max-image-preview:large","max-video-preview":"max-video-preview:-1"},"canonical":"https:\/\/jornaltimoneiro.com.br\/index.php\/2025\/07\/16\/aprovado-em-canoas-projeto-de-lei-que-homenageia-guilherme-da-silva-motoboy-morto-no-transito\/","og_locale":"pt_BR","og_type":"article","og_title":"Aprovado em Canoas projeto de lei que homenageia Guilherme da Silva, motoboy morto no tr\u00e2nsito - O Timoneiro Jornal Canoas RS","og_description":"Foi aprovado o projeto de lei que denomina como Rua Guilherme Joaquim da Silva a via anteriormente identificada como Rua 42C","og_url":"https:\/\/jornaltimoneiro.com.br\/index.php\/2025\/07\/16\/aprovado-em-canoas-projeto-de-lei-que-homenageia-guilherme-da-silva-motoboy-morto-no-transito\/","og_site_name":"O Timoneiro Jornal Canoas RS","article_publisher":"https:\/\/www.facebook.com\/jornaltimoneiro","article_published_time":"2025-07-16T16:50:08+00:00","og_image":[{"width":"900","height":"600","url":"https:\/\/jornaltimoneiro.com.br\/wp-content\/uploads\/2025\/07\/Aprovado-em-Canoas-projeto-de-lei-que-homenageia-Guilherme-da-Silva-motoboy-morto-no-transito.jpeg","type":"image\/jpeg"}],"author":"Reda\u00e7\u00e3o","twitter_card":"summary_large_image","twitter_creator":"@_OTimoneiro","twitter_site":"@_OTimoneiro","twitter_misc":{"Escrito por":"Reda\u00e7\u00e3o","Est. tempo de leitura":"3 minutos"},"schema":{"@context":"https:\/\/schema.org","@graph":[{"@type":"Article","@id":"https:\/\/jornaltimoneiro.com.br\/index.php\/2025\/07\/16\/aprovado-em-canoas-projeto-de-lei-que-homenageia-guilherme-da-silva-motoboy-morto-no-transito\/#article","isPartOf":{"@id":"https:\/\/jornaltimoneiro.com.br\/index.php\/2025\/07\/16\/aprovado-em-canoas-projeto-de-lei-que-homenageia-guilherme-da-silva-motoboy-morto-no-transito\/"},"author":{"name":"Reda\u00e7\u00e3o","@id":"https:\/\/jornaltimoneiro.com.br\/#\/schema\/person\/f63482f1a02b1a9592707865e509ab40"},"headline":"Aprovado em Canoas projeto de lei que homenageia Guilherme da Silva, motoboy morto no tr\u00e2nsito","datePublished":"2025-07-16T16:50:08+00:00","dateModified":"2025-07-16T16:50:08+00:00","mainEntityOfPage":{"@id":"https:\/\/jornaltimoneiro.com.br\/index.php\/2025\/07\/16\/aprovado-em-canoas-projeto-de-lei-que-homenageia-guilherme-da-silva-motoboy-morto-no-transito\/"},"wordCount":465,"commentCount":0,"publisher":{"@id":"https:\/\/jornaltimoneiro.com.br\/#organization"},"keywords":["C\u00e2mara de Vereadores","canoas","featured","guilherme da silva","motoboy"],"articleSection":["Comunidade"],"inLanguage":"pt-BR","potentialAction":[{"@type":"CommentAction","name":"Comment","target":["https:\/\/jornaltimoneiro.com.br\/index.php\/2025\/07\/16\/aprovado-em-canoas-projeto-de-lei-que-homenageia-guilherme-da-silva-motoboy-morto-no-transito\/#respond"]}]},{"@type":"WebPage","@id":"https:\/\/jornaltimoneiro.com.br\/index.php\/2025\/07\/16\/aprovado-em-canoas-projeto-de-lei-que-homenageia-guilherme-da-silva-motoboy-morto-no-transito\/","url":"https:\/\/jornaltimoneiro.com.br\/index.php\/2025\/07\/16\/aprovado-em-canoas-projeto-de-lei-que-homenageia-guilherme-da-silva-motoboy-morto-no-transito\/","name":"Aprovado em Canoas projeto de lei que homenageia Guilherme da Silva, motoboy morto no tr\u00e2nsito - O Timoneiro Jornal Canoas RS","isPartOf":{"@id":"https:\/\/jornaltimoneiro.com.br\/#website"},"datePublished":"2025-07-16T16:50:08+00:00","dateModified":"2025-07-16T16:50:08+00:00","description":"Foi aprovado o projeto de lei que denomina como Rua Guilherme Joaquim da Silva a via anteriormente identificada como Rua 42C","breadcrumb":{"@id":"https:\/\/jornaltimoneiro.com.br\/index.php\/2025\/07\/16\/aprovado-em-canoas-projeto-de-lei-que-homenageia-guilherme-da-silva-motoboy-morto-no-transito\/#breadcrumb"},"inLanguage":"pt-BR","potentialAction":[{"@type":"ReadAction","target":["https:\/\/jornaltimoneiro.com.br\/index.php\/2025\/07\/16\/aprovado-em-canoas-projeto-de-lei-que-homenageia-guilherme-da-silva-motoboy-morto-no-transito\/"]}]},{"@type":"BreadcrumbList","@id":"https:\/\/jornaltimoneiro.com.br\/index.php\/2025\/07\/16\/aprovado-em-canoas-projeto-de-lei-que-homenageia-guilherme-da-silva-motoboy-morto-no-transito\/#breadcrumb","itemListElement":[{"@type":"ListItem","position":1,"name":"In\u00edcio","item":"https:\/\/jornaltimoneiro.com.br\/"},{"@type":"ListItem","position":2,"name":"Aprovado em Canoas projeto de lei que homenageia Guilherme da Silva, motoboy morto no tr\u00e2nsito"}]},{"@type":"WebSite","@id":"https:\/\/jornaltimoneiro.com.br\/#website","url":"https:\/\/jornaltimoneiro.com.br\/","name":"Jornal Timoneiro Canoas RS","description":"Jornal O Timoneiro, o verdadeiro jornal de Canoas","publisher":{"@id":"https:\/\/jornaltimoneiro.com.br\/#organization"},"potentialAction":[{"@type":"SearchAction","target":{"@type":"EntryPoint","urlTemplate":"https:\/\/jornaltimoneiro.com.br\/?s={search_term_string}"},"query-input":"required name=search_term_string"}],"inLanguage":"pt-BR"},{"@type":"Organization","@id":"https:\/\/jornaltimoneiro.com.br\/#organization","name":"Jornal Timoneiro Canoas RS","url":"https:\/\/jornaltimoneiro.com.br\/","logo":{"@type":"ImageObject","inLanguage":"pt-BR","@id":"https:\/\/jornaltimoneiro.com.br\/#\/schema\/logo\/image\/","url":"https:\/\/jornaltimoneiro.com.br\/wp-content\/uploads\/2023\/03\/logonovo.png","contentUrl":"https:\/\/jornaltimoneiro.com.br\/wp-content\/uploads\/2023\/03\/logonovo.png","width":"469","height":"171","caption":"Jornal Timoneiro Canoas RS"},"image":{"@id":"https:\/\/jornaltimoneiro.com.br\/#\/schema\/logo\/image\/"},"sameAs":["https:\/\/www.facebook.com\/jornaltimoneiro","https:\/\/twitter.com\/_OTimoneiro","https:\/\/www.instagram.com\/jornaltimoneirocanoas\/","https:\/\/www.youtube.com\/@jornalotimoneiro7927"]},{"@type":"Person","@id":"https:\/\/jornaltimoneiro.com.br\/#\/schema\/person\/f63482f1a02b1a9592707865e509ab40","name":"Reda\u00e7\u00e3o","image":{"@type":"ImageObject","inLanguage":"pt-BR","@id":"https:\/\/jornaltimoneiro.com.br\/#\/schema\/person\/image\/","url":"https:\/\/jornaltimoneiro.com.br\/wp-content\/uploads\/2023\/03\/download.jpeg","contentUrl":"https:\/\/jornaltimoneiro.com.br\/wp-content\/uploads\/2023\/03\/download.jpeg","caption":"Reda\u00e7\u00e3o"},"url":"https:\/\/jornaltimoneiro.com.br\/index.php\/author\/simone-dutra\/"}]}},"_links":{"self":[{"href":"https:\/\/jornaltimoneiro.com.br\/index.php\/wp-json\/wp\/v2\/posts\/35779"}],"collection":[{"href":"https:\/\/jornaltimoneiro.com.br\/index.php\/wp-json\/wp\/v2\/posts"}],"about":[{"href":"https:\/\/jornaltimoneiro.com.br\/index.php\/wp-json\/wp\/v2\/types\/post"}],"author":[{"embeddable":true,"href":"https:\/\/jornaltimoneiro.com.br\/index.php\/wp-json\/wp\/v2\/users\/2"}],"replies":[{"embeddable":true,"href":"https:\/\/jornaltimoneiro.com.br\/index.php\/wp-json\/wp\/v2\/comments?post=35779"}],"version-history":[{"count":1,"href":"https:\/\/jornaltimoneiro.com.br\/index.php\/wp-json\/wp\/v2\/posts\/35779\/revisions"}],"predecessor-version":[{"id":35781,"href":"https:\/\/jornaltimoneiro.com.br\/index.php\/wp-json\/wp\/v2\/posts\/35779\/revisions\/35781"}],"wp:featuredmedia":[{"embeddable":true,"href":"https:\/\/jornaltimoneiro.com.br\/index.php\/wp-json\/wp\/v2\/media\/35780"}],"wp:attachment":[{"href":"https:\/\/jornaltimoneiro.com.br\/index.php\/wp-json\/wp\/v2\/media?parent=35779"}],"wp:term":[{"taxonomy":"category","embeddable":true,"href":"https:\/\/jornaltimoneiro.com.br\/index.php\/wp-json\/wp\/v2\/categories?post=35779"},{"taxonomy":"post_tag","embeddable":true,"href":"https:\/\/jornaltimoneiro.com.br\/index.php\/wp-json\/wp\/v2\/tags?post=35779"}],"curies":[{"name":"wp","href":"https:\/\/api.w.org\/{rel}","templated":true}]}}