{"id":35769,"date":"2025-07-15T18:08:54","date_gmt":"2025-07-15T21:08:54","guid":{"rendered":"https:\/\/jornaltimoneiro.com.br\/?p=35769"},"modified":"2025-07-15T18:08:54","modified_gmt":"2025-07-15T21:08:54","slug":"defesa-civil-preve-frio-acentuado-por-massa-de-ar-polar-nos-proximos-dias-no-rs","status":"publish","type":"post","link":"https:\/\/jornaltimoneiro.com.br\/index.php\/2025\/07\/15\/defesa-civil-preve-frio-acentuado-por-massa-de-ar-polar-nos-proximos-dias-no-rs\/","title":{"rendered":"Defesa Civil prev\u00ea frio acentuado por massa de ar polar nos pr\u00f3ximos dias no RS"},"content":{"rendered":"<p data-start=\"71\" data-end=\"350\">O Centro de Monitoramento da Defesa Civil Estadual atualizou o progn\u00f3stico meteorol\u00f3gico para o Rio Grande do Sul nos pr\u00f3ximos dias, com a passagem de uma frente fria seguida por uma massa de ar polar que promete acentuar o frio no Estado.<\/p>\n<h4 data-start=\"71\" data-end=\"350\">Confira a previs\u00e3o dos pr\u00f3ximos dias<\/h4>\n<p data-start=\"352\" data-end=\"686\"><strong>Quarta-feira (16):<\/strong><br data-start=\"374\" data-end=\"377\" \/><br \/>\nA massa de ar frio come\u00e7a a avan\u00e7ar, com temperaturas m\u00ednimas variando entre 8\u00b0C e 15\u00b0C nas regi\u00f5es Oeste, Campanha, Sul, Centro, Miss\u00f5es e parte do Noroeste. Nas demais \u00e1reas, as m\u00ednimas ficam entre 16\u00b0C a 21\u00b0C. N\u00e3o h\u00e1 previs\u00e3o de precipita\u00e7\u00f5es significativas, mas o frio j\u00e1 come\u00e7a a se intensificar.<\/p>\n<p data-start=\"688\" data-end=\"1148\"><strong>Quinta-feira (17):<\/strong><br data-start=\"710\" data-end=\"713\" \/><br \/>\nA massa polar atinge todas as regi\u00f5es ga\u00fachas, fazendo com que as temperaturas m\u00ednimas variem entre 6\u00b0C e 12\u00b0C. As m\u00e1ximas ser\u00e3o mais baixas, oscilando entre 7\u00b0C e 15\u00b0C. Rajadas fortes de vento, com intensidade entre 50 km\/h e 80 km\/h, devem aumentar a sensa\u00e7\u00e3o de frio. H\u00e1 previs\u00e3o de precipita\u00e7\u00e3o invernal nas regi\u00f5es da Campanha e Sul, com possibilidade de neve ou granizo, especialmente entre a tarde e a noite.<\/p>\n<p data-start=\"1150\" data-end=\"1449\"><strong>Sexta-feira (18):<\/strong><br data-start=\"1171\" data-end=\"1174\" \/><br \/>\nAs temperaturas m\u00ednimas oscilam entre 5\u00b0C e 11\u00b0C, com o Oeste e Serra ga\u00facha registrando valores abaixo de 4\u00b0C. A previs\u00e3o indica a possibilidade de geadas isoladas no Oeste do Estado. As m\u00e1ximas ficam entre 6\u00b0C e 16\u00b0C, com o frio persistindo ao longo do dia.<\/p>\n<p data-start=\"1451\" data-end=\"1717\"><strong>S\u00e1bado (19):<\/strong><br data-start=\"1467\" data-end=\"1470\" \/><br \/>\nO clima permanece gelado, com m\u00ednimas entre 1\u00b0C e 11\u00b0C em diversas regi\u00f5es do Estado. O risco de geadas isoladas continua, especialmente nas \u00e1reas mais frias, como a Serra e o Oeste. As m\u00e1ximas variam entre 14\u00b0C e 20\u00b0C durante a tarde.<\/p>\n<p data-start=\"1719\" data-end=\"1931\"><strong>Domingo (20):<\/strong><br data-start=\"1736\" data-end=\"1739\" \/><br \/>\nA tend\u00eancia \u00e9 que as m\u00ednimas sigam baixas, variando entre 1\u00b0C e 12\u00b0C, com as m\u00e1ximas entre 16\u00b0C e 22\u00b0C. O tempo deve permanecer ameno \u00e0 tarde, mas o frio matinal ainda estar\u00e1 presente.<\/p>\n<p data-start=\"1933\" data-end=\"2185\" data-is-last-node=\"\" data-is-only-node=\"\">A Defesa Civil alerta para o risco de geadas e condi\u00e7\u00f5es de tempo severo, especialmente nas regi\u00f5es mais afetadas pelo avan\u00e7o da massa polar. A popula\u00e7\u00e3o deve se preparar para as quedas acentuadas de temperatura e poss\u00edveis condi\u00e7\u00f5es de tempo invernal.<\/p>\n","protected":false},"excerpt":{"rendered":"<p>O Centro de Monitoramento da Defesa Civil Estadual atualizou o progn\u00f3stico meteorol\u00f3gico para o Rio Grande do Sul nos pr\u00f3ximos dias, com a passagem de uma frente fria seguida por uma massa de ar polar que promete acentuar o frio no Estado. Confira a previs\u00e3o dos pr\u00f3ximos dias Quarta-feira (16): A massa de ar frio [&hellip;]<\/p>\n","protected":false},"author":2,"featured_media":35770,"comment_status":"open","ping_status":"open","sticky":false,"template":"","format":"standard","meta":{"amp_status":"","footnotes":""},"categories":[2193],"tags":[389,190,864,448,4449,1671,213],"class_list":["post-35769","post","type-post","status-publish","format-standard","has-post-thumbnail","hentry","category-clima","tag-defesa-civil","tag-featured","tag-frio","tag-inverno","tag-massa-de-ar-polar","tag-previsao-do-tempo","tag-rio-grande-do-sul"],"yoast_head":"<!-- This site is optimized with the Yoast SEO plugin v20.5 - https:\/\/yoast.com\/wordpress\/plugins\/seo\/ -->\n<title>Defesa Civil prev\u00ea frio acentuado por massa de ar polar nos pr\u00f3ximos dias no RS - O Timoneiro Jornal Canoas RS<\/title>\n<meta name=\"description\" content=\"O Centro de Monitoramento da Defesa Civil Estadual atualizou o progn\u00f3stico meteorol\u00f3gico para o Rio Grande do Sul nos pr\u00f3ximos dias\" \/>\n<meta name=\"robots\" content=\"index, follow, max-snippet:-1, max-image-preview:large, max-video-preview:-1\" \/>\n<link rel=\"canonical\" href=\"https:\/\/jornaltimoneiro.com.br\/index.php\/2025\/07\/15\/defesa-civil-preve-frio-acentuado-por-massa-de-ar-polar-nos-proximos-dias-no-rs\/\" \/>\n<meta property=\"og:locale\" content=\"pt_BR\" \/>\n<meta property=\"og:type\" content=\"article\" \/>\n<meta property=\"og:title\" content=\"Defesa Civil prev\u00ea frio acentuado por massa de ar polar nos pr\u00f3ximos dias no RS - O Timoneiro Jornal Canoas RS\" \/>\n<meta property=\"og:description\" content=\"O Centro de Monitoramento da Defesa Civil Estadual atualizou o progn\u00f3stico meteorol\u00f3gico para o Rio Grande do Sul nos pr\u00f3ximos dias\" \/>\n<meta property=\"og:url\" content=\"https:\/\/jornaltimoneiro.com.br\/index.php\/2025\/07\/15\/defesa-civil-preve-frio-acentuado-por-massa-de-ar-polar-nos-proximos-dias-no-rs\/\" \/>\n<meta property=\"og:site_name\" content=\"O Timoneiro Jornal Canoas RS\" \/>\n<meta property=\"article:publisher\" content=\"https:\/\/www.facebook.com\/jornaltimoneiro\" \/>\n<meta property=\"article:published_time\" content=\"2025-07-15T21:08:54+00:00\" \/>\n<meta property=\"og:image\" content=\"https:\/\/jornaltimoneiro.com.br\/wp-content\/uploads\/2025\/07\/Defesa-Civil-preve-frio-acentuado-por-massa-de-ar-polar-nos-proximos-dias-no-RS.jpeg\" \/>\n\t<meta property=\"og:image:width\" content=\"801\" \/>\n\t<meta property=\"og:image:height\" content=\"656\" \/>\n\t<meta property=\"og:image:type\" content=\"image\/jpeg\" \/>\n<meta name=\"author\" content=\"Reda\u00e7\u00e3o\" \/>\n<meta name=\"twitter:card\" content=\"summary_large_image\" \/>\n<meta name=\"twitter:creator\" content=\"@_OTimoneiro\" \/>\n<meta name=\"twitter:site\" content=\"@_OTimoneiro\" \/>\n<meta name=\"twitter:label1\" content=\"Escrito por\" \/>\n\t<meta name=\"twitter:data1\" content=\"Reda\u00e7\u00e3o\" \/>\n\t<meta name=\"twitter:label2\" content=\"Est. tempo de leitura\" \/>\n\t<meta name=\"twitter:data2\" content=\"2 minutos\" \/>\n<script type=\"application\/ld+json\" class=\"yoast-schema-graph\">{\"@context\":\"https:\/\/schema.org\",\"@graph\":[{\"@type\":\"Article\",\"@id\":\"https:\/\/jornaltimoneiro.com.br\/index.php\/2025\/07\/15\/defesa-civil-preve-frio-acentuado-por-massa-de-ar-polar-nos-proximos-dias-no-rs\/#article\",\"isPartOf\":{\"@id\":\"https:\/\/jornaltimoneiro.com.br\/index.php\/2025\/07\/15\/defesa-civil-preve-frio-acentuado-por-massa-de-ar-polar-nos-proximos-dias-no-rs\/\"},\"author\":{\"name\":\"Reda\u00e7\u00e3o\",\"@id\":\"https:\/\/jornaltimoneiro.com.br\/#\/schema\/person\/f63482f1a02b1a9592707865e509ab40\"},\"headline\":\"Defesa Civil prev\u00ea frio acentuado por massa de ar polar nos pr\u00f3ximos dias no RS\",\"datePublished\":\"2025-07-15T21:08:54+00:00\",\"dateModified\":\"2025-07-15T21:08:54+00:00\",\"mainEntityOfPage\":{\"@id\":\"https:\/\/jornaltimoneiro.com.br\/index.php\/2025\/07\/15\/defesa-civil-preve-frio-acentuado-por-massa-de-ar-polar-nos-proximos-dias-no-rs\/\"},\"wordCount\":393,\"commentCount\":0,\"publisher\":{\"@id\":\"https:\/\/jornaltimoneiro.com.br\/#organization\"},\"keywords\":[\"defesa civil\",\"featured\",\"frio\",\"inverno\",\"massa de ar polar\",\"previs\u00e3o do tempo\",\"rio grande do sul\"],\"articleSection\":[\"Clima\"],\"inLanguage\":\"pt-BR\",\"potentialAction\":[{\"@type\":\"CommentAction\",\"name\":\"Comment\",\"target\":[\"https:\/\/jornaltimoneiro.com.br\/index.php\/2025\/07\/15\/defesa-civil-preve-frio-acentuado-por-massa-de-ar-polar-nos-proximos-dias-no-rs\/#respond\"]}]},{\"@type\":\"WebPage\",\"@id\":\"https:\/\/jornaltimoneiro.com.br\/index.php\/2025\/07\/15\/defesa-civil-preve-frio-acentuado-por-massa-de-ar-polar-nos-proximos-dias-no-rs\/\",\"url\":\"https:\/\/jornaltimoneiro.com.br\/index.php\/2025\/07\/15\/defesa-civil-preve-frio-acentuado-por-massa-de-ar-polar-nos-proximos-dias-no-rs\/\",\"name\":\"Defesa Civil prev\u00ea frio acentuado por massa de ar polar nos pr\u00f3ximos dias no RS - O Timoneiro Jornal Canoas RS\",\"isPartOf\":{\"@id\":\"https:\/\/jornaltimoneiro.com.br\/#website\"},\"datePublished\":\"2025-07-15T21:08:54+00:00\",\"dateModified\":\"2025-07-15T21:08:54+00:00\",\"description\":\"O Centro de Monitoramento da Defesa Civil Estadual atualizou o progn\u00f3stico meteorol\u00f3gico para o Rio Grande do Sul nos pr\u00f3ximos dias\",\"breadcrumb\":{\"@id\":\"https:\/\/jornaltimoneiro.com.br\/index.php\/2025\/07\/15\/defesa-civil-preve-frio-acentuado-por-massa-de-ar-polar-nos-proximos-dias-no-rs\/#breadcrumb\"},\"inLanguage\":\"pt-BR\",\"potentialAction\":[{\"@type\":\"ReadAction\",\"target\":[\"https:\/\/jornaltimoneiro.com.br\/index.php\/2025\/07\/15\/defesa-civil-preve-frio-acentuado-por-massa-de-ar-polar-nos-proximos-dias-no-rs\/\"]}]},{\"@type\":\"BreadcrumbList\",\"@id\":\"https:\/\/jornaltimoneiro.com.br\/index.php\/2025\/07\/15\/defesa-civil-preve-frio-acentuado-por-massa-de-ar-polar-nos-proximos-dias-no-rs\/#breadcrumb\",\"itemListElement\":[{\"@type\":\"ListItem\",\"position\":1,\"name\":\"In\u00edcio\",\"item\":\"https:\/\/jornaltimoneiro.com.br\/\"},{\"@type\":\"ListItem\",\"position\":2,\"name\":\"Defesa Civil prev\u00ea frio acentuado por massa de ar polar nos pr\u00f3ximos dias no RS\"}]},{\"@type\":\"WebSite\",\"@id\":\"https:\/\/jornaltimoneiro.com.br\/#website\",\"url\":\"https:\/\/jornaltimoneiro.com.br\/\",\"name\":\"Jornal Timoneiro Canoas RS\",\"description\":\"Jornal O Timoneiro, o verdadeiro jornal de Canoas\",\"publisher\":{\"@id\":\"https:\/\/jornaltimoneiro.com.br\/#organization\"},\"potentialAction\":[{\"@type\":\"SearchAction\",\"target\":{\"@type\":\"EntryPoint\",\"urlTemplate\":\"https:\/\/jornaltimoneiro.com.br\/?s={search_term_string}\"},\"query-input\":\"required name=search_term_string\"}],\"inLanguage\":\"pt-BR\"},{\"@type\":\"Organization\",\"@id\":\"https:\/\/jornaltimoneiro.com.br\/#organization\",\"name\":\"Jornal Timoneiro Canoas RS\",\"url\":\"https:\/\/jornaltimoneiro.com.br\/\",\"logo\":{\"@type\":\"ImageObject\",\"inLanguage\":\"pt-BR\",\"@id\":\"https:\/\/jornaltimoneiro.com.br\/#\/schema\/logo\/image\/\",\"url\":\"https:\/\/jornaltimoneiro.com.br\/wp-content\/uploads\/2023\/03\/logonovo.png\",\"contentUrl\":\"https:\/\/jornaltimoneiro.com.br\/wp-content\/uploads\/2023\/03\/logonovo.png\",\"width\":\"469\",\"height\":\"171\",\"caption\":\"Jornal Timoneiro Canoas RS\"},\"image\":{\"@id\":\"https:\/\/jornaltimoneiro.com.br\/#\/schema\/logo\/image\/\"},\"sameAs\":[\"https:\/\/www.facebook.com\/jornaltimoneiro\",\"https:\/\/twitter.com\/_OTimoneiro\",\"https:\/\/www.instagram.com\/jornaltimoneirocanoas\/\",\"https:\/\/www.youtube.com\/@jornalotimoneiro7927\"]},{\"@type\":\"Person\",\"@id\":\"https:\/\/jornaltimoneiro.com.br\/#\/schema\/person\/f63482f1a02b1a9592707865e509ab40\",\"name\":\"Reda\u00e7\u00e3o\",\"image\":{\"@type\":\"ImageObject\",\"inLanguage\":\"pt-BR\",\"@id\":\"https:\/\/jornaltimoneiro.com.br\/#\/schema\/person\/image\/\",\"url\":\"https:\/\/jornaltimoneiro.com.br\/wp-content\/uploads\/2023\/03\/download.jpeg\",\"contentUrl\":\"https:\/\/jornaltimoneiro.com.br\/wp-content\/uploads\/2023\/03\/download.jpeg\",\"caption\":\"Reda\u00e7\u00e3o\"},\"url\":\"https:\/\/jornaltimoneiro.com.br\/index.php\/author\/simone-dutra\/\"}]}<\/script>\n<!-- \/ Yoast SEO plugin. -->","yoast_head_json":{"title":"Defesa Civil prev\u00ea frio acentuado por massa de ar polar nos pr\u00f3ximos dias no RS - O Timoneiro Jornal Canoas RS","description":"O Centro de Monitoramento da Defesa Civil Estadual atualizou o progn\u00f3stico meteorol\u00f3gico para o Rio Grande do Sul nos pr\u00f3ximos dias","robots":{"index":"index","follow":"follow","max-snippet":"max-snippet:-1","max-image-preview":"max-image-preview:large","max-video-preview":"max-video-preview:-1"},"canonical":"https:\/\/jornaltimoneiro.com.br\/index.php\/2025\/07\/15\/defesa-civil-preve-frio-acentuado-por-massa-de-ar-polar-nos-proximos-dias-no-rs\/","og_locale":"pt_BR","og_type":"article","og_title":"Defesa Civil prev\u00ea frio acentuado por massa de ar polar nos pr\u00f3ximos dias no RS - O Timoneiro Jornal Canoas RS","og_description":"O Centro de Monitoramento da Defesa Civil Estadual atualizou o progn\u00f3stico meteorol\u00f3gico para o Rio Grande do Sul nos pr\u00f3ximos dias","og_url":"https:\/\/jornaltimoneiro.com.br\/index.php\/2025\/07\/15\/defesa-civil-preve-frio-acentuado-por-massa-de-ar-polar-nos-proximos-dias-no-rs\/","og_site_name":"O Timoneiro Jornal Canoas RS","article_publisher":"https:\/\/www.facebook.com\/jornaltimoneiro","article_published_time":"2025-07-15T21:08:54+00:00","og_image":[{"width":"801","height":"656","url":"https:\/\/jornaltimoneiro.com.br\/wp-content\/uploads\/2025\/07\/Defesa-Civil-preve-frio-acentuado-por-massa-de-ar-polar-nos-proximos-dias-no-RS.jpeg","type":"image\/jpeg"}],"author":"Reda\u00e7\u00e3o","twitter_card":"summary_large_image","twitter_creator":"@_OTimoneiro","twitter_site":"@_OTimoneiro","twitter_misc":{"Escrito por":"Reda\u00e7\u00e3o","Est. tempo de leitura":"2 minutos"},"schema":{"@context":"https:\/\/schema.org","@graph":[{"@type":"Article","@id":"https:\/\/jornaltimoneiro.com.br\/index.php\/2025\/07\/15\/defesa-civil-preve-frio-acentuado-por-massa-de-ar-polar-nos-proximos-dias-no-rs\/#article","isPartOf":{"@id":"https:\/\/jornaltimoneiro.com.br\/index.php\/2025\/07\/15\/defesa-civil-preve-frio-acentuado-por-massa-de-ar-polar-nos-proximos-dias-no-rs\/"},"author":{"name":"Reda\u00e7\u00e3o","@id":"https:\/\/jornaltimoneiro.com.br\/#\/schema\/person\/f63482f1a02b1a9592707865e509ab40"},"headline":"Defesa Civil prev\u00ea frio acentuado por massa de ar polar nos pr\u00f3ximos dias no RS","datePublished":"2025-07-15T21:08:54+00:00","dateModified":"2025-07-15T21:08:54+00:00","mainEntityOfPage":{"@id":"https:\/\/jornaltimoneiro.com.br\/index.php\/2025\/07\/15\/defesa-civil-preve-frio-acentuado-por-massa-de-ar-polar-nos-proximos-dias-no-rs\/"},"wordCount":393,"commentCount":0,"publisher":{"@id":"https:\/\/jornaltimoneiro.com.br\/#organization"},"keywords":["defesa civil","featured","frio","inverno","massa de ar polar","previs\u00e3o do tempo","rio grande do sul"],"articleSection":["Clima"],"inLanguage":"pt-BR","potentialAction":[{"@type":"CommentAction","name":"Comment","target":["https:\/\/jornaltimoneiro.com.br\/index.php\/2025\/07\/15\/defesa-civil-preve-frio-acentuado-por-massa-de-ar-polar-nos-proximos-dias-no-rs\/#respond"]}]},{"@type":"WebPage","@id":"https:\/\/jornaltimoneiro.com.br\/index.php\/2025\/07\/15\/defesa-civil-preve-frio-acentuado-por-massa-de-ar-polar-nos-proximos-dias-no-rs\/","url":"https:\/\/jornaltimoneiro.com.br\/index.php\/2025\/07\/15\/defesa-civil-preve-frio-acentuado-por-massa-de-ar-polar-nos-proximos-dias-no-rs\/","name":"Defesa Civil prev\u00ea frio acentuado por massa de ar polar nos pr\u00f3ximos dias no RS - O Timoneiro Jornal Canoas RS","isPartOf":{"@id":"https:\/\/jornaltimoneiro.com.br\/#website"},"datePublished":"2025-07-15T21:08:54+00:00","dateModified":"2025-07-15T21:08:54+00:00","description":"O Centro de Monitoramento da Defesa Civil Estadual atualizou o progn\u00f3stico meteorol\u00f3gico para o Rio Grande do Sul nos pr\u00f3ximos dias","breadcrumb":{"@id":"https:\/\/jornaltimoneiro.com.br\/index.php\/2025\/07\/15\/defesa-civil-preve-frio-acentuado-por-massa-de-ar-polar-nos-proximos-dias-no-rs\/#breadcrumb"},"inLanguage":"pt-BR","potentialAction":[{"@type":"ReadAction","target":["https:\/\/jornaltimoneiro.com.br\/index.php\/2025\/07\/15\/defesa-civil-preve-frio-acentuado-por-massa-de-ar-polar-nos-proximos-dias-no-rs\/"]}]},{"@type":"BreadcrumbList","@id":"https:\/\/jornaltimoneiro.com.br\/index.php\/2025\/07\/15\/defesa-civil-preve-frio-acentuado-por-massa-de-ar-polar-nos-proximos-dias-no-rs\/#breadcrumb","itemListElement":[{"@type":"ListItem","position":1,"name":"In\u00edcio","item":"https:\/\/jornaltimoneiro.com.br\/"},{"@type":"ListItem","position":2,"name":"Defesa Civil prev\u00ea frio acentuado por massa de ar polar nos pr\u00f3ximos dias no RS"}]},{"@type":"WebSite","@id":"https:\/\/jornaltimoneiro.com.br\/#website","url":"https:\/\/jornaltimoneiro.com.br\/","name":"Jornal Timoneiro Canoas RS","description":"Jornal O Timoneiro, o verdadeiro jornal de Canoas","publisher":{"@id":"https:\/\/jornaltimoneiro.com.br\/#organization"},"potentialAction":[{"@type":"SearchAction","target":{"@type":"EntryPoint","urlTemplate":"https:\/\/jornaltimoneiro.com.br\/?s={search_term_string}"},"query-input":"required name=search_term_string"}],"inLanguage":"pt-BR"},{"@type":"Organization","@id":"https:\/\/jornaltimoneiro.com.br\/#organization","name":"Jornal Timoneiro Canoas RS","url":"https:\/\/jornaltimoneiro.com.br\/","logo":{"@type":"ImageObject","inLanguage":"pt-BR","@id":"https:\/\/jornaltimoneiro.com.br\/#\/schema\/logo\/image\/","url":"https:\/\/jornaltimoneiro.com.br\/wp-content\/uploads\/2023\/03\/logonovo.png","contentUrl":"https:\/\/jornaltimoneiro.com.br\/wp-content\/uploads\/2023\/03\/logonovo.png","width":"469","height":"171","caption":"Jornal Timoneiro Canoas RS"},"image":{"@id":"https:\/\/jornaltimoneiro.com.br\/#\/schema\/logo\/image\/"},"sameAs":["https:\/\/www.facebook.com\/jornaltimoneiro","https:\/\/twitter.com\/_OTimoneiro","https:\/\/www.instagram.com\/jornaltimoneirocanoas\/","https:\/\/www.youtube.com\/@jornalotimoneiro7927"]},{"@type":"Person","@id":"https:\/\/jornaltimoneiro.com.br\/#\/schema\/person\/f63482f1a02b1a9592707865e509ab40","name":"Reda\u00e7\u00e3o","image":{"@type":"ImageObject","inLanguage":"pt-BR","@id":"https:\/\/jornaltimoneiro.com.br\/#\/schema\/person\/image\/","url":"https:\/\/jornaltimoneiro.com.br\/wp-content\/uploads\/2023\/03\/download.jpeg","contentUrl":"https:\/\/jornaltimoneiro.com.br\/wp-content\/uploads\/2023\/03\/download.jpeg","caption":"Reda\u00e7\u00e3o"},"url":"https:\/\/jornaltimoneiro.com.br\/index.php\/author\/simone-dutra\/"}]}},"_links":{"self":[{"href":"https:\/\/jornaltimoneiro.com.br\/index.php\/wp-json\/wp\/v2\/posts\/35769"}],"collection":[{"href":"https:\/\/jornaltimoneiro.com.br\/index.php\/wp-json\/wp\/v2\/posts"}],"about":[{"href":"https:\/\/jornaltimoneiro.com.br\/index.php\/wp-json\/wp\/v2\/types\/post"}],"author":[{"embeddable":true,"href":"https:\/\/jornaltimoneiro.com.br\/index.php\/wp-json\/wp\/v2\/users\/2"}],"replies":[{"embeddable":true,"href":"https:\/\/jornaltimoneiro.com.br\/index.php\/wp-json\/wp\/v2\/comments?post=35769"}],"version-history":[{"count":1,"href":"https:\/\/jornaltimoneiro.com.br\/index.php\/wp-json\/wp\/v2\/posts\/35769\/revisions"}],"predecessor-version":[{"id":35771,"href":"https:\/\/jornaltimoneiro.com.br\/index.php\/wp-json\/wp\/v2\/posts\/35769\/revisions\/35771"}],"wp:featuredmedia":[{"embeddable":true,"href":"https:\/\/jornaltimoneiro.com.br\/index.php\/wp-json\/wp\/v2\/media\/35770"}],"wp:attachment":[{"href":"https:\/\/jornaltimoneiro.com.br\/index.php\/wp-json\/wp\/v2\/media?parent=35769"}],"wp:term":[{"taxonomy":"category","embeddable":true,"href":"https:\/\/jornaltimoneiro.com.br\/index.php\/wp-json\/wp\/v2\/categories?post=35769"},{"taxonomy":"post_tag","embeddable":true,"href":"https:\/\/jornaltimoneiro.com.br\/index.php\/wp-json\/wp\/v2\/tags?post=35769"}],"curies":[{"name":"wp","href":"https:\/\/api.w.org\/{rel}","templated":true}]}}