{"id":35751,"date":"2025-07-15T16:13:22","date_gmt":"2025-07-15T19:13:22","guid":{"rendered":"https:\/\/jornaltimoneiro.com.br\/?p=35751"},"modified":"2025-07-15T16:13:22","modified_gmt":"2025-07-15T19:13:22","slug":"feira-agroecologica-do-museu-do-hip-hop-sera-gratuita-na-proxima-sexta-feira-18","status":"publish","type":"post","link":"https:\/\/jornaltimoneiro.com.br\/index.php\/2025\/07\/15\/feira-agroecologica-do-museu-do-hip-hop-sera-gratuita-na-proxima-sexta-feira-18\/","title":{"rendered":"Feira Agroecol\u00f3gica do Museu do Hip Hop ser\u00e1 gratuita na pr\u00f3xima sexta-feira, 18"},"content":{"rendered":"<p dir=\"ltr\">Preocupado com o debate sobre a regulamenta\u00e7\u00e3o de hortas urbanas, o Museu da Cultura Hip Hop RS abre a Estufa Agroecol\u00f3gica Perif\u00e9rica Flor do Gueto ao p\u00fablico, na sexta-feira, 18, das 9 \u00e0s 12 horas e das 14 \u00e0s 17 horas. A edi\u00e7\u00e3o especial da feira \u00e9 gratuita, ou seja, os alimentos ser\u00e3o distribu\u00eddos sem custo a popula\u00e7\u00e3o e a cozinhas solid\u00e1rias.<\/p>\n<p>Ap\u00f3s essa edi\u00e7\u00e3o, as feiras passam a acontecer todas as sextas-feiras, com as hortali\u00e7as (manjeric\u00e3o, salsa, cebolinha, r\u00facula, radite, alface, pimenta e tagete) sendo vendidas por um valor simb\u00f3lico.<\/p>\n<blockquote>\n<p dir=\"ltr\">\u201cO projeto da estufa agroecol\u00f3gica do Museu \u00e9 muito importante, visto que atrav\u00e9s dele um dos objetivos \u00e9 continuar promovendo o debate sobre a regulamenta\u00e7\u00e3o das hortas urbanas, que teve a lei sancionada no ano passado. Um exemplo que agora pode ser seguido. A legisla\u00e7\u00e3o \u00e9 recente e uma forma de incentivo para dar visibilidade a todos que se dedicam \u00e0 produ\u00e7\u00e3o de alimentos nas cidades\u201d, explica Rafa Rafuagi, fundador e coordenador do Museu da Cultura Hip Hop RS.<\/p>\n<\/blockquote>\n<p dir=\"ltr\">A Estufa \u00e9 uma estrat\u00e9gia de sustentabilidade financeira para o Museu e de combate \u00e0 fome nas periferias. Com foco na planta\u00e7\u00e3o de alimentos org\u00e2nicos e saud\u00e1veis, contribui para a preserva\u00e7\u00e3o da biodiversidade, incentivando pr\u00e1ticas agr\u00edcolas regenerativas e o cultivo de esp\u00e9cies nativas que fortalecem os ecossistemas locais.<\/p>\n<p dir=\"ltr\">O espa\u00e7o utiliza sistemas de energia limpa e renov\u00e1vel, reduzindo a emiss\u00e3o de carbono e promovendo a autonomia energ\u00e9tica do projeto. Com capacidade produtiva estimada em mais de 1,7 mil mudas por plantio, a Estufa simboliza um compromisso com a seguran\u00e7a alimentar e o equil\u00edbrio ambiental.<\/p>\n<p>O nome do espa\u00e7o \u00e9 uma homenagem a Malu Viana, conhecida no meio cultural como Flor do Gueto, a ativista e artista falecida \u00e9 refer\u00eancia nacional das politicas publicas em defesa da periferia dos jovens negros e das mulheres.<\/p>\n<p dir=\"ltr\">O Museu da Cultura Hip Hop do RS tem financiamento da Lei Rouanet, patroc\u00ednio master da Petrobras e patroc\u00ednio da Neoenergia e Caixa Econ\u00f4mica Federal. Realiza\u00e7\u00e3o do Minist\u00e9rio da Cultura, Governo Federal, Uni\u00e3o e Reconstru\u00e7\u00e3o.<\/p>\n<h4 dir=\"ltr\">Como visitar o Museu da Cultura Hip Hop RS?<\/h4>\n<p dir=\"ltr\">Localizado na Rua Parque dos Nativos 545, Vila Ipiranga, em Porto Alegre, Rio Grande do Sul, o\u00a0<a href=\"https:\/\/docs.google.com\/document\/d\/1AGBP8I_4XZ603t4cWgUl6nKe5a-OHiAlDdurHGLrMcc\/edit?tab=t.0#heading=h.dzab3j15vwlh\" target=\"_blank\" rel=\"noopener\" data-saferedirecturl=\"https:\/\/www.google.com\/url?q=https:\/\/docs.google.com\/document\/d\/1AGBP8I_4XZ603t4cWgUl6nKe5a-OHiAlDdurHGLrMcc\/edit?tab%3Dt.0%23heading%3Dh.dzab3j15vwlh&amp;source=gmail&amp;ust=1752681899069000&amp;usg=AOvVaw3Hzc_LaVyKiVSuuT_jWYVD\">Museu fica aberto para visita\u00e7\u00e3o de ter\u00e7a-feira \u00e0 s\u00e1bado, das 9h \u00e0s 12h e das 14h \u00e0s 17h. Neste per\u00edodo, \u00e9 poss\u00edvel optar por visitas agendadas ou livres<\/a>.<\/p>\n<p dir=\"ltr\">As visitas agendadas acontecem duas vezes ao dia, \u00e0s 9h e \u00e0s 14h, sendo destinadas a grupos de at\u00e9 50 pessoas. Para marcar uma visita basta acessar o formul\u00e1rio de agendamento &#8211;\u00a0<a href=\"https:\/\/docs.google.com\/forms\/d\/e\/1FAIpQLSfErA_HT6iFtYFcd4ITrOdTN5yp9ZnRXIsj26mRktiMlrnMgw\/viewform\" target=\"_blank\" rel=\"noopener\" data-saferedirecturl=\"https:\/\/www.google.com\/url?q=https:\/\/docs.google.com\/forms\/d\/e\/1FAIpQLSfErA_HT6iFtYFcd4ITrOdTN5yp9ZnRXIsj26mRktiMlrnMgw\/viewform&amp;source=gmail&amp;ust=1752681899069000&amp;usg=AOvVaw0QmacR25oJqlFY8F4CenpJ\">clique aqui<\/a>.\u00a0Toda visita agendada \u00e9 guiada por mediadores que conduzem o grupo com explica\u00e7\u00f5es sobre as mostras em cartaz.<\/p>\n<p dir=\"ltr\">As visitas livres s\u00e3o abertas ao p\u00fablico, n\u00e3o sendo obrigat\u00f3rio agendamento. Nesta modalidade, caso o interessado deseje ser guiado pelos mediadores, basta chegar ao Museu no hor\u00e1rio em que se iniciam as visitas agendadas para participar junto ao grupo do dia.\u00a0<a href=\"https:\/\/linktr.ee\/muchrs\" target=\"_blank\" rel=\"noopener\" data-saferedirecturl=\"https:\/\/www.google.com\/url?q=https:\/\/linktr.ee\/muchrs&amp;source=gmail&amp;ust=1752681899069000&amp;usg=AOvVaw1d1g4kAciZDPgw9WBLLTGZ\">Mais informa\u00e7\u00f5es sobre programa\u00e7\u00e3o atrav\u00e9s das redes oficiais do Museu da Cultura Hip Hop RS<\/a>.<\/p>\n<h4 dir=\"ltr\">Sobre o Museu da Cultura Hip Hop RS<\/h4>\n<p dir=\"ltr\">Inaugurado no ano do cinquenten\u00e1rio do hip hop no mundo, o Museu da Cultura Hip Hop RS \u00e9 o primeiro na Am\u00e9rica Latina dedicado ao movimento. Com um espa\u00e7o de quatro mil metros quadrados, o Museu \u00e9 uma iniciativa coletiva da Associa\u00e7\u00e3o da Cultura Hip Hop de Esteio, e objetiva o fortalecimento de outros estados brasileiros para cria\u00e7\u00e3o de museus, organizando uma rede capaz de construir o Museu Brasileiro da Cultura Hip Hop nos pr\u00f3ximos cinco anos.<\/p>\n<p dir=\"ltr\">O complexo re\u00fane cerca de seis mil itens de acervo f\u00edsico e digital sobre a hist\u00f3ria do hip hop ga\u00facho. Inspirado no The Universal Hip Hop Museum nos Estados Unidos, conta com salas expositivas, atelier de oficinas, caf\u00e9, loja, estufa agroecol\u00f3gica, biblioteca, est\u00fadio musical, multipalco e a Quadra Petrobras.<\/p>\n<p dir=\"ltr\">O Museu da Cultura Hip Hop do RS tem financiamento da Lei Rouanet, patroc\u00ednio master da Petrobras e patroc\u00ednio da Neoenergia e Caixa Econ\u00f4mica Federal. Realiza\u00e7\u00e3o do Minist\u00e9rio da Cultura, Governo Federal, Uni\u00e3o e Reconstru\u00e7\u00e3o.<\/p>\n","protected":false},"excerpt":{"rendered":"<p>Preocupado com o debate sobre a regulamenta\u00e7\u00e3o de hortas urbanas, o Museu da Cultura Hip Hop RS abre a Estufa Agroecol\u00f3gica Perif\u00e9rica Flor do Gueto ao p\u00fablico, na sexta-feira, 18, das 9 \u00e0s 12 horas e das 14 \u00e0s 17 horas. A edi\u00e7\u00e3o especial da feira \u00e9 gratuita, ou seja, os alimentos ser\u00e3o distribu\u00eddos sem [&hellip;]<\/p>\n","protected":false},"author":2,"featured_media":35752,"comment_status":"open","ping_status":"open","sticky":false,"template":"","format":"standard","meta":{"amp_status":"","footnotes":""},"categories":[76],"tags":[116,4444,697,4443,213],"class_list":["post-35751","post","type-post","status-publish","format-standard","has-post-thumbnail","hentry","category-cultura","tag-cultura","tag-estufa-agoecologica-periferica-flor-do-gueto","tag-exposicao","tag-museu-do-hip-hop-rs","tag-rio-grande-do-sul"],"yoast_head":"<!-- This site is optimized with the Yoast SEO plugin v20.5 - https:\/\/yoast.com\/wordpress\/plugins\/seo\/ -->\n<title>Feira Agroecol\u00f3gica do Museu do Hip Hop ser\u00e1 gratuita na pr\u00f3xima sexta-feira, 18 - O Timoneiro Jornal Canoas RS<\/title>\n<meta name=\"description\" content=\"o Museu da Cultura Hip Hop RS abre a Estufa Agroecol\u00f3gica Perif\u00e9rica Flor do Gueto ao p\u00fablico, sexta-feira,18, das 9 \u00e0s 12 h e das 14 \u00e0s 17 h\" \/>\n<meta name=\"robots\" content=\"index, follow, max-snippet:-1, max-image-preview:large, max-video-preview:-1\" \/>\n<link rel=\"canonical\" href=\"https:\/\/jornaltimoneiro.com.br\/index.php\/2025\/07\/15\/feira-agroecologica-do-museu-do-hip-hop-sera-gratuita-na-proxima-sexta-feira-18\/\" \/>\n<meta property=\"og:locale\" content=\"pt_BR\" \/>\n<meta property=\"og:type\" content=\"article\" \/>\n<meta property=\"og:title\" content=\"Feira Agroecol\u00f3gica do Museu do Hip Hop ser\u00e1 gratuita na pr\u00f3xima sexta-feira, 18 - O Timoneiro Jornal Canoas RS\" \/>\n<meta property=\"og:description\" content=\"o Museu da Cultura Hip Hop RS abre a Estufa Agroecol\u00f3gica Perif\u00e9rica Flor do Gueto ao p\u00fablico, sexta-feira,18, das 9 \u00e0s 12 h e das 14 \u00e0s 17 h\" \/>\n<meta property=\"og:url\" content=\"https:\/\/jornaltimoneiro.com.br\/index.php\/2025\/07\/15\/feira-agroecologica-do-museu-do-hip-hop-sera-gratuita-na-proxima-sexta-feira-18\/\" \/>\n<meta property=\"og:site_name\" content=\"O Timoneiro Jornal Canoas RS\" \/>\n<meta property=\"article:publisher\" content=\"https:\/\/www.facebook.com\/jornaltimoneiro\" \/>\n<meta property=\"article:published_time\" content=\"2025-07-15T19:13:22+00:00\" \/>\n<meta property=\"og:image\" content=\"https:\/\/jornaltimoneiro.com.br\/wp-content\/uploads\/2025\/07\/Feira-Agroecologica-do-Museu-do-Hip-Hop-sera-gratuita-na-proxima-sexta-feira-18.jpg\" \/>\n\t<meta property=\"og:image:width\" content=\"720\" \/>\n\t<meta property=\"og:image:height\" content=\"668\" \/>\n\t<meta property=\"og:image:type\" content=\"image\/jpeg\" \/>\n<meta name=\"author\" content=\"Reda\u00e7\u00e3o\" \/>\n<meta name=\"twitter:card\" content=\"summary_large_image\" \/>\n<meta name=\"twitter:creator\" content=\"@_OTimoneiro\" \/>\n<meta name=\"twitter:site\" content=\"@_OTimoneiro\" \/>\n<meta name=\"twitter:label1\" content=\"Escrito por\" \/>\n\t<meta name=\"twitter:data1\" content=\"Reda\u00e7\u00e3o\" \/>\n\t<meta name=\"twitter:label2\" content=\"Est. tempo de leitura\" \/>\n\t<meta name=\"twitter:data2\" content=\"4 minutos\" \/>\n<script type=\"application\/ld+json\" class=\"yoast-schema-graph\">{\"@context\":\"https:\/\/schema.org\",\"@graph\":[{\"@type\":\"Article\",\"@id\":\"https:\/\/jornaltimoneiro.com.br\/index.php\/2025\/07\/15\/feira-agroecologica-do-museu-do-hip-hop-sera-gratuita-na-proxima-sexta-feira-18\/#article\",\"isPartOf\":{\"@id\":\"https:\/\/jornaltimoneiro.com.br\/index.php\/2025\/07\/15\/feira-agroecologica-do-museu-do-hip-hop-sera-gratuita-na-proxima-sexta-feira-18\/\"},\"author\":{\"name\":\"Reda\u00e7\u00e3o\",\"@id\":\"https:\/\/jornaltimoneiro.com.br\/#\/schema\/person\/f63482f1a02b1a9592707865e509ab40\"},\"headline\":\"Feira Agroecol\u00f3gica do Museu do Hip Hop ser\u00e1 gratuita na pr\u00f3xima sexta-feira, 18\",\"datePublished\":\"2025-07-15T19:13:22+00:00\",\"dateModified\":\"2025-07-15T19:13:22+00:00\",\"mainEntityOfPage\":{\"@id\":\"https:\/\/jornaltimoneiro.com.br\/index.php\/2025\/07\/15\/feira-agroecologica-do-museu-do-hip-hop-sera-gratuita-na-proxima-sexta-feira-18\/\"},\"wordCount\":738,\"commentCount\":0,\"publisher\":{\"@id\":\"https:\/\/jornaltimoneiro.com.br\/#organization\"},\"keywords\":[\"cultura\",\"estufa agoecol\u00f3gica perif\u00e9rica flor do gueto\",\"exposi\u00e7\u00e3o\",\"museu do hip hop rs\",\"rio grande do sul\"],\"articleSection\":[\"Cultura\"],\"inLanguage\":\"pt-BR\",\"potentialAction\":[{\"@type\":\"CommentAction\",\"name\":\"Comment\",\"target\":[\"https:\/\/jornaltimoneiro.com.br\/index.php\/2025\/07\/15\/feira-agroecologica-do-museu-do-hip-hop-sera-gratuita-na-proxima-sexta-feira-18\/#respond\"]}]},{\"@type\":\"WebPage\",\"@id\":\"https:\/\/jornaltimoneiro.com.br\/index.php\/2025\/07\/15\/feira-agroecologica-do-museu-do-hip-hop-sera-gratuita-na-proxima-sexta-feira-18\/\",\"url\":\"https:\/\/jornaltimoneiro.com.br\/index.php\/2025\/07\/15\/feira-agroecologica-do-museu-do-hip-hop-sera-gratuita-na-proxima-sexta-feira-18\/\",\"name\":\"Feira Agroecol\u00f3gica do Museu do Hip Hop ser\u00e1 gratuita na pr\u00f3xima sexta-feira, 18 - O Timoneiro Jornal Canoas RS\",\"isPartOf\":{\"@id\":\"https:\/\/jornaltimoneiro.com.br\/#website\"},\"datePublished\":\"2025-07-15T19:13:22+00:00\",\"dateModified\":\"2025-07-15T19:13:22+00:00\",\"description\":\"o Museu da Cultura Hip Hop RS abre a Estufa Agroecol\u00f3gica Perif\u00e9rica Flor do Gueto ao p\u00fablico, sexta-feira,18, das 9 \u00e0s 12 h e das 14 \u00e0s 17 h\",\"breadcrumb\":{\"@id\":\"https:\/\/jornaltimoneiro.com.br\/index.php\/2025\/07\/15\/feira-agroecologica-do-museu-do-hip-hop-sera-gratuita-na-proxima-sexta-feira-18\/#breadcrumb\"},\"inLanguage\":\"pt-BR\",\"potentialAction\":[{\"@type\":\"ReadAction\",\"target\":[\"https:\/\/jornaltimoneiro.com.br\/index.php\/2025\/07\/15\/feira-agroecologica-do-museu-do-hip-hop-sera-gratuita-na-proxima-sexta-feira-18\/\"]}]},{\"@type\":\"BreadcrumbList\",\"@id\":\"https:\/\/jornaltimoneiro.com.br\/index.php\/2025\/07\/15\/feira-agroecologica-do-museu-do-hip-hop-sera-gratuita-na-proxima-sexta-feira-18\/#breadcrumb\",\"itemListElement\":[{\"@type\":\"ListItem\",\"position\":1,\"name\":\"In\u00edcio\",\"item\":\"https:\/\/jornaltimoneiro.com.br\/\"},{\"@type\":\"ListItem\",\"position\":2,\"name\":\"Feira Agroecol\u00f3gica do Museu do Hip Hop ser\u00e1 gratuita na pr\u00f3xima sexta-feira, 18\"}]},{\"@type\":\"WebSite\",\"@id\":\"https:\/\/jornaltimoneiro.com.br\/#website\",\"url\":\"https:\/\/jornaltimoneiro.com.br\/\",\"name\":\"Jornal Timoneiro Canoas RS\",\"description\":\"Jornal O Timoneiro, o verdadeiro jornal de Canoas\",\"publisher\":{\"@id\":\"https:\/\/jornaltimoneiro.com.br\/#organization\"},\"potentialAction\":[{\"@type\":\"SearchAction\",\"target\":{\"@type\":\"EntryPoint\",\"urlTemplate\":\"https:\/\/jornaltimoneiro.com.br\/?s={search_term_string}\"},\"query-input\":\"required name=search_term_string\"}],\"inLanguage\":\"pt-BR\"},{\"@type\":\"Organization\",\"@id\":\"https:\/\/jornaltimoneiro.com.br\/#organization\",\"name\":\"Jornal Timoneiro Canoas RS\",\"url\":\"https:\/\/jornaltimoneiro.com.br\/\",\"logo\":{\"@type\":\"ImageObject\",\"inLanguage\":\"pt-BR\",\"@id\":\"https:\/\/jornaltimoneiro.com.br\/#\/schema\/logo\/image\/\",\"url\":\"https:\/\/jornaltimoneiro.com.br\/wp-content\/uploads\/2023\/03\/logonovo.png\",\"contentUrl\":\"https:\/\/jornaltimoneiro.com.br\/wp-content\/uploads\/2023\/03\/logonovo.png\",\"width\":\"469\",\"height\":\"171\",\"caption\":\"Jornal Timoneiro Canoas RS\"},\"image\":{\"@id\":\"https:\/\/jornaltimoneiro.com.br\/#\/schema\/logo\/image\/\"},\"sameAs\":[\"https:\/\/www.facebook.com\/jornaltimoneiro\",\"https:\/\/twitter.com\/_OTimoneiro\",\"https:\/\/www.instagram.com\/jornaltimoneirocanoas\/\",\"https:\/\/www.youtube.com\/@jornalotimoneiro7927\"]},{\"@type\":\"Person\",\"@id\":\"https:\/\/jornaltimoneiro.com.br\/#\/schema\/person\/f63482f1a02b1a9592707865e509ab40\",\"name\":\"Reda\u00e7\u00e3o\",\"image\":{\"@type\":\"ImageObject\",\"inLanguage\":\"pt-BR\",\"@id\":\"https:\/\/jornaltimoneiro.com.br\/#\/schema\/person\/image\/\",\"url\":\"https:\/\/jornaltimoneiro.com.br\/wp-content\/uploads\/2023\/03\/download.jpeg\",\"contentUrl\":\"https:\/\/jornaltimoneiro.com.br\/wp-content\/uploads\/2023\/03\/download.jpeg\",\"caption\":\"Reda\u00e7\u00e3o\"},\"url\":\"https:\/\/jornaltimoneiro.com.br\/index.php\/author\/simone-dutra\/\"}]}<\/script>\n<!-- \/ Yoast SEO plugin. -->","yoast_head_json":{"title":"Feira Agroecol\u00f3gica do Museu do Hip Hop ser\u00e1 gratuita na pr\u00f3xima sexta-feira, 18 - O Timoneiro Jornal Canoas RS","description":"o Museu da Cultura Hip Hop RS abre a Estufa Agroecol\u00f3gica Perif\u00e9rica Flor do Gueto ao p\u00fablico, sexta-feira,18, das 9 \u00e0s 12 h e das 14 \u00e0s 17 h","robots":{"index":"index","follow":"follow","max-snippet":"max-snippet:-1","max-image-preview":"max-image-preview:large","max-video-preview":"max-video-preview:-1"},"canonical":"https:\/\/jornaltimoneiro.com.br\/index.php\/2025\/07\/15\/feira-agroecologica-do-museu-do-hip-hop-sera-gratuita-na-proxima-sexta-feira-18\/","og_locale":"pt_BR","og_type":"article","og_title":"Feira Agroecol\u00f3gica do Museu do Hip Hop ser\u00e1 gratuita na pr\u00f3xima sexta-feira, 18 - O Timoneiro Jornal Canoas RS","og_description":"o Museu da Cultura Hip Hop RS abre a Estufa Agroecol\u00f3gica Perif\u00e9rica Flor do Gueto ao p\u00fablico, sexta-feira,18, das 9 \u00e0s 12 h e das 14 \u00e0s 17 h","og_url":"https:\/\/jornaltimoneiro.com.br\/index.php\/2025\/07\/15\/feira-agroecologica-do-museu-do-hip-hop-sera-gratuita-na-proxima-sexta-feira-18\/","og_site_name":"O Timoneiro Jornal Canoas RS","article_publisher":"https:\/\/www.facebook.com\/jornaltimoneiro","article_published_time":"2025-07-15T19:13:22+00:00","og_image":[{"width":"720","height":"668","url":"https:\/\/jornaltimoneiro.com.br\/wp-content\/uploads\/2025\/07\/Feira-Agroecologica-do-Museu-do-Hip-Hop-sera-gratuita-na-proxima-sexta-feira-18.jpg","type":"image\/jpeg"}],"author":"Reda\u00e7\u00e3o","twitter_card":"summary_large_image","twitter_creator":"@_OTimoneiro","twitter_site":"@_OTimoneiro","twitter_misc":{"Escrito por":"Reda\u00e7\u00e3o","Est. tempo de leitura":"4 minutos"},"schema":{"@context":"https:\/\/schema.org","@graph":[{"@type":"Article","@id":"https:\/\/jornaltimoneiro.com.br\/index.php\/2025\/07\/15\/feira-agroecologica-do-museu-do-hip-hop-sera-gratuita-na-proxima-sexta-feira-18\/#article","isPartOf":{"@id":"https:\/\/jornaltimoneiro.com.br\/index.php\/2025\/07\/15\/feira-agroecologica-do-museu-do-hip-hop-sera-gratuita-na-proxima-sexta-feira-18\/"},"author":{"name":"Reda\u00e7\u00e3o","@id":"https:\/\/jornaltimoneiro.com.br\/#\/schema\/person\/f63482f1a02b1a9592707865e509ab40"},"headline":"Feira Agroecol\u00f3gica do Museu do Hip Hop ser\u00e1 gratuita na pr\u00f3xima sexta-feira, 18","datePublished":"2025-07-15T19:13:22+00:00","dateModified":"2025-07-15T19:13:22+00:00","mainEntityOfPage":{"@id":"https:\/\/jornaltimoneiro.com.br\/index.php\/2025\/07\/15\/feira-agroecologica-do-museu-do-hip-hop-sera-gratuita-na-proxima-sexta-feira-18\/"},"wordCount":738,"commentCount":0,"publisher":{"@id":"https:\/\/jornaltimoneiro.com.br\/#organization"},"keywords":["cultura","estufa agoecol\u00f3gica perif\u00e9rica flor do gueto","exposi\u00e7\u00e3o","museu do hip hop rs","rio grande do sul"],"articleSection":["Cultura"],"inLanguage":"pt-BR","potentialAction":[{"@type":"CommentAction","name":"Comment","target":["https:\/\/jornaltimoneiro.com.br\/index.php\/2025\/07\/15\/feira-agroecologica-do-museu-do-hip-hop-sera-gratuita-na-proxima-sexta-feira-18\/#respond"]}]},{"@type":"WebPage","@id":"https:\/\/jornaltimoneiro.com.br\/index.php\/2025\/07\/15\/feira-agroecologica-do-museu-do-hip-hop-sera-gratuita-na-proxima-sexta-feira-18\/","url":"https:\/\/jornaltimoneiro.com.br\/index.php\/2025\/07\/15\/feira-agroecologica-do-museu-do-hip-hop-sera-gratuita-na-proxima-sexta-feira-18\/","name":"Feira Agroecol\u00f3gica do Museu do Hip Hop ser\u00e1 gratuita na pr\u00f3xima sexta-feira, 18 - O Timoneiro Jornal Canoas RS","isPartOf":{"@id":"https:\/\/jornaltimoneiro.com.br\/#website"},"datePublished":"2025-07-15T19:13:22+00:00","dateModified":"2025-07-15T19:13:22+00:00","description":"o Museu da Cultura Hip Hop RS abre a Estufa Agroecol\u00f3gica Perif\u00e9rica Flor do Gueto ao p\u00fablico, sexta-feira,18, das 9 \u00e0s 12 h e das 14 \u00e0s 17 h","breadcrumb":{"@id":"https:\/\/jornaltimoneiro.com.br\/index.php\/2025\/07\/15\/feira-agroecologica-do-museu-do-hip-hop-sera-gratuita-na-proxima-sexta-feira-18\/#breadcrumb"},"inLanguage":"pt-BR","potentialAction":[{"@type":"ReadAction","target":["https:\/\/jornaltimoneiro.com.br\/index.php\/2025\/07\/15\/feira-agroecologica-do-museu-do-hip-hop-sera-gratuita-na-proxima-sexta-feira-18\/"]}]},{"@type":"BreadcrumbList","@id":"https:\/\/jornaltimoneiro.com.br\/index.php\/2025\/07\/15\/feira-agroecologica-do-museu-do-hip-hop-sera-gratuita-na-proxima-sexta-feira-18\/#breadcrumb","itemListElement":[{"@type":"ListItem","position":1,"name":"In\u00edcio","item":"https:\/\/jornaltimoneiro.com.br\/"},{"@type":"ListItem","position":2,"name":"Feira Agroecol\u00f3gica do Museu do Hip Hop ser\u00e1 gratuita na pr\u00f3xima sexta-feira, 18"}]},{"@type":"WebSite","@id":"https:\/\/jornaltimoneiro.com.br\/#website","url":"https:\/\/jornaltimoneiro.com.br\/","name":"Jornal Timoneiro Canoas RS","description":"Jornal O Timoneiro, o verdadeiro jornal de Canoas","publisher":{"@id":"https:\/\/jornaltimoneiro.com.br\/#organization"},"potentialAction":[{"@type":"SearchAction","target":{"@type":"EntryPoint","urlTemplate":"https:\/\/jornaltimoneiro.com.br\/?s={search_term_string}"},"query-input":"required name=search_term_string"}],"inLanguage":"pt-BR"},{"@type":"Organization","@id":"https:\/\/jornaltimoneiro.com.br\/#organization","name":"Jornal Timoneiro Canoas RS","url":"https:\/\/jornaltimoneiro.com.br\/","logo":{"@type":"ImageObject","inLanguage":"pt-BR","@id":"https:\/\/jornaltimoneiro.com.br\/#\/schema\/logo\/image\/","url":"https:\/\/jornaltimoneiro.com.br\/wp-content\/uploads\/2023\/03\/logonovo.png","contentUrl":"https:\/\/jornaltimoneiro.com.br\/wp-content\/uploads\/2023\/03\/logonovo.png","width":"469","height":"171","caption":"Jornal Timoneiro Canoas RS"},"image":{"@id":"https:\/\/jornaltimoneiro.com.br\/#\/schema\/logo\/image\/"},"sameAs":["https:\/\/www.facebook.com\/jornaltimoneiro","https:\/\/twitter.com\/_OTimoneiro","https:\/\/www.instagram.com\/jornaltimoneirocanoas\/","https:\/\/www.youtube.com\/@jornalotimoneiro7927"]},{"@type":"Person","@id":"https:\/\/jornaltimoneiro.com.br\/#\/schema\/person\/f63482f1a02b1a9592707865e509ab40","name":"Reda\u00e7\u00e3o","image":{"@type":"ImageObject","inLanguage":"pt-BR","@id":"https:\/\/jornaltimoneiro.com.br\/#\/schema\/person\/image\/","url":"https:\/\/jornaltimoneiro.com.br\/wp-content\/uploads\/2023\/03\/download.jpeg","contentUrl":"https:\/\/jornaltimoneiro.com.br\/wp-content\/uploads\/2023\/03\/download.jpeg","caption":"Reda\u00e7\u00e3o"},"url":"https:\/\/jornaltimoneiro.com.br\/index.php\/author\/simone-dutra\/"}]}},"_links":{"self":[{"href":"https:\/\/jornaltimoneiro.com.br\/index.php\/wp-json\/wp\/v2\/posts\/35751"}],"collection":[{"href":"https:\/\/jornaltimoneiro.com.br\/index.php\/wp-json\/wp\/v2\/posts"}],"about":[{"href":"https:\/\/jornaltimoneiro.com.br\/index.php\/wp-json\/wp\/v2\/types\/post"}],"author":[{"embeddable":true,"href":"https:\/\/jornaltimoneiro.com.br\/index.php\/wp-json\/wp\/v2\/users\/2"}],"replies":[{"embeddable":true,"href":"https:\/\/jornaltimoneiro.com.br\/index.php\/wp-json\/wp\/v2\/comments?post=35751"}],"version-history":[{"count":1,"href":"https:\/\/jornaltimoneiro.com.br\/index.php\/wp-json\/wp\/v2\/posts\/35751\/revisions"}],"predecessor-version":[{"id":35753,"href":"https:\/\/jornaltimoneiro.com.br\/index.php\/wp-json\/wp\/v2\/posts\/35751\/revisions\/35753"}],"wp:featuredmedia":[{"embeddable":true,"href":"https:\/\/jornaltimoneiro.com.br\/index.php\/wp-json\/wp\/v2\/media\/35752"}],"wp:attachment":[{"href":"https:\/\/jornaltimoneiro.com.br\/index.php\/wp-json\/wp\/v2\/media?parent=35751"}],"wp:term":[{"taxonomy":"category","embeddable":true,"href":"https:\/\/jornaltimoneiro.com.br\/index.php\/wp-json\/wp\/v2\/categories?post=35751"},{"taxonomy":"post_tag","embeddable":true,"href":"https:\/\/jornaltimoneiro.com.br\/index.php\/wp-json\/wp\/v2\/tags?post=35751"}],"curies":[{"name":"wp","href":"https:\/\/api.w.org\/{rel}","templated":true}]}}