{"id":35741,"date":"2025-07-15T14:29:24","date_gmt":"2025-07-15T17:29:24","guid":{"rendered":"https:\/\/jornaltimoneiro.com.br\/?p=35741"},"modified":"2025-07-15T14:29:24","modified_gmt":"2025-07-15T17:29:24","slug":"quadra-coberta-da-uniao-dos-operarios-sera-reformada-com-investimento-de-mais-de-r-400-mil","status":"publish","type":"post","link":"https:\/\/jornaltimoneiro.com.br\/index.php\/2025\/07\/15\/quadra-coberta-da-uniao-dos-operarios-sera-reformada-com-investimento-de-mais-de-r-400-mil\/","title":{"rendered":"Quadra coberta da Uni\u00e3o dos Oper\u00e1rios ser\u00e1 reformada com investimento de mais de R$ 400 mil"},"content":{"rendered":"<p>Na manh\u00e3 da segunda-feira, 14, foi realizada a assinatura da ordem de in\u00edcio para a reforma da quadra coberta da sede da Associa\u00e7\u00e3o de Moradores da Uni\u00e3o dos Oper\u00e1rios, localizada na Rua Espumoso, esquina com a Rua 18 de Novembro, no bairro Mathias Velho, em Canoas. A iniciativa \u00e9 fruto de uma parceria entre a comunidade, a Secretaria Municipal de Esporte e Lazer, o Minist\u00e9rio do Esporte e a Secretaria de Projetos e Capta\u00e7\u00e3o de Recursos.<\/p>\n<p>A obra ser\u00e1 viabilizada por meio do Contrato de Repasse n\u00ba 874499\/2018 \u2013 Opera\u00e7\u00e3o n\u00ba 1058049-81, com investimento total de R$ 400.634,29, atrav\u00e9s do Deputado Federal Dion\u00edlson Marcon, atendendo a uma antiga demanda dos moradores. O projeto contempla a constru\u00e7\u00e3o de sal\u00e3o com copa, vesti\u00e1rios, sanit\u00e1rios (inclusive acess\u00edveis PNE) e \u00e1rea de circula\u00e7\u00e3o. O objetivo \u00e9 proporcionar melhores condi\u00e7\u00f5es de uso para atividades esportivas, sociais e comunit\u00e1rias.<\/p>\n<p>A reforma refor\u00e7a o reconhecimento do esporte e do lazer como direitos sociais essenciais e pol\u00edticas p\u00fablicas estrat\u00e9gicas de inclus\u00e3o e desenvolvimento humano.<\/p>\n<p>Durante o ato, o prefeito Airton Souza destacou a import\u00e2ncia do espa\u00e7o para a comunidade:<\/p>\n<blockquote><p>\u201cEssa obra vai impactar positivamente a vida dos moradores. A entrega da nova quadra vai incentivar a pr\u00e1tica regular de atividades f\u00edsicas e, junto com a horta comunit\u00e1ria, promover tamb\u00e9m seguran\u00e7a alimentar. \u00c9 uma a\u00e7\u00e3o que fortalece os v\u00ednculos do bairro e amplia oportunidades.\u201d<\/p><\/blockquote>\n<p>O secret\u00e1rio de Esporte e Lazer, Luciano de Oliveira, ressaltou a transforma\u00e7\u00e3o que a obra trar\u00e1:<\/p>\n<blockquote><p>\u201cHoje temos uma quadra que est\u00e1 sem uso, mas muito em breve as crian\u00e7as do bairro ter\u00e3o um espa\u00e7o renovado para esporte e lazer. Em apenas seis meses de gest\u00e3o, diversas obras j\u00e1 foram entregues, e essa \u00e9 mais uma que refor\u00e7a nosso compromisso com a popula\u00e7\u00e3o.\u201d<\/p><\/blockquote>\n<p>J\u00e1 a secret\u00e1ria de Projetos e Capta\u00e7\u00e3o de Recursos, Daniela Fontoura, destacou o car\u00e1ter social da iniciativa:<\/p>\n<blockquote><p>\u201cEssa nova quadra vai acolher as crian\u00e7as da comunidade, incentivar a pr\u00e1tica esportiva e tamb\u00e9m apoiar o trabalho da horta comunit\u00e1ria, que desenvolve uma importante a\u00e7\u00e3o de seguran\u00e7a alimentar. \u00c9 mais uma conquista constru\u00edda junto com a popula\u00e7\u00e3o.\u201d<\/p><\/blockquote>\n<p>O presidente da Associa\u00e7\u00e3o de Moradores da Vila Uni\u00e3o dos Oper\u00e1rios, Jo\u00e3o Delci Teixeira, destacou a import\u00e2ncia da obra:<\/p>\n<blockquote><p>\u201cEsperamos por essa reforma h\u00e1 muitos anos. A nova quadra vai permitir que crian\u00e7as, jovens e adultos tenham um local adequado para esporte, lazer e conviv\u00eancia. \u00c9 uma conquista de toda a comunidade.\u201d<\/p><\/blockquote>\n","protected":false},"excerpt":{"rendered":"<p>Na manh\u00e3 da segunda-feira, 14, foi realizada a assinatura da ordem de in\u00edcio para a reforma da quadra coberta da sede da Associa\u00e7\u00e3o de Moradores da Uni\u00e3o dos Oper\u00e1rios, localizada na Rua Espumoso, esquina com a Rua 18 de Novembro, no bairro Mathias Velho, em Canoas. A iniciativa \u00e9 fruto de uma parceria entre a [&hellip;]<\/p>\n","protected":false},"author":2,"featured_media":35742,"comment_status":"open","ping_status":"open","sticky":false,"template":"","format":"standard","meta":{"amp_status":"","footnotes":""},"categories":[24],"tags":[31,234,1037,112,2331,4440],"class_list":["post-35741","post","type-post","status-publish","format-standard","has-post-thumbnail","hentry","category-esporte","tag-canoas","tag-esporte","tag-mathias-velho","tag-quadra","tag-reforma","tag-uniao-dos-operarios"],"yoast_head":"<!-- This site is optimized with the Yoast SEO plugin v20.5 - https:\/\/yoast.com\/wordpress\/plugins\/seo\/ -->\n<title>Quadra coberta da Uni\u00e3o dos Oper\u00e1rios ser\u00e1 reformada com investimento de mais de R$ 400 mil - O Timoneiro Jornal Canoas RS<\/title>\n<meta name=\"description\" content=\"Foi realizada a assinatura da ordem de in\u00edcio para a reforma da quadra coberta da sede da Associa\u00e7\u00e3o de Moradores da Uni\u00e3o dos Oper\u00e1rios,\" \/>\n<meta name=\"robots\" content=\"index, follow, max-snippet:-1, max-image-preview:large, max-video-preview:-1\" \/>\n<link rel=\"canonical\" href=\"https:\/\/jornaltimoneiro.com.br\/index.php\/2025\/07\/15\/quadra-coberta-da-uniao-dos-operarios-sera-reformada-com-investimento-de-mais-de-r-400-mil\/\" \/>\n<meta property=\"og:locale\" content=\"pt_BR\" \/>\n<meta property=\"og:type\" content=\"article\" \/>\n<meta property=\"og:title\" content=\"Quadra coberta da Uni\u00e3o dos Oper\u00e1rios ser\u00e1 reformada com investimento de mais de R$ 400 mil - O Timoneiro Jornal Canoas RS\" \/>\n<meta property=\"og:description\" content=\"Foi realizada a assinatura da ordem de in\u00edcio para a reforma da quadra coberta da sede da Associa\u00e7\u00e3o de Moradores da Uni\u00e3o dos Oper\u00e1rios,\" \/>\n<meta property=\"og:url\" content=\"https:\/\/jornaltimoneiro.com.br\/index.php\/2025\/07\/15\/quadra-coberta-da-uniao-dos-operarios-sera-reformada-com-investimento-de-mais-de-r-400-mil\/\" \/>\n<meta property=\"og:site_name\" content=\"O Timoneiro Jornal Canoas RS\" \/>\n<meta property=\"article:publisher\" content=\"https:\/\/www.facebook.com\/jornaltimoneiro\" \/>\n<meta property=\"article:published_time\" content=\"2025-07-15T17:29:24+00:00\" \/>\n<meta property=\"og:image\" content=\"https:\/\/jornaltimoneiro.com.br\/wp-content\/uploads\/2025\/07\/Quadra-coberta-da-Uniao-dos-Operarios-sera-reformada-com-investimento-de-mais-de-R-400-mil.jpeg\" \/>\n\t<meta property=\"og:image:width\" content=\"1080\" \/>\n\t<meta property=\"og:image:height\" content=\"719\" \/>\n\t<meta property=\"og:image:type\" content=\"image\/jpeg\" \/>\n<meta name=\"author\" content=\"Reda\u00e7\u00e3o\" \/>\n<meta name=\"twitter:card\" content=\"summary_large_image\" \/>\n<meta name=\"twitter:creator\" content=\"@_OTimoneiro\" \/>\n<meta name=\"twitter:site\" content=\"@_OTimoneiro\" \/>\n<meta name=\"twitter:label1\" content=\"Escrito por\" \/>\n\t<meta name=\"twitter:data1\" content=\"Reda\u00e7\u00e3o\" \/>\n\t<meta name=\"twitter:label2\" content=\"Est. tempo de leitura\" \/>\n\t<meta name=\"twitter:data2\" content=\"3 minutos\" \/>\n<script type=\"application\/ld+json\" class=\"yoast-schema-graph\">{\"@context\":\"https:\/\/schema.org\",\"@graph\":[{\"@type\":\"Article\",\"@id\":\"https:\/\/jornaltimoneiro.com.br\/index.php\/2025\/07\/15\/quadra-coberta-da-uniao-dos-operarios-sera-reformada-com-investimento-de-mais-de-r-400-mil\/#article\",\"isPartOf\":{\"@id\":\"https:\/\/jornaltimoneiro.com.br\/index.php\/2025\/07\/15\/quadra-coberta-da-uniao-dos-operarios-sera-reformada-com-investimento-de-mais-de-r-400-mil\/\"},\"author\":{\"name\":\"Reda\u00e7\u00e3o\",\"@id\":\"https:\/\/jornaltimoneiro.com.br\/#\/schema\/person\/f63482f1a02b1a9592707865e509ab40\"},\"headline\":\"Quadra coberta da Uni\u00e3o dos Oper\u00e1rios ser\u00e1 reformada com investimento de mais de R$ 400 mil\",\"datePublished\":\"2025-07-15T17:29:24+00:00\",\"dateModified\":\"2025-07-15T17:29:24+00:00\",\"mainEntityOfPage\":{\"@id\":\"https:\/\/jornaltimoneiro.com.br\/index.php\/2025\/07\/15\/quadra-coberta-da-uniao-dos-operarios-sera-reformada-com-investimento-de-mais-de-r-400-mil\/\"},\"wordCount\":458,\"commentCount\":0,\"publisher\":{\"@id\":\"https:\/\/jornaltimoneiro.com.br\/#organization\"},\"keywords\":[\"canoas\",\"esporte\",\"mathias velho\",\"Quadra\",\"reforma\",\"uni\u00e3o dos oper\u00e1rios\"],\"articleSection\":[\"Esporte\"],\"inLanguage\":\"pt-BR\",\"potentialAction\":[{\"@type\":\"CommentAction\",\"name\":\"Comment\",\"target\":[\"https:\/\/jornaltimoneiro.com.br\/index.php\/2025\/07\/15\/quadra-coberta-da-uniao-dos-operarios-sera-reformada-com-investimento-de-mais-de-r-400-mil\/#respond\"]}]},{\"@type\":\"WebPage\",\"@id\":\"https:\/\/jornaltimoneiro.com.br\/index.php\/2025\/07\/15\/quadra-coberta-da-uniao-dos-operarios-sera-reformada-com-investimento-de-mais-de-r-400-mil\/\",\"url\":\"https:\/\/jornaltimoneiro.com.br\/index.php\/2025\/07\/15\/quadra-coberta-da-uniao-dos-operarios-sera-reformada-com-investimento-de-mais-de-r-400-mil\/\",\"name\":\"Quadra coberta da Uni\u00e3o dos Oper\u00e1rios ser\u00e1 reformada com investimento de mais de R$ 400 mil - O Timoneiro Jornal Canoas RS\",\"isPartOf\":{\"@id\":\"https:\/\/jornaltimoneiro.com.br\/#website\"},\"datePublished\":\"2025-07-15T17:29:24+00:00\",\"dateModified\":\"2025-07-15T17:29:24+00:00\",\"description\":\"Foi realizada a assinatura da ordem de in\u00edcio para a reforma da quadra coberta da sede da Associa\u00e7\u00e3o de Moradores da Uni\u00e3o dos Oper\u00e1rios,\",\"breadcrumb\":{\"@id\":\"https:\/\/jornaltimoneiro.com.br\/index.php\/2025\/07\/15\/quadra-coberta-da-uniao-dos-operarios-sera-reformada-com-investimento-de-mais-de-r-400-mil\/#breadcrumb\"},\"inLanguage\":\"pt-BR\",\"potentialAction\":[{\"@type\":\"ReadAction\",\"target\":[\"https:\/\/jornaltimoneiro.com.br\/index.php\/2025\/07\/15\/quadra-coberta-da-uniao-dos-operarios-sera-reformada-com-investimento-de-mais-de-r-400-mil\/\"]}]},{\"@type\":\"BreadcrumbList\",\"@id\":\"https:\/\/jornaltimoneiro.com.br\/index.php\/2025\/07\/15\/quadra-coberta-da-uniao-dos-operarios-sera-reformada-com-investimento-de-mais-de-r-400-mil\/#breadcrumb\",\"itemListElement\":[{\"@type\":\"ListItem\",\"position\":1,\"name\":\"In\u00edcio\",\"item\":\"https:\/\/jornaltimoneiro.com.br\/\"},{\"@type\":\"ListItem\",\"position\":2,\"name\":\"Quadra coberta da Uni\u00e3o dos Oper\u00e1rios ser\u00e1 reformada com investimento de mais de R$ 400 mil\"}]},{\"@type\":\"WebSite\",\"@id\":\"https:\/\/jornaltimoneiro.com.br\/#website\",\"url\":\"https:\/\/jornaltimoneiro.com.br\/\",\"name\":\"Jornal Timoneiro Canoas RS\",\"description\":\"Jornal O Timoneiro, o verdadeiro jornal de Canoas\",\"publisher\":{\"@id\":\"https:\/\/jornaltimoneiro.com.br\/#organization\"},\"potentialAction\":[{\"@type\":\"SearchAction\",\"target\":{\"@type\":\"EntryPoint\",\"urlTemplate\":\"https:\/\/jornaltimoneiro.com.br\/?s={search_term_string}\"},\"query-input\":\"required name=search_term_string\"}],\"inLanguage\":\"pt-BR\"},{\"@type\":\"Organization\",\"@id\":\"https:\/\/jornaltimoneiro.com.br\/#organization\",\"name\":\"Jornal Timoneiro Canoas RS\",\"url\":\"https:\/\/jornaltimoneiro.com.br\/\",\"logo\":{\"@type\":\"ImageObject\",\"inLanguage\":\"pt-BR\",\"@id\":\"https:\/\/jornaltimoneiro.com.br\/#\/schema\/logo\/image\/\",\"url\":\"https:\/\/jornaltimoneiro.com.br\/wp-content\/uploads\/2023\/03\/logonovo.png\",\"contentUrl\":\"https:\/\/jornaltimoneiro.com.br\/wp-content\/uploads\/2023\/03\/logonovo.png\",\"width\":\"469\",\"height\":\"171\",\"caption\":\"Jornal Timoneiro Canoas RS\"},\"image\":{\"@id\":\"https:\/\/jornaltimoneiro.com.br\/#\/schema\/logo\/image\/\"},\"sameAs\":[\"https:\/\/www.facebook.com\/jornaltimoneiro\",\"https:\/\/twitter.com\/_OTimoneiro\",\"https:\/\/www.instagram.com\/jornaltimoneirocanoas\/\",\"https:\/\/www.youtube.com\/@jornalotimoneiro7927\"]},{\"@type\":\"Person\",\"@id\":\"https:\/\/jornaltimoneiro.com.br\/#\/schema\/person\/f63482f1a02b1a9592707865e509ab40\",\"name\":\"Reda\u00e7\u00e3o\",\"image\":{\"@type\":\"ImageObject\",\"inLanguage\":\"pt-BR\",\"@id\":\"https:\/\/jornaltimoneiro.com.br\/#\/schema\/person\/image\/\",\"url\":\"https:\/\/jornaltimoneiro.com.br\/wp-content\/uploads\/2023\/03\/download.jpeg\",\"contentUrl\":\"https:\/\/jornaltimoneiro.com.br\/wp-content\/uploads\/2023\/03\/download.jpeg\",\"caption\":\"Reda\u00e7\u00e3o\"},\"url\":\"https:\/\/jornaltimoneiro.com.br\/index.php\/author\/simone-dutra\/\"}]}<\/script>\n<!-- \/ Yoast SEO plugin. -->","yoast_head_json":{"title":"Quadra coberta da Uni\u00e3o dos Oper\u00e1rios ser\u00e1 reformada com investimento de mais de R$ 400 mil - O Timoneiro Jornal Canoas RS","description":"Foi realizada a assinatura da ordem de in\u00edcio para a reforma da quadra coberta da sede da Associa\u00e7\u00e3o de Moradores da Uni\u00e3o dos Oper\u00e1rios,","robots":{"index":"index","follow":"follow","max-snippet":"max-snippet:-1","max-image-preview":"max-image-preview:large","max-video-preview":"max-video-preview:-1"},"canonical":"https:\/\/jornaltimoneiro.com.br\/index.php\/2025\/07\/15\/quadra-coberta-da-uniao-dos-operarios-sera-reformada-com-investimento-de-mais-de-r-400-mil\/","og_locale":"pt_BR","og_type":"article","og_title":"Quadra coberta da Uni\u00e3o dos Oper\u00e1rios ser\u00e1 reformada com investimento de mais de R$ 400 mil - O Timoneiro Jornal Canoas RS","og_description":"Foi realizada a assinatura da ordem de in\u00edcio para a reforma da quadra coberta da sede da Associa\u00e7\u00e3o de Moradores da Uni\u00e3o dos Oper\u00e1rios,","og_url":"https:\/\/jornaltimoneiro.com.br\/index.php\/2025\/07\/15\/quadra-coberta-da-uniao-dos-operarios-sera-reformada-com-investimento-de-mais-de-r-400-mil\/","og_site_name":"O Timoneiro Jornal Canoas RS","article_publisher":"https:\/\/www.facebook.com\/jornaltimoneiro","article_published_time":"2025-07-15T17:29:24+00:00","og_image":[{"width":"1080","height":"719","url":"https:\/\/jornaltimoneiro.com.br\/wp-content\/uploads\/2025\/07\/Quadra-coberta-da-Uniao-dos-Operarios-sera-reformada-com-investimento-de-mais-de-R-400-mil.jpeg","type":"image\/jpeg"}],"author":"Reda\u00e7\u00e3o","twitter_card":"summary_large_image","twitter_creator":"@_OTimoneiro","twitter_site":"@_OTimoneiro","twitter_misc":{"Escrito por":"Reda\u00e7\u00e3o","Est. tempo de leitura":"3 minutos"},"schema":{"@context":"https:\/\/schema.org","@graph":[{"@type":"Article","@id":"https:\/\/jornaltimoneiro.com.br\/index.php\/2025\/07\/15\/quadra-coberta-da-uniao-dos-operarios-sera-reformada-com-investimento-de-mais-de-r-400-mil\/#article","isPartOf":{"@id":"https:\/\/jornaltimoneiro.com.br\/index.php\/2025\/07\/15\/quadra-coberta-da-uniao-dos-operarios-sera-reformada-com-investimento-de-mais-de-r-400-mil\/"},"author":{"name":"Reda\u00e7\u00e3o","@id":"https:\/\/jornaltimoneiro.com.br\/#\/schema\/person\/f63482f1a02b1a9592707865e509ab40"},"headline":"Quadra coberta da Uni\u00e3o dos Oper\u00e1rios ser\u00e1 reformada com investimento de mais de R$ 400 mil","datePublished":"2025-07-15T17:29:24+00:00","dateModified":"2025-07-15T17:29:24+00:00","mainEntityOfPage":{"@id":"https:\/\/jornaltimoneiro.com.br\/index.php\/2025\/07\/15\/quadra-coberta-da-uniao-dos-operarios-sera-reformada-com-investimento-de-mais-de-r-400-mil\/"},"wordCount":458,"commentCount":0,"publisher":{"@id":"https:\/\/jornaltimoneiro.com.br\/#organization"},"keywords":["canoas","esporte","mathias velho","Quadra","reforma","uni\u00e3o dos oper\u00e1rios"],"articleSection":["Esporte"],"inLanguage":"pt-BR","potentialAction":[{"@type":"CommentAction","name":"Comment","target":["https:\/\/jornaltimoneiro.com.br\/index.php\/2025\/07\/15\/quadra-coberta-da-uniao-dos-operarios-sera-reformada-com-investimento-de-mais-de-r-400-mil\/#respond"]}]},{"@type":"WebPage","@id":"https:\/\/jornaltimoneiro.com.br\/index.php\/2025\/07\/15\/quadra-coberta-da-uniao-dos-operarios-sera-reformada-com-investimento-de-mais-de-r-400-mil\/","url":"https:\/\/jornaltimoneiro.com.br\/index.php\/2025\/07\/15\/quadra-coberta-da-uniao-dos-operarios-sera-reformada-com-investimento-de-mais-de-r-400-mil\/","name":"Quadra coberta da Uni\u00e3o dos Oper\u00e1rios ser\u00e1 reformada com investimento de mais de R$ 400 mil - O Timoneiro Jornal Canoas RS","isPartOf":{"@id":"https:\/\/jornaltimoneiro.com.br\/#website"},"datePublished":"2025-07-15T17:29:24+00:00","dateModified":"2025-07-15T17:29:24+00:00","description":"Foi realizada a assinatura da ordem de in\u00edcio para a reforma da quadra coberta da sede da Associa\u00e7\u00e3o de Moradores da Uni\u00e3o dos Oper\u00e1rios,","breadcrumb":{"@id":"https:\/\/jornaltimoneiro.com.br\/index.php\/2025\/07\/15\/quadra-coberta-da-uniao-dos-operarios-sera-reformada-com-investimento-de-mais-de-r-400-mil\/#breadcrumb"},"inLanguage":"pt-BR","potentialAction":[{"@type":"ReadAction","target":["https:\/\/jornaltimoneiro.com.br\/index.php\/2025\/07\/15\/quadra-coberta-da-uniao-dos-operarios-sera-reformada-com-investimento-de-mais-de-r-400-mil\/"]}]},{"@type":"BreadcrumbList","@id":"https:\/\/jornaltimoneiro.com.br\/index.php\/2025\/07\/15\/quadra-coberta-da-uniao-dos-operarios-sera-reformada-com-investimento-de-mais-de-r-400-mil\/#breadcrumb","itemListElement":[{"@type":"ListItem","position":1,"name":"In\u00edcio","item":"https:\/\/jornaltimoneiro.com.br\/"},{"@type":"ListItem","position":2,"name":"Quadra coberta da Uni\u00e3o dos Oper\u00e1rios ser\u00e1 reformada com investimento de mais de R$ 400 mil"}]},{"@type":"WebSite","@id":"https:\/\/jornaltimoneiro.com.br\/#website","url":"https:\/\/jornaltimoneiro.com.br\/","name":"Jornal Timoneiro Canoas RS","description":"Jornal O Timoneiro, o verdadeiro jornal de Canoas","publisher":{"@id":"https:\/\/jornaltimoneiro.com.br\/#organization"},"potentialAction":[{"@type":"SearchAction","target":{"@type":"EntryPoint","urlTemplate":"https:\/\/jornaltimoneiro.com.br\/?s={search_term_string}"},"query-input":"required name=search_term_string"}],"inLanguage":"pt-BR"},{"@type":"Organization","@id":"https:\/\/jornaltimoneiro.com.br\/#organization","name":"Jornal Timoneiro Canoas RS","url":"https:\/\/jornaltimoneiro.com.br\/","logo":{"@type":"ImageObject","inLanguage":"pt-BR","@id":"https:\/\/jornaltimoneiro.com.br\/#\/schema\/logo\/image\/","url":"https:\/\/jornaltimoneiro.com.br\/wp-content\/uploads\/2023\/03\/logonovo.png","contentUrl":"https:\/\/jornaltimoneiro.com.br\/wp-content\/uploads\/2023\/03\/logonovo.png","width":"469","height":"171","caption":"Jornal Timoneiro Canoas RS"},"image":{"@id":"https:\/\/jornaltimoneiro.com.br\/#\/schema\/logo\/image\/"},"sameAs":["https:\/\/www.facebook.com\/jornaltimoneiro","https:\/\/twitter.com\/_OTimoneiro","https:\/\/www.instagram.com\/jornaltimoneirocanoas\/","https:\/\/www.youtube.com\/@jornalotimoneiro7927"]},{"@type":"Person","@id":"https:\/\/jornaltimoneiro.com.br\/#\/schema\/person\/f63482f1a02b1a9592707865e509ab40","name":"Reda\u00e7\u00e3o","image":{"@type":"ImageObject","inLanguage":"pt-BR","@id":"https:\/\/jornaltimoneiro.com.br\/#\/schema\/person\/image\/","url":"https:\/\/jornaltimoneiro.com.br\/wp-content\/uploads\/2023\/03\/download.jpeg","contentUrl":"https:\/\/jornaltimoneiro.com.br\/wp-content\/uploads\/2023\/03\/download.jpeg","caption":"Reda\u00e7\u00e3o"},"url":"https:\/\/jornaltimoneiro.com.br\/index.php\/author\/simone-dutra\/"}]}},"_links":{"self":[{"href":"https:\/\/jornaltimoneiro.com.br\/index.php\/wp-json\/wp\/v2\/posts\/35741"}],"collection":[{"href":"https:\/\/jornaltimoneiro.com.br\/index.php\/wp-json\/wp\/v2\/posts"}],"about":[{"href":"https:\/\/jornaltimoneiro.com.br\/index.php\/wp-json\/wp\/v2\/types\/post"}],"author":[{"embeddable":true,"href":"https:\/\/jornaltimoneiro.com.br\/index.php\/wp-json\/wp\/v2\/users\/2"}],"replies":[{"embeddable":true,"href":"https:\/\/jornaltimoneiro.com.br\/index.php\/wp-json\/wp\/v2\/comments?post=35741"}],"version-history":[{"count":1,"href":"https:\/\/jornaltimoneiro.com.br\/index.php\/wp-json\/wp\/v2\/posts\/35741\/revisions"}],"predecessor-version":[{"id":35743,"href":"https:\/\/jornaltimoneiro.com.br\/index.php\/wp-json\/wp\/v2\/posts\/35741\/revisions\/35743"}],"wp:featuredmedia":[{"embeddable":true,"href":"https:\/\/jornaltimoneiro.com.br\/index.php\/wp-json\/wp\/v2\/media\/35742"}],"wp:attachment":[{"href":"https:\/\/jornaltimoneiro.com.br\/index.php\/wp-json\/wp\/v2\/media?parent=35741"}],"wp:term":[{"taxonomy":"category","embeddable":true,"href":"https:\/\/jornaltimoneiro.com.br\/index.php\/wp-json\/wp\/v2\/categories?post=35741"},{"taxonomy":"post_tag","embeddable":true,"href":"https:\/\/jornaltimoneiro.com.br\/index.php\/wp-json\/wp\/v2\/tags?post=35741"}],"curies":[{"name":"wp","href":"https:\/\/api.w.org\/{rel}","templated":true}]}}