{"id":35716,"date":"2025-07-14T14:51:41","date_gmt":"2025-07-14T17:51:41","guid":{"rendered":"https:\/\/jornaltimoneiro.com.br\/?p=35716"},"modified":"2025-07-14T14:51:41","modified_gmt":"2025-07-14T17:51:41","slug":"policia-civil-arquiva-denuncia-de-transfobia-contra-vereador-canoense-ezequiel-pl","status":"publish","type":"post","link":"https:\/\/jornaltimoneiro.com.br\/index.php\/2025\/07\/14\/policia-civil-arquiva-denuncia-de-transfobia-contra-vereador-canoense-ezequiel-pl\/","title":{"rendered":"Pol\u00edcia Civil arquiva den\u00fancia de transfobia contra vereador canoense Ezequiel (PL)"},"content":{"rendered":"<p>A Pol\u00edcia Civil arquivou, na quinta-feira, 10 de julho, pela segunda vez, a den\u00fancia de crime de transfobia contra o vereador Ezequiel (PL).<\/p>\n<p>Em conversa com a reportagem, Ezequiel diz aguardar os pr\u00f3ximos passos da C\u00e2mara de Vereadores, que tamb\u00e9m abriu processo para apurar os fatos, pass\u00edvel de impeachment.<\/p>\n<h4><strong>Conclus\u00e3o assinada pelo Delegado Maur\u00edcio Barison Barcellos<\/strong><\/h4>\n<p>\u201cDestarte, em face dos elementos carreados aos autos do presente feito, remeto o presente Inqu\u00e9rito Policial sem indiciamento, tendo em vista a escassez de provas com rela\u00e7\u00e3o \u00e0 materialidade, uma vez que a manifesta\u00e7\u00e3o do investigado deu-se de modo gen\u00e9rico e amplo, n\u00e3o direcionada \u00e0 v\u00edtima ou grupo e, sem a utiliza\u00e7\u00e3o de termos preconceituosos e\/ou pejorativos. Encaminho os presentes autos, com o respectivo relat\u00f3rio, e os submeto \u00e0 aprecia\u00e7\u00e3o de V. Excel\u00eancia e do digno representante do Minist\u00e9rio P\u00fablico, para os fins legais, colocando-nos \u00e0 disposi\u00e7\u00e3o desse ju\u00edzo para qualquer outra dilig\u00eancia julgada necess\u00e1ria\u201d.<\/p>\n<h4><strong>Relembre o caso<\/strong><\/h4>\n<p>A C\u00e2mara Municipal de Canoas aprovou, no dia 21 de maio, por 14 votos favor\u00e1veis e 6 contr\u00e1rios, a abertura de uma Comiss\u00e3o Processante para apurar uma den\u00fancia apresentada contra o vereador Ezequiel Vargas Rodrigues (PL). O pedido foi protocolado por \u00c1gata Vieira Mostardeiro, bi\u00f3loga, e Mayara Luciana Terra Alves, estudante, ambas eleitoras do munic\u00edpio.<\/p>\n<p>De acordo com a den\u00fancia, o parlamentar teria publicado, em maio de 2025, conte\u00fados em suas redes sociais que, segundo as autoras, apresentariam linguagem ofensiva e discriminat\u00f3ria contra mulheres de Canoas. As publica\u00e7\u00f5es teriam sido feitas no contexto do Dia das M\u00e3es e, conforme alegado no documento, incluiriam manifesta\u00e7\u00f5es consideradas pelas denunciantes como ideol\u00f3gicas, mis\u00f3ginas e transf\u00f3bicas.<\/p>\n<p>Entre os trechos mencionados no texto, est\u00e3o declara\u00e7\u00f5es em que o vereador teria afirmado que \u201cn\u00e3o admira mulheres de esquerda\u201d, al\u00e9m de responder a postagens de cidad\u00e3s com coment\u00e1rios classificados pelas denunciantes como depreciativos. Tamb\u00e9m \u00e9 citada, segundo o documento, uma publica\u00e7\u00e3o com refer\u00eancia a \u201cmilit\u00e2ncia para matar crian\u00e7as no ventre\u201d.<\/p>\n<p>As autoras alegam que os conte\u00fados foram direcionados a eleitoras \u201cde esquerda\u201d do munic\u00edpio, incluindo uma das signat\u00e1rias da den\u00fancia. A den\u00fancia tamb\u00e9m apresenta o que as autoras descrevem como hist\u00f3rico de condutas p\u00fablicas do vereador, mencionando situa\u00e7\u00f5es envolvendo profissionais da sa\u00fade, da educa\u00e7\u00e3o e do Detran-RS.<\/p>\n<p>Com base nessas informa\u00e7\u00f5es, as autoras sustentam que o vereador teria, em tese, incorrido em infra\u00e7\u00e3o pol\u00edtico-administrativa prevista no artigo 7\u00ba, inciso III, do Decreto-Lei 201\/1967 e no artigo 23, inciso III, da Lei Org\u00e2nica do Munic\u00edpio de Canoas, por poss\u00edvel quebra de decoro parlamentar. O pedido tamb\u00e9m faz men\u00e7\u00e3o a artigos do C\u00f3digo Penal e a entendimentos do Supremo Tribunal Federal, no que se refere a inj\u00faria, transfobia e viol\u00eancia psicol\u00f3gica contra a mulher.<\/p>\n<p>A composi\u00e7\u00e3o da Comiss\u00e3o Processante foi definida por sorteio, conforme previsto no regimento interno da C\u00e2mara. A Comiss\u00e3o ser\u00e1 composta por:<\/p>\n<ul>\n<li>Presidente: Heider Couto (PL)<\/li>\n<li>Relator: Jonas Dalagna (Progressistas)<\/li>\n<li>Membro: Rodrigo D\u2019Avila (NOVO)<\/li>\n<\/ul>\n<h4><strong>Prazo<\/strong><\/h4>\n<p>A Comiss\u00e3o Processante tem at\u00e9 90 dias para concluir o processo. Caso o julgamento n\u00e3o ocorra dentro desse prazo, a investiga\u00e7\u00e3o ser\u00e1 arquivada.<\/p>\n","protected":false},"excerpt":{"rendered":"<p>A Pol\u00edcia Civil arquivou, na quinta-feira, 10 de julho, pela segunda vez, a den\u00fancia de crime de transfobia contra o vereador Ezequiel (PL). Em conversa com a reportagem, Ezequiel diz aguardar os pr\u00f3ximos passos da C\u00e2mara de Vereadores, que tamb\u00e9m abriu processo para apurar os fatos, pass\u00edvel de impeachment. Conclus\u00e3o assinada pelo Delegado Maur\u00edcio Barison [&hellip;]<\/p>\n","protected":false},"author":2,"featured_media":34722,"comment_status":"open","ping_status":"open","sticky":false,"template":"","format":"standard","meta":{"amp_status":"","footnotes":""},"categories":[2139],"tags":[104,190,731,1383,718,593,4264],"class_list":["post-35716","post","type-post","status-publish","format-standard","has-post-thumbnail","hentry","category-justica","tag-camara-de-vereadores","tag-featured","tag-justica","tag-pl","tag-policia-civil","tag-transfobia","tag-vereador-ezequiel"],"yoast_head":"<!-- This site is optimized with the Yoast SEO plugin v20.5 - https:\/\/yoast.com\/wordpress\/plugins\/seo\/ -->\n<title>Pol\u00edcia Civil arquiva den\u00fancia de transfobia contra vereador canoense Ezequiel (PL) - O Timoneiro Jornal Canoas RS<\/title>\n<meta name=\"description\" content=\"A Pol\u00edcia Civil arquivou, na quinta-feira, 10 de julho, pela segunda vez, a den\u00fancia de crime de transfobia contra o vereador Ezequiel (PL)\" \/>\n<meta name=\"robots\" content=\"index, follow, max-snippet:-1, max-image-preview:large, max-video-preview:-1\" \/>\n<link rel=\"canonical\" href=\"https:\/\/jornaltimoneiro.com.br\/index.php\/2025\/07\/14\/policia-civil-arquiva-denuncia-de-transfobia-contra-vereador-canoense-ezequiel-pl\/\" \/>\n<meta property=\"og:locale\" content=\"pt_BR\" \/>\n<meta property=\"og:type\" content=\"article\" \/>\n<meta property=\"og:title\" content=\"Pol\u00edcia Civil arquiva den\u00fancia de transfobia contra vereador canoense Ezequiel (PL) - O Timoneiro Jornal Canoas RS\" \/>\n<meta property=\"og:description\" content=\"A Pol\u00edcia Civil arquivou, na quinta-feira, 10 de julho, pela segunda vez, a den\u00fancia de crime de transfobia contra o vereador Ezequiel (PL)\" \/>\n<meta property=\"og:url\" content=\"https:\/\/jornaltimoneiro.com.br\/index.php\/2025\/07\/14\/policia-civil-arquiva-denuncia-de-transfobia-contra-vereador-canoense-ezequiel-pl\/\" \/>\n<meta property=\"og:site_name\" content=\"O Timoneiro Jornal Canoas RS\" \/>\n<meta property=\"article:publisher\" content=\"https:\/\/www.facebook.com\/jornaltimoneiro\" \/>\n<meta property=\"article:published_time\" content=\"2025-07-14T17:51:41+00:00\" \/>\n<meta property=\"og:image\" content=\"https:\/\/jornaltimoneiro.com.br\/wp-content\/uploads\/2025\/04\/Pedido-de-impeachment-do-vereador-Ezequiel-e-votado-na-Camara-de-Canoas-2.jpeg\" \/>\n\t<meta property=\"og:image:width\" content=\"591\" \/>\n\t<meta property=\"og:image:height\" content=\"445\" \/>\n\t<meta property=\"og:image:type\" content=\"image\/jpeg\" \/>\n<meta name=\"author\" content=\"Reda\u00e7\u00e3o\" \/>\n<meta name=\"twitter:card\" content=\"summary_large_image\" \/>\n<meta name=\"twitter:creator\" content=\"@_OTimoneiro\" \/>\n<meta name=\"twitter:site\" content=\"@_OTimoneiro\" \/>\n<meta name=\"twitter:label1\" content=\"Escrito por\" \/>\n\t<meta name=\"twitter:data1\" content=\"Reda\u00e7\u00e3o\" \/>\n\t<meta name=\"twitter:label2\" content=\"Est. tempo de leitura\" \/>\n\t<meta name=\"twitter:data2\" content=\"3 minutos\" \/>\n<script type=\"application\/ld+json\" class=\"yoast-schema-graph\">{\"@context\":\"https:\/\/schema.org\",\"@graph\":[{\"@type\":\"Article\",\"@id\":\"https:\/\/jornaltimoneiro.com.br\/index.php\/2025\/07\/14\/policia-civil-arquiva-denuncia-de-transfobia-contra-vereador-canoense-ezequiel-pl\/#article\",\"isPartOf\":{\"@id\":\"https:\/\/jornaltimoneiro.com.br\/index.php\/2025\/07\/14\/policia-civil-arquiva-denuncia-de-transfobia-contra-vereador-canoense-ezequiel-pl\/\"},\"author\":{\"name\":\"Reda\u00e7\u00e3o\",\"@id\":\"https:\/\/jornaltimoneiro.com.br\/#\/schema\/person\/f63482f1a02b1a9592707865e509ab40\"},\"headline\":\"Pol\u00edcia Civil arquiva den\u00fancia de transfobia contra vereador canoense Ezequiel (PL)\",\"datePublished\":\"2025-07-14T17:51:41+00:00\",\"dateModified\":\"2025-07-14T17:51:41+00:00\",\"mainEntityOfPage\":{\"@id\":\"https:\/\/jornaltimoneiro.com.br\/index.php\/2025\/07\/14\/policia-civil-arquiva-denuncia-de-transfobia-contra-vereador-canoense-ezequiel-pl\/\"},\"wordCount\":578,\"commentCount\":0,\"publisher\":{\"@id\":\"https:\/\/jornaltimoneiro.com.br\/#organization\"},\"keywords\":[\"C\u00e2mara de Vereadores\",\"featured\",\"justi\u00e7a\",\"PL\",\"pol\u00edcia civil\",\"transfobia\",\"vereador ezequiel\"],\"articleSection\":[\"Justi\u00e7a\"],\"inLanguage\":\"pt-BR\",\"potentialAction\":[{\"@type\":\"CommentAction\",\"name\":\"Comment\",\"target\":[\"https:\/\/jornaltimoneiro.com.br\/index.php\/2025\/07\/14\/policia-civil-arquiva-denuncia-de-transfobia-contra-vereador-canoense-ezequiel-pl\/#respond\"]}]},{\"@type\":\"WebPage\",\"@id\":\"https:\/\/jornaltimoneiro.com.br\/index.php\/2025\/07\/14\/policia-civil-arquiva-denuncia-de-transfobia-contra-vereador-canoense-ezequiel-pl\/\",\"url\":\"https:\/\/jornaltimoneiro.com.br\/index.php\/2025\/07\/14\/policia-civil-arquiva-denuncia-de-transfobia-contra-vereador-canoense-ezequiel-pl\/\",\"name\":\"Pol\u00edcia Civil arquiva den\u00fancia de transfobia contra vereador canoense Ezequiel (PL) - O Timoneiro Jornal Canoas RS\",\"isPartOf\":{\"@id\":\"https:\/\/jornaltimoneiro.com.br\/#website\"},\"datePublished\":\"2025-07-14T17:51:41+00:00\",\"dateModified\":\"2025-07-14T17:51:41+00:00\",\"description\":\"A Pol\u00edcia Civil arquivou, na quinta-feira, 10 de julho, pela segunda vez, a den\u00fancia de crime de transfobia contra o vereador Ezequiel (PL)\",\"breadcrumb\":{\"@id\":\"https:\/\/jornaltimoneiro.com.br\/index.php\/2025\/07\/14\/policia-civil-arquiva-denuncia-de-transfobia-contra-vereador-canoense-ezequiel-pl\/#breadcrumb\"},\"inLanguage\":\"pt-BR\",\"potentialAction\":[{\"@type\":\"ReadAction\",\"target\":[\"https:\/\/jornaltimoneiro.com.br\/index.php\/2025\/07\/14\/policia-civil-arquiva-denuncia-de-transfobia-contra-vereador-canoense-ezequiel-pl\/\"]}]},{\"@type\":\"BreadcrumbList\",\"@id\":\"https:\/\/jornaltimoneiro.com.br\/index.php\/2025\/07\/14\/policia-civil-arquiva-denuncia-de-transfobia-contra-vereador-canoense-ezequiel-pl\/#breadcrumb\",\"itemListElement\":[{\"@type\":\"ListItem\",\"position\":1,\"name\":\"In\u00edcio\",\"item\":\"https:\/\/jornaltimoneiro.com.br\/\"},{\"@type\":\"ListItem\",\"position\":2,\"name\":\"Pol\u00edcia Civil arquiva den\u00fancia de transfobia contra vereador canoense Ezequiel (PL)\"}]},{\"@type\":\"WebSite\",\"@id\":\"https:\/\/jornaltimoneiro.com.br\/#website\",\"url\":\"https:\/\/jornaltimoneiro.com.br\/\",\"name\":\"Jornal Timoneiro Canoas RS\",\"description\":\"Jornal O Timoneiro, o verdadeiro jornal de Canoas\",\"publisher\":{\"@id\":\"https:\/\/jornaltimoneiro.com.br\/#organization\"},\"potentialAction\":[{\"@type\":\"SearchAction\",\"target\":{\"@type\":\"EntryPoint\",\"urlTemplate\":\"https:\/\/jornaltimoneiro.com.br\/?s={search_term_string}\"},\"query-input\":\"required name=search_term_string\"}],\"inLanguage\":\"pt-BR\"},{\"@type\":\"Organization\",\"@id\":\"https:\/\/jornaltimoneiro.com.br\/#organization\",\"name\":\"Jornal Timoneiro Canoas RS\",\"url\":\"https:\/\/jornaltimoneiro.com.br\/\",\"logo\":{\"@type\":\"ImageObject\",\"inLanguage\":\"pt-BR\",\"@id\":\"https:\/\/jornaltimoneiro.com.br\/#\/schema\/logo\/image\/\",\"url\":\"https:\/\/jornaltimoneiro.com.br\/wp-content\/uploads\/2023\/03\/logonovo.png\",\"contentUrl\":\"https:\/\/jornaltimoneiro.com.br\/wp-content\/uploads\/2023\/03\/logonovo.png\",\"width\":\"469\",\"height\":\"171\",\"caption\":\"Jornal Timoneiro Canoas RS\"},\"image\":{\"@id\":\"https:\/\/jornaltimoneiro.com.br\/#\/schema\/logo\/image\/\"},\"sameAs\":[\"https:\/\/www.facebook.com\/jornaltimoneiro\",\"https:\/\/twitter.com\/_OTimoneiro\",\"https:\/\/www.instagram.com\/jornaltimoneirocanoas\/\",\"https:\/\/www.youtube.com\/@jornalotimoneiro7927\"]},{\"@type\":\"Person\",\"@id\":\"https:\/\/jornaltimoneiro.com.br\/#\/schema\/person\/f63482f1a02b1a9592707865e509ab40\",\"name\":\"Reda\u00e7\u00e3o\",\"image\":{\"@type\":\"ImageObject\",\"inLanguage\":\"pt-BR\",\"@id\":\"https:\/\/jornaltimoneiro.com.br\/#\/schema\/person\/image\/\",\"url\":\"https:\/\/jornaltimoneiro.com.br\/wp-content\/uploads\/2023\/03\/download.jpeg\",\"contentUrl\":\"https:\/\/jornaltimoneiro.com.br\/wp-content\/uploads\/2023\/03\/download.jpeg\",\"caption\":\"Reda\u00e7\u00e3o\"},\"url\":\"https:\/\/jornaltimoneiro.com.br\/index.php\/author\/simone-dutra\/\"}]}<\/script>\n<!-- \/ Yoast SEO plugin. -->","yoast_head_json":{"title":"Pol\u00edcia Civil arquiva den\u00fancia de transfobia contra vereador canoense Ezequiel (PL) - O Timoneiro Jornal Canoas RS","description":"A Pol\u00edcia Civil arquivou, na quinta-feira, 10 de julho, pela segunda vez, a den\u00fancia de crime de transfobia contra o vereador Ezequiel (PL)","robots":{"index":"index","follow":"follow","max-snippet":"max-snippet:-1","max-image-preview":"max-image-preview:large","max-video-preview":"max-video-preview:-1"},"canonical":"https:\/\/jornaltimoneiro.com.br\/index.php\/2025\/07\/14\/policia-civil-arquiva-denuncia-de-transfobia-contra-vereador-canoense-ezequiel-pl\/","og_locale":"pt_BR","og_type":"article","og_title":"Pol\u00edcia Civil arquiva den\u00fancia de transfobia contra vereador canoense Ezequiel (PL) - O Timoneiro Jornal Canoas RS","og_description":"A Pol\u00edcia Civil arquivou, na quinta-feira, 10 de julho, pela segunda vez, a den\u00fancia de crime de transfobia contra o vereador Ezequiel (PL)","og_url":"https:\/\/jornaltimoneiro.com.br\/index.php\/2025\/07\/14\/policia-civil-arquiva-denuncia-de-transfobia-contra-vereador-canoense-ezequiel-pl\/","og_site_name":"O Timoneiro Jornal Canoas RS","article_publisher":"https:\/\/www.facebook.com\/jornaltimoneiro","article_published_time":"2025-07-14T17:51:41+00:00","og_image":[{"width":"591","height":"445","url":"https:\/\/jornaltimoneiro.com.br\/wp-content\/uploads\/2025\/04\/Pedido-de-impeachment-do-vereador-Ezequiel-e-votado-na-Camara-de-Canoas-2.jpeg","type":"image\/jpeg"}],"author":"Reda\u00e7\u00e3o","twitter_card":"summary_large_image","twitter_creator":"@_OTimoneiro","twitter_site":"@_OTimoneiro","twitter_misc":{"Escrito por":"Reda\u00e7\u00e3o","Est. tempo de leitura":"3 minutos"},"schema":{"@context":"https:\/\/schema.org","@graph":[{"@type":"Article","@id":"https:\/\/jornaltimoneiro.com.br\/index.php\/2025\/07\/14\/policia-civil-arquiva-denuncia-de-transfobia-contra-vereador-canoense-ezequiel-pl\/#article","isPartOf":{"@id":"https:\/\/jornaltimoneiro.com.br\/index.php\/2025\/07\/14\/policia-civil-arquiva-denuncia-de-transfobia-contra-vereador-canoense-ezequiel-pl\/"},"author":{"name":"Reda\u00e7\u00e3o","@id":"https:\/\/jornaltimoneiro.com.br\/#\/schema\/person\/f63482f1a02b1a9592707865e509ab40"},"headline":"Pol\u00edcia Civil arquiva den\u00fancia de transfobia contra vereador canoense Ezequiel (PL)","datePublished":"2025-07-14T17:51:41+00:00","dateModified":"2025-07-14T17:51:41+00:00","mainEntityOfPage":{"@id":"https:\/\/jornaltimoneiro.com.br\/index.php\/2025\/07\/14\/policia-civil-arquiva-denuncia-de-transfobia-contra-vereador-canoense-ezequiel-pl\/"},"wordCount":578,"commentCount":0,"publisher":{"@id":"https:\/\/jornaltimoneiro.com.br\/#organization"},"keywords":["C\u00e2mara de Vereadores","featured","justi\u00e7a","PL","pol\u00edcia civil","transfobia","vereador ezequiel"],"articleSection":["Justi\u00e7a"],"inLanguage":"pt-BR","potentialAction":[{"@type":"CommentAction","name":"Comment","target":["https:\/\/jornaltimoneiro.com.br\/index.php\/2025\/07\/14\/policia-civil-arquiva-denuncia-de-transfobia-contra-vereador-canoense-ezequiel-pl\/#respond"]}]},{"@type":"WebPage","@id":"https:\/\/jornaltimoneiro.com.br\/index.php\/2025\/07\/14\/policia-civil-arquiva-denuncia-de-transfobia-contra-vereador-canoense-ezequiel-pl\/","url":"https:\/\/jornaltimoneiro.com.br\/index.php\/2025\/07\/14\/policia-civil-arquiva-denuncia-de-transfobia-contra-vereador-canoense-ezequiel-pl\/","name":"Pol\u00edcia Civil arquiva den\u00fancia de transfobia contra vereador canoense Ezequiel (PL) - O Timoneiro Jornal Canoas RS","isPartOf":{"@id":"https:\/\/jornaltimoneiro.com.br\/#website"},"datePublished":"2025-07-14T17:51:41+00:00","dateModified":"2025-07-14T17:51:41+00:00","description":"A Pol\u00edcia Civil arquivou, na quinta-feira, 10 de julho, pela segunda vez, a den\u00fancia de crime de transfobia contra o vereador Ezequiel (PL)","breadcrumb":{"@id":"https:\/\/jornaltimoneiro.com.br\/index.php\/2025\/07\/14\/policia-civil-arquiva-denuncia-de-transfobia-contra-vereador-canoense-ezequiel-pl\/#breadcrumb"},"inLanguage":"pt-BR","potentialAction":[{"@type":"ReadAction","target":["https:\/\/jornaltimoneiro.com.br\/index.php\/2025\/07\/14\/policia-civil-arquiva-denuncia-de-transfobia-contra-vereador-canoense-ezequiel-pl\/"]}]},{"@type":"BreadcrumbList","@id":"https:\/\/jornaltimoneiro.com.br\/index.php\/2025\/07\/14\/policia-civil-arquiva-denuncia-de-transfobia-contra-vereador-canoense-ezequiel-pl\/#breadcrumb","itemListElement":[{"@type":"ListItem","position":1,"name":"In\u00edcio","item":"https:\/\/jornaltimoneiro.com.br\/"},{"@type":"ListItem","position":2,"name":"Pol\u00edcia Civil arquiva den\u00fancia de transfobia contra vereador canoense Ezequiel (PL)"}]},{"@type":"WebSite","@id":"https:\/\/jornaltimoneiro.com.br\/#website","url":"https:\/\/jornaltimoneiro.com.br\/","name":"Jornal Timoneiro Canoas RS","description":"Jornal O Timoneiro, o verdadeiro jornal de Canoas","publisher":{"@id":"https:\/\/jornaltimoneiro.com.br\/#organization"},"potentialAction":[{"@type":"SearchAction","target":{"@type":"EntryPoint","urlTemplate":"https:\/\/jornaltimoneiro.com.br\/?s={search_term_string}"},"query-input":"required name=search_term_string"}],"inLanguage":"pt-BR"},{"@type":"Organization","@id":"https:\/\/jornaltimoneiro.com.br\/#organization","name":"Jornal Timoneiro Canoas RS","url":"https:\/\/jornaltimoneiro.com.br\/","logo":{"@type":"ImageObject","inLanguage":"pt-BR","@id":"https:\/\/jornaltimoneiro.com.br\/#\/schema\/logo\/image\/","url":"https:\/\/jornaltimoneiro.com.br\/wp-content\/uploads\/2023\/03\/logonovo.png","contentUrl":"https:\/\/jornaltimoneiro.com.br\/wp-content\/uploads\/2023\/03\/logonovo.png","width":"469","height":"171","caption":"Jornal Timoneiro Canoas RS"},"image":{"@id":"https:\/\/jornaltimoneiro.com.br\/#\/schema\/logo\/image\/"},"sameAs":["https:\/\/www.facebook.com\/jornaltimoneiro","https:\/\/twitter.com\/_OTimoneiro","https:\/\/www.instagram.com\/jornaltimoneirocanoas\/","https:\/\/www.youtube.com\/@jornalotimoneiro7927"]},{"@type":"Person","@id":"https:\/\/jornaltimoneiro.com.br\/#\/schema\/person\/f63482f1a02b1a9592707865e509ab40","name":"Reda\u00e7\u00e3o","image":{"@type":"ImageObject","inLanguage":"pt-BR","@id":"https:\/\/jornaltimoneiro.com.br\/#\/schema\/person\/image\/","url":"https:\/\/jornaltimoneiro.com.br\/wp-content\/uploads\/2023\/03\/download.jpeg","contentUrl":"https:\/\/jornaltimoneiro.com.br\/wp-content\/uploads\/2023\/03\/download.jpeg","caption":"Reda\u00e7\u00e3o"},"url":"https:\/\/jornaltimoneiro.com.br\/index.php\/author\/simone-dutra\/"}]}},"_links":{"self":[{"href":"https:\/\/jornaltimoneiro.com.br\/index.php\/wp-json\/wp\/v2\/posts\/35716"}],"collection":[{"href":"https:\/\/jornaltimoneiro.com.br\/index.php\/wp-json\/wp\/v2\/posts"}],"about":[{"href":"https:\/\/jornaltimoneiro.com.br\/index.php\/wp-json\/wp\/v2\/types\/post"}],"author":[{"embeddable":true,"href":"https:\/\/jornaltimoneiro.com.br\/index.php\/wp-json\/wp\/v2\/users\/2"}],"replies":[{"embeddable":true,"href":"https:\/\/jornaltimoneiro.com.br\/index.php\/wp-json\/wp\/v2\/comments?post=35716"}],"version-history":[{"count":1,"href":"https:\/\/jornaltimoneiro.com.br\/index.php\/wp-json\/wp\/v2\/posts\/35716\/revisions"}],"predecessor-version":[{"id":35717,"href":"https:\/\/jornaltimoneiro.com.br\/index.php\/wp-json\/wp\/v2\/posts\/35716\/revisions\/35717"}],"wp:featuredmedia":[{"embeddable":true,"href":"https:\/\/jornaltimoneiro.com.br\/index.php\/wp-json\/wp\/v2\/media\/34722"}],"wp:attachment":[{"href":"https:\/\/jornaltimoneiro.com.br\/index.php\/wp-json\/wp\/v2\/media?parent=35716"}],"wp:term":[{"taxonomy":"category","embeddable":true,"href":"https:\/\/jornaltimoneiro.com.br\/index.php\/wp-json\/wp\/v2\/categories?post=35716"},{"taxonomy":"post_tag","embeddable":true,"href":"https:\/\/jornaltimoneiro.com.br\/index.php\/wp-json\/wp\/v2\/tags?post=35716"}],"curies":[{"name":"wp","href":"https:\/\/api.w.org\/{rel}","templated":true}]}}