{"id":35670,"date":"2025-07-09T15:13:37","date_gmt":"2025-07-09T18:13:37","guid":{"rendered":"https:\/\/jornaltimoneiro.com.br\/?p=35670"},"modified":"2025-07-09T15:13:37","modified_gmt":"2025-07-09T18:13:37","slug":"gabriela-paz-surge-como-mais-nova-promessa-no-skate-em-canoas","status":"publish","type":"post","link":"https:\/\/jornaltimoneiro.com.br\/index.php\/2025\/07\/09\/gabriela-paz-surge-como-mais-nova-promessa-no-skate-em-canoas\/","title":{"rendered":"Gabriela Paz surge como mais nova promessa no skate em Canoas"},"content":{"rendered":"<p>A canoense Gabriela Paz, de apenas 7 anos de idade, venceu a 2\u00b0 etapa do Campeonato Ga\u00facho de Skate na categoria infantil, realizado no \u00faltimo final de semana na zona norte de POA.<\/p>\n<p>Gabriela \u00e9 aluna da escola municipal Pernambuco, moradora do Jo\u00e3o de Barro, bairro Niter\u00f3i e participou como representante do Projeto Skate Solid\u00e1rio Canoas do professor Fabinho. A pequena atleta tem a tamb\u00e9m canoense Maria L\u00facia campe\u00e3 brasileira como inspira\u00e7\u00e3o no esporte.<\/p>\n","protected":false},"excerpt":{"rendered":"<p>A canoense Gabriela Paz, de apenas 7 anos de idade, venceu a 2\u00b0 etapa do Campeonato Ga\u00facho de Skate na categoria infantil, realizado no \u00faltimo final de semana na zona norte de POA. Gabriela \u00e9 aluna da escola municipal Pernambuco, moradora do Jo\u00e3o de Barro, bairro Niter\u00f3i e participou como representante do Projeto Skate Solid\u00e1rio [&hellip;]<\/p>\n","protected":false},"author":2,"featured_media":35671,"comment_status":"open","ping_status":"open","sticky":false,"template":"","format":"standard","meta":{"amp_status":"","footnotes":""},"categories":[24],"tags":[234,4427,300],"class_list":["post-35670","post","type-post","status-publish","format-standard","has-post-thumbnail","hentry","category-esporte","tag-esporte","tag-gabriela-paz","tag-skate"],"yoast_head":"<!-- This site is optimized with the Yoast SEO plugin v20.5 - https:\/\/yoast.com\/wordpress\/plugins\/seo\/ -->\n<title>Gabriela Paz surge como mais nova promessa no skate em Canoas - O Timoneiro Jornal Canoas RS<\/title>\n<meta name=\"description\" content=\"A canoense Gabriela Paz, de 7 anos, venceu a 2\u00b0 etapa do Campeonato Ga\u00facho de Skate na categoria infantil, realizado no \u00faltimo final de semana\" \/>\n<meta name=\"robots\" content=\"index, follow, max-snippet:-1, max-image-preview:large, max-video-preview:-1\" \/>\n<link rel=\"canonical\" href=\"https:\/\/jornaltimoneiro.com.br\/index.php\/2025\/07\/09\/gabriela-paz-surge-como-mais-nova-promessa-no-skate-em-canoas\/\" \/>\n<meta property=\"og:locale\" content=\"pt_BR\" \/>\n<meta property=\"og:type\" content=\"article\" \/>\n<meta property=\"og:title\" content=\"Gabriela Paz surge como mais nova promessa no skate em Canoas - O Timoneiro Jornal Canoas RS\" \/>\n<meta property=\"og:description\" content=\"A canoense Gabriela Paz, de 7 anos, venceu a 2\u00b0 etapa do Campeonato Ga\u00facho de Skate na categoria infantil, realizado no \u00faltimo final de semana\" \/>\n<meta property=\"og:url\" content=\"https:\/\/jornaltimoneiro.com.br\/index.php\/2025\/07\/09\/gabriela-paz-surge-como-mais-nova-promessa-no-skate-em-canoas\/\" \/>\n<meta property=\"og:site_name\" content=\"O Timoneiro Jornal Canoas RS\" \/>\n<meta property=\"article:publisher\" content=\"https:\/\/www.facebook.com\/jornaltimoneiro\" \/>\n<meta property=\"article:published_time\" content=\"2025-07-09T18:13:37+00:00\" \/>\n<meta property=\"og:image\" content=\"https:\/\/jornaltimoneiro.com.br\/wp-content\/uploads\/2025\/07\/Gabriela-Paz-surge-como-mais-nova-promessa-no-skate-em-Canoas.jpeg\" \/>\n\t<meta property=\"og:image:width\" content=\"906\" \/>\n\t<meta property=\"og:image:height\" content=\"912\" \/>\n\t<meta property=\"og:image:type\" content=\"image\/jpeg\" \/>\n<meta name=\"author\" content=\"Reda\u00e7\u00e3o\" \/>\n<meta name=\"twitter:card\" content=\"summary_large_image\" \/>\n<meta name=\"twitter:creator\" content=\"@_OTimoneiro\" \/>\n<meta name=\"twitter:site\" content=\"@_OTimoneiro\" \/>\n<meta name=\"twitter:label1\" content=\"Escrito por\" \/>\n\t<meta name=\"twitter:data1\" content=\"Reda\u00e7\u00e3o\" \/>\n\t<meta name=\"twitter:label2\" content=\"Est. tempo de leitura\" \/>\n\t<meta name=\"twitter:data2\" content=\"1 minuto\" \/>\n<script type=\"application\/ld+json\" class=\"yoast-schema-graph\">{\"@context\":\"https:\/\/schema.org\",\"@graph\":[{\"@type\":\"Article\",\"@id\":\"https:\/\/jornaltimoneiro.com.br\/index.php\/2025\/07\/09\/gabriela-paz-surge-como-mais-nova-promessa-no-skate-em-canoas\/#article\",\"isPartOf\":{\"@id\":\"https:\/\/jornaltimoneiro.com.br\/index.php\/2025\/07\/09\/gabriela-paz-surge-como-mais-nova-promessa-no-skate-em-canoas\/\"},\"author\":{\"name\":\"Reda\u00e7\u00e3o\",\"@id\":\"https:\/\/jornaltimoneiro.com.br\/#\/schema\/person\/f63482f1a02b1a9592707865e509ab40\"},\"headline\":\"Gabriela Paz surge como mais nova promessa no skate em Canoas\",\"datePublished\":\"2025-07-09T18:13:37+00:00\",\"dateModified\":\"2025-07-09T18:13:37+00:00\",\"mainEntityOfPage\":{\"@id\":\"https:\/\/jornaltimoneiro.com.br\/index.php\/2025\/07\/09\/gabriela-paz-surge-como-mais-nova-promessa-no-skate-em-canoas\/\"},\"wordCount\":89,\"commentCount\":0,\"publisher\":{\"@id\":\"https:\/\/jornaltimoneiro.com.br\/#organization\"},\"keywords\":[\"esporte\",\"gabriela paz\",\"skate\"],\"articleSection\":[\"Esporte\"],\"inLanguage\":\"pt-BR\",\"potentialAction\":[{\"@type\":\"CommentAction\",\"name\":\"Comment\",\"target\":[\"https:\/\/jornaltimoneiro.com.br\/index.php\/2025\/07\/09\/gabriela-paz-surge-como-mais-nova-promessa-no-skate-em-canoas\/#respond\"]}]},{\"@type\":\"WebPage\",\"@id\":\"https:\/\/jornaltimoneiro.com.br\/index.php\/2025\/07\/09\/gabriela-paz-surge-como-mais-nova-promessa-no-skate-em-canoas\/\",\"url\":\"https:\/\/jornaltimoneiro.com.br\/index.php\/2025\/07\/09\/gabriela-paz-surge-como-mais-nova-promessa-no-skate-em-canoas\/\",\"name\":\"Gabriela Paz surge como mais nova promessa no skate em Canoas - O Timoneiro Jornal Canoas RS\",\"isPartOf\":{\"@id\":\"https:\/\/jornaltimoneiro.com.br\/#website\"},\"datePublished\":\"2025-07-09T18:13:37+00:00\",\"dateModified\":\"2025-07-09T18:13:37+00:00\",\"description\":\"A canoense Gabriela Paz, de 7 anos, venceu a 2\u00b0 etapa do Campeonato Ga\u00facho de Skate na categoria infantil, realizado no \u00faltimo final de semana\",\"breadcrumb\":{\"@id\":\"https:\/\/jornaltimoneiro.com.br\/index.php\/2025\/07\/09\/gabriela-paz-surge-como-mais-nova-promessa-no-skate-em-canoas\/#breadcrumb\"},\"inLanguage\":\"pt-BR\",\"potentialAction\":[{\"@type\":\"ReadAction\",\"target\":[\"https:\/\/jornaltimoneiro.com.br\/index.php\/2025\/07\/09\/gabriela-paz-surge-como-mais-nova-promessa-no-skate-em-canoas\/\"]}]},{\"@type\":\"BreadcrumbList\",\"@id\":\"https:\/\/jornaltimoneiro.com.br\/index.php\/2025\/07\/09\/gabriela-paz-surge-como-mais-nova-promessa-no-skate-em-canoas\/#breadcrumb\",\"itemListElement\":[{\"@type\":\"ListItem\",\"position\":1,\"name\":\"In\u00edcio\",\"item\":\"https:\/\/jornaltimoneiro.com.br\/\"},{\"@type\":\"ListItem\",\"position\":2,\"name\":\"Gabriela Paz surge como mais nova promessa no skate em Canoas\"}]},{\"@type\":\"WebSite\",\"@id\":\"https:\/\/jornaltimoneiro.com.br\/#website\",\"url\":\"https:\/\/jornaltimoneiro.com.br\/\",\"name\":\"Jornal Timoneiro Canoas RS\",\"description\":\"Jornal O Timoneiro, o verdadeiro jornal de Canoas\",\"publisher\":{\"@id\":\"https:\/\/jornaltimoneiro.com.br\/#organization\"},\"potentialAction\":[{\"@type\":\"SearchAction\",\"target\":{\"@type\":\"EntryPoint\",\"urlTemplate\":\"https:\/\/jornaltimoneiro.com.br\/?s={search_term_string}\"},\"query-input\":\"required name=search_term_string\"}],\"inLanguage\":\"pt-BR\"},{\"@type\":\"Organization\",\"@id\":\"https:\/\/jornaltimoneiro.com.br\/#organization\",\"name\":\"Jornal Timoneiro Canoas RS\",\"url\":\"https:\/\/jornaltimoneiro.com.br\/\",\"logo\":{\"@type\":\"ImageObject\",\"inLanguage\":\"pt-BR\",\"@id\":\"https:\/\/jornaltimoneiro.com.br\/#\/schema\/logo\/image\/\",\"url\":\"https:\/\/jornaltimoneiro.com.br\/wp-content\/uploads\/2023\/03\/logonovo.png\",\"contentUrl\":\"https:\/\/jornaltimoneiro.com.br\/wp-content\/uploads\/2023\/03\/logonovo.png\",\"width\":\"469\",\"height\":\"171\",\"caption\":\"Jornal Timoneiro Canoas RS\"},\"image\":{\"@id\":\"https:\/\/jornaltimoneiro.com.br\/#\/schema\/logo\/image\/\"},\"sameAs\":[\"https:\/\/www.facebook.com\/jornaltimoneiro\",\"https:\/\/twitter.com\/_OTimoneiro\",\"https:\/\/www.instagram.com\/jornaltimoneirocanoas\/\",\"https:\/\/www.youtube.com\/@jornalotimoneiro7927\"]},{\"@type\":\"Person\",\"@id\":\"https:\/\/jornaltimoneiro.com.br\/#\/schema\/person\/f63482f1a02b1a9592707865e509ab40\",\"name\":\"Reda\u00e7\u00e3o\",\"image\":{\"@type\":\"ImageObject\",\"inLanguage\":\"pt-BR\",\"@id\":\"https:\/\/jornaltimoneiro.com.br\/#\/schema\/person\/image\/\",\"url\":\"https:\/\/jornaltimoneiro.com.br\/wp-content\/uploads\/2023\/03\/download.jpeg\",\"contentUrl\":\"https:\/\/jornaltimoneiro.com.br\/wp-content\/uploads\/2023\/03\/download.jpeg\",\"caption\":\"Reda\u00e7\u00e3o\"},\"url\":\"https:\/\/jornaltimoneiro.com.br\/index.php\/author\/simone-dutra\/\"}]}<\/script>\n<!-- \/ Yoast SEO plugin. -->","yoast_head_json":{"title":"Gabriela Paz surge como mais nova promessa no skate em Canoas - O Timoneiro Jornal Canoas RS","description":"A canoense Gabriela Paz, de 7 anos, venceu a 2\u00b0 etapa do Campeonato Ga\u00facho de Skate na categoria infantil, realizado no \u00faltimo final de semana","robots":{"index":"index","follow":"follow","max-snippet":"max-snippet:-1","max-image-preview":"max-image-preview:large","max-video-preview":"max-video-preview:-1"},"canonical":"https:\/\/jornaltimoneiro.com.br\/index.php\/2025\/07\/09\/gabriela-paz-surge-como-mais-nova-promessa-no-skate-em-canoas\/","og_locale":"pt_BR","og_type":"article","og_title":"Gabriela Paz surge como mais nova promessa no skate em Canoas - O Timoneiro Jornal Canoas RS","og_description":"A canoense Gabriela Paz, de 7 anos, venceu a 2\u00b0 etapa do Campeonato Ga\u00facho de Skate na categoria infantil, realizado no \u00faltimo final de semana","og_url":"https:\/\/jornaltimoneiro.com.br\/index.php\/2025\/07\/09\/gabriela-paz-surge-como-mais-nova-promessa-no-skate-em-canoas\/","og_site_name":"O Timoneiro Jornal Canoas RS","article_publisher":"https:\/\/www.facebook.com\/jornaltimoneiro","article_published_time":"2025-07-09T18:13:37+00:00","og_image":[{"width":906,"height":912,"url":"https:\/\/jornaltimoneiro.com.br\/wp-content\/uploads\/2025\/07\/Gabriela-Paz-surge-como-mais-nova-promessa-no-skate-em-Canoas.jpeg","type":"image\/jpeg"}],"author":"Reda\u00e7\u00e3o","twitter_card":"summary_large_image","twitter_creator":"@_OTimoneiro","twitter_site":"@_OTimoneiro","twitter_misc":{"Escrito por":"Reda\u00e7\u00e3o","Est. tempo de leitura":"1 minuto"},"schema":{"@context":"https:\/\/schema.org","@graph":[{"@type":"Article","@id":"https:\/\/jornaltimoneiro.com.br\/index.php\/2025\/07\/09\/gabriela-paz-surge-como-mais-nova-promessa-no-skate-em-canoas\/#article","isPartOf":{"@id":"https:\/\/jornaltimoneiro.com.br\/index.php\/2025\/07\/09\/gabriela-paz-surge-como-mais-nova-promessa-no-skate-em-canoas\/"},"author":{"name":"Reda\u00e7\u00e3o","@id":"https:\/\/jornaltimoneiro.com.br\/#\/schema\/person\/f63482f1a02b1a9592707865e509ab40"},"headline":"Gabriela Paz surge como mais nova promessa no skate em Canoas","datePublished":"2025-07-09T18:13:37+00:00","dateModified":"2025-07-09T18:13:37+00:00","mainEntityOfPage":{"@id":"https:\/\/jornaltimoneiro.com.br\/index.php\/2025\/07\/09\/gabriela-paz-surge-como-mais-nova-promessa-no-skate-em-canoas\/"},"wordCount":89,"commentCount":0,"publisher":{"@id":"https:\/\/jornaltimoneiro.com.br\/#organization"},"keywords":["esporte","gabriela paz","skate"],"articleSection":["Esporte"],"inLanguage":"pt-BR","potentialAction":[{"@type":"CommentAction","name":"Comment","target":["https:\/\/jornaltimoneiro.com.br\/index.php\/2025\/07\/09\/gabriela-paz-surge-como-mais-nova-promessa-no-skate-em-canoas\/#respond"]}]},{"@type":"WebPage","@id":"https:\/\/jornaltimoneiro.com.br\/index.php\/2025\/07\/09\/gabriela-paz-surge-como-mais-nova-promessa-no-skate-em-canoas\/","url":"https:\/\/jornaltimoneiro.com.br\/index.php\/2025\/07\/09\/gabriela-paz-surge-como-mais-nova-promessa-no-skate-em-canoas\/","name":"Gabriela Paz surge como mais nova promessa no skate em Canoas - O Timoneiro Jornal Canoas RS","isPartOf":{"@id":"https:\/\/jornaltimoneiro.com.br\/#website"},"datePublished":"2025-07-09T18:13:37+00:00","dateModified":"2025-07-09T18:13:37+00:00","description":"A canoense Gabriela Paz, de 7 anos, venceu a 2\u00b0 etapa do Campeonato Ga\u00facho de Skate na categoria infantil, realizado no \u00faltimo final de semana","breadcrumb":{"@id":"https:\/\/jornaltimoneiro.com.br\/index.php\/2025\/07\/09\/gabriela-paz-surge-como-mais-nova-promessa-no-skate-em-canoas\/#breadcrumb"},"inLanguage":"pt-BR","potentialAction":[{"@type":"ReadAction","target":["https:\/\/jornaltimoneiro.com.br\/index.php\/2025\/07\/09\/gabriela-paz-surge-como-mais-nova-promessa-no-skate-em-canoas\/"]}]},{"@type":"BreadcrumbList","@id":"https:\/\/jornaltimoneiro.com.br\/index.php\/2025\/07\/09\/gabriela-paz-surge-como-mais-nova-promessa-no-skate-em-canoas\/#breadcrumb","itemListElement":[{"@type":"ListItem","position":1,"name":"In\u00edcio","item":"https:\/\/jornaltimoneiro.com.br\/"},{"@type":"ListItem","position":2,"name":"Gabriela Paz surge como mais nova promessa no skate em Canoas"}]},{"@type":"WebSite","@id":"https:\/\/jornaltimoneiro.com.br\/#website","url":"https:\/\/jornaltimoneiro.com.br\/","name":"Jornal Timoneiro Canoas RS","description":"Jornal O Timoneiro, o verdadeiro jornal de Canoas","publisher":{"@id":"https:\/\/jornaltimoneiro.com.br\/#organization"},"potentialAction":[{"@type":"SearchAction","target":{"@type":"EntryPoint","urlTemplate":"https:\/\/jornaltimoneiro.com.br\/?s={search_term_string}"},"query-input":"required name=search_term_string"}],"inLanguage":"pt-BR"},{"@type":"Organization","@id":"https:\/\/jornaltimoneiro.com.br\/#organization","name":"Jornal Timoneiro Canoas RS","url":"https:\/\/jornaltimoneiro.com.br\/","logo":{"@type":"ImageObject","inLanguage":"pt-BR","@id":"https:\/\/jornaltimoneiro.com.br\/#\/schema\/logo\/image\/","url":"https:\/\/jornaltimoneiro.com.br\/wp-content\/uploads\/2023\/03\/logonovo.png","contentUrl":"https:\/\/jornaltimoneiro.com.br\/wp-content\/uploads\/2023\/03\/logonovo.png","width":"469","height":"171","caption":"Jornal Timoneiro Canoas RS"},"image":{"@id":"https:\/\/jornaltimoneiro.com.br\/#\/schema\/logo\/image\/"},"sameAs":["https:\/\/www.facebook.com\/jornaltimoneiro","https:\/\/twitter.com\/_OTimoneiro","https:\/\/www.instagram.com\/jornaltimoneirocanoas\/","https:\/\/www.youtube.com\/@jornalotimoneiro7927"]},{"@type":"Person","@id":"https:\/\/jornaltimoneiro.com.br\/#\/schema\/person\/f63482f1a02b1a9592707865e509ab40","name":"Reda\u00e7\u00e3o","image":{"@type":"ImageObject","inLanguage":"pt-BR","@id":"https:\/\/jornaltimoneiro.com.br\/#\/schema\/person\/image\/","url":"https:\/\/jornaltimoneiro.com.br\/wp-content\/uploads\/2023\/03\/download.jpeg","contentUrl":"https:\/\/jornaltimoneiro.com.br\/wp-content\/uploads\/2023\/03\/download.jpeg","caption":"Reda\u00e7\u00e3o"},"url":"https:\/\/jornaltimoneiro.com.br\/index.php\/author\/simone-dutra\/"}]}},"_links":{"self":[{"href":"https:\/\/jornaltimoneiro.com.br\/index.php\/wp-json\/wp\/v2\/posts\/35670"}],"collection":[{"href":"https:\/\/jornaltimoneiro.com.br\/index.php\/wp-json\/wp\/v2\/posts"}],"about":[{"href":"https:\/\/jornaltimoneiro.com.br\/index.php\/wp-json\/wp\/v2\/types\/post"}],"author":[{"embeddable":true,"href":"https:\/\/jornaltimoneiro.com.br\/index.php\/wp-json\/wp\/v2\/users\/2"}],"replies":[{"embeddable":true,"href":"https:\/\/jornaltimoneiro.com.br\/index.php\/wp-json\/wp\/v2\/comments?post=35670"}],"version-history":[{"count":1,"href":"https:\/\/jornaltimoneiro.com.br\/index.php\/wp-json\/wp\/v2\/posts\/35670\/revisions"}],"predecessor-version":[{"id":35672,"href":"https:\/\/jornaltimoneiro.com.br\/index.php\/wp-json\/wp\/v2\/posts\/35670\/revisions\/35672"}],"wp:featuredmedia":[{"embeddable":true,"href":"https:\/\/jornaltimoneiro.com.br\/index.php\/wp-json\/wp\/v2\/media\/35671"}],"wp:attachment":[{"href":"https:\/\/jornaltimoneiro.com.br\/index.php\/wp-json\/wp\/v2\/media?parent=35670"}],"wp:term":[{"taxonomy":"category","embeddable":true,"href":"https:\/\/jornaltimoneiro.com.br\/index.php\/wp-json\/wp\/v2\/categories?post=35670"},{"taxonomy":"post_tag","embeddable":true,"href":"https:\/\/jornaltimoneiro.com.br\/index.php\/wp-json\/wp\/v2\/tags?post=35670"}],"curies":[{"name":"wp","href":"https:\/\/api.w.org\/{rel}","templated":true}]}}