{"id":35644,"date":"2025-07-08T14:27:19","date_gmt":"2025-07-08T17:27:19","guid":{"rendered":"https:\/\/jornaltimoneiro.com.br\/?p=35644"},"modified":"2025-07-08T14:27:19","modified_gmt":"2025-07-08T17:27:19","slug":"centro-olimpico-de-canoas-celebra-45-anos-com-atividades-esportivas","status":"publish","type":"post","link":"https:\/\/jornaltimoneiro.com.br\/index.php\/2025\/07\/08\/centro-olimpico-de-canoas-celebra-45-anos-com-atividades-esportivas\/","title":{"rendered":"Centro Ol\u00edmpico de Canoas celebra 45 anos com atividades esportivas"},"content":{"rendered":"<p>Atletas de diferentes modalidades esportivas participaram, no s\u00e1bado, 5, de uma jornada de jogos amistosos e apresenta\u00e7\u00f5es alusivas \u00e0 comemora\u00e7\u00e3o dos 45 anos de funda\u00e7\u00e3o do Centro Ol\u00edmpico Municipal de Canoas. Durante o evento, gestores e professores foram homenageados pela Secretaria de Esporte e Lazer da Prefeitura.<\/p>\n<blockquote><p>\u201cO nosso Centro Ol\u00edmpico foi inaugurado em 21 de julho de 1980 com objetivo de incentivar a pr\u00e1tica esportiva e hoje \u00e9 uma refer\u00eancia na forma\u00e7\u00e3o de jovens atletas e de cidad\u00e3os\u201d, descreveu o coordenador da unidade, Fabr\u00edcio Busanello.<\/p><\/blockquote>\n<p>Presente na atividade, o vice-prefeito de Canoas, Rodrigo Busato, destacou a determina\u00e7\u00e3o da administra\u00e7\u00e3o municipal em incentivar a pr\u00e1tica esportiva entre a comunidade. Ele tamb\u00e9m citou o fato de que o local foi importante para a cidade durante a calamidade do ano passado, quando serviu como abrigo para fam\u00edlias desabrigadas e desalojadas.<\/p>\n<p>O secret\u00e1rio de Esporte e Lazer, Luciano de Oliveira, apontou que a Prefeitura \u201cn\u00e3o medir\u00e1 esfor\u00e7os\u201d para recuperar as estruturas do Centro Ol\u00edmpico, manter e qualificar o acesso da comunidade em a\u00e7\u00f5es de treinamento e desenvolvimento esportivo.<\/p>\n<p>Ao final da cada etapa, os participantes receberam medalhas comemorativas pela passagem da data festiva. Professores e ex-professores tamb\u00e9m foram homenageados com medalhas e placas alusivas ao trabalho por eles desempenhado.<\/p>\n","protected":false},"excerpt":{"rendered":"<p>Atletas de diferentes modalidades esportivas participaram, no s\u00e1bado, 5, de uma jornada de jogos amistosos e apresenta\u00e7\u00f5es alusivas \u00e0 comemora\u00e7\u00e3o dos 45 anos de funda\u00e7\u00e3o do Centro Ol\u00edmpico Municipal de Canoas. Durante o evento, gestores e professores foram homenageados pela Secretaria de Esporte e Lazer da Prefeitura. \u201cO nosso Centro Ol\u00edmpico foi inaugurado em 21 [&hellip;]<\/p>\n","protected":false},"author":2,"featured_media":35650,"comment_status":"open","ping_status":"open","sticky":false,"template":"","format":"standard","meta":{"amp_status":"","footnotes":""},"categories":[24],"tags":[307,31,4421,4413,234],"class_list":["post-35644","post","type-post","status-publish","format-standard","has-post-thumbnail","hentry","category-esporte","tag-aniversario","tag-canoas","tag-centro-olimpico-muncipal","tag-com","tag-esporte"],"yoast_head":"<!-- This site is optimized with the Yoast SEO plugin v20.5 - https:\/\/yoast.com\/wordpress\/plugins\/seo\/ -->\n<title>Centro Ol\u00edmpico de Canoas celebra 45 anos com atividades esportivas - O Timoneiro Jornal Canoas RS<\/title>\n<meta name=\"description\" content=\"Atletas de diferentes modalidades esportivas participaram de uma jornada de jogos amistosos e apresenta\u00e7\u00f5es alusivas \u00e0 comemora\u00e7\u00e3o dos 45 anos\" \/>\n<meta name=\"robots\" content=\"index, follow, max-snippet:-1, max-image-preview:large, max-video-preview:-1\" \/>\n<link rel=\"canonical\" href=\"https:\/\/jornaltimoneiro.com.br\/index.php\/2025\/07\/08\/centro-olimpico-de-canoas-celebra-45-anos-com-atividades-esportivas\/\" \/>\n<meta property=\"og:locale\" content=\"pt_BR\" \/>\n<meta property=\"og:type\" content=\"article\" \/>\n<meta property=\"og:title\" content=\"Centro Ol\u00edmpico de Canoas celebra 45 anos com atividades esportivas - O Timoneiro Jornal Canoas RS\" \/>\n<meta property=\"og:description\" content=\"Atletas de diferentes modalidades esportivas participaram de uma jornada de jogos amistosos e apresenta\u00e7\u00f5es alusivas \u00e0 comemora\u00e7\u00e3o dos 45 anos\" \/>\n<meta property=\"og:url\" content=\"https:\/\/jornaltimoneiro.com.br\/index.php\/2025\/07\/08\/centro-olimpico-de-canoas-celebra-45-anos-com-atividades-esportivas\/\" \/>\n<meta property=\"og:site_name\" content=\"O Timoneiro Jornal Canoas RS\" \/>\n<meta property=\"article:publisher\" content=\"https:\/\/www.facebook.com\/jornaltimoneiro\" \/>\n<meta property=\"article:published_time\" content=\"2025-07-08T17:27:19+00:00\" \/>\n<meta property=\"og:image\" content=\"https:\/\/jornaltimoneiro.com.br\/wp-content\/uploads\/2025\/07\/Centro-Olimpico-de-Canoas-celebra-45-anos-com-atividades-esportivas.jpg\" \/>\n\t<meta property=\"og:image:width\" content=\"1080\" \/>\n\t<meta property=\"og:image:height\" content=\"716\" \/>\n\t<meta property=\"og:image:type\" content=\"image\/jpeg\" \/>\n<meta name=\"author\" content=\"Reda\u00e7\u00e3o\" \/>\n<meta name=\"twitter:card\" content=\"summary_large_image\" \/>\n<meta name=\"twitter:creator\" content=\"@_OTimoneiro\" \/>\n<meta name=\"twitter:site\" content=\"@_OTimoneiro\" \/>\n<meta name=\"twitter:label1\" content=\"Escrito por\" \/>\n\t<meta name=\"twitter:data1\" content=\"Reda\u00e7\u00e3o\" \/>\n\t<meta name=\"twitter:label2\" content=\"Est. tempo de leitura\" \/>\n\t<meta name=\"twitter:data2\" content=\"2 minutos\" \/>\n<script type=\"application\/ld+json\" class=\"yoast-schema-graph\">{\"@context\":\"https:\/\/schema.org\",\"@graph\":[{\"@type\":\"Article\",\"@id\":\"https:\/\/jornaltimoneiro.com.br\/index.php\/2025\/07\/08\/centro-olimpico-de-canoas-celebra-45-anos-com-atividades-esportivas\/#article\",\"isPartOf\":{\"@id\":\"https:\/\/jornaltimoneiro.com.br\/index.php\/2025\/07\/08\/centro-olimpico-de-canoas-celebra-45-anos-com-atividades-esportivas\/\"},\"author\":{\"name\":\"Reda\u00e7\u00e3o\",\"@id\":\"https:\/\/jornaltimoneiro.com.br\/#\/schema\/person\/f63482f1a02b1a9592707865e509ab40\"},\"headline\":\"Centro Ol\u00edmpico de Canoas celebra 45 anos com atividades esportivas\",\"datePublished\":\"2025-07-08T17:27:19+00:00\",\"dateModified\":\"2025-07-08T17:27:19+00:00\",\"mainEntityOfPage\":{\"@id\":\"https:\/\/jornaltimoneiro.com.br\/index.php\/2025\/07\/08\/centro-olimpico-de-canoas-celebra-45-anos-com-atividades-esportivas\/\"},\"wordCount\":232,\"commentCount\":0,\"publisher\":{\"@id\":\"https:\/\/jornaltimoneiro.com.br\/#organization\"},\"keywords\":[\"anivers\u00e1rio\",\"canoas\",\"centro ol\u00edmpico muncipal\",\"COM\",\"esporte\"],\"articleSection\":[\"Esporte\"],\"inLanguage\":\"pt-BR\",\"potentialAction\":[{\"@type\":\"CommentAction\",\"name\":\"Comment\",\"target\":[\"https:\/\/jornaltimoneiro.com.br\/index.php\/2025\/07\/08\/centro-olimpico-de-canoas-celebra-45-anos-com-atividades-esportivas\/#respond\"]}]},{\"@type\":\"WebPage\",\"@id\":\"https:\/\/jornaltimoneiro.com.br\/index.php\/2025\/07\/08\/centro-olimpico-de-canoas-celebra-45-anos-com-atividades-esportivas\/\",\"url\":\"https:\/\/jornaltimoneiro.com.br\/index.php\/2025\/07\/08\/centro-olimpico-de-canoas-celebra-45-anos-com-atividades-esportivas\/\",\"name\":\"Centro Ol\u00edmpico de Canoas celebra 45 anos com atividades esportivas - O Timoneiro Jornal Canoas RS\",\"isPartOf\":{\"@id\":\"https:\/\/jornaltimoneiro.com.br\/#website\"},\"datePublished\":\"2025-07-08T17:27:19+00:00\",\"dateModified\":\"2025-07-08T17:27:19+00:00\",\"description\":\"Atletas de diferentes modalidades esportivas participaram de uma jornada de jogos amistosos e apresenta\u00e7\u00f5es alusivas \u00e0 comemora\u00e7\u00e3o dos 45 anos\",\"breadcrumb\":{\"@id\":\"https:\/\/jornaltimoneiro.com.br\/index.php\/2025\/07\/08\/centro-olimpico-de-canoas-celebra-45-anos-com-atividades-esportivas\/#breadcrumb\"},\"inLanguage\":\"pt-BR\",\"potentialAction\":[{\"@type\":\"ReadAction\",\"target\":[\"https:\/\/jornaltimoneiro.com.br\/index.php\/2025\/07\/08\/centro-olimpico-de-canoas-celebra-45-anos-com-atividades-esportivas\/\"]}]},{\"@type\":\"BreadcrumbList\",\"@id\":\"https:\/\/jornaltimoneiro.com.br\/index.php\/2025\/07\/08\/centro-olimpico-de-canoas-celebra-45-anos-com-atividades-esportivas\/#breadcrumb\",\"itemListElement\":[{\"@type\":\"ListItem\",\"position\":1,\"name\":\"In\u00edcio\",\"item\":\"https:\/\/jornaltimoneiro.com.br\/\"},{\"@type\":\"ListItem\",\"position\":2,\"name\":\"Centro Ol\u00edmpico de Canoas celebra 45 anos com atividades esportivas\"}]},{\"@type\":\"WebSite\",\"@id\":\"https:\/\/jornaltimoneiro.com.br\/#website\",\"url\":\"https:\/\/jornaltimoneiro.com.br\/\",\"name\":\"Jornal Timoneiro Canoas RS\",\"description\":\"Jornal O Timoneiro, o verdadeiro jornal de Canoas\",\"publisher\":{\"@id\":\"https:\/\/jornaltimoneiro.com.br\/#organization\"},\"potentialAction\":[{\"@type\":\"SearchAction\",\"target\":{\"@type\":\"EntryPoint\",\"urlTemplate\":\"https:\/\/jornaltimoneiro.com.br\/?s={search_term_string}\"},\"query-input\":\"required name=search_term_string\"}],\"inLanguage\":\"pt-BR\"},{\"@type\":\"Organization\",\"@id\":\"https:\/\/jornaltimoneiro.com.br\/#organization\",\"name\":\"Jornal Timoneiro Canoas RS\",\"url\":\"https:\/\/jornaltimoneiro.com.br\/\",\"logo\":{\"@type\":\"ImageObject\",\"inLanguage\":\"pt-BR\",\"@id\":\"https:\/\/jornaltimoneiro.com.br\/#\/schema\/logo\/image\/\",\"url\":\"https:\/\/jornaltimoneiro.com.br\/wp-content\/uploads\/2023\/03\/logonovo.png\",\"contentUrl\":\"https:\/\/jornaltimoneiro.com.br\/wp-content\/uploads\/2023\/03\/logonovo.png\",\"width\":\"469\",\"height\":\"171\",\"caption\":\"Jornal Timoneiro Canoas RS\"},\"image\":{\"@id\":\"https:\/\/jornaltimoneiro.com.br\/#\/schema\/logo\/image\/\"},\"sameAs\":[\"https:\/\/www.facebook.com\/jornaltimoneiro\",\"https:\/\/twitter.com\/_OTimoneiro\",\"https:\/\/www.instagram.com\/jornaltimoneirocanoas\/\",\"https:\/\/www.youtube.com\/@jornalotimoneiro7927\"]},{\"@type\":\"Person\",\"@id\":\"https:\/\/jornaltimoneiro.com.br\/#\/schema\/person\/f63482f1a02b1a9592707865e509ab40\",\"name\":\"Reda\u00e7\u00e3o\",\"image\":{\"@type\":\"ImageObject\",\"inLanguage\":\"pt-BR\",\"@id\":\"https:\/\/jornaltimoneiro.com.br\/#\/schema\/person\/image\/\",\"url\":\"https:\/\/jornaltimoneiro.com.br\/wp-content\/uploads\/2023\/03\/download.jpeg\",\"contentUrl\":\"https:\/\/jornaltimoneiro.com.br\/wp-content\/uploads\/2023\/03\/download.jpeg\",\"caption\":\"Reda\u00e7\u00e3o\"},\"url\":\"https:\/\/jornaltimoneiro.com.br\/index.php\/author\/simone-dutra\/\"}]}<\/script>\n<!-- \/ Yoast SEO plugin. -->","yoast_head_json":{"title":"Centro Ol\u00edmpico de Canoas celebra 45 anos com atividades esportivas - O Timoneiro Jornal Canoas RS","description":"Atletas de diferentes modalidades esportivas participaram de uma jornada de jogos amistosos e apresenta\u00e7\u00f5es alusivas \u00e0 comemora\u00e7\u00e3o dos 45 anos","robots":{"index":"index","follow":"follow","max-snippet":"max-snippet:-1","max-image-preview":"max-image-preview:large","max-video-preview":"max-video-preview:-1"},"canonical":"https:\/\/jornaltimoneiro.com.br\/index.php\/2025\/07\/08\/centro-olimpico-de-canoas-celebra-45-anos-com-atividades-esportivas\/","og_locale":"pt_BR","og_type":"article","og_title":"Centro Ol\u00edmpico de Canoas celebra 45 anos com atividades esportivas - O Timoneiro Jornal Canoas RS","og_description":"Atletas de diferentes modalidades esportivas participaram de uma jornada de jogos amistosos e apresenta\u00e7\u00f5es alusivas \u00e0 comemora\u00e7\u00e3o dos 45 anos","og_url":"https:\/\/jornaltimoneiro.com.br\/index.php\/2025\/07\/08\/centro-olimpico-de-canoas-celebra-45-anos-com-atividades-esportivas\/","og_site_name":"O Timoneiro Jornal Canoas RS","article_publisher":"https:\/\/www.facebook.com\/jornaltimoneiro","article_published_time":"2025-07-08T17:27:19+00:00","og_image":[{"width":1080,"height":716,"url":"https:\/\/jornaltimoneiro.com.br\/wp-content\/uploads\/2025\/07\/Centro-Olimpico-de-Canoas-celebra-45-anos-com-atividades-esportivas.jpg","type":"image\/jpeg"}],"author":"Reda\u00e7\u00e3o","twitter_card":"summary_large_image","twitter_creator":"@_OTimoneiro","twitter_site":"@_OTimoneiro","twitter_misc":{"Escrito por":"Reda\u00e7\u00e3o","Est. tempo de leitura":"2 minutos"},"schema":{"@context":"https:\/\/schema.org","@graph":[{"@type":"Article","@id":"https:\/\/jornaltimoneiro.com.br\/index.php\/2025\/07\/08\/centro-olimpico-de-canoas-celebra-45-anos-com-atividades-esportivas\/#article","isPartOf":{"@id":"https:\/\/jornaltimoneiro.com.br\/index.php\/2025\/07\/08\/centro-olimpico-de-canoas-celebra-45-anos-com-atividades-esportivas\/"},"author":{"name":"Reda\u00e7\u00e3o","@id":"https:\/\/jornaltimoneiro.com.br\/#\/schema\/person\/f63482f1a02b1a9592707865e509ab40"},"headline":"Centro Ol\u00edmpico de Canoas celebra 45 anos com atividades esportivas","datePublished":"2025-07-08T17:27:19+00:00","dateModified":"2025-07-08T17:27:19+00:00","mainEntityOfPage":{"@id":"https:\/\/jornaltimoneiro.com.br\/index.php\/2025\/07\/08\/centro-olimpico-de-canoas-celebra-45-anos-com-atividades-esportivas\/"},"wordCount":232,"commentCount":0,"publisher":{"@id":"https:\/\/jornaltimoneiro.com.br\/#organization"},"keywords":["anivers\u00e1rio","canoas","centro ol\u00edmpico muncipal","COM","esporte"],"articleSection":["Esporte"],"inLanguage":"pt-BR","potentialAction":[{"@type":"CommentAction","name":"Comment","target":["https:\/\/jornaltimoneiro.com.br\/index.php\/2025\/07\/08\/centro-olimpico-de-canoas-celebra-45-anos-com-atividades-esportivas\/#respond"]}]},{"@type":"WebPage","@id":"https:\/\/jornaltimoneiro.com.br\/index.php\/2025\/07\/08\/centro-olimpico-de-canoas-celebra-45-anos-com-atividades-esportivas\/","url":"https:\/\/jornaltimoneiro.com.br\/index.php\/2025\/07\/08\/centro-olimpico-de-canoas-celebra-45-anos-com-atividades-esportivas\/","name":"Centro Ol\u00edmpico de Canoas celebra 45 anos com atividades esportivas - O Timoneiro Jornal Canoas RS","isPartOf":{"@id":"https:\/\/jornaltimoneiro.com.br\/#website"},"datePublished":"2025-07-08T17:27:19+00:00","dateModified":"2025-07-08T17:27:19+00:00","description":"Atletas de diferentes modalidades esportivas participaram de uma jornada de jogos amistosos e apresenta\u00e7\u00f5es alusivas \u00e0 comemora\u00e7\u00e3o dos 45 anos","breadcrumb":{"@id":"https:\/\/jornaltimoneiro.com.br\/index.php\/2025\/07\/08\/centro-olimpico-de-canoas-celebra-45-anos-com-atividades-esportivas\/#breadcrumb"},"inLanguage":"pt-BR","potentialAction":[{"@type":"ReadAction","target":["https:\/\/jornaltimoneiro.com.br\/index.php\/2025\/07\/08\/centro-olimpico-de-canoas-celebra-45-anos-com-atividades-esportivas\/"]}]},{"@type":"BreadcrumbList","@id":"https:\/\/jornaltimoneiro.com.br\/index.php\/2025\/07\/08\/centro-olimpico-de-canoas-celebra-45-anos-com-atividades-esportivas\/#breadcrumb","itemListElement":[{"@type":"ListItem","position":1,"name":"In\u00edcio","item":"https:\/\/jornaltimoneiro.com.br\/"},{"@type":"ListItem","position":2,"name":"Centro Ol\u00edmpico de Canoas celebra 45 anos com atividades esportivas"}]},{"@type":"WebSite","@id":"https:\/\/jornaltimoneiro.com.br\/#website","url":"https:\/\/jornaltimoneiro.com.br\/","name":"Jornal Timoneiro Canoas RS","description":"Jornal O Timoneiro, o verdadeiro jornal de Canoas","publisher":{"@id":"https:\/\/jornaltimoneiro.com.br\/#organization"},"potentialAction":[{"@type":"SearchAction","target":{"@type":"EntryPoint","urlTemplate":"https:\/\/jornaltimoneiro.com.br\/?s={search_term_string}"},"query-input":"required name=search_term_string"}],"inLanguage":"pt-BR"},{"@type":"Organization","@id":"https:\/\/jornaltimoneiro.com.br\/#organization","name":"Jornal Timoneiro Canoas RS","url":"https:\/\/jornaltimoneiro.com.br\/","logo":{"@type":"ImageObject","inLanguage":"pt-BR","@id":"https:\/\/jornaltimoneiro.com.br\/#\/schema\/logo\/image\/","url":"https:\/\/jornaltimoneiro.com.br\/wp-content\/uploads\/2023\/03\/logonovo.png","contentUrl":"https:\/\/jornaltimoneiro.com.br\/wp-content\/uploads\/2023\/03\/logonovo.png","width":"469","height":"171","caption":"Jornal Timoneiro Canoas RS"},"image":{"@id":"https:\/\/jornaltimoneiro.com.br\/#\/schema\/logo\/image\/"},"sameAs":["https:\/\/www.facebook.com\/jornaltimoneiro","https:\/\/twitter.com\/_OTimoneiro","https:\/\/www.instagram.com\/jornaltimoneirocanoas\/","https:\/\/www.youtube.com\/@jornalotimoneiro7927"]},{"@type":"Person","@id":"https:\/\/jornaltimoneiro.com.br\/#\/schema\/person\/f63482f1a02b1a9592707865e509ab40","name":"Reda\u00e7\u00e3o","image":{"@type":"ImageObject","inLanguage":"pt-BR","@id":"https:\/\/jornaltimoneiro.com.br\/#\/schema\/person\/image\/","url":"https:\/\/jornaltimoneiro.com.br\/wp-content\/uploads\/2023\/03\/download.jpeg","contentUrl":"https:\/\/jornaltimoneiro.com.br\/wp-content\/uploads\/2023\/03\/download.jpeg","caption":"Reda\u00e7\u00e3o"},"url":"https:\/\/jornaltimoneiro.com.br\/index.php\/author\/simone-dutra\/"}]}},"_links":{"self":[{"href":"https:\/\/jornaltimoneiro.com.br\/index.php\/wp-json\/wp\/v2\/posts\/35644"}],"collection":[{"href":"https:\/\/jornaltimoneiro.com.br\/index.php\/wp-json\/wp\/v2\/posts"}],"about":[{"href":"https:\/\/jornaltimoneiro.com.br\/index.php\/wp-json\/wp\/v2\/types\/post"}],"author":[{"embeddable":true,"href":"https:\/\/jornaltimoneiro.com.br\/index.php\/wp-json\/wp\/v2\/users\/2"}],"replies":[{"embeddable":true,"href":"https:\/\/jornaltimoneiro.com.br\/index.php\/wp-json\/wp\/v2\/comments?post=35644"}],"version-history":[{"count":1,"href":"https:\/\/jornaltimoneiro.com.br\/index.php\/wp-json\/wp\/v2\/posts\/35644\/revisions"}],"predecessor-version":[{"id":35651,"href":"https:\/\/jornaltimoneiro.com.br\/index.php\/wp-json\/wp\/v2\/posts\/35644\/revisions\/35651"}],"wp:featuredmedia":[{"embeddable":true,"href":"https:\/\/jornaltimoneiro.com.br\/index.php\/wp-json\/wp\/v2\/media\/35650"}],"wp:attachment":[{"href":"https:\/\/jornaltimoneiro.com.br\/index.php\/wp-json\/wp\/v2\/media?parent=35644"}],"wp:term":[{"taxonomy":"category","embeddable":true,"href":"https:\/\/jornaltimoneiro.com.br\/index.php\/wp-json\/wp\/v2\/categories?post=35644"},{"taxonomy":"post_tag","embeddable":true,"href":"https:\/\/jornaltimoneiro.com.br\/index.php\/wp-json\/wp\/v2\/tags?post=35644"}],"curies":[{"name":"wp","href":"https:\/\/api.w.org\/{rel}","templated":true}]}}