{"id":35573,"date":"2025-07-01T22:25:50","date_gmt":"2025-07-02T01:25:50","guid":{"rendered":"https:\/\/jornaltimoneiro.com.br\/?p=35573"},"modified":"2025-07-01T22:25:50","modified_gmt":"2025-07-02T01:25:50","slug":"vereadores-aprovam-projeto-da-prefeitura-de-canoas-que-aumenta-issqn","status":"publish","type":"post","link":"https:\/\/jornaltimoneiro.com.br\/index.php\/2025\/07\/01\/vereadores-aprovam-projeto-da-prefeitura-de-canoas-que-aumenta-issqn\/","title":{"rendered":"Vereadores aprovam projeto da Prefeitura de Canoas que aumenta ISSQN"},"content":{"rendered":"<p>Foi aprovada pelos vereadores de Canoas, na noite desta ter\u00e7a-feira, 1\u00ba de julho, o projeto da Prefeitura de Canoas de reajustar as al\u00edquotas do ISSQN (Imposto Sobre Servi\u00e7os de Qualquer Natureza), que provocou forte rea\u00e7\u00e3o de entidades empresariais e jur\u00eddicas do munic\u00edpio.<\/p>\n<p>O Projeto de Lei n\u00ba 19\/2025 foi protocolado na C\u00e2mara de Vereadores no fim de maio, prevendo aumentos em dezenas de atividades econ\u00f4micas a partir de 2026 e foi colocado em pauta hoje em uma manobra regimental da base do governo, que prop\u00f4s de surpresa a inser\u00e7\u00e3o na pauta do dia e foi aprovado por 15 a favor e 5 contra (o presidente da Casa n\u00e3o vota) em ambas vota\u00e7\u00f5es.<\/p>\n<p>Votaram contra o projeto Gabriel Constantino (PT), Em\u00edlio (PT), Rodrigo D\u00e1vila (NOVO), Jefferson Otto (PSD)e Ezequiel (PL).<\/p>\n<h4>Entidades contr\u00e1rias<\/h4>\n<p>A C\u00e2mara de Dirigentes Lojistas de Canoas (CDL), em conjunto com o F\u00f3rum das Entidades, alertou para os impactos negativos da medida, considerada inoportuna e desproporcional.<\/p>\n<blockquote><p>\u201cTrata-se de um aumento linear, desproporcional, que pode ferir frontalmente a competitividade do munic\u00edpio. A cidade ainda se recupera das enchentes e da retra\u00e7\u00e3o econ\u00f4mica.\u201d, afirma \u00c9verton Netto, presidente da CDL Canoas.<\/p><\/blockquote>\n<p>Entre os setores mais afetados estariam educa\u00e7\u00e3o, constru\u00e7\u00e3o civil, sa\u00fade animal, seguran\u00e7a privada e cart\u00f3rios.<\/p>\n<p>A\u00a0CICS Canoas\u00a0tamb\u00e9m se posicionou com veem\u00eancia contra o projeto.<\/p>\n<blockquote><p>\u201cRecebemos com grande surpresa a tramita\u00e7\u00e3o do projeto, sem qualquer di\u00e1logo pr\u00e9vio com os setores produtivos ou estudo t\u00e9cnico de impacto\u201d, criticou Gerson Untertriefallner Costa, vice-presidente de Servi\u00e7os da entidade.<\/p><\/blockquote>\n<p>Ele questiona a justificativa da prefeitura, que argumentou estar se antecipando \u00e0 transi\u00e7\u00e3o tribut\u00e1ria nacional com o novo Imposto sobre Bens e Servi\u00e7os (IBS). \u201cPor que, novamente, se transfere ao contribuinte o custo de um ajuste que deveria come\u00e7ar internamente no setor p\u00fablico?\u201d, questiona.<\/p>\n<p>A\u00a0OAB Canoas engrossou o coro das cr\u00edticas. Em of\u00edcio ao prefeito Airton Souza, a subse\u00e7\u00e3o da entidade afirmou que \u201ca majora\u00e7\u00e3o indiscriminada desconsidera a realidade econ\u00f4mica dos contribuintes\u201d\u00a0e que a proposta carece de estudos t\u00e9cnicos que demonstrem sua viabilidade. Para a OAB, o aumento compromete a recupera\u00e7\u00e3o econ\u00f4mica e a gera\u00e7\u00e3o de empregos, al\u00e9m de contrariar o esp\u00edrito da reforma tribut\u00e1ria, que s\u00f3 ser\u00e1 implementada plenamente at\u00e9 2033.<\/p>\n<p>As entidades alertaram que, se aprovada, a proposta poderia provocar fuga de empresas para munic\u00edpios vizinhos com carga tribut\u00e1ria mais equilibrada, aumento da informalidade, fechamento de pequenos neg\u00f3cios e encarecimento dos servi\u00e7os para o consumidor final.<\/p>\n<p><b>O que diz a Prefeitura<\/b><\/p>\n<p>\u201cA Prefeitura Municipal de Canoas est\u00e1 realizando um alinhamento de algumas al\u00edquotas do ISSQN, algo fundamental para o ressarcimento previsto na Reforma Tribut\u00e1ria, na qual Canoas ir\u00e1 perder em torno de R$ 350 milh\u00f5es por ano. A medida tem a finalidade de equalizar com os demais munic\u00edpios do Estado. Este realinhamento n\u00e3o atinge as micro e pequenas empresas optantes do simples nacional.\u201d<\/p>\n<h4>Entenda o projeto<\/h4>\n<p>O prefeito de Canoas, Airton Souza, encaminhou \u00e0 C\u00e2mara Municipal o Projeto de Lei n\u00ba 19\/2025, que prop\u00f5e altera\u00e7\u00f5es nas al\u00edquotas do Imposto Sobre Servi\u00e7os de Qualquer Natureza (ISSQN), tributo cobrado de empresas e profissionais aut\u00f4nomos que prestam servi\u00e7os no munic\u00edpio.<\/p>\n<p>A proposta prev\u00ea aumentos que variam entre 0,5 e 2 pontos percentuais, com vig\u00eancia prevista para 1\u00ba de janeiro de 2026, caso o texto seja aprovado pelos vereadores.<\/p>\n<p>Entre os principais pontos da proposta est\u00e1 o reajuste da al\u00edquota de servi\u00e7os ligados \u00e0 educa\u00e7\u00e3o e orienta\u00e7\u00e3o pedag\u00f3gica, que passar\u00e1 de 3% para 3,5%. O setor de registros p\u00fablicos, incluindo cart\u00f3rios, sofrer\u00e1 um aumento mais expressivo, de 3% para 5%.<\/p>\n<p>Al\u00e9m disso, uma s\u00e9rie de outras atividades ser\u00e1 impactada por uma eleva\u00e7\u00e3o da al\u00edquota para 4%. Est\u00e3o nesse grupo servi\u00e7os como medicina e veterin\u00e1ria, engenharia, arquitetura, urbanismo, contabilidade, advocacia, administra\u00e7\u00e3o, limpeza urbana, saneamento, meio ambiente, transporte coletivo em terminais, armazenamento, estacionamento e servi\u00e7os comerciais diversos.<\/p>\n","protected":false},"excerpt":{"rendered":"<p>Foi aprovada pelos vereadores de Canoas, na noite desta ter\u00e7a-feira, 1\u00ba de julho, o projeto da Prefeitura de Canoas de reajustar as al\u00edquotas do ISSQN (Imposto Sobre Servi\u00e7os de Qualquer Natureza), que provocou forte rea\u00e7\u00e3o de entidades empresariais e jur\u00eddicas do munic\u00edpio. O Projeto de Lei n\u00ba 19\/2025 foi protocolado na C\u00e2mara de Vereadores no [&hellip;]<\/p>\n","protected":false},"author":2,"featured_media":35575,"comment_status":"open","ping_status":"open","sticky":false,"template":"","format":"standard","meta":{"amp_status":"","footnotes":""},"categories":[20],"tags":[104,31,190,1152,1951,44,4407],"class_list":["post-35573","post","type-post","status-publish","format-standard","has-post-thumbnail","hentry","category-politica-noticias","tag-camara-de-vereadores","tag-canoas","tag-featured","tag-imposto","tag-issqn","tag-prefeitura-de-canoas","tag-veeradores"],"yoast_head":"<!-- This site is optimized with the Yoast SEO plugin v20.5 - https:\/\/yoast.com\/wordpress\/plugins\/seo\/ -->\n<title>Vereadores aprovam projeto da Prefeitura de Canoas que aumenta ISSQN - O Timoneiro Jornal Canoas RS<\/title>\n<meta name=\"description\" content=\"Foi aprovada na C\u00e2mara de Vereadores de Canoas a proposta da Prefeitura de Canoas de reajustar as al\u00edquotas do ISSQN\" \/>\n<meta name=\"robots\" content=\"index, follow, max-snippet:-1, max-image-preview:large, max-video-preview:-1\" \/>\n<link rel=\"canonical\" href=\"https:\/\/jornaltimoneiro.com.br\/index.php\/2025\/07\/01\/vereadores-aprovam-projeto-da-prefeitura-de-canoas-que-aumenta-issqn\/\" \/>\n<meta property=\"og:locale\" content=\"pt_BR\" \/>\n<meta property=\"og:type\" content=\"article\" \/>\n<meta property=\"og:title\" content=\"Vereadores aprovam projeto da Prefeitura de Canoas que aumenta ISSQN - O Timoneiro Jornal Canoas RS\" \/>\n<meta property=\"og:description\" content=\"Foi aprovada na C\u00e2mara de Vereadores de Canoas a proposta da Prefeitura de Canoas de reajustar as al\u00edquotas do ISSQN\" \/>\n<meta property=\"og:url\" content=\"https:\/\/jornaltimoneiro.com.br\/index.php\/2025\/07\/01\/vereadores-aprovam-projeto-da-prefeitura-de-canoas-que-aumenta-issqn\/\" \/>\n<meta property=\"og:site_name\" content=\"O Timoneiro Jornal Canoas RS\" \/>\n<meta property=\"article:publisher\" content=\"https:\/\/www.facebook.com\/jornaltimoneiro\" \/>\n<meta property=\"article:published_time\" content=\"2025-07-02T01:25:50+00:00\" \/>\n<meta property=\"og:image\" content=\"https:\/\/jornaltimoneiro.com.br\/wp-content\/uploads\/2025\/07\/Vereadores-aprovam-projeto-da-Prefeitura-de-Canoas-que-aumenta-ISSQN.jpeg\" \/>\n\t<meta property=\"og:image:width\" content=\"1080\" \/>\n\t<meta property=\"og:image:height\" content=\"542\" \/>\n\t<meta property=\"og:image:type\" content=\"image\/jpeg\" \/>\n<meta name=\"author\" content=\"Reda\u00e7\u00e3o\" \/>\n<meta name=\"twitter:card\" content=\"summary_large_image\" \/>\n<meta name=\"twitter:creator\" content=\"@_OTimoneiro\" \/>\n<meta name=\"twitter:site\" content=\"@_OTimoneiro\" \/>\n<meta name=\"twitter:label1\" content=\"Escrito por\" \/>\n\t<meta name=\"twitter:data1\" content=\"Reda\u00e7\u00e3o\" \/>\n\t<meta name=\"twitter:label2\" content=\"Est. tempo de leitura\" \/>\n\t<meta name=\"twitter:data2\" content=\"4 minutos\" \/>\n<script type=\"application\/ld+json\" class=\"yoast-schema-graph\">{\"@context\":\"https:\/\/schema.org\",\"@graph\":[{\"@type\":\"Article\",\"@id\":\"https:\/\/jornaltimoneiro.com.br\/index.php\/2025\/07\/01\/vereadores-aprovam-projeto-da-prefeitura-de-canoas-que-aumenta-issqn\/#article\",\"isPartOf\":{\"@id\":\"https:\/\/jornaltimoneiro.com.br\/index.php\/2025\/07\/01\/vereadores-aprovam-projeto-da-prefeitura-de-canoas-que-aumenta-issqn\/\"},\"author\":{\"name\":\"Reda\u00e7\u00e3o\",\"@id\":\"https:\/\/jornaltimoneiro.com.br\/#\/schema\/person\/f63482f1a02b1a9592707865e509ab40\"},\"headline\":\"Vereadores aprovam projeto da Prefeitura de Canoas que aumenta ISSQN\",\"datePublished\":\"2025-07-02T01:25:50+00:00\",\"dateModified\":\"2025-07-02T01:25:50+00:00\",\"mainEntityOfPage\":{\"@id\":\"https:\/\/jornaltimoneiro.com.br\/index.php\/2025\/07\/01\/vereadores-aprovam-projeto-da-prefeitura-de-canoas-que-aumenta-issqn\/\"},\"wordCount\":694,\"commentCount\":0,\"publisher\":{\"@id\":\"https:\/\/jornaltimoneiro.com.br\/#organization\"},\"keywords\":[\"C\u00e2mara de Vereadores\",\"canoas\",\"featured\",\"imposto\",\"ISSQN\",\"Prefeitura de Canoas\",\"veeradores\"],\"articleSection\":[\"Pol\u00edtica\"],\"inLanguage\":\"pt-BR\",\"potentialAction\":[{\"@type\":\"CommentAction\",\"name\":\"Comment\",\"target\":[\"https:\/\/jornaltimoneiro.com.br\/index.php\/2025\/07\/01\/vereadores-aprovam-projeto-da-prefeitura-de-canoas-que-aumenta-issqn\/#respond\"]}]},{\"@type\":\"WebPage\",\"@id\":\"https:\/\/jornaltimoneiro.com.br\/index.php\/2025\/07\/01\/vereadores-aprovam-projeto-da-prefeitura-de-canoas-que-aumenta-issqn\/\",\"url\":\"https:\/\/jornaltimoneiro.com.br\/index.php\/2025\/07\/01\/vereadores-aprovam-projeto-da-prefeitura-de-canoas-que-aumenta-issqn\/\",\"name\":\"Vereadores aprovam projeto da Prefeitura de Canoas que aumenta ISSQN - O Timoneiro Jornal Canoas RS\",\"isPartOf\":{\"@id\":\"https:\/\/jornaltimoneiro.com.br\/#website\"},\"datePublished\":\"2025-07-02T01:25:50+00:00\",\"dateModified\":\"2025-07-02T01:25:50+00:00\",\"description\":\"Foi aprovada na C\u00e2mara de Vereadores de Canoas a proposta da Prefeitura de Canoas de reajustar as al\u00edquotas do ISSQN\",\"breadcrumb\":{\"@id\":\"https:\/\/jornaltimoneiro.com.br\/index.php\/2025\/07\/01\/vereadores-aprovam-projeto-da-prefeitura-de-canoas-que-aumenta-issqn\/#breadcrumb\"},\"inLanguage\":\"pt-BR\",\"potentialAction\":[{\"@type\":\"ReadAction\",\"target\":[\"https:\/\/jornaltimoneiro.com.br\/index.php\/2025\/07\/01\/vereadores-aprovam-projeto-da-prefeitura-de-canoas-que-aumenta-issqn\/\"]}]},{\"@type\":\"BreadcrumbList\",\"@id\":\"https:\/\/jornaltimoneiro.com.br\/index.php\/2025\/07\/01\/vereadores-aprovam-projeto-da-prefeitura-de-canoas-que-aumenta-issqn\/#breadcrumb\",\"itemListElement\":[{\"@type\":\"ListItem\",\"position\":1,\"name\":\"In\u00edcio\",\"item\":\"https:\/\/jornaltimoneiro.com.br\/\"},{\"@type\":\"ListItem\",\"position\":2,\"name\":\"Vereadores aprovam projeto da Prefeitura de Canoas que aumenta ISSQN\"}]},{\"@type\":\"WebSite\",\"@id\":\"https:\/\/jornaltimoneiro.com.br\/#website\",\"url\":\"https:\/\/jornaltimoneiro.com.br\/\",\"name\":\"Jornal Timoneiro Canoas RS\",\"description\":\"Jornal O Timoneiro, o verdadeiro jornal de Canoas\",\"publisher\":{\"@id\":\"https:\/\/jornaltimoneiro.com.br\/#organization\"},\"potentialAction\":[{\"@type\":\"SearchAction\",\"target\":{\"@type\":\"EntryPoint\",\"urlTemplate\":\"https:\/\/jornaltimoneiro.com.br\/?s={search_term_string}\"},\"query-input\":\"required name=search_term_string\"}],\"inLanguage\":\"pt-BR\"},{\"@type\":\"Organization\",\"@id\":\"https:\/\/jornaltimoneiro.com.br\/#organization\",\"name\":\"Jornal Timoneiro Canoas RS\",\"url\":\"https:\/\/jornaltimoneiro.com.br\/\",\"logo\":{\"@type\":\"ImageObject\",\"inLanguage\":\"pt-BR\",\"@id\":\"https:\/\/jornaltimoneiro.com.br\/#\/schema\/logo\/image\/\",\"url\":\"https:\/\/jornaltimoneiro.com.br\/wp-content\/uploads\/2023\/03\/logonovo.png\",\"contentUrl\":\"https:\/\/jornaltimoneiro.com.br\/wp-content\/uploads\/2023\/03\/logonovo.png\",\"width\":\"469\",\"height\":\"171\",\"caption\":\"Jornal Timoneiro Canoas RS\"},\"image\":{\"@id\":\"https:\/\/jornaltimoneiro.com.br\/#\/schema\/logo\/image\/\"},\"sameAs\":[\"https:\/\/www.facebook.com\/jornaltimoneiro\",\"https:\/\/twitter.com\/_OTimoneiro\",\"https:\/\/www.instagram.com\/jornaltimoneirocanoas\/\",\"https:\/\/www.youtube.com\/@jornalotimoneiro7927\"]},{\"@type\":\"Person\",\"@id\":\"https:\/\/jornaltimoneiro.com.br\/#\/schema\/person\/f63482f1a02b1a9592707865e509ab40\",\"name\":\"Reda\u00e7\u00e3o\",\"image\":{\"@type\":\"ImageObject\",\"inLanguage\":\"pt-BR\",\"@id\":\"https:\/\/jornaltimoneiro.com.br\/#\/schema\/person\/image\/\",\"url\":\"https:\/\/jornaltimoneiro.com.br\/wp-content\/uploads\/2023\/03\/download.jpeg\",\"contentUrl\":\"https:\/\/jornaltimoneiro.com.br\/wp-content\/uploads\/2023\/03\/download.jpeg\",\"caption\":\"Reda\u00e7\u00e3o\"},\"url\":\"https:\/\/jornaltimoneiro.com.br\/index.php\/author\/simone-dutra\/\"}]}<\/script>\n<!-- \/ Yoast SEO plugin. -->","yoast_head_json":{"title":"Vereadores aprovam projeto da Prefeitura de Canoas que aumenta ISSQN - O Timoneiro Jornal Canoas RS","description":"Foi aprovada na C\u00e2mara de Vereadores de Canoas a proposta da Prefeitura de Canoas de reajustar as al\u00edquotas do ISSQN","robots":{"index":"index","follow":"follow","max-snippet":"max-snippet:-1","max-image-preview":"max-image-preview:large","max-video-preview":"max-video-preview:-1"},"canonical":"https:\/\/jornaltimoneiro.com.br\/index.php\/2025\/07\/01\/vereadores-aprovam-projeto-da-prefeitura-de-canoas-que-aumenta-issqn\/","og_locale":"pt_BR","og_type":"article","og_title":"Vereadores aprovam projeto da Prefeitura de Canoas que aumenta ISSQN - O Timoneiro Jornal Canoas RS","og_description":"Foi aprovada na C\u00e2mara de Vereadores de Canoas a proposta da Prefeitura de Canoas de reajustar as al\u00edquotas do ISSQN","og_url":"https:\/\/jornaltimoneiro.com.br\/index.php\/2025\/07\/01\/vereadores-aprovam-projeto-da-prefeitura-de-canoas-que-aumenta-issqn\/","og_site_name":"O Timoneiro Jornal Canoas RS","article_publisher":"https:\/\/www.facebook.com\/jornaltimoneiro","article_published_time":"2025-07-02T01:25:50+00:00","og_image":[{"width":"1080","height":"542","url":"https:\/\/jornaltimoneiro.com.br\/wp-content\/uploads\/2025\/07\/Vereadores-aprovam-projeto-da-Prefeitura-de-Canoas-que-aumenta-ISSQN.jpeg","type":"image\/jpeg"}],"author":"Reda\u00e7\u00e3o","twitter_card":"summary_large_image","twitter_creator":"@_OTimoneiro","twitter_site":"@_OTimoneiro","twitter_misc":{"Escrito por":"Reda\u00e7\u00e3o","Est. tempo de leitura":"4 minutos"},"schema":{"@context":"https:\/\/schema.org","@graph":[{"@type":"Article","@id":"https:\/\/jornaltimoneiro.com.br\/index.php\/2025\/07\/01\/vereadores-aprovam-projeto-da-prefeitura-de-canoas-que-aumenta-issqn\/#article","isPartOf":{"@id":"https:\/\/jornaltimoneiro.com.br\/index.php\/2025\/07\/01\/vereadores-aprovam-projeto-da-prefeitura-de-canoas-que-aumenta-issqn\/"},"author":{"name":"Reda\u00e7\u00e3o","@id":"https:\/\/jornaltimoneiro.com.br\/#\/schema\/person\/f63482f1a02b1a9592707865e509ab40"},"headline":"Vereadores aprovam projeto da Prefeitura de Canoas que aumenta ISSQN","datePublished":"2025-07-02T01:25:50+00:00","dateModified":"2025-07-02T01:25:50+00:00","mainEntityOfPage":{"@id":"https:\/\/jornaltimoneiro.com.br\/index.php\/2025\/07\/01\/vereadores-aprovam-projeto-da-prefeitura-de-canoas-que-aumenta-issqn\/"},"wordCount":694,"commentCount":0,"publisher":{"@id":"https:\/\/jornaltimoneiro.com.br\/#organization"},"keywords":["C\u00e2mara de Vereadores","canoas","featured","imposto","ISSQN","Prefeitura de Canoas","veeradores"],"articleSection":["Pol\u00edtica"],"inLanguage":"pt-BR","potentialAction":[{"@type":"CommentAction","name":"Comment","target":["https:\/\/jornaltimoneiro.com.br\/index.php\/2025\/07\/01\/vereadores-aprovam-projeto-da-prefeitura-de-canoas-que-aumenta-issqn\/#respond"]}]},{"@type":"WebPage","@id":"https:\/\/jornaltimoneiro.com.br\/index.php\/2025\/07\/01\/vereadores-aprovam-projeto-da-prefeitura-de-canoas-que-aumenta-issqn\/","url":"https:\/\/jornaltimoneiro.com.br\/index.php\/2025\/07\/01\/vereadores-aprovam-projeto-da-prefeitura-de-canoas-que-aumenta-issqn\/","name":"Vereadores aprovam projeto da Prefeitura de Canoas que aumenta ISSQN - O Timoneiro Jornal Canoas RS","isPartOf":{"@id":"https:\/\/jornaltimoneiro.com.br\/#website"},"datePublished":"2025-07-02T01:25:50+00:00","dateModified":"2025-07-02T01:25:50+00:00","description":"Foi aprovada na C\u00e2mara de Vereadores de Canoas a proposta da Prefeitura de Canoas de reajustar as al\u00edquotas do ISSQN","breadcrumb":{"@id":"https:\/\/jornaltimoneiro.com.br\/index.php\/2025\/07\/01\/vereadores-aprovam-projeto-da-prefeitura-de-canoas-que-aumenta-issqn\/#breadcrumb"},"inLanguage":"pt-BR","potentialAction":[{"@type":"ReadAction","target":["https:\/\/jornaltimoneiro.com.br\/index.php\/2025\/07\/01\/vereadores-aprovam-projeto-da-prefeitura-de-canoas-que-aumenta-issqn\/"]}]},{"@type":"BreadcrumbList","@id":"https:\/\/jornaltimoneiro.com.br\/index.php\/2025\/07\/01\/vereadores-aprovam-projeto-da-prefeitura-de-canoas-que-aumenta-issqn\/#breadcrumb","itemListElement":[{"@type":"ListItem","position":1,"name":"In\u00edcio","item":"https:\/\/jornaltimoneiro.com.br\/"},{"@type":"ListItem","position":2,"name":"Vereadores aprovam projeto da Prefeitura de Canoas que aumenta ISSQN"}]},{"@type":"WebSite","@id":"https:\/\/jornaltimoneiro.com.br\/#website","url":"https:\/\/jornaltimoneiro.com.br\/","name":"Jornal Timoneiro Canoas RS","description":"Jornal O Timoneiro, o verdadeiro jornal de Canoas","publisher":{"@id":"https:\/\/jornaltimoneiro.com.br\/#organization"},"potentialAction":[{"@type":"SearchAction","target":{"@type":"EntryPoint","urlTemplate":"https:\/\/jornaltimoneiro.com.br\/?s={search_term_string}"},"query-input":"required name=search_term_string"}],"inLanguage":"pt-BR"},{"@type":"Organization","@id":"https:\/\/jornaltimoneiro.com.br\/#organization","name":"Jornal Timoneiro Canoas RS","url":"https:\/\/jornaltimoneiro.com.br\/","logo":{"@type":"ImageObject","inLanguage":"pt-BR","@id":"https:\/\/jornaltimoneiro.com.br\/#\/schema\/logo\/image\/","url":"https:\/\/jornaltimoneiro.com.br\/wp-content\/uploads\/2023\/03\/logonovo.png","contentUrl":"https:\/\/jornaltimoneiro.com.br\/wp-content\/uploads\/2023\/03\/logonovo.png","width":"469","height":"171","caption":"Jornal Timoneiro Canoas RS"},"image":{"@id":"https:\/\/jornaltimoneiro.com.br\/#\/schema\/logo\/image\/"},"sameAs":["https:\/\/www.facebook.com\/jornaltimoneiro","https:\/\/twitter.com\/_OTimoneiro","https:\/\/www.instagram.com\/jornaltimoneirocanoas\/","https:\/\/www.youtube.com\/@jornalotimoneiro7927"]},{"@type":"Person","@id":"https:\/\/jornaltimoneiro.com.br\/#\/schema\/person\/f63482f1a02b1a9592707865e509ab40","name":"Reda\u00e7\u00e3o","image":{"@type":"ImageObject","inLanguage":"pt-BR","@id":"https:\/\/jornaltimoneiro.com.br\/#\/schema\/person\/image\/","url":"https:\/\/jornaltimoneiro.com.br\/wp-content\/uploads\/2023\/03\/download.jpeg","contentUrl":"https:\/\/jornaltimoneiro.com.br\/wp-content\/uploads\/2023\/03\/download.jpeg","caption":"Reda\u00e7\u00e3o"},"url":"https:\/\/jornaltimoneiro.com.br\/index.php\/author\/simone-dutra\/"}]}},"_links":{"self":[{"href":"https:\/\/jornaltimoneiro.com.br\/index.php\/wp-json\/wp\/v2\/posts\/35573"}],"collection":[{"href":"https:\/\/jornaltimoneiro.com.br\/index.php\/wp-json\/wp\/v2\/posts"}],"about":[{"href":"https:\/\/jornaltimoneiro.com.br\/index.php\/wp-json\/wp\/v2\/types\/post"}],"author":[{"embeddable":true,"href":"https:\/\/jornaltimoneiro.com.br\/index.php\/wp-json\/wp\/v2\/users\/2"}],"replies":[{"embeddable":true,"href":"https:\/\/jornaltimoneiro.com.br\/index.php\/wp-json\/wp\/v2\/comments?post=35573"}],"version-history":[{"count":1,"href":"https:\/\/jornaltimoneiro.com.br\/index.php\/wp-json\/wp\/v2\/posts\/35573\/revisions"}],"predecessor-version":[{"id":35576,"href":"https:\/\/jornaltimoneiro.com.br\/index.php\/wp-json\/wp\/v2\/posts\/35573\/revisions\/35576"}],"wp:featuredmedia":[{"embeddable":true,"href":"https:\/\/jornaltimoneiro.com.br\/index.php\/wp-json\/wp\/v2\/media\/35575"}],"wp:attachment":[{"href":"https:\/\/jornaltimoneiro.com.br\/index.php\/wp-json\/wp\/v2\/media?parent=35573"}],"wp:term":[{"taxonomy":"category","embeddable":true,"href":"https:\/\/jornaltimoneiro.com.br\/index.php\/wp-json\/wp\/v2\/categories?post=35573"},{"taxonomy":"post_tag","embeddable":true,"href":"https:\/\/jornaltimoneiro.com.br\/index.php\/wp-json\/wp\/v2\/tags?post=35573"}],"curies":[{"name":"wp","href":"https:\/\/api.w.org\/{rel}","templated":true}]}}