{"id":35550,"date":"2025-06-30T14:44:32","date_gmt":"2025-06-30T17:44:32","guid":{"rendered":"https:\/\/jornaltimoneiro.com.br\/?p=35550"},"modified":"2025-06-30T14:44:32","modified_gmt":"2025-06-30T17:44:32","slug":"defesa-civil-alerta-para-lenta-elevacao-da-lagoa-dos-patos","status":"publish","type":"post","link":"https:\/\/jornaltimoneiro.com.br\/index.php\/2025\/06\/30\/defesa-civil-alerta-para-lenta-elevacao-da-lagoa-dos-patos\/","title":{"rendered":"Defesa Civil alerta para lenta eleva\u00e7\u00e3o da Lagoa dos Patos"},"content":{"rendered":"<p>A Defesa Civil do Rio Grande do Sul alerta nesta segunda-feira, 30, para lenta eleva\u00e7\u00e3o da Lagoa dos Patos. De acordo com \u00f3rg\u00e3o, h\u00e1 risco moderado para regi\u00f5es ribeirinhas, v\u00e1lido at\u00e9 14h20 de 1\u00ba de julho.<\/p>\n<p>Procure informa\u00e7\u00f5es junto \u00e0 Defesa Civil da sua cidade, conhe\u00e7a os Planos de Conting\u00eancia municipais para saber quais os riscos e como agir em caso de desastre no seu munic\u00edpio.<\/p>\n<p>Emerg\u00eancia ligue 190\/193.<\/p>\n","protected":false},"excerpt":{"rendered":"<p>A Defesa Civil do Rio Grande do Sul alerta nesta segunda-feira, 30, para lenta eleva\u00e7\u00e3o da Lagoa dos Patos. De acordo com \u00f3rg\u00e3o, h\u00e1 risco moderado para regi\u00f5es ribeirinhas, v\u00e1lido at\u00e9 14h20 de 1\u00ba de julho. Procure informa\u00e7\u00f5es junto \u00e0 Defesa Civil da sua cidade, conhe\u00e7a os Planos de Conting\u00eancia municipais para saber quais os [&hellip;]<\/p>\n","protected":false},"author":2,"featured_media":35551,"comment_status":"open","ping_status":"open","sticky":false,"template":"","format":"standard","meta":{"amp_status":"","footnotes":""},"categories":[2193],"tags":[390,389,2759,190,4402,213],"class_list":["post-35550","post","type-post","status-publish","format-standard","has-post-thumbnail","hentry","category-clima","tag-alerta","tag-defesa-civil","tag-elevacao","tag-featured","tag-lagoa-dos-patos","tag-rio-grande-do-sul"],"yoast_head":"<!-- This site is optimized with the Yoast SEO plugin v20.5 - https:\/\/yoast.com\/wordpress\/plugins\/seo\/ -->\n<title>Defesa Civil alerta para lenta eleva\u00e7\u00e3o da Lagoa dos Patos - O Timoneiro Jornal Canoas RS<\/title>\n<meta name=\"description\" content=\"A Defesa Civil do Rio Grande do Sul alerta nesta segunda-feira, 30, para lenta eleva\u00e7\u00e3o da Lagoa dos Patos. De acordo com \u00f3rg\u00e3o\" \/>\n<meta name=\"robots\" content=\"index, follow, max-snippet:-1, max-image-preview:large, max-video-preview:-1\" \/>\n<link rel=\"canonical\" href=\"https:\/\/jornaltimoneiro.com.br\/index.php\/2025\/06\/30\/defesa-civil-alerta-para-lenta-elevacao-da-lagoa-dos-patos\/\" \/>\n<meta property=\"og:locale\" content=\"pt_BR\" \/>\n<meta property=\"og:type\" content=\"article\" \/>\n<meta property=\"og:title\" content=\"Defesa Civil alerta para lenta eleva\u00e7\u00e3o da Lagoa dos Patos - O Timoneiro Jornal Canoas RS\" \/>\n<meta property=\"og:description\" content=\"A Defesa Civil do Rio Grande do Sul alerta nesta segunda-feira, 30, para lenta eleva\u00e7\u00e3o da Lagoa dos Patos. De acordo com \u00f3rg\u00e3o\" \/>\n<meta property=\"og:url\" content=\"https:\/\/jornaltimoneiro.com.br\/index.php\/2025\/06\/30\/defesa-civil-alerta-para-lenta-elevacao-da-lagoa-dos-patos\/\" \/>\n<meta property=\"og:site_name\" content=\"O Timoneiro Jornal Canoas RS\" \/>\n<meta property=\"article:publisher\" content=\"https:\/\/www.facebook.com\/jornaltimoneiro\" \/>\n<meta property=\"article:published_time\" content=\"2025-06-30T17:44:32+00:00\" \/>\n<meta property=\"og:image\" content=\"https:\/\/jornaltimoneiro.com.br\/wp-content\/uploads\/2025\/06\/Defesa-Civil-alerta-para-lenta-elevacao-da-Lagoa-dos-Patos.jpeg\" \/>\n\t<meta property=\"og:image:width\" content=\"800\" \/>\n\t<meta property=\"og:image:height\" content=\"624\" \/>\n\t<meta property=\"og:image:type\" content=\"image\/jpeg\" \/>\n<meta name=\"author\" content=\"Reda\u00e7\u00e3o\" \/>\n<meta name=\"twitter:card\" content=\"summary_large_image\" \/>\n<meta name=\"twitter:creator\" content=\"@_OTimoneiro\" \/>\n<meta name=\"twitter:site\" content=\"@_OTimoneiro\" \/>\n<meta name=\"twitter:label1\" content=\"Escrito por\" \/>\n\t<meta name=\"twitter:data1\" content=\"Reda\u00e7\u00e3o\" \/>\n\t<meta name=\"twitter:label2\" content=\"Est. tempo de leitura\" \/>\n\t<meta name=\"twitter:data2\" content=\"1 minuto\" \/>\n<script type=\"application\/ld+json\" class=\"yoast-schema-graph\">{\"@context\":\"https:\/\/schema.org\",\"@graph\":[{\"@type\":\"Article\",\"@id\":\"https:\/\/jornaltimoneiro.com.br\/index.php\/2025\/06\/30\/defesa-civil-alerta-para-lenta-elevacao-da-lagoa-dos-patos\/#article\",\"isPartOf\":{\"@id\":\"https:\/\/jornaltimoneiro.com.br\/index.php\/2025\/06\/30\/defesa-civil-alerta-para-lenta-elevacao-da-lagoa-dos-patos\/\"},\"author\":{\"name\":\"Reda\u00e7\u00e3o\",\"@id\":\"https:\/\/jornaltimoneiro.com.br\/#\/schema\/person\/f63482f1a02b1a9592707865e509ab40\"},\"headline\":\"Defesa Civil alerta para lenta eleva\u00e7\u00e3o da Lagoa dos Patos\",\"datePublished\":\"2025-06-30T17:44:32+00:00\",\"dateModified\":\"2025-06-30T17:44:32+00:00\",\"mainEntityOfPage\":{\"@id\":\"https:\/\/jornaltimoneiro.com.br\/index.php\/2025\/06\/30\/defesa-civil-alerta-para-lenta-elevacao-da-lagoa-dos-patos\/\"},\"wordCount\":85,\"commentCount\":0,\"publisher\":{\"@id\":\"https:\/\/jornaltimoneiro.com.br\/#organization\"},\"keywords\":[\"alerta\",\"defesa civil\",\"eleva\u00e7\u00e3o\",\"featured\",\"lagoa dos patos\",\"rio grande do sul\"],\"articleSection\":[\"Clima\"],\"inLanguage\":\"pt-BR\",\"potentialAction\":[{\"@type\":\"CommentAction\",\"name\":\"Comment\",\"target\":[\"https:\/\/jornaltimoneiro.com.br\/index.php\/2025\/06\/30\/defesa-civil-alerta-para-lenta-elevacao-da-lagoa-dos-patos\/#respond\"]}]},{\"@type\":\"WebPage\",\"@id\":\"https:\/\/jornaltimoneiro.com.br\/index.php\/2025\/06\/30\/defesa-civil-alerta-para-lenta-elevacao-da-lagoa-dos-patos\/\",\"url\":\"https:\/\/jornaltimoneiro.com.br\/index.php\/2025\/06\/30\/defesa-civil-alerta-para-lenta-elevacao-da-lagoa-dos-patos\/\",\"name\":\"Defesa Civil alerta para lenta eleva\u00e7\u00e3o da Lagoa dos Patos - O Timoneiro Jornal Canoas RS\",\"isPartOf\":{\"@id\":\"https:\/\/jornaltimoneiro.com.br\/#website\"},\"datePublished\":\"2025-06-30T17:44:32+00:00\",\"dateModified\":\"2025-06-30T17:44:32+00:00\",\"description\":\"A Defesa Civil do Rio Grande do Sul alerta nesta segunda-feira, 30, para lenta eleva\u00e7\u00e3o da Lagoa dos Patos. De acordo com \u00f3rg\u00e3o\",\"breadcrumb\":{\"@id\":\"https:\/\/jornaltimoneiro.com.br\/index.php\/2025\/06\/30\/defesa-civil-alerta-para-lenta-elevacao-da-lagoa-dos-patos\/#breadcrumb\"},\"inLanguage\":\"pt-BR\",\"potentialAction\":[{\"@type\":\"ReadAction\",\"target\":[\"https:\/\/jornaltimoneiro.com.br\/index.php\/2025\/06\/30\/defesa-civil-alerta-para-lenta-elevacao-da-lagoa-dos-patos\/\"]}]},{\"@type\":\"BreadcrumbList\",\"@id\":\"https:\/\/jornaltimoneiro.com.br\/index.php\/2025\/06\/30\/defesa-civil-alerta-para-lenta-elevacao-da-lagoa-dos-patos\/#breadcrumb\",\"itemListElement\":[{\"@type\":\"ListItem\",\"position\":1,\"name\":\"In\u00edcio\",\"item\":\"https:\/\/jornaltimoneiro.com.br\/\"},{\"@type\":\"ListItem\",\"position\":2,\"name\":\"Defesa Civil alerta para lenta eleva\u00e7\u00e3o da Lagoa dos Patos\"}]},{\"@type\":\"WebSite\",\"@id\":\"https:\/\/jornaltimoneiro.com.br\/#website\",\"url\":\"https:\/\/jornaltimoneiro.com.br\/\",\"name\":\"Jornal Timoneiro Canoas RS\",\"description\":\"Jornal O Timoneiro, o verdadeiro jornal de Canoas\",\"publisher\":{\"@id\":\"https:\/\/jornaltimoneiro.com.br\/#organization\"},\"potentialAction\":[{\"@type\":\"SearchAction\",\"target\":{\"@type\":\"EntryPoint\",\"urlTemplate\":\"https:\/\/jornaltimoneiro.com.br\/?s={search_term_string}\"},\"query-input\":\"required name=search_term_string\"}],\"inLanguage\":\"pt-BR\"},{\"@type\":\"Organization\",\"@id\":\"https:\/\/jornaltimoneiro.com.br\/#organization\",\"name\":\"Jornal Timoneiro Canoas RS\",\"url\":\"https:\/\/jornaltimoneiro.com.br\/\",\"logo\":{\"@type\":\"ImageObject\",\"inLanguage\":\"pt-BR\",\"@id\":\"https:\/\/jornaltimoneiro.com.br\/#\/schema\/logo\/image\/\",\"url\":\"https:\/\/jornaltimoneiro.com.br\/wp-content\/uploads\/2023\/03\/logonovo.png\",\"contentUrl\":\"https:\/\/jornaltimoneiro.com.br\/wp-content\/uploads\/2023\/03\/logonovo.png\",\"width\":\"469\",\"height\":\"171\",\"caption\":\"Jornal Timoneiro Canoas RS\"},\"image\":{\"@id\":\"https:\/\/jornaltimoneiro.com.br\/#\/schema\/logo\/image\/\"},\"sameAs\":[\"https:\/\/www.facebook.com\/jornaltimoneiro\",\"https:\/\/twitter.com\/_OTimoneiro\",\"https:\/\/www.instagram.com\/jornaltimoneirocanoas\/\",\"https:\/\/www.youtube.com\/@jornalotimoneiro7927\"]},{\"@type\":\"Person\",\"@id\":\"https:\/\/jornaltimoneiro.com.br\/#\/schema\/person\/f63482f1a02b1a9592707865e509ab40\",\"name\":\"Reda\u00e7\u00e3o\",\"image\":{\"@type\":\"ImageObject\",\"inLanguage\":\"pt-BR\",\"@id\":\"https:\/\/jornaltimoneiro.com.br\/#\/schema\/person\/image\/\",\"url\":\"https:\/\/jornaltimoneiro.com.br\/wp-content\/uploads\/2023\/03\/download.jpeg\",\"contentUrl\":\"https:\/\/jornaltimoneiro.com.br\/wp-content\/uploads\/2023\/03\/download.jpeg\",\"caption\":\"Reda\u00e7\u00e3o\"},\"url\":\"https:\/\/jornaltimoneiro.com.br\/index.php\/author\/simone-dutra\/\"}]}<\/script>\n<!-- \/ Yoast SEO plugin. -->","yoast_head_json":{"title":"Defesa Civil alerta para lenta eleva\u00e7\u00e3o da Lagoa dos Patos - O Timoneiro Jornal Canoas RS","description":"A Defesa Civil do Rio Grande do Sul alerta nesta segunda-feira, 30, para lenta eleva\u00e7\u00e3o da Lagoa dos Patos. De acordo com \u00f3rg\u00e3o","robots":{"index":"index","follow":"follow","max-snippet":"max-snippet:-1","max-image-preview":"max-image-preview:large","max-video-preview":"max-video-preview:-1"},"canonical":"https:\/\/jornaltimoneiro.com.br\/index.php\/2025\/06\/30\/defesa-civil-alerta-para-lenta-elevacao-da-lagoa-dos-patos\/","og_locale":"pt_BR","og_type":"article","og_title":"Defesa Civil alerta para lenta eleva\u00e7\u00e3o da Lagoa dos Patos - O Timoneiro Jornal Canoas RS","og_description":"A Defesa Civil do Rio Grande do Sul alerta nesta segunda-feira, 30, para lenta eleva\u00e7\u00e3o da Lagoa dos Patos. De acordo com \u00f3rg\u00e3o","og_url":"https:\/\/jornaltimoneiro.com.br\/index.php\/2025\/06\/30\/defesa-civil-alerta-para-lenta-elevacao-da-lagoa-dos-patos\/","og_site_name":"O Timoneiro Jornal Canoas RS","article_publisher":"https:\/\/www.facebook.com\/jornaltimoneiro","article_published_time":"2025-06-30T17:44:32+00:00","og_image":[{"width":"800","height":"624","url":"https:\/\/jornaltimoneiro.com.br\/wp-content\/uploads\/2025\/06\/Defesa-Civil-alerta-para-lenta-elevacao-da-Lagoa-dos-Patos.jpeg","type":"image\/jpeg"}],"author":"Reda\u00e7\u00e3o","twitter_card":"summary_large_image","twitter_creator":"@_OTimoneiro","twitter_site":"@_OTimoneiro","twitter_misc":{"Escrito por":"Reda\u00e7\u00e3o","Est. tempo de leitura":"1 minuto"},"schema":{"@context":"https:\/\/schema.org","@graph":[{"@type":"Article","@id":"https:\/\/jornaltimoneiro.com.br\/index.php\/2025\/06\/30\/defesa-civil-alerta-para-lenta-elevacao-da-lagoa-dos-patos\/#article","isPartOf":{"@id":"https:\/\/jornaltimoneiro.com.br\/index.php\/2025\/06\/30\/defesa-civil-alerta-para-lenta-elevacao-da-lagoa-dos-patos\/"},"author":{"name":"Reda\u00e7\u00e3o","@id":"https:\/\/jornaltimoneiro.com.br\/#\/schema\/person\/f63482f1a02b1a9592707865e509ab40"},"headline":"Defesa Civil alerta para lenta eleva\u00e7\u00e3o da Lagoa dos Patos","datePublished":"2025-06-30T17:44:32+00:00","dateModified":"2025-06-30T17:44:32+00:00","mainEntityOfPage":{"@id":"https:\/\/jornaltimoneiro.com.br\/index.php\/2025\/06\/30\/defesa-civil-alerta-para-lenta-elevacao-da-lagoa-dos-patos\/"},"wordCount":85,"commentCount":0,"publisher":{"@id":"https:\/\/jornaltimoneiro.com.br\/#organization"},"keywords":["alerta","defesa civil","eleva\u00e7\u00e3o","featured","lagoa dos patos","rio grande do sul"],"articleSection":["Clima"],"inLanguage":"pt-BR","potentialAction":[{"@type":"CommentAction","name":"Comment","target":["https:\/\/jornaltimoneiro.com.br\/index.php\/2025\/06\/30\/defesa-civil-alerta-para-lenta-elevacao-da-lagoa-dos-patos\/#respond"]}]},{"@type":"WebPage","@id":"https:\/\/jornaltimoneiro.com.br\/index.php\/2025\/06\/30\/defesa-civil-alerta-para-lenta-elevacao-da-lagoa-dos-patos\/","url":"https:\/\/jornaltimoneiro.com.br\/index.php\/2025\/06\/30\/defesa-civil-alerta-para-lenta-elevacao-da-lagoa-dos-patos\/","name":"Defesa Civil alerta para lenta eleva\u00e7\u00e3o da Lagoa dos Patos - O Timoneiro Jornal Canoas RS","isPartOf":{"@id":"https:\/\/jornaltimoneiro.com.br\/#website"},"datePublished":"2025-06-30T17:44:32+00:00","dateModified":"2025-06-30T17:44:32+00:00","description":"A Defesa Civil do Rio Grande do Sul alerta nesta segunda-feira, 30, para lenta eleva\u00e7\u00e3o da Lagoa dos Patos. De acordo com \u00f3rg\u00e3o","breadcrumb":{"@id":"https:\/\/jornaltimoneiro.com.br\/index.php\/2025\/06\/30\/defesa-civil-alerta-para-lenta-elevacao-da-lagoa-dos-patos\/#breadcrumb"},"inLanguage":"pt-BR","potentialAction":[{"@type":"ReadAction","target":["https:\/\/jornaltimoneiro.com.br\/index.php\/2025\/06\/30\/defesa-civil-alerta-para-lenta-elevacao-da-lagoa-dos-patos\/"]}]},{"@type":"BreadcrumbList","@id":"https:\/\/jornaltimoneiro.com.br\/index.php\/2025\/06\/30\/defesa-civil-alerta-para-lenta-elevacao-da-lagoa-dos-patos\/#breadcrumb","itemListElement":[{"@type":"ListItem","position":1,"name":"In\u00edcio","item":"https:\/\/jornaltimoneiro.com.br\/"},{"@type":"ListItem","position":2,"name":"Defesa Civil alerta para lenta eleva\u00e7\u00e3o da Lagoa dos Patos"}]},{"@type":"WebSite","@id":"https:\/\/jornaltimoneiro.com.br\/#website","url":"https:\/\/jornaltimoneiro.com.br\/","name":"Jornal Timoneiro Canoas RS","description":"Jornal O Timoneiro, o verdadeiro jornal de Canoas","publisher":{"@id":"https:\/\/jornaltimoneiro.com.br\/#organization"},"potentialAction":[{"@type":"SearchAction","target":{"@type":"EntryPoint","urlTemplate":"https:\/\/jornaltimoneiro.com.br\/?s={search_term_string}"},"query-input":"required name=search_term_string"}],"inLanguage":"pt-BR"},{"@type":"Organization","@id":"https:\/\/jornaltimoneiro.com.br\/#organization","name":"Jornal Timoneiro Canoas RS","url":"https:\/\/jornaltimoneiro.com.br\/","logo":{"@type":"ImageObject","inLanguage":"pt-BR","@id":"https:\/\/jornaltimoneiro.com.br\/#\/schema\/logo\/image\/","url":"https:\/\/jornaltimoneiro.com.br\/wp-content\/uploads\/2023\/03\/logonovo.png","contentUrl":"https:\/\/jornaltimoneiro.com.br\/wp-content\/uploads\/2023\/03\/logonovo.png","width":"469","height":"171","caption":"Jornal Timoneiro Canoas RS"},"image":{"@id":"https:\/\/jornaltimoneiro.com.br\/#\/schema\/logo\/image\/"},"sameAs":["https:\/\/www.facebook.com\/jornaltimoneiro","https:\/\/twitter.com\/_OTimoneiro","https:\/\/www.instagram.com\/jornaltimoneirocanoas\/","https:\/\/www.youtube.com\/@jornalotimoneiro7927"]},{"@type":"Person","@id":"https:\/\/jornaltimoneiro.com.br\/#\/schema\/person\/f63482f1a02b1a9592707865e509ab40","name":"Reda\u00e7\u00e3o","image":{"@type":"ImageObject","inLanguage":"pt-BR","@id":"https:\/\/jornaltimoneiro.com.br\/#\/schema\/person\/image\/","url":"https:\/\/jornaltimoneiro.com.br\/wp-content\/uploads\/2023\/03\/download.jpeg","contentUrl":"https:\/\/jornaltimoneiro.com.br\/wp-content\/uploads\/2023\/03\/download.jpeg","caption":"Reda\u00e7\u00e3o"},"url":"https:\/\/jornaltimoneiro.com.br\/index.php\/author\/simone-dutra\/"}]}},"_links":{"self":[{"href":"https:\/\/jornaltimoneiro.com.br\/index.php\/wp-json\/wp\/v2\/posts\/35550"}],"collection":[{"href":"https:\/\/jornaltimoneiro.com.br\/index.php\/wp-json\/wp\/v2\/posts"}],"about":[{"href":"https:\/\/jornaltimoneiro.com.br\/index.php\/wp-json\/wp\/v2\/types\/post"}],"author":[{"embeddable":true,"href":"https:\/\/jornaltimoneiro.com.br\/index.php\/wp-json\/wp\/v2\/users\/2"}],"replies":[{"embeddable":true,"href":"https:\/\/jornaltimoneiro.com.br\/index.php\/wp-json\/wp\/v2\/comments?post=35550"}],"version-history":[{"count":1,"href":"https:\/\/jornaltimoneiro.com.br\/index.php\/wp-json\/wp\/v2\/posts\/35550\/revisions"}],"predecessor-version":[{"id":35552,"href":"https:\/\/jornaltimoneiro.com.br\/index.php\/wp-json\/wp\/v2\/posts\/35550\/revisions\/35552"}],"wp:featuredmedia":[{"embeddable":true,"href":"https:\/\/jornaltimoneiro.com.br\/index.php\/wp-json\/wp\/v2\/media\/35551"}],"wp:attachment":[{"href":"https:\/\/jornaltimoneiro.com.br\/index.php\/wp-json\/wp\/v2\/media?parent=35550"}],"wp:term":[{"taxonomy":"category","embeddable":true,"href":"https:\/\/jornaltimoneiro.com.br\/index.php\/wp-json\/wp\/v2\/categories?post=35550"},{"taxonomy":"post_tag","embeddable":true,"href":"https:\/\/jornaltimoneiro.com.br\/index.php\/wp-json\/wp\/v2\/tags?post=35550"}],"curies":[{"name":"wp","href":"https:\/\/api.w.org\/{rel}","templated":true}]}}