{"id":35531,"date":"2025-06-27T16:17:56","date_gmt":"2025-06-27T19:17:56","guid":{"rendered":"https:\/\/jornaltimoneiro.com.br\/?p=35531"},"modified":"2025-06-27T16:17:56","modified_gmt":"2025-06-27T19:17:56","slug":"governador-reune-equipe-para-alinhar-acoes-diante-de-novo-alerta-de-chuvas-intensas","status":"publish","type":"post","link":"https:\/\/jornaltimoneiro.com.br\/index.php\/2025\/06\/27\/governador-reune-equipe-para-alinhar-acoes-diante-de-novo-alerta-de-chuvas-intensas\/","title":{"rendered":"Governador re\u00fane equipe para alinhar a\u00e7\u00f5es diante de novo alerta de chuvas intensas"},"content":{"rendered":"<p>Diante da previs\u00e3o de um novo epis\u00f3dio cr\u00edtico de chuvas no Rio Grande do Sul no fim de semana, o governador Eduardo Leite coordenou, na manh\u00e3 desta sexta-feira, 27, uma reuni\u00e3o de alinhamento das estruturas estaduais de resposta e preven\u00e7\u00e3o. Participaram presencialmente e de forma virtual integrantes da equipe de governo, incluindo as \u00e1reas de seguran\u00e7a, infraestrutura, comunica\u00e7\u00e3o, sa\u00fade, educa\u00e7\u00e3o, meio ambiente, assist\u00eancia social e defesa civil.<\/p>\n<p>O encontro teve como objetivo revisar os protocolos de atua\u00e7\u00e3o, refor\u00e7ar a comunica\u00e7\u00e3o com os munic\u00edpios e planejar medidas preventivas para minimizar os impactos da instabilidade meteorol\u00f3gica prevista.<\/p>\n<p>Segundo a Defesa Civil estadual, h\u00e1 risco de chuvas intensas e volumosas, com possibilidade de alagamentos, enxurradas e deslizamentos em algumas regi\u00f5es do Estado, como Serra, Vale do Taquari e Vale do Rio Pardo. A atualiza\u00e7\u00e3o completa est\u00e1 dispon\u00edvel no site\u00a0<a href=\"https:\/\/defesacivil.rs.gov.br\/inicial\" target=\"_blank\" rel=\"noopener\"><strong>defesacivil.rs.gov.br<\/strong><\/a>.<\/p>\n<p>Durante a reuni\u00e3o, foi definida a instala\u00e7\u00e3o de tr\u00eas gabinetes avan\u00e7ados de crise da Defesa Civil, que funcionar\u00e3o em Santa Cruz do Sul, Lajeado e Caxias do Sul. Esses centros servir\u00e3o como pontos de apoio e articula\u00e7\u00e3o regional para o acompanhamento em tempo real da situa\u00e7\u00e3o nas \u00e1reas com maior probabilidade de impacto.<\/p>\n<p>O alinhamento inclui ainda a emiss\u00e3o de avisos e alertas \u00e0 popula\u00e7\u00e3o nas pr\u00f3ximas horas, com base nas atualiza\u00e7\u00f5es dos sistemas de monitoramento meteorol\u00f3gico. A mobiliza\u00e7\u00e3o tamb\u00e9m prev\u00ea uma reuni\u00e3o virtual do governador com prefeitos e coordenadores regionais da Defesa Civil no final do dia, para refor\u00e7ar a integra\u00e7\u00e3o com os munic\u00edpios e garantir a execu\u00e7\u00e3o dos planos de conting\u00eancia locais.<\/p>\n<p>As equipes do governo do Estado est\u00e3o em prontid\u00e3o para o atendimento de ocorr\u00eancias, com foco especial na prote\u00e7\u00e3o de vidas e na redu\u00e7\u00e3o de danos. O governador destacou a import\u00e2ncia da agilidade e da coopera\u00e7\u00e3o entre Estado e munic\u00edpios neste momento de aten\u00e7\u00e3o.<\/p>\n<blockquote><p>\u201cNossa prioridade \u00e9 agir com rapidez e coordena\u00e7\u00e3o. Estamos estruturando a resposta antes que os efeitos da chuva se intensifiquem, com todos os \u00f3rg\u00e3os envolvidos preparados para dar suporte aos munic\u00edpios e \u00e0 popula\u00e7\u00e3o\u201d, afirmou Leite.<\/p><\/blockquote>\n<p>A popula\u00e7\u00e3o deve acompanhar os canais oficiais da Defesa Civil e seguir as orienta\u00e7\u00f5es das autoridades locais. Em caso de emerg\u00eancia, o contato deve ser feito pelo telefone 190 (Brigada Militar) ou 193 (Corpo de Bombeiros).<\/p>\n","protected":false},"excerpt":{"rendered":"<p>Diante da previs\u00e3o de um novo epis\u00f3dio cr\u00edtico de chuvas no Rio Grande do Sul no fim de semana, o governador Eduardo Leite coordenou, na manh\u00e3 desta sexta-feira, 27, uma reuni\u00e3o de alinhamento das estruturas estaduais de resposta e preven\u00e7\u00e3o. Participaram presencialmente e de forma virtual integrantes da equipe de governo, incluindo as \u00e1reas de [&hellip;]<\/p>\n","protected":false},"author":2,"featured_media":35532,"comment_status":"open","ping_status":"open","sticky":false,"template":"","format":"standard","meta":{"amp_status":"","footnotes":""},"categories":[2193],"tags":[1416,389,665,190],"class_list":["post-35531","post","type-post","status-publish","format-standard","has-post-thumbnail","hentry","category-clima","tag-chuvas","tag-defesa-civil","tag-eduardo-leite","tag-featured"],"yoast_head":"<!-- This site is optimized with the Yoast SEO plugin v20.5 - https:\/\/yoast.com\/wordpress\/plugins\/seo\/ -->\n<title>Governador re\u00fane equipe para alinhar a\u00e7\u00f5es diante de novo alerta de chuvas intensas - O Timoneiro Jornal Canoas RS<\/title>\n<meta name=\"description\" content=\"Diante da previs\u00e3o de um novo epis\u00f3dio cr\u00edtico de chuvas no Rio Grande do Sul no fim de semana, o governador Eduardo Leite coordenou\" \/>\n<meta name=\"robots\" content=\"index, follow, max-snippet:-1, max-image-preview:large, max-video-preview:-1\" \/>\n<link rel=\"canonical\" href=\"https:\/\/jornaltimoneiro.com.br\/index.php\/2025\/06\/27\/governador-reune-equipe-para-alinhar-acoes-diante-de-novo-alerta-de-chuvas-intensas\/\" \/>\n<meta property=\"og:locale\" content=\"pt_BR\" \/>\n<meta property=\"og:type\" content=\"article\" \/>\n<meta property=\"og:title\" content=\"Governador re\u00fane equipe para alinhar a\u00e7\u00f5es diante de novo alerta de chuvas intensas - O Timoneiro Jornal Canoas RS\" \/>\n<meta property=\"og:description\" content=\"Diante da previs\u00e3o de um novo epis\u00f3dio cr\u00edtico de chuvas no Rio Grande do Sul no fim de semana, o governador Eduardo Leite coordenou\" \/>\n<meta property=\"og:url\" content=\"https:\/\/jornaltimoneiro.com.br\/index.php\/2025\/06\/27\/governador-reune-equipe-para-alinhar-acoes-diante-de-novo-alerta-de-chuvas-intensas\/\" \/>\n<meta property=\"og:site_name\" content=\"O Timoneiro Jornal Canoas RS\" \/>\n<meta property=\"article:publisher\" content=\"https:\/\/www.facebook.com\/jornaltimoneiro\" \/>\n<meta property=\"article:published_time\" content=\"2025-06-27T19:17:56+00:00\" \/>\n<meta property=\"og:image\" content=\"https:\/\/jornaltimoneiro.com.br\/wp-content\/uploads\/2025\/06\/Governador-reune-equipe-para-alinhar-acoes-diante-de-novo-alerta-de-chuvas-intensas.jpeg\" \/>\n\t<meta property=\"og:image:width\" content=\"945\" \/>\n\t<meta property=\"og:image:height\" content=\"531\" \/>\n\t<meta property=\"og:image:type\" content=\"image\/jpeg\" \/>\n<meta name=\"author\" content=\"Reda\u00e7\u00e3o\" \/>\n<meta name=\"twitter:card\" content=\"summary_large_image\" \/>\n<meta name=\"twitter:creator\" content=\"@_OTimoneiro\" \/>\n<meta name=\"twitter:site\" content=\"@_OTimoneiro\" \/>\n<meta name=\"twitter:label1\" content=\"Escrito por\" \/>\n\t<meta name=\"twitter:data1\" content=\"Reda\u00e7\u00e3o\" \/>\n\t<meta name=\"twitter:label2\" content=\"Est. tempo de leitura\" \/>\n\t<meta name=\"twitter:data2\" content=\"3 minutos\" \/>\n<script type=\"application\/ld+json\" class=\"yoast-schema-graph\">{\"@context\":\"https:\/\/schema.org\",\"@graph\":[{\"@type\":\"Article\",\"@id\":\"https:\/\/jornaltimoneiro.com.br\/index.php\/2025\/06\/27\/governador-reune-equipe-para-alinhar-acoes-diante-de-novo-alerta-de-chuvas-intensas\/#article\",\"isPartOf\":{\"@id\":\"https:\/\/jornaltimoneiro.com.br\/index.php\/2025\/06\/27\/governador-reune-equipe-para-alinhar-acoes-diante-de-novo-alerta-de-chuvas-intensas\/\"},\"author\":{\"name\":\"Reda\u00e7\u00e3o\",\"@id\":\"https:\/\/jornaltimoneiro.com.br\/#\/schema\/person\/f63482f1a02b1a9592707865e509ab40\"},\"headline\":\"Governador re\u00fane equipe para alinhar a\u00e7\u00f5es diante de novo alerta de chuvas intensas\",\"datePublished\":\"2025-06-27T19:17:56+00:00\",\"dateModified\":\"2025-06-27T19:17:56+00:00\",\"mainEntityOfPage\":{\"@id\":\"https:\/\/jornaltimoneiro.com.br\/index.php\/2025\/06\/27\/governador-reune-equipe-para-alinhar-acoes-diante-de-novo-alerta-de-chuvas-intensas\/\"},\"wordCount\":434,\"commentCount\":0,\"publisher\":{\"@id\":\"https:\/\/jornaltimoneiro.com.br\/#organization\"},\"keywords\":[\"chuvas\",\"defesa civil\",\"eduardo leite\",\"featured\"],\"articleSection\":[\"Clima\"],\"inLanguage\":\"pt-BR\",\"potentialAction\":[{\"@type\":\"CommentAction\",\"name\":\"Comment\",\"target\":[\"https:\/\/jornaltimoneiro.com.br\/index.php\/2025\/06\/27\/governador-reune-equipe-para-alinhar-acoes-diante-de-novo-alerta-de-chuvas-intensas\/#respond\"]}]},{\"@type\":\"WebPage\",\"@id\":\"https:\/\/jornaltimoneiro.com.br\/index.php\/2025\/06\/27\/governador-reune-equipe-para-alinhar-acoes-diante-de-novo-alerta-de-chuvas-intensas\/\",\"url\":\"https:\/\/jornaltimoneiro.com.br\/index.php\/2025\/06\/27\/governador-reune-equipe-para-alinhar-acoes-diante-de-novo-alerta-de-chuvas-intensas\/\",\"name\":\"Governador re\u00fane equipe para alinhar a\u00e7\u00f5es diante de novo alerta de chuvas intensas - O Timoneiro Jornal Canoas RS\",\"isPartOf\":{\"@id\":\"https:\/\/jornaltimoneiro.com.br\/#website\"},\"datePublished\":\"2025-06-27T19:17:56+00:00\",\"dateModified\":\"2025-06-27T19:17:56+00:00\",\"description\":\"Diante da previs\u00e3o de um novo epis\u00f3dio cr\u00edtico de chuvas no Rio Grande do Sul no fim de semana, o governador Eduardo Leite coordenou\",\"breadcrumb\":{\"@id\":\"https:\/\/jornaltimoneiro.com.br\/index.php\/2025\/06\/27\/governador-reune-equipe-para-alinhar-acoes-diante-de-novo-alerta-de-chuvas-intensas\/#breadcrumb\"},\"inLanguage\":\"pt-BR\",\"potentialAction\":[{\"@type\":\"ReadAction\",\"target\":[\"https:\/\/jornaltimoneiro.com.br\/index.php\/2025\/06\/27\/governador-reune-equipe-para-alinhar-acoes-diante-de-novo-alerta-de-chuvas-intensas\/\"]}]},{\"@type\":\"BreadcrumbList\",\"@id\":\"https:\/\/jornaltimoneiro.com.br\/index.php\/2025\/06\/27\/governador-reune-equipe-para-alinhar-acoes-diante-de-novo-alerta-de-chuvas-intensas\/#breadcrumb\",\"itemListElement\":[{\"@type\":\"ListItem\",\"position\":1,\"name\":\"In\u00edcio\",\"item\":\"https:\/\/jornaltimoneiro.com.br\/\"},{\"@type\":\"ListItem\",\"position\":2,\"name\":\"Governador re\u00fane equipe para alinhar a\u00e7\u00f5es diante de novo alerta de chuvas intensas\"}]},{\"@type\":\"WebSite\",\"@id\":\"https:\/\/jornaltimoneiro.com.br\/#website\",\"url\":\"https:\/\/jornaltimoneiro.com.br\/\",\"name\":\"Jornal Timoneiro Canoas RS\",\"description\":\"Jornal O Timoneiro, o verdadeiro jornal de Canoas\",\"publisher\":{\"@id\":\"https:\/\/jornaltimoneiro.com.br\/#organization\"},\"potentialAction\":[{\"@type\":\"SearchAction\",\"target\":{\"@type\":\"EntryPoint\",\"urlTemplate\":\"https:\/\/jornaltimoneiro.com.br\/?s={search_term_string}\"},\"query-input\":\"required name=search_term_string\"}],\"inLanguage\":\"pt-BR\"},{\"@type\":\"Organization\",\"@id\":\"https:\/\/jornaltimoneiro.com.br\/#organization\",\"name\":\"Jornal Timoneiro Canoas RS\",\"url\":\"https:\/\/jornaltimoneiro.com.br\/\",\"logo\":{\"@type\":\"ImageObject\",\"inLanguage\":\"pt-BR\",\"@id\":\"https:\/\/jornaltimoneiro.com.br\/#\/schema\/logo\/image\/\",\"url\":\"https:\/\/jornaltimoneiro.com.br\/wp-content\/uploads\/2023\/03\/logonovo.png\",\"contentUrl\":\"https:\/\/jornaltimoneiro.com.br\/wp-content\/uploads\/2023\/03\/logonovo.png\",\"width\":\"469\",\"height\":\"171\",\"caption\":\"Jornal Timoneiro Canoas RS\"},\"image\":{\"@id\":\"https:\/\/jornaltimoneiro.com.br\/#\/schema\/logo\/image\/\"},\"sameAs\":[\"https:\/\/www.facebook.com\/jornaltimoneiro\",\"https:\/\/twitter.com\/_OTimoneiro\",\"https:\/\/www.instagram.com\/jornaltimoneirocanoas\/\",\"https:\/\/www.youtube.com\/@jornalotimoneiro7927\"]},{\"@type\":\"Person\",\"@id\":\"https:\/\/jornaltimoneiro.com.br\/#\/schema\/person\/f63482f1a02b1a9592707865e509ab40\",\"name\":\"Reda\u00e7\u00e3o\",\"image\":{\"@type\":\"ImageObject\",\"inLanguage\":\"pt-BR\",\"@id\":\"https:\/\/jornaltimoneiro.com.br\/#\/schema\/person\/image\/\",\"url\":\"https:\/\/jornaltimoneiro.com.br\/wp-content\/uploads\/2023\/03\/download.jpeg\",\"contentUrl\":\"https:\/\/jornaltimoneiro.com.br\/wp-content\/uploads\/2023\/03\/download.jpeg\",\"caption\":\"Reda\u00e7\u00e3o\"},\"url\":\"https:\/\/jornaltimoneiro.com.br\/index.php\/author\/simone-dutra\/\"}]}<\/script>\n<!-- \/ Yoast SEO plugin. -->","yoast_head_json":{"title":"Governador re\u00fane equipe para alinhar a\u00e7\u00f5es diante de novo alerta de chuvas intensas - O Timoneiro Jornal Canoas RS","description":"Diante da previs\u00e3o de um novo epis\u00f3dio cr\u00edtico de chuvas no Rio Grande do Sul no fim de semana, o governador Eduardo Leite coordenou","robots":{"index":"index","follow":"follow","max-snippet":"max-snippet:-1","max-image-preview":"max-image-preview:large","max-video-preview":"max-video-preview:-1"},"canonical":"https:\/\/jornaltimoneiro.com.br\/index.php\/2025\/06\/27\/governador-reune-equipe-para-alinhar-acoes-diante-de-novo-alerta-de-chuvas-intensas\/","og_locale":"pt_BR","og_type":"article","og_title":"Governador re\u00fane equipe para alinhar a\u00e7\u00f5es diante de novo alerta de chuvas intensas - O Timoneiro Jornal Canoas RS","og_description":"Diante da previs\u00e3o de um novo epis\u00f3dio cr\u00edtico de chuvas no Rio Grande do Sul no fim de semana, o governador Eduardo Leite coordenou","og_url":"https:\/\/jornaltimoneiro.com.br\/index.php\/2025\/06\/27\/governador-reune-equipe-para-alinhar-acoes-diante-de-novo-alerta-de-chuvas-intensas\/","og_site_name":"O Timoneiro Jornal Canoas RS","article_publisher":"https:\/\/www.facebook.com\/jornaltimoneiro","article_published_time":"2025-06-27T19:17:56+00:00","og_image":[{"width":"945","height":"531","url":"https:\/\/jornaltimoneiro.com.br\/wp-content\/uploads\/2025\/06\/Governador-reune-equipe-para-alinhar-acoes-diante-de-novo-alerta-de-chuvas-intensas.jpeg","type":"image\/jpeg"}],"author":"Reda\u00e7\u00e3o","twitter_card":"summary_large_image","twitter_creator":"@_OTimoneiro","twitter_site":"@_OTimoneiro","twitter_misc":{"Escrito por":"Reda\u00e7\u00e3o","Est. tempo de leitura":"3 minutos"},"schema":{"@context":"https:\/\/schema.org","@graph":[{"@type":"Article","@id":"https:\/\/jornaltimoneiro.com.br\/index.php\/2025\/06\/27\/governador-reune-equipe-para-alinhar-acoes-diante-de-novo-alerta-de-chuvas-intensas\/#article","isPartOf":{"@id":"https:\/\/jornaltimoneiro.com.br\/index.php\/2025\/06\/27\/governador-reune-equipe-para-alinhar-acoes-diante-de-novo-alerta-de-chuvas-intensas\/"},"author":{"name":"Reda\u00e7\u00e3o","@id":"https:\/\/jornaltimoneiro.com.br\/#\/schema\/person\/f63482f1a02b1a9592707865e509ab40"},"headline":"Governador re\u00fane equipe para alinhar a\u00e7\u00f5es diante de novo alerta de chuvas intensas","datePublished":"2025-06-27T19:17:56+00:00","dateModified":"2025-06-27T19:17:56+00:00","mainEntityOfPage":{"@id":"https:\/\/jornaltimoneiro.com.br\/index.php\/2025\/06\/27\/governador-reune-equipe-para-alinhar-acoes-diante-de-novo-alerta-de-chuvas-intensas\/"},"wordCount":434,"commentCount":0,"publisher":{"@id":"https:\/\/jornaltimoneiro.com.br\/#organization"},"keywords":["chuvas","defesa civil","eduardo leite","featured"],"articleSection":["Clima"],"inLanguage":"pt-BR","potentialAction":[{"@type":"CommentAction","name":"Comment","target":["https:\/\/jornaltimoneiro.com.br\/index.php\/2025\/06\/27\/governador-reune-equipe-para-alinhar-acoes-diante-de-novo-alerta-de-chuvas-intensas\/#respond"]}]},{"@type":"WebPage","@id":"https:\/\/jornaltimoneiro.com.br\/index.php\/2025\/06\/27\/governador-reune-equipe-para-alinhar-acoes-diante-de-novo-alerta-de-chuvas-intensas\/","url":"https:\/\/jornaltimoneiro.com.br\/index.php\/2025\/06\/27\/governador-reune-equipe-para-alinhar-acoes-diante-de-novo-alerta-de-chuvas-intensas\/","name":"Governador re\u00fane equipe para alinhar a\u00e7\u00f5es diante de novo alerta de chuvas intensas - O Timoneiro Jornal Canoas RS","isPartOf":{"@id":"https:\/\/jornaltimoneiro.com.br\/#website"},"datePublished":"2025-06-27T19:17:56+00:00","dateModified":"2025-06-27T19:17:56+00:00","description":"Diante da previs\u00e3o de um novo epis\u00f3dio cr\u00edtico de chuvas no Rio Grande do Sul no fim de semana, o governador Eduardo Leite coordenou","breadcrumb":{"@id":"https:\/\/jornaltimoneiro.com.br\/index.php\/2025\/06\/27\/governador-reune-equipe-para-alinhar-acoes-diante-de-novo-alerta-de-chuvas-intensas\/#breadcrumb"},"inLanguage":"pt-BR","potentialAction":[{"@type":"ReadAction","target":["https:\/\/jornaltimoneiro.com.br\/index.php\/2025\/06\/27\/governador-reune-equipe-para-alinhar-acoes-diante-de-novo-alerta-de-chuvas-intensas\/"]}]},{"@type":"BreadcrumbList","@id":"https:\/\/jornaltimoneiro.com.br\/index.php\/2025\/06\/27\/governador-reune-equipe-para-alinhar-acoes-diante-de-novo-alerta-de-chuvas-intensas\/#breadcrumb","itemListElement":[{"@type":"ListItem","position":1,"name":"In\u00edcio","item":"https:\/\/jornaltimoneiro.com.br\/"},{"@type":"ListItem","position":2,"name":"Governador re\u00fane equipe para alinhar a\u00e7\u00f5es diante de novo alerta de chuvas intensas"}]},{"@type":"WebSite","@id":"https:\/\/jornaltimoneiro.com.br\/#website","url":"https:\/\/jornaltimoneiro.com.br\/","name":"Jornal Timoneiro Canoas RS","description":"Jornal O Timoneiro, o verdadeiro jornal de Canoas","publisher":{"@id":"https:\/\/jornaltimoneiro.com.br\/#organization"},"potentialAction":[{"@type":"SearchAction","target":{"@type":"EntryPoint","urlTemplate":"https:\/\/jornaltimoneiro.com.br\/?s={search_term_string}"},"query-input":"required name=search_term_string"}],"inLanguage":"pt-BR"},{"@type":"Organization","@id":"https:\/\/jornaltimoneiro.com.br\/#organization","name":"Jornal Timoneiro Canoas RS","url":"https:\/\/jornaltimoneiro.com.br\/","logo":{"@type":"ImageObject","inLanguage":"pt-BR","@id":"https:\/\/jornaltimoneiro.com.br\/#\/schema\/logo\/image\/","url":"https:\/\/jornaltimoneiro.com.br\/wp-content\/uploads\/2023\/03\/logonovo.png","contentUrl":"https:\/\/jornaltimoneiro.com.br\/wp-content\/uploads\/2023\/03\/logonovo.png","width":"469","height":"171","caption":"Jornal Timoneiro Canoas RS"},"image":{"@id":"https:\/\/jornaltimoneiro.com.br\/#\/schema\/logo\/image\/"},"sameAs":["https:\/\/www.facebook.com\/jornaltimoneiro","https:\/\/twitter.com\/_OTimoneiro","https:\/\/www.instagram.com\/jornaltimoneirocanoas\/","https:\/\/www.youtube.com\/@jornalotimoneiro7927"]},{"@type":"Person","@id":"https:\/\/jornaltimoneiro.com.br\/#\/schema\/person\/f63482f1a02b1a9592707865e509ab40","name":"Reda\u00e7\u00e3o","image":{"@type":"ImageObject","inLanguage":"pt-BR","@id":"https:\/\/jornaltimoneiro.com.br\/#\/schema\/person\/image\/","url":"https:\/\/jornaltimoneiro.com.br\/wp-content\/uploads\/2023\/03\/download.jpeg","contentUrl":"https:\/\/jornaltimoneiro.com.br\/wp-content\/uploads\/2023\/03\/download.jpeg","caption":"Reda\u00e7\u00e3o"},"url":"https:\/\/jornaltimoneiro.com.br\/index.php\/author\/simone-dutra\/"}]}},"_links":{"self":[{"href":"https:\/\/jornaltimoneiro.com.br\/index.php\/wp-json\/wp\/v2\/posts\/35531"}],"collection":[{"href":"https:\/\/jornaltimoneiro.com.br\/index.php\/wp-json\/wp\/v2\/posts"}],"about":[{"href":"https:\/\/jornaltimoneiro.com.br\/index.php\/wp-json\/wp\/v2\/types\/post"}],"author":[{"embeddable":true,"href":"https:\/\/jornaltimoneiro.com.br\/index.php\/wp-json\/wp\/v2\/users\/2"}],"replies":[{"embeddable":true,"href":"https:\/\/jornaltimoneiro.com.br\/index.php\/wp-json\/wp\/v2\/comments?post=35531"}],"version-history":[{"count":1,"href":"https:\/\/jornaltimoneiro.com.br\/index.php\/wp-json\/wp\/v2\/posts\/35531\/revisions"}],"predecessor-version":[{"id":35533,"href":"https:\/\/jornaltimoneiro.com.br\/index.php\/wp-json\/wp\/v2\/posts\/35531\/revisions\/35533"}],"wp:featuredmedia":[{"embeddable":true,"href":"https:\/\/jornaltimoneiro.com.br\/index.php\/wp-json\/wp\/v2\/media\/35532"}],"wp:attachment":[{"href":"https:\/\/jornaltimoneiro.com.br\/index.php\/wp-json\/wp\/v2\/media?parent=35531"}],"wp:term":[{"taxonomy":"category","embeddable":true,"href":"https:\/\/jornaltimoneiro.com.br\/index.php\/wp-json\/wp\/v2\/categories?post=35531"},{"taxonomy":"post_tag","embeddable":true,"href":"https:\/\/jornaltimoneiro.com.br\/index.php\/wp-json\/wp\/v2\/tags?post=35531"}],"curies":[{"name":"wp","href":"https:\/\/api.w.org\/{rel}","templated":true}]}}