{"id":35197,"date":"2025-06-03T16:26:16","date_gmt":"2025-06-03T19:26:16","guid":{"rendered":"https:\/\/jornaltimoneiro.com.br\/?p=35197"},"modified":"2025-06-03T16:26:16","modified_gmt":"2025-06-03T19:26:16","slug":"rio-grande-do-sul-recebe-encontro-nacional-de-pessoas-idosas","status":"publish","type":"post","link":"https:\/\/jornaltimoneiro.com.br\/index.php\/2025\/06\/03\/rio-grande-do-sul-recebe-encontro-nacional-de-pessoas-idosas\/","title":{"rendered":"Rio Grande do Sul recebe Encontro Nacional de Pessoas Idosas"},"content":{"rendered":"<p dir=\"ltr\">Ap\u00f3s edi\u00e7\u00f5es na Bahia, em S\u00e3o Paulo e no Pernambuco, neste ano, \u00e9 a vez do\u00a0Rio Grande do Sul\u00a0sediar o\u00a0Encontro Nacional de Pessoas Idosas do Sesc.\u00a0Chegando em sua quarta edi\u00e7\u00e3o, o evento vai acontecer em\u00a0Bento Gon\u00e7alves, na Serra,\u00a0nos dias 9, 10 e 11 de junho, reunindo, presencialmente, mil pessoas idosas de diferentes partes do territ\u00f3rio ga\u00facho e tamb\u00e9m do Paran\u00e1.<\/p>\n<p dir=\"ltr\">Parte da programa\u00e7\u00e3o ser\u00e1 transmitida de forma online, pelo canal do YouTube do Sesc\/RS, permitindo que o p\u00fablico do restante do Pa\u00eds tamb\u00e9m prestigie a agenda, que \u00e9 voltada a discutir o envelhecimento de forma mais ativa, saud\u00e1vel e aut\u00f4noma.<\/p>\n<p dir=\"ltr\">Na programa\u00e7\u00e3o, o destaque \u00e9 a palestra \u201cJornada da longevidade: a busca por uma vida mais longa, plena e feliz\u201d, ministrada pelo m\u00e9dico geriatra e pesquisador Em\u00edlio Moriguchi. O palestrante \u00e9 doutor pela Tokai University School of Medicine, no Jap\u00e3o, e \u00e9 reconhecido internacionalmente por sua contribui\u00e7\u00e3o aos estudos sobre envelhecimento saud\u00e1vel.<\/p>\n<p dir=\"ltr\">Ele coordenou o Projeto Veran\u00f3polis \u2014 uma das iniciativas mais bem-sucedidas do Brasil na promo\u00e7\u00e3o da longevidade e qualidade de vida. Tamb\u00e9m \u00e9 coautor da pesquisa \u201cTrilha da Longevidade Brasileira\u201d, que investiga os h\u00e1bitos e caracter\u00edsticas de vida dos moradores de Veran\u00f3polis, munic\u00edpio ga\u00facho com not\u00e1vel concentra\u00e7\u00e3o de pessoas longevas. A pesquisa teve in\u00edcio em 1994, antes da populariza\u00e7\u00e3o das Blue Zones (Zonas Azuis), regi\u00f5es do mundo em que vivem muitas pessoas centen\u00e1rias.<\/p>\n<p dir=\"ltr\">Ap\u00f3s a palestra, haver\u00e1 ainda a transmiss\u00e3o do debate \u201cNingu\u00e9m Envelhece Sozinho\u201d, com Ivanir Argenta, presidente do Conselho Estadual da Pessoa Idosa do RS, Suzimar Delaroli, analista do Trabalho Social com Pessoas Idosas no Departamento Nacional do Sesc e Mara Fontanari, representante da sociedade civil e professora aposentada.<\/p>\n<p dir=\"ltr\">A programa\u00e7\u00e3o, para quem participar\u00e1 presencialmente do evento, incluir\u00e1 ainda atividades culturais e integrativas, com dan\u00e7a circular, gin\u00e1stica cerebral, oficinas de tecnologia e orienta\u00e7\u00f5es sobre sa\u00fade e seguran\u00e7a, al\u00e9m de passeios tur\u00edsticos como \u00e0 Maria Fuma\u00e7a e \u00e0 Epopeia Italiana, entre outras a\u00e7\u00f5es cuja programa\u00e7\u00e3o pode ser conferida a seguir.<\/p>\n<blockquote>\n<p dir=\"ltr\">\u201cO Sesc, vetor de desenvolvimento social da CNC para o Sistema Com\u00e9rcio, tem um trabalho de refer\u00eancia e consolidado, h\u00e1 mais de 7 d\u00e9cadas, voltado \u00e0s pessoas com mais de 60 anos. Aqui no Rio Grande do Sul, esta atua\u00e7\u00e3o \u00e9 traduzida no projeto Sesc Maturidade Ativa, que est\u00e1 presente em mais de 50 munic\u00edpios e promovendo, continuamente, qualidade de vida e o protagonismo das pessoas idosas\u201d, comenta a\u00a0 coordenadora do Trabalho Social com Pessoas Idosas do Sesc\/RS, Michele Silveira.<\/p>\n<p dir=\"ltr\">\u201cPortanto \u00e9 muito especial para n\u00f3s recebermos este encontro de proje\u00e7\u00e3o nacional. Afinal, em um Estado que, conforme o Censo do IBGE, \u00e9 o mais envelhecido do Brasil, debater, melhorar e refor\u00e7ar iniciativas em prol da popula\u00e7\u00e3o idosa \u00e9 essencial\u201d, sublinha.<\/p>\n<\/blockquote>\n<p dir=\"ltr\">A participa\u00e7\u00e3o presencial no Encontro \u00e9 exclusiva para os membros dos grupos de idosos do Sesc, que t\u00eam inscri\u00e7\u00e3o gratuita. Entre os ga\u00fachos, est\u00e3o confirmados representantes de\u00a0Alegrete, Alvorada, Bag\u00e9, Bento Gon\u00e7alves, Cachoeira do Sul, Camaqu\u00e3, Campo Bom, Canoas, Cap\u00e3o da Canoas, Carazinho, Caxias do Sul, Chu\u00ed, Cruz Alta, Erechim, Farroupilha, Frederico Westphalen, Gramado, Iju\u00ed, Itaqui, Jaguar\u00e3o, Lajeado, Montenegro, Nova Prata, Nova Roma do Sul, Novo Hamburgo, Os\u00f3rio, Palmeira das Miss\u00f5es, Passo Fundo, Pelotas, Port\u00e3o, Porto Alegre, Rio Grande, Santa Cruz do Sul, Santa Maria, Santa Rosa, Santana do Livramento, Santiago, Santo \u00c2ngelo, S\u00e3o Borja, S\u00e3o Jos\u00e9 do Norte, S\u00e3o Leopoldo, S\u00e3o Luiz Gonzaga, S\u00e3o Sebasti\u00e3o do Ca\u00ed, S\u00e3o Sep\u00e9, Tapes, Taquara, Tramanda\u00ed, Tr\u00eas de Maio, Torres, Uruguaiana, Vacaria, Ven\u00e2ncio Aires e Viam\u00e3o.\u00a0A edi\u00e7\u00e3o conta com apoio da Prefeitura Municipal de Bento Gon\u00e7alves.<\/p>\n<h4 dir=\"ltr\">4\u00ba Encontro Nacional de Pessoas Idosas do Sesc<\/h4>\n<ul>\n<li dir=\"ltr\">Data:\u00a09,\u00a010 e 11\/06<\/li>\n<li dir=\"ltr\">Local:\u00a0Centro de eventos do Grande Hotel Dallonder &#8211; Bento Gon\u00e7alves\/RS<\/li>\n<\/ul>\n<p dir=\"ltr\"><strong>09\/06 (segunda-feira<\/strong>)<\/p>\n<p dir=\"ltr\">15h \u00e0s 19h &#8211; Recep\u00e7\u00e3o dos participantes, com Espa\u00e7o do Bem-Estar<\/p>\n<p dir=\"ltr\">16h30 \u2013 Palestra com a Escola do Chimarr\u00e3o<\/p>\n<p dir=\"ltr\">17h30 &#8211; Viv\u00eancia de Medita\u00e7\u00e3o, com Neiva Meotti<\/p>\n<p dir=\"ltr\">17h30 &#8211;\u00a0 Viv\u00eancia de Yoga, com F\u00e1tima Bianchi<\/p>\n<p dir=\"ltr\"><strong>10\/06 (ter\u00e7a-feira)<\/strong><\/p>\n<p dir=\"ltr\">9h, 11h e 14h &#8211; Passeio Maria Fuma\u00e7a e Epopeia Italiana<\/p>\n<p dir=\"ltr\">9h e 15h &#8211; Viv\u00eancia em Dan\u00e7a Circular<\/p>\n<p dir=\"ltr\">9h e 15h &#8211; Viv\u00eancia Maturidade Urbana (Oficina de Hip Hop)<\/p>\n<p dir=\"ltr\">9h e 15h &#8211; Viv\u00eancia &#8220;Gin\u00e1stica para o c\u00e9rebro&#8221;<\/p>\n<p dir=\"ltr\">9h e 15h &#8211; Viv\u00eancia de Tecnologias, Aplicativos e Intelig\u00eancia Artificial<\/p>\n<p dir=\"ltr\">com Jaques Heck e Deise Freitas<\/p>\n<p dir=\"ltr\">15h \u00e0s 19h &#8211; Espa\u00e7o do Bem-Estar<\/p>\n<p dir=\"ltr\"><strong>11\/06 (quarta-feira)<\/strong><\/p>\n<p dir=\"ltr\">9h &#8211; Abertura oficial, com apresenta\u00e7\u00e3o do grupo Rastros do Tempo*<\/p>\n<p dir=\"ltr\">10h &#8211; Palestra &#8220;Jornada da longevidade: a busca por uma vida mais longa, plena e feliz&#8221;, com Em\u00edlio Moriguchi*<\/p>\n<p dir=\"ltr\">11h &#8211; Debate &#8220;Ningu\u00e9m Envelhece Sozinho: construindo redes de apoio para a longevidade&#8221;*<\/p>\n<p dir=\"ltr\">12h &#8211; Apresenta\u00e7\u00e3o art\u00edstica do Maturidade Humano<\/p>\n<p dir=\"ltr\">15h &#8211; Mostra de talentos e pr\u00e1ticas coletivas na Maturidade<\/p>\n<p dir=\"ltr\">15h \u00e0s 19h &#8211; Espa\u00e7o do Bem-Estar<\/p>\n<p dir=\"ltr\">*Atividade com transmiss\u00e3o online no YouTube do @sescrs<\/p>\n","protected":false},"excerpt":{"rendered":"<p>Ap\u00f3s edi\u00e7\u00f5es na Bahia, em S\u00e3o Paulo e no Pernambuco, neste ano, \u00e9 a vez do\u00a0Rio Grande do Sul\u00a0sediar o\u00a0Encontro Nacional de Pessoas Idosas do Sesc.\u00a0Chegando em sua quarta edi\u00e7\u00e3o, o evento vai acontecer em\u00a0Bento Gon\u00e7alves, na Serra,\u00a0nos dias 9, 10 e 11 de junho, reunindo, presencialmente, mil pessoas idosas de diferentes partes do territ\u00f3rio [&hellip;]<\/p>\n","protected":false},"author":2,"featured_media":35201,"comment_status":"open","ping_status":"open","sticky":false,"template":"","format":"standard","meta":{"amp_status":"","footnotes":""},"categories":[25],"tags":[4318,213,344],"class_list":["post-35197","post","type-post","status-publish","format-standard","has-post-thumbnail","hentry","category-comunidade","tag-encontro-nacional-de-pessoas-idosas","tag-rio-grande-do-sul","tag-sesc"],"yoast_head":"<!-- This site is optimized with the Yoast SEO plugin v20.5 - https:\/\/yoast.com\/wordpress\/plugins\/seo\/ -->\n<title>Rio Grande do Sul recebe Encontro Nacional de Pessoas Idosas - O Timoneiro Jornal Canoas RS<\/title>\n<meta name=\"description\" content=\"Ap\u00f3s edi\u00e7\u00f5es na Bahia, S\u00e3o Paulo e no Pernambuco, neste ano, \u00e9 a vez do\u00a0Rio Grande do Sul\u00a0sediar o\u00a0Encontro Nacional de Pessoas Idosas do Sesc\" \/>\n<meta name=\"robots\" content=\"index, follow, max-snippet:-1, max-image-preview:large, max-video-preview:-1\" \/>\n<link rel=\"canonical\" href=\"https:\/\/jornaltimoneiro.com.br\/index.php\/2025\/06\/03\/rio-grande-do-sul-recebe-encontro-nacional-de-pessoas-idosas\/\" \/>\n<meta property=\"og:locale\" content=\"pt_BR\" \/>\n<meta property=\"og:type\" content=\"article\" \/>\n<meta property=\"og:title\" content=\"Rio Grande do Sul recebe Encontro Nacional de Pessoas Idosas - O Timoneiro Jornal Canoas RS\" \/>\n<meta property=\"og:description\" content=\"Ap\u00f3s edi\u00e7\u00f5es na Bahia, S\u00e3o Paulo e no Pernambuco, neste ano, \u00e9 a vez do\u00a0Rio Grande do Sul\u00a0sediar o\u00a0Encontro Nacional de Pessoas Idosas do Sesc\" \/>\n<meta property=\"og:url\" content=\"https:\/\/jornaltimoneiro.com.br\/index.php\/2025\/06\/03\/rio-grande-do-sul-recebe-encontro-nacional-de-pessoas-idosas\/\" \/>\n<meta property=\"og:site_name\" content=\"O Timoneiro Jornal Canoas RS\" \/>\n<meta property=\"article:publisher\" content=\"https:\/\/www.facebook.com\/jornaltimoneiro\" \/>\n<meta property=\"article:published_time\" content=\"2025-06-03T19:26:16+00:00\" \/>\n<meta property=\"og:image\" content=\"https:\/\/jornaltimoneiro.com.br\/wp-content\/uploads\/2025\/06\/Rio-Grande-do-Sul-recebe-Encontro-Nacional-de-Pessoas-Idosas.jpg\" \/>\n\t<meta property=\"og:image:width\" content=\"800\" \/>\n\t<meta property=\"og:image:height\" content=\"533\" \/>\n\t<meta property=\"og:image:type\" content=\"image\/jpeg\" \/>\n<meta name=\"author\" content=\"Reda\u00e7\u00e3o\" \/>\n<meta name=\"twitter:card\" content=\"summary_large_image\" \/>\n<meta name=\"twitter:creator\" content=\"@_OTimoneiro\" \/>\n<meta name=\"twitter:site\" content=\"@_OTimoneiro\" \/>\n<meta name=\"twitter:label1\" content=\"Escrito por\" \/>\n\t<meta name=\"twitter:data1\" content=\"Reda\u00e7\u00e3o\" \/>\n\t<meta name=\"twitter:label2\" content=\"Est. tempo de leitura\" \/>\n\t<meta name=\"twitter:data2\" content=\"5 minutos\" \/>\n<script type=\"application\/ld+json\" class=\"yoast-schema-graph\">{\"@context\":\"https:\/\/schema.org\",\"@graph\":[{\"@type\":\"Article\",\"@id\":\"https:\/\/jornaltimoneiro.com.br\/index.php\/2025\/06\/03\/rio-grande-do-sul-recebe-encontro-nacional-de-pessoas-idosas\/#article\",\"isPartOf\":{\"@id\":\"https:\/\/jornaltimoneiro.com.br\/index.php\/2025\/06\/03\/rio-grande-do-sul-recebe-encontro-nacional-de-pessoas-idosas\/\"},\"author\":{\"name\":\"Reda\u00e7\u00e3o\",\"@id\":\"https:\/\/jornaltimoneiro.com.br\/#\/schema\/person\/f63482f1a02b1a9592707865e509ab40\"},\"headline\":\"Rio Grande do Sul recebe Encontro Nacional de Pessoas Idosas\",\"datePublished\":\"2025-06-03T19:26:16+00:00\",\"dateModified\":\"2025-06-03T19:26:16+00:00\",\"mainEntityOfPage\":{\"@id\":\"https:\/\/jornaltimoneiro.com.br\/index.php\/2025\/06\/03\/rio-grande-do-sul-recebe-encontro-nacional-de-pessoas-idosas\/\"},\"wordCount\":878,\"commentCount\":0,\"publisher\":{\"@id\":\"https:\/\/jornaltimoneiro.com.br\/#organization\"},\"keywords\":[\"encontro nacional de pessoas idosas\",\"rio grande do sul\",\"sesc\"],\"articleSection\":[\"Comunidade\"],\"inLanguage\":\"pt-BR\",\"potentialAction\":[{\"@type\":\"CommentAction\",\"name\":\"Comment\",\"target\":[\"https:\/\/jornaltimoneiro.com.br\/index.php\/2025\/06\/03\/rio-grande-do-sul-recebe-encontro-nacional-de-pessoas-idosas\/#respond\"]}]},{\"@type\":\"WebPage\",\"@id\":\"https:\/\/jornaltimoneiro.com.br\/index.php\/2025\/06\/03\/rio-grande-do-sul-recebe-encontro-nacional-de-pessoas-idosas\/\",\"url\":\"https:\/\/jornaltimoneiro.com.br\/index.php\/2025\/06\/03\/rio-grande-do-sul-recebe-encontro-nacional-de-pessoas-idosas\/\",\"name\":\"Rio Grande do Sul recebe Encontro Nacional de Pessoas Idosas - O Timoneiro Jornal Canoas RS\",\"isPartOf\":{\"@id\":\"https:\/\/jornaltimoneiro.com.br\/#website\"},\"datePublished\":\"2025-06-03T19:26:16+00:00\",\"dateModified\":\"2025-06-03T19:26:16+00:00\",\"description\":\"Ap\u00f3s edi\u00e7\u00f5es na Bahia, S\u00e3o Paulo e no Pernambuco, neste ano, \u00e9 a vez do\u00a0Rio Grande do Sul\u00a0sediar o\u00a0Encontro Nacional de Pessoas Idosas do Sesc\",\"breadcrumb\":{\"@id\":\"https:\/\/jornaltimoneiro.com.br\/index.php\/2025\/06\/03\/rio-grande-do-sul-recebe-encontro-nacional-de-pessoas-idosas\/#breadcrumb\"},\"inLanguage\":\"pt-BR\",\"potentialAction\":[{\"@type\":\"ReadAction\",\"target\":[\"https:\/\/jornaltimoneiro.com.br\/index.php\/2025\/06\/03\/rio-grande-do-sul-recebe-encontro-nacional-de-pessoas-idosas\/\"]}]},{\"@type\":\"BreadcrumbList\",\"@id\":\"https:\/\/jornaltimoneiro.com.br\/index.php\/2025\/06\/03\/rio-grande-do-sul-recebe-encontro-nacional-de-pessoas-idosas\/#breadcrumb\",\"itemListElement\":[{\"@type\":\"ListItem\",\"position\":1,\"name\":\"In\u00edcio\",\"item\":\"https:\/\/jornaltimoneiro.com.br\/\"},{\"@type\":\"ListItem\",\"position\":2,\"name\":\"Rio Grande do Sul recebe Encontro Nacional de Pessoas Idosas\"}]},{\"@type\":\"WebSite\",\"@id\":\"https:\/\/jornaltimoneiro.com.br\/#website\",\"url\":\"https:\/\/jornaltimoneiro.com.br\/\",\"name\":\"Jornal Timoneiro Canoas RS\",\"description\":\"Jornal O Timoneiro, o verdadeiro jornal de Canoas\",\"publisher\":{\"@id\":\"https:\/\/jornaltimoneiro.com.br\/#organization\"},\"potentialAction\":[{\"@type\":\"SearchAction\",\"target\":{\"@type\":\"EntryPoint\",\"urlTemplate\":\"https:\/\/jornaltimoneiro.com.br\/?s={search_term_string}\"},\"query-input\":\"required name=search_term_string\"}],\"inLanguage\":\"pt-BR\"},{\"@type\":\"Organization\",\"@id\":\"https:\/\/jornaltimoneiro.com.br\/#organization\",\"name\":\"Jornal Timoneiro Canoas RS\",\"url\":\"https:\/\/jornaltimoneiro.com.br\/\",\"logo\":{\"@type\":\"ImageObject\",\"inLanguage\":\"pt-BR\",\"@id\":\"https:\/\/jornaltimoneiro.com.br\/#\/schema\/logo\/image\/\",\"url\":\"https:\/\/jornaltimoneiro.com.br\/wp-content\/uploads\/2023\/03\/logonovo.png\",\"contentUrl\":\"https:\/\/jornaltimoneiro.com.br\/wp-content\/uploads\/2023\/03\/logonovo.png\",\"width\":\"469\",\"height\":\"171\",\"caption\":\"Jornal Timoneiro Canoas RS\"},\"image\":{\"@id\":\"https:\/\/jornaltimoneiro.com.br\/#\/schema\/logo\/image\/\"},\"sameAs\":[\"https:\/\/www.facebook.com\/jornaltimoneiro\",\"https:\/\/twitter.com\/_OTimoneiro\",\"https:\/\/www.instagram.com\/jornaltimoneirocanoas\/\",\"https:\/\/www.youtube.com\/@jornalotimoneiro7927\"]},{\"@type\":\"Person\",\"@id\":\"https:\/\/jornaltimoneiro.com.br\/#\/schema\/person\/f63482f1a02b1a9592707865e509ab40\",\"name\":\"Reda\u00e7\u00e3o\",\"image\":{\"@type\":\"ImageObject\",\"inLanguage\":\"pt-BR\",\"@id\":\"https:\/\/jornaltimoneiro.com.br\/#\/schema\/person\/image\/\",\"url\":\"https:\/\/jornaltimoneiro.com.br\/wp-content\/uploads\/2023\/03\/download.jpeg\",\"contentUrl\":\"https:\/\/jornaltimoneiro.com.br\/wp-content\/uploads\/2023\/03\/download.jpeg\",\"caption\":\"Reda\u00e7\u00e3o\"},\"url\":\"https:\/\/jornaltimoneiro.com.br\/index.php\/author\/simone-dutra\/\"}]}<\/script>\n<!-- \/ Yoast SEO plugin. -->","yoast_head_json":{"title":"Rio Grande do Sul recebe Encontro Nacional de Pessoas Idosas - O Timoneiro Jornal Canoas RS","description":"Ap\u00f3s edi\u00e7\u00f5es na Bahia, S\u00e3o Paulo e no Pernambuco, neste ano, \u00e9 a vez do\u00a0Rio Grande do Sul\u00a0sediar o\u00a0Encontro Nacional de Pessoas Idosas do Sesc","robots":{"index":"index","follow":"follow","max-snippet":"max-snippet:-1","max-image-preview":"max-image-preview:large","max-video-preview":"max-video-preview:-1"},"canonical":"https:\/\/jornaltimoneiro.com.br\/index.php\/2025\/06\/03\/rio-grande-do-sul-recebe-encontro-nacional-de-pessoas-idosas\/","og_locale":"pt_BR","og_type":"article","og_title":"Rio Grande do Sul recebe Encontro Nacional de Pessoas Idosas - O Timoneiro Jornal Canoas RS","og_description":"Ap\u00f3s edi\u00e7\u00f5es na Bahia, S\u00e3o Paulo e no Pernambuco, neste ano, \u00e9 a vez do\u00a0Rio Grande do Sul\u00a0sediar o\u00a0Encontro Nacional de Pessoas Idosas do Sesc","og_url":"https:\/\/jornaltimoneiro.com.br\/index.php\/2025\/06\/03\/rio-grande-do-sul-recebe-encontro-nacional-de-pessoas-idosas\/","og_site_name":"O Timoneiro Jornal Canoas RS","article_publisher":"https:\/\/www.facebook.com\/jornaltimoneiro","article_published_time":"2025-06-03T19:26:16+00:00","og_image":[{"width":"800","height":"533","url":"https:\/\/jornaltimoneiro.com.br\/wp-content\/uploads\/2025\/06\/Rio-Grande-do-Sul-recebe-Encontro-Nacional-de-Pessoas-Idosas.jpg","type":"image\/jpeg"}],"author":"Reda\u00e7\u00e3o","twitter_card":"summary_large_image","twitter_creator":"@_OTimoneiro","twitter_site":"@_OTimoneiro","twitter_misc":{"Escrito por":"Reda\u00e7\u00e3o","Est. tempo de leitura":"5 minutos"},"schema":{"@context":"https:\/\/schema.org","@graph":[{"@type":"Article","@id":"https:\/\/jornaltimoneiro.com.br\/index.php\/2025\/06\/03\/rio-grande-do-sul-recebe-encontro-nacional-de-pessoas-idosas\/#article","isPartOf":{"@id":"https:\/\/jornaltimoneiro.com.br\/index.php\/2025\/06\/03\/rio-grande-do-sul-recebe-encontro-nacional-de-pessoas-idosas\/"},"author":{"name":"Reda\u00e7\u00e3o","@id":"https:\/\/jornaltimoneiro.com.br\/#\/schema\/person\/f63482f1a02b1a9592707865e509ab40"},"headline":"Rio Grande do Sul recebe Encontro Nacional de Pessoas Idosas","datePublished":"2025-06-03T19:26:16+00:00","dateModified":"2025-06-03T19:26:16+00:00","mainEntityOfPage":{"@id":"https:\/\/jornaltimoneiro.com.br\/index.php\/2025\/06\/03\/rio-grande-do-sul-recebe-encontro-nacional-de-pessoas-idosas\/"},"wordCount":878,"commentCount":0,"publisher":{"@id":"https:\/\/jornaltimoneiro.com.br\/#organization"},"keywords":["encontro nacional de pessoas idosas","rio grande do sul","sesc"],"articleSection":["Comunidade"],"inLanguage":"pt-BR","potentialAction":[{"@type":"CommentAction","name":"Comment","target":["https:\/\/jornaltimoneiro.com.br\/index.php\/2025\/06\/03\/rio-grande-do-sul-recebe-encontro-nacional-de-pessoas-idosas\/#respond"]}]},{"@type":"WebPage","@id":"https:\/\/jornaltimoneiro.com.br\/index.php\/2025\/06\/03\/rio-grande-do-sul-recebe-encontro-nacional-de-pessoas-idosas\/","url":"https:\/\/jornaltimoneiro.com.br\/index.php\/2025\/06\/03\/rio-grande-do-sul-recebe-encontro-nacional-de-pessoas-idosas\/","name":"Rio Grande do Sul recebe Encontro Nacional de Pessoas Idosas - O Timoneiro Jornal Canoas RS","isPartOf":{"@id":"https:\/\/jornaltimoneiro.com.br\/#website"},"datePublished":"2025-06-03T19:26:16+00:00","dateModified":"2025-06-03T19:26:16+00:00","description":"Ap\u00f3s edi\u00e7\u00f5es na Bahia, S\u00e3o Paulo e no Pernambuco, neste ano, \u00e9 a vez do\u00a0Rio Grande do Sul\u00a0sediar o\u00a0Encontro Nacional de Pessoas Idosas do Sesc","breadcrumb":{"@id":"https:\/\/jornaltimoneiro.com.br\/index.php\/2025\/06\/03\/rio-grande-do-sul-recebe-encontro-nacional-de-pessoas-idosas\/#breadcrumb"},"inLanguage":"pt-BR","potentialAction":[{"@type":"ReadAction","target":["https:\/\/jornaltimoneiro.com.br\/index.php\/2025\/06\/03\/rio-grande-do-sul-recebe-encontro-nacional-de-pessoas-idosas\/"]}]},{"@type":"BreadcrumbList","@id":"https:\/\/jornaltimoneiro.com.br\/index.php\/2025\/06\/03\/rio-grande-do-sul-recebe-encontro-nacional-de-pessoas-idosas\/#breadcrumb","itemListElement":[{"@type":"ListItem","position":1,"name":"In\u00edcio","item":"https:\/\/jornaltimoneiro.com.br\/"},{"@type":"ListItem","position":2,"name":"Rio Grande do Sul recebe Encontro Nacional de Pessoas Idosas"}]},{"@type":"WebSite","@id":"https:\/\/jornaltimoneiro.com.br\/#website","url":"https:\/\/jornaltimoneiro.com.br\/","name":"Jornal Timoneiro Canoas RS","description":"Jornal O Timoneiro, o verdadeiro jornal de Canoas","publisher":{"@id":"https:\/\/jornaltimoneiro.com.br\/#organization"},"potentialAction":[{"@type":"SearchAction","target":{"@type":"EntryPoint","urlTemplate":"https:\/\/jornaltimoneiro.com.br\/?s={search_term_string}"},"query-input":"required name=search_term_string"}],"inLanguage":"pt-BR"},{"@type":"Organization","@id":"https:\/\/jornaltimoneiro.com.br\/#organization","name":"Jornal Timoneiro Canoas RS","url":"https:\/\/jornaltimoneiro.com.br\/","logo":{"@type":"ImageObject","inLanguage":"pt-BR","@id":"https:\/\/jornaltimoneiro.com.br\/#\/schema\/logo\/image\/","url":"https:\/\/jornaltimoneiro.com.br\/wp-content\/uploads\/2023\/03\/logonovo.png","contentUrl":"https:\/\/jornaltimoneiro.com.br\/wp-content\/uploads\/2023\/03\/logonovo.png","width":"469","height":"171","caption":"Jornal Timoneiro Canoas RS"},"image":{"@id":"https:\/\/jornaltimoneiro.com.br\/#\/schema\/logo\/image\/"},"sameAs":["https:\/\/www.facebook.com\/jornaltimoneiro","https:\/\/twitter.com\/_OTimoneiro","https:\/\/www.instagram.com\/jornaltimoneirocanoas\/","https:\/\/www.youtube.com\/@jornalotimoneiro7927"]},{"@type":"Person","@id":"https:\/\/jornaltimoneiro.com.br\/#\/schema\/person\/f63482f1a02b1a9592707865e509ab40","name":"Reda\u00e7\u00e3o","image":{"@type":"ImageObject","inLanguage":"pt-BR","@id":"https:\/\/jornaltimoneiro.com.br\/#\/schema\/person\/image\/","url":"https:\/\/jornaltimoneiro.com.br\/wp-content\/uploads\/2023\/03\/download.jpeg","contentUrl":"https:\/\/jornaltimoneiro.com.br\/wp-content\/uploads\/2023\/03\/download.jpeg","caption":"Reda\u00e7\u00e3o"},"url":"https:\/\/jornaltimoneiro.com.br\/index.php\/author\/simone-dutra\/"}]}},"_links":{"self":[{"href":"https:\/\/jornaltimoneiro.com.br\/index.php\/wp-json\/wp\/v2\/posts\/35197"}],"collection":[{"href":"https:\/\/jornaltimoneiro.com.br\/index.php\/wp-json\/wp\/v2\/posts"}],"about":[{"href":"https:\/\/jornaltimoneiro.com.br\/index.php\/wp-json\/wp\/v2\/types\/post"}],"author":[{"embeddable":true,"href":"https:\/\/jornaltimoneiro.com.br\/index.php\/wp-json\/wp\/v2\/users\/2"}],"replies":[{"embeddable":true,"href":"https:\/\/jornaltimoneiro.com.br\/index.php\/wp-json\/wp\/v2\/comments?post=35197"}],"version-history":[{"count":1,"href":"https:\/\/jornaltimoneiro.com.br\/index.php\/wp-json\/wp\/v2\/posts\/35197\/revisions"}],"predecessor-version":[{"id":35202,"href":"https:\/\/jornaltimoneiro.com.br\/index.php\/wp-json\/wp\/v2\/posts\/35197\/revisions\/35202"}],"wp:featuredmedia":[{"embeddable":true,"href":"https:\/\/jornaltimoneiro.com.br\/index.php\/wp-json\/wp\/v2\/media\/35201"}],"wp:attachment":[{"href":"https:\/\/jornaltimoneiro.com.br\/index.php\/wp-json\/wp\/v2\/media?parent=35197"}],"wp:term":[{"taxonomy":"category","embeddable":true,"href":"https:\/\/jornaltimoneiro.com.br\/index.php\/wp-json\/wp\/v2\/categories?post=35197"},{"taxonomy":"post_tag","embeddable":true,"href":"https:\/\/jornaltimoneiro.com.br\/index.php\/wp-json\/wp\/v2\/tags?post=35197"}],"curies":[{"name":"wp","href":"https:\/\/api.w.org\/{rel}","templated":true}]}}