{"id":35191,"date":"2025-06-03T13:42:11","date_gmt":"2025-06-03T16:42:11","guid":{"rendered":"https:\/\/jornaltimoneiro.com.br\/?p=35191"},"modified":"2025-06-03T13:42:11","modified_gmt":"2025-06-03T16:42:11","slug":"acao-na-capital-oferece-115-vagas-de-emprego-para-contratacao-imediata","status":"publish","type":"post","link":"https:\/\/jornaltimoneiro.com.br\/index.php\/2025\/06\/03\/acao-na-capital-oferece-115-vagas-de-emprego-para-contratacao-imediata\/","title":{"rendered":"A\u00e7\u00e3o na Capital oferece 115 vagas de emprego para contrata\u00e7\u00e3o imediata"},"content":{"rendered":"<p dir=\"ltr\">Quem busca novas experi\u00eancias no mercado de trabalho ter\u00e1 nesta sexta-feira, 6, a chance de integrar uma das mais importantes redes de farm\u00e1cia do Pa\u00eds. A Panvel ir\u00e1 realizar uma a\u00e7\u00e3o na Av. Borges de Medeiros 255, em Porto Alegre, para sele\u00e7\u00e3o de profissionais, com in\u00edcio \u00e0s 9 horas. S\u00e3o oferecidas cerca de 115 vagas para contrata\u00e7\u00e3o imediata e atua\u00e7\u00e3o nas lojas da Capital e Regi\u00e3o Metropolitana, respondendo especialmente o plano de expans\u00e3o da companhia.<\/p>\n<p dir=\"ltr\">Entre as fun\u00e7\u00f5es oferecidas est\u00e3o oportunidades para atendentes de filial (75), ajudantes de limpeza (15), fiscais de loja (10) e farmac\u00eauticos (15). Os candidatos devem ter disponibilidade para atuar em escala de seis por um, incluindo s\u00e1bados, domingos e feriados. O local do processo seletivo fica na Panvel pr\u00f3xima do Mercado P\u00fablico.<\/p>\n<h4 dir=\"ltr\">50+<\/h4>\n<p dir=\"ltr\">As ofertas de emprego tamb\u00e9m s\u00e3o abertas para pessoas com 50 anos ou mais, iniciativa alinhada com o Programa Gera\u00e7\u00e3o 50+ da rede. O objetivo da Panvel \u00e9 fomentar a diversidade geracional, valorizar a experi\u00eancia de vida e de carreira e reconhecer a sua import\u00e2ncia para o presente e o futuro da empresa.<\/p>\n<h4 dir=\"ltr\">Sobre as vagas<\/h4>\n<p dir=\"ltr\">Para candidatar-se \u00e0 fun\u00e7\u00e3o de farmac\u00eautico \u00e9 necess\u00e1rio gradua\u00e7\u00e3o completa no curso de Farm\u00e1cia e CRF ativo. J\u00e1 para trabalhar como atendente \u00e9 preciso ter Ensino M\u00e9dio completo e ter 18 anos ou mais. No caso de fiscais de lojas e ajudantes de limpeza, \u00e9 necess\u00e1rio possuir Ensino Fundamental.<\/p>\n<h4 dir=\"ltr\">Sem experi\u00eancia<\/h4>\n<p dir=\"ltr\">A Panvel n\u00e3o exige experi\u00eancia pr\u00e9via, embora esse possa ser um diferencial. Desta forma, busca multiplicar conhecimentos e gerar oportunidades de inclus\u00e3o e crescimento profissional aos colaboradores dentro da companhia.<\/p>\n<p dir=\"ltr\">Entre os benef\u00edcios, a empresa oferece vale alimenta\u00e7\u00e3o\/refei\u00e7\u00e3o, conv\u00eanio m\u00e9dico e odontol\u00f3gico, b\u00f4nus por resultados e participa\u00e7\u00e3o nos lucros, acesso ao WelHub (academias e bem-estar), associa\u00e7\u00e3o de funcion\u00e1rios e oportunidade de crescimento j\u00e1 nos primeiros meses.<\/p>\n","protected":false},"excerpt":{"rendered":"<p>Quem busca novas experi\u00eancias no mercado de trabalho ter\u00e1 nesta sexta-feira, 6, a chance de integrar uma das mais importantes redes de farm\u00e1cia do Pa\u00eds. A Panvel ir\u00e1 realizar uma a\u00e7\u00e3o na Av. Borges de Medeiros 255, em Porto Alegre, para sele\u00e7\u00e3o de profissionais, com in\u00edcio \u00e0s 9 horas. S\u00e3o oferecidas cerca de 115 vagas [&hellip;]<\/p>\n","protected":false},"author":2,"featured_media":35192,"comment_status":"open","ping_status":"open","sticky":false,"template":"","format":"standard","meta":{"amp_status":"","footnotes":""},"categories":[2092],"tags":[82,2418,1749,4315],"class_list":["post-35191","post","type-post","status-publish","format-standard","has-post-thumbnail","hentry","category-emprego","tag-emprego","tag-farmacia","tag-panvel","tag-vaga-imediata"],"yoast_head":"<!-- This site is optimized with the Yoast SEO plugin v20.5 - https:\/\/yoast.com\/wordpress\/plugins\/seo\/ -->\n<title>A\u00e7\u00e3o na Capital oferece 115 vagas de emprego para contrata\u00e7\u00e3o imediata - O Timoneiro Jornal Canoas RS<\/title>\n<meta name=\"description\" content=\"A Panvel ir\u00e1 realizar uma a\u00e7\u00e3o na Av. Borges de Medeiros, em Porto Alegre, para sele\u00e7\u00e3o de profissionais, \u00e0s 9 horas. S\u00e3o oferecidas 115 vagas\" \/>\n<meta name=\"robots\" content=\"index, follow, max-snippet:-1, max-image-preview:large, max-video-preview:-1\" \/>\n<link rel=\"canonical\" href=\"https:\/\/jornaltimoneiro.com.br\/index.php\/2025\/06\/03\/acao-na-capital-oferece-115-vagas-de-emprego-para-contratacao-imediata\/\" \/>\n<meta property=\"og:locale\" content=\"pt_BR\" \/>\n<meta property=\"og:type\" content=\"article\" \/>\n<meta property=\"og:title\" content=\"A\u00e7\u00e3o na Capital oferece 115 vagas de emprego para contrata\u00e7\u00e3o imediata - O Timoneiro Jornal Canoas RS\" \/>\n<meta property=\"og:description\" content=\"A Panvel ir\u00e1 realizar uma a\u00e7\u00e3o na Av. Borges de Medeiros, em Porto Alegre, para sele\u00e7\u00e3o de profissionais, \u00e0s 9 horas. S\u00e3o oferecidas 115 vagas\" \/>\n<meta property=\"og:url\" content=\"https:\/\/jornaltimoneiro.com.br\/index.php\/2025\/06\/03\/acao-na-capital-oferece-115-vagas-de-emprego-para-contratacao-imediata\/\" \/>\n<meta property=\"og:site_name\" content=\"O Timoneiro Jornal Canoas RS\" \/>\n<meta property=\"article:publisher\" content=\"https:\/\/www.facebook.com\/jornaltimoneiro\" \/>\n<meta property=\"article:published_time\" content=\"2025-06-03T16:42:11+00:00\" \/>\n<meta property=\"og:image\" content=\"https:\/\/jornaltimoneiro.com.br\/wp-content\/uploads\/2025\/06\/Acao-na-Capital-oferece-115-vagas-de-emprego-para-contratacao-imediata.jpg\" \/>\n\t<meta property=\"og:image:width\" content=\"1080\" \/>\n\t<meta property=\"og:image:height\" content=\"719\" \/>\n\t<meta property=\"og:image:type\" content=\"image\/jpeg\" \/>\n<meta name=\"author\" content=\"Reda\u00e7\u00e3o\" \/>\n<meta name=\"twitter:card\" content=\"summary_large_image\" \/>\n<meta name=\"twitter:creator\" content=\"@_OTimoneiro\" \/>\n<meta name=\"twitter:site\" content=\"@_OTimoneiro\" \/>\n<meta name=\"twitter:label1\" content=\"Escrito por\" \/>\n\t<meta name=\"twitter:data1\" content=\"Reda\u00e7\u00e3o\" \/>\n\t<meta name=\"twitter:label2\" content=\"Est. tempo de leitura\" \/>\n\t<meta name=\"twitter:data2\" content=\"2 minutos\" \/>\n<script type=\"application\/ld+json\" class=\"yoast-schema-graph\">{\"@context\":\"https:\/\/schema.org\",\"@graph\":[{\"@type\":\"Article\",\"@id\":\"https:\/\/jornaltimoneiro.com.br\/index.php\/2025\/06\/03\/acao-na-capital-oferece-115-vagas-de-emprego-para-contratacao-imediata\/#article\",\"isPartOf\":{\"@id\":\"https:\/\/jornaltimoneiro.com.br\/index.php\/2025\/06\/03\/acao-na-capital-oferece-115-vagas-de-emprego-para-contratacao-imediata\/\"},\"author\":{\"name\":\"Reda\u00e7\u00e3o\",\"@id\":\"https:\/\/jornaltimoneiro.com.br\/#\/schema\/person\/f63482f1a02b1a9592707865e509ab40\"},\"headline\":\"A\u00e7\u00e3o na Capital oferece 115 vagas de emprego para contrata\u00e7\u00e3o imediata\",\"datePublished\":\"2025-06-03T16:42:11+00:00\",\"dateModified\":\"2025-06-03T16:42:11+00:00\",\"mainEntityOfPage\":{\"@id\":\"https:\/\/jornaltimoneiro.com.br\/index.php\/2025\/06\/03\/acao-na-capital-oferece-115-vagas-de-emprego-para-contratacao-imediata\/\"},\"wordCount\":341,\"commentCount\":0,\"publisher\":{\"@id\":\"https:\/\/jornaltimoneiro.com.br\/#organization\"},\"keywords\":[\"emprego\",\"farm\u00e1cia\",\"Panvel\",\"vaga imediata\"],\"articleSection\":[\"Emprego\"],\"inLanguage\":\"pt-BR\",\"potentialAction\":[{\"@type\":\"CommentAction\",\"name\":\"Comment\",\"target\":[\"https:\/\/jornaltimoneiro.com.br\/index.php\/2025\/06\/03\/acao-na-capital-oferece-115-vagas-de-emprego-para-contratacao-imediata\/#respond\"]}]},{\"@type\":\"WebPage\",\"@id\":\"https:\/\/jornaltimoneiro.com.br\/index.php\/2025\/06\/03\/acao-na-capital-oferece-115-vagas-de-emprego-para-contratacao-imediata\/\",\"url\":\"https:\/\/jornaltimoneiro.com.br\/index.php\/2025\/06\/03\/acao-na-capital-oferece-115-vagas-de-emprego-para-contratacao-imediata\/\",\"name\":\"A\u00e7\u00e3o na Capital oferece 115 vagas de emprego para contrata\u00e7\u00e3o imediata - O Timoneiro Jornal Canoas RS\",\"isPartOf\":{\"@id\":\"https:\/\/jornaltimoneiro.com.br\/#website\"},\"datePublished\":\"2025-06-03T16:42:11+00:00\",\"dateModified\":\"2025-06-03T16:42:11+00:00\",\"description\":\"A Panvel ir\u00e1 realizar uma a\u00e7\u00e3o na Av. Borges de Medeiros, em Porto Alegre, para sele\u00e7\u00e3o de profissionais, \u00e0s 9 horas. S\u00e3o oferecidas 115 vagas\",\"breadcrumb\":{\"@id\":\"https:\/\/jornaltimoneiro.com.br\/index.php\/2025\/06\/03\/acao-na-capital-oferece-115-vagas-de-emprego-para-contratacao-imediata\/#breadcrumb\"},\"inLanguage\":\"pt-BR\",\"potentialAction\":[{\"@type\":\"ReadAction\",\"target\":[\"https:\/\/jornaltimoneiro.com.br\/index.php\/2025\/06\/03\/acao-na-capital-oferece-115-vagas-de-emprego-para-contratacao-imediata\/\"]}]},{\"@type\":\"BreadcrumbList\",\"@id\":\"https:\/\/jornaltimoneiro.com.br\/index.php\/2025\/06\/03\/acao-na-capital-oferece-115-vagas-de-emprego-para-contratacao-imediata\/#breadcrumb\",\"itemListElement\":[{\"@type\":\"ListItem\",\"position\":1,\"name\":\"In\u00edcio\",\"item\":\"https:\/\/jornaltimoneiro.com.br\/\"},{\"@type\":\"ListItem\",\"position\":2,\"name\":\"A\u00e7\u00e3o na Capital oferece 115 vagas de emprego para contrata\u00e7\u00e3o imediata\"}]},{\"@type\":\"WebSite\",\"@id\":\"https:\/\/jornaltimoneiro.com.br\/#website\",\"url\":\"https:\/\/jornaltimoneiro.com.br\/\",\"name\":\"Jornal Timoneiro Canoas RS\",\"description\":\"Jornal O Timoneiro, o verdadeiro jornal de Canoas\",\"publisher\":{\"@id\":\"https:\/\/jornaltimoneiro.com.br\/#organization\"},\"potentialAction\":[{\"@type\":\"SearchAction\",\"target\":{\"@type\":\"EntryPoint\",\"urlTemplate\":\"https:\/\/jornaltimoneiro.com.br\/?s={search_term_string}\"},\"query-input\":\"required name=search_term_string\"}],\"inLanguage\":\"pt-BR\"},{\"@type\":\"Organization\",\"@id\":\"https:\/\/jornaltimoneiro.com.br\/#organization\",\"name\":\"Jornal Timoneiro Canoas RS\",\"url\":\"https:\/\/jornaltimoneiro.com.br\/\",\"logo\":{\"@type\":\"ImageObject\",\"inLanguage\":\"pt-BR\",\"@id\":\"https:\/\/jornaltimoneiro.com.br\/#\/schema\/logo\/image\/\",\"url\":\"https:\/\/jornaltimoneiro.com.br\/wp-content\/uploads\/2023\/03\/logonovo.png\",\"contentUrl\":\"https:\/\/jornaltimoneiro.com.br\/wp-content\/uploads\/2023\/03\/logonovo.png\",\"width\":\"469\",\"height\":\"171\",\"caption\":\"Jornal Timoneiro Canoas RS\"},\"image\":{\"@id\":\"https:\/\/jornaltimoneiro.com.br\/#\/schema\/logo\/image\/\"},\"sameAs\":[\"https:\/\/www.facebook.com\/jornaltimoneiro\",\"https:\/\/twitter.com\/_OTimoneiro\",\"https:\/\/www.instagram.com\/jornaltimoneirocanoas\/\",\"https:\/\/www.youtube.com\/@jornalotimoneiro7927\"]},{\"@type\":\"Person\",\"@id\":\"https:\/\/jornaltimoneiro.com.br\/#\/schema\/person\/f63482f1a02b1a9592707865e509ab40\",\"name\":\"Reda\u00e7\u00e3o\",\"image\":{\"@type\":\"ImageObject\",\"inLanguage\":\"pt-BR\",\"@id\":\"https:\/\/jornaltimoneiro.com.br\/#\/schema\/person\/image\/\",\"url\":\"https:\/\/jornaltimoneiro.com.br\/wp-content\/uploads\/2023\/03\/download.jpeg\",\"contentUrl\":\"https:\/\/jornaltimoneiro.com.br\/wp-content\/uploads\/2023\/03\/download.jpeg\",\"caption\":\"Reda\u00e7\u00e3o\"},\"url\":\"https:\/\/jornaltimoneiro.com.br\/index.php\/author\/simone-dutra\/\"}]}<\/script>\n<!-- \/ Yoast SEO plugin. -->","yoast_head_json":{"title":"A\u00e7\u00e3o na Capital oferece 115 vagas de emprego para contrata\u00e7\u00e3o imediata - O Timoneiro Jornal Canoas RS","description":"A Panvel ir\u00e1 realizar uma a\u00e7\u00e3o na Av. Borges de Medeiros, em Porto Alegre, para sele\u00e7\u00e3o de profissionais, \u00e0s 9 horas. S\u00e3o oferecidas 115 vagas","robots":{"index":"index","follow":"follow","max-snippet":"max-snippet:-1","max-image-preview":"max-image-preview:large","max-video-preview":"max-video-preview:-1"},"canonical":"https:\/\/jornaltimoneiro.com.br\/index.php\/2025\/06\/03\/acao-na-capital-oferece-115-vagas-de-emprego-para-contratacao-imediata\/","og_locale":"pt_BR","og_type":"article","og_title":"A\u00e7\u00e3o na Capital oferece 115 vagas de emprego para contrata\u00e7\u00e3o imediata - O Timoneiro Jornal Canoas RS","og_description":"A Panvel ir\u00e1 realizar uma a\u00e7\u00e3o na Av. Borges de Medeiros, em Porto Alegre, para sele\u00e7\u00e3o de profissionais, \u00e0s 9 horas. S\u00e3o oferecidas 115 vagas","og_url":"https:\/\/jornaltimoneiro.com.br\/index.php\/2025\/06\/03\/acao-na-capital-oferece-115-vagas-de-emprego-para-contratacao-imediata\/","og_site_name":"O Timoneiro Jornal Canoas RS","article_publisher":"https:\/\/www.facebook.com\/jornaltimoneiro","article_published_time":"2025-06-03T16:42:11+00:00","og_image":[{"width":"1080","height":"719","url":"https:\/\/jornaltimoneiro.com.br\/wp-content\/uploads\/2025\/06\/Acao-na-Capital-oferece-115-vagas-de-emprego-para-contratacao-imediata.jpg","type":"image\/jpeg"}],"author":"Reda\u00e7\u00e3o","twitter_card":"summary_large_image","twitter_creator":"@_OTimoneiro","twitter_site":"@_OTimoneiro","twitter_misc":{"Escrito por":"Reda\u00e7\u00e3o","Est. tempo de leitura":"2 minutos"},"schema":{"@context":"https:\/\/schema.org","@graph":[{"@type":"Article","@id":"https:\/\/jornaltimoneiro.com.br\/index.php\/2025\/06\/03\/acao-na-capital-oferece-115-vagas-de-emprego-para-contratacao-imediata\/#article","isPartOf":{"@id":"https:\/\/jornaltimoneiro.com.br\/index.php\/2025\/06\/03\/acao-na-capital-oferece-115-vagas-de-emprego-para-contratacao-imediata\/"},"author":{"name":"Reda\u00e7\u00e3o","@id":"https:\/\/jornaltimoneiro.com.br\/#\/schema\/person\/f63482f1a02b1a9592707865e509ab40"},"headline":"A\u00e7\u00e3o na Capital oferece 115 vagas de emprego para contrata\u00e7\u00e3o imediata","datePublished":"2025-06-03T16:42:11+00:00","dateModified":"2025-06-03T16:42:11+00:00","mainEntityOfPage":{"@id":"https:\/\/jornaltimoneiro.com.br\/index.php\/2025\/06\/03\/acao-na-capital-oferece-115-vagas-de-emprego-para-contratacao-imediata\/"},"wordCount":341,"commentCount":0,"publisher":{"@id":"https:\/\/jornaltimoneiro.com.br\/#organization"},"keywords":["emprego","farm\u00e1cia","Panvel","vaga imediata"],"articleSection":["Emprego"],"inLanguage":"pt-BR","potentialAction":[{"@type":"CommentAction","name":"Comment","target":["https:\/\/jornaltimoneiro.com.br\/index.php\/2025\/06\/03\/acao-na-capital-oferece-115-vagas-de-emprego-para-contratacao-imediata\/#respond"]}]},{"@type":"WebPage","@id":"https:\/\/jornaltimoneiro.com.br\/index.php\/2025\/06\/03\/acao-na-capital-oferece-115-vagas-de-emprego-para-contratacao-imediata\/","url":"https:\/\/jornaltimoneiro.com.br\/index.php\/2025\/06\/03\/acao-na-capital-oferece-115-vagas-de-emprego-para-contratacao-imediata\/","name":"A\u00e7\u00e3o na Capital oferece 115 vagas de emprego para contrata\u00e7\u00e3o imediata - O Timoneiro Jornal Canoas RS","isPartOf":{"@id":"https:\/\/jornaltimoneiro.com.br\/#website"},"datePublished":"2025-06-03T16:42:11+00:00","dateModified":"2025-06-03T16:42:11+00:00","description":"A Panvel ir\u00e1 realizar uma a\u00e7\u00e3o na Av. Borges de Medeiros, em Porto Alegre, para sele\u00e7\u00e3o de profissionais, \u00e0s 9 horas. S\u00e3o oferecidas 115 vagas","breadcrumb":{"@id":"https:\/\/jornaltimoneiro.com.br\/index.php\/2025\/06\/03\/acao-na-capital-oferece-115-vagas-de-emprego-para-contratacao-imediata\/#breadcrumb"},"inLanguage":"pt-BR","potentialAction":[{"@type":"ReadAction","target":["https:\/\/jornaltimoneiro.com.br\/index.php\/2025\/06\/03\/acao-na-capital-oferece-115-vagas-de-emprego-para-contratacao-imediata\/"]}]},{"@type":"BreadcrumbList","@id":"https:\/\/jornaltimoneiro.com.br\/index.php\/2025\/06\/03\/acao-na-capital-oferece-115-vagas-de-emprego-para-contratacao-imediata\/#breadcrumb","itemListElement":[{"@type":"ListItem","position":1,"name":"In\u00edcio","item":"https:\/\/jornaltimoneiro.com.br\/"},{"@type":"ListItem","position":2,"name":"A\u00e7\u00e3o na Capital oferece 115 vagas de emprego para contrata\u00e7\u00e3o imediata"}]},{"@type":"WebSite","@id":"https:\/\/jornaltimoneiro.com.br\/#website","url":"https:\/\/jornaltimoneiro.com.br\/","name":"Jornal Timoneiro Canoas RS","description":"Jornal O Timoneiro, o verdadeiro jornal de Canoas","publisher":{"@id":"https:\/\/jornaltimoneiro.com.br\/#organization"},"potentialAction":[{"@type":"SearchAction","target":{"@type":"EntryPoint","urlTemplate":"https:\/\/jornaltimoneiro.com.br\/?s={search_term_string}"},"query-input":"required name=search_term_string"}],"inLanguage":"pt-BR"},{"@type":"Organization","@id":"https:\/\/jornaltimoneiro.com.br\/#organization","name":"Jornal Timoneiro Canoas RS","url":"https:\/\/jornaltimoneiro.com.br\/","logo":{"@type":"ImageObject","inLanguage":"pt-BR","@id":"https:\/\/jornaltimoneiro.com.br\/#\/schema\/logo\/image\/","url":"https:\/\/jornaltimoneiro.com.br\/wp-content\/uploads\/2023\/03\/logonovo.png","contentUrl":"https:\/\/jornaltimoneiro.com.br\/wp-content\/uploads\/2023\/03\/logonovo.png","width":"469","height":"171","caption":"Jornal Timoneiro Canoas RS"},"image":{"@id":"https:\/\/jornaltimoneiro.com.br\/#\/schema\/logo\/image\/"},"sameAs":["https:\/\/www.facebook.com\/jornaltimoneiro","https:\/\/twitter.com\/_OTimoneiro","https:\/\/www.instagram.com\/jornaltimoneirocanoas\/","https:\/\/www.youtube.com\/@jornalotimoneiro7927"]},{"@type":"Person","@id":"https:\/\/jornaltimoneiro.com.br\/#\/schema\/person\/f63482f1a02b1a9592707865e509ab40","name":"Reda\u00e7\u00e3o","image":{"@type":"ImageObject","inLanguage":"pt-BR","@id":"https:\/\/jornaltimoneiro.com.br\/#\/schema\/person\/image\/","url":"https:\/\/jornaltimoneiro.com.br\/wp-content\/uploads\/2023\/03\/download.jpeg","contentUrl":"https:\/\/jornaltimoneiro.com.br\/wp-content\/uploads\/2023\/03\/download.jpeg","caption":"Reda\u00e7\u00e3o"},"url":"https:\/\/jornaltimoneiro.com.br\/index.php\/author\/simone-dutra\/"}]}},"_links":{"self":[{"href":"https:\/\/jornaltimoneiro.com.br\/index.php\/wp-json\/wp\/v2\/posts\/35191"}],"collection":[{"href":"https:\/\/jornaltimoneiro.com.br\/index.php\/wp-json\/wp\/v2\/posts"}],"about":[{"href":"https:\/\/jornaltimoneiro.com.br\/index.php\/wp-json\/wp\/v2\/types\/post"}],"author":[{"embeddable":true,"href":"https:\/\/jornaltimoneiro.com.br\/index.php\/wp-json\/wp\/v2\/users\/2"}],"replies":[{"embeddable":true,"href":"https:\/\/jornaltimoneiro.com.br\/index.php\/wp-json\/wp\/v2\/comments?post=35191"}],"version-history":[{"count":1,"href":"https:\/\/jornaltimoneiro.com.br\/index.php\/wp-json\/wp\/v2\/posts\/35191\/revisions"}],"predecessor-version":[{"id":35193,"href":"https:\/\/jornaltimoneiro.com.br\/index.php\/wp-json\/wp\/v2\/posts\/35191\/revisions\/35193"}],"wp:featuredmedia":[{"embeddable":true,"href":"https:\/\/jornaltimoneiro.com.br\/index.php\/wp-json\/wp\/v2\/media\/35192"}],"wp:attachment":[{"href":"https:\/\/jornaltimoneiro.com.br\/index.php\/wp-json\/wp\/v2\/media?parent=35191"}],"wp:term":[{"taxonomy":"category","embeddable":true,"href":"https:\/\/jornaltimoneiro.com.br\/index.php\/wp-json\/wp\/v2\/categories?post=35191"},{"taxonomy":"post_tag","embeddable":true,"href":"https:\/\/jornaltimoneiro.com.br\/index.php\/wp-json\/wp\/v2\/tags?post=35191"}],"curies":[{"name":"wp","href":"https:\/\/api.w.org\/{rel}","templated":true}]}}