{"id":35157,"date":"2025-05-30T15:57:05","date_gmt":"2025-05-30T18:57:05","guid":{"rendered":"https:\/\/jornaltimoneiro.com.br\/?p=35157"},"modified":"2025-05-30T15:57:05","modified_gmt":"2025-05-30T18:57:05","slug":"governo-lanca-agora-tem-especialistas-para-ampliar-atendimento-no-sus","status":"publish","type":"post","link":"https:\/\/jornaltimoneiro.com.br\/index.php\/2025\/05\/30\/governo-lanca-agora-tem-especialistas-para-ampliar-atendimento-no-sus\/","title":{"rendered":"Governo lan\u00e7a &#8216;Agora tem especialistas&#8217; para ampliar atendimento no SUS"},"content":{"rendered":"<p>O Governo Federal lan\u00e7ou, nesta sexta-feira, 30, um novo programa para acelerar o atendimento e aproximar a popula\u00e7\u00e3o dos m\u00e9dicos especialistas no Sistema \u00danico de Sa\u00fade (SUS), com a presen\u00e7a do presidente Luiz In\u00e1cio Lula da Silva e do ministro da Sa\u00fade, Alexandre Padilha.<\/p>\n<p>A iniciativa possibilita que o Minist\u00e9rio da Sa\u00fade utilize toda a estrutura de sa\u00fade do pa\u00eds, p\u00fablica e privada, aumentando a capacidade de atendimento nas redes locais. A expectativa, com os novos mecanismos, \u00e9 reduzir o tempo de espera dos pacientes, um gargalo hist\u00f3rico e que se agravou com a pandemia.<\/p>\n<p>Durante o evento, como primeira entrega do programa, seis cidades brasileiras receber\u00e3o um acelerador linear \u2014 equipamento de alta tecnologia que reduz o tempo de tratamento do c\u00e2ncer.<\/p>\n<p>As entregas foram feitas em cerim\u00f4nias simult\u00e2neas pelo vice-presidente da Rep\u00fablica, Geraldo Alckmin, pelos ministros Gleisi Hoffmann (Rela\u00e7\u00f5es Institucionais), Anielle Franco (Igualdade Racial), Wellington Dias (Desenvolvimento e Assist\u00eancia Social, Fam\u00edlia e Combate \u00e0 Fome) e M\u00e1rcio Fran\u00e7a (Empreendedorismo, Microempresa e Empresa de Pequeno Porte), e do presidente da Empresa Brasileira de Servi\u00e7os Hospitalares (Ebserh), Arthur Chioro, al\u00e9m de representantes do Minist\u00e9rio da Sa\u00fade.<\/p>\n<p>Para a expans\u00e3o da oferta de servi\u00e7os especializados, o programa Agora Tem Especialistas prev\u00ea o credenciamento de cl\u00ednicas, hospitais filantr\u00f3picos e privados para atendimento de pacientes do SUS com foco em seis \u00e1reas priorit\u00e1rias: oncologia, ginecologia, cardiologia, ortopedia, oftalmologia e otorrinolaringologia. A contrata\u00e7\u00e3o ser\u00e1 feita pelos estados e munic\u00edpios, ou de maneira complementar pela AgSUS e Grupo Hospitalar Concei\u00e7\u00e3o.<\/p>\n<p>A medida provis\u00f3ria estabelece ainda que hospitais privados e filantr\u00f3picos realizem consultas, exames e cirurgias de pacientes do SUS como contrapartida para sanar d\u00edvidas com Uni\u00e3o. Da mesma forma, os planos de sa\u00fade poder\u00e3o ressarcir os valores ao SUS por meio de atendimento.<\/p>\n<h4><strong>Mutir\u00f5es e amplia\u00e7\u00f5es<\/strong><\/h4>\n<p>Uma das prioridades \u00e9 aproveitar ao m\u00e1ximo a capacidade da rede p\u00fablica de sa\u00fade, com a realiza\u00e7\u00e3o de mutir\u00f5es e amplia\u00e7\u00e3o dos turnos de atendimento em unidades federais, estaduais e municipais. A estimativa \u00e9 que, com medidas como essa, seja poss\u00edvel expandir em at\u00e9 30% os atendimentos em policl\u00ednicas, UPAs, ambulat\u00f3rios e salas de cirurgias por todo o Brasil.<\/p>\n<h4><strong>Contexto<\/strong><\/h4>\n<p>As a\u00e7\u00f5es unem esfor\u00e7os de toda a rede de sa\u00fade e aproveitam a capacidade instalada para atender a uma demanda urgente da popula\u00e7\u00e3o brasileira. S\u00e3o 370 mil \u00f3bitos por ano por doen\u00e7as n\u00e3o transmiss\u00edveis relacionados a atraso no diagn\u00f3stico, de acordo com o Instituto de Estudos para Pol\u00edticas de Sa\u00fade (IEPS). Dados do Instituto Nacional do C\u00e2ncer (INCA), apontam que os custos com c\u00e2ncer aumentam em 37% por agravamento por causa da desassist\u00eancia.<\/p>\n<p>H\u00e1 uma necessidade ainda de o pa\u00eds aumentar em mais de 60% as bi\u00f3psias para o c\u00e2ncer de mama. Soma-se a este cen\u00e1rio a distribui\u00e7\u00e3o desigual dos m\u00e9dicos especialistas no Brasil. O estudo Demografia M\u00e9dica 2025 aponta que esses profissionais est\u00e3o concentrados no Distrito Federal, S\u00e3o Paulo e Rio de Janeiro e na rede privada, uma vez que apenas 10% deles atendem exclusivamente pelo SUS.<\/p>\n<h4><strong>Consolida\u00e7\u00e3o<\/strong><\/h4>\n<p>O Agora Tem Especialistas prev\u00ea a consolida\u00e7\u00e3o do cuidado oncol\u00f3gico no SUS como a maior rede p\u00fablica de preven\u00e7\u00e3o, diagn\u00f3stico e tratamento de c\u00e2ncer. O Minist\u00e9rio da Sa\u00fade vai adquirir mais 121 aceleradores lineares at\u00e9 2026, o que representar\u00e1 um aumento e qualifica\u00e7\u00e3o dos aparelhos em funcionamento no SUS. Desses equipamentos para radioterapia, seis ser\u00e3o entregues nesta sexta-feira em S\u00e3o Paulo (SP), Bauru (SP), Piracicaba (SP), Curitiba (PR), Andara\u00ed (RJ) e Teresina (PI).<\/p>\n<h4><strong>Integra\u00e7\u00e3o<\/strong><\/h4>\n<p>O pa\u00eds passar\u00e1 a contar com o Super Centro Brasil para Diagn\u00f3stico de C\u00e2ncer. Todos os servi\u00e7os oncol\u00f3gicos ser\u00e3o integrados para oferta de teleconsultoria, telelaudos e telepatologia. Com a entrada do A.C. Camargo C\u00e2ncer Center no Proadi-SUS e a participa\u00e7\u00e3o do INCA, a rede ser\u00e1 capaz de emitir, inicialmente, 1.000 laudos por dia.<\/p>\n<h4><strong>Regi\u00f5es desassistidas<\/strong><\/h4>\n<p>O Minist\u00e9rio da Sa\u00fade vai garantir atendimento especializado em regi\u00f5es desassistidas, com a disponibiliza\u00e7\u00e3o de 150 carretas equipadas com estrutura para realizar consultas com cardiologista e oftalmologista, al\u00e9m de exames como mamografia, tomografia e raio-X. A proposta \u00e9 que as carretas do programa tenham estrutura para pequenas cirurgias e bi\u00f3psias. Outra frente \u00e9 o atendimento m\u00f3vel a caminhoneiros.<\/p>\n<p>Tamb\u00e9m est\u00e3o previstos mutir\u00f5es de exames, consultas e cirurgias em \u00e1reas remotas e territ\u00f3rios ind\u00edgenas. Para garantir o deslocamento de pacientes, ser\u00e3o disponibilizados recursos para a compra de at\u00e9 6.300 ve\u00edculos para transporte at\u00e9 hospitais e unidades de sa\u00fade, com prioridade para o atendimento oncol\u00f3gico. Cerca de 1,2 milh\u00e3o de pacientes dever\u00e3o ser beneficiados por m\u00eas com o funcionamento deste servi\u00e7o.<\/p>\n<h4><strong>Reduzindo dist\u00e2ncias<\/strong><\/h4>\n<p>Para encurtar dist\u00e2ncias, um desafio em um pa\u00eds das dimens\u00f5es do Brasil, ser\u00e1 ampliada a oferta de servi\u00e7os de telessa\u00fade, que t\u00eam potencial para reduzir at\u00e9 30% as filas de espera por consulta ou diagn\u00f3stico da rede especializada do SUS. Ser\u00e3o abertos editais para as iniciativas p\u00fablica e privada para a oferta de telediagn\u00f3stico, teleconsultoria e teleconsulta especializada.<\/p>\n<h4><strong>Meu SUS digital<\/strong><\/h4>\n<p>O provimento e a forma\u00e7\u00e3o dos profissionais s\u00e3o outra frente do programa, com expectativa de ampliar em 3.500 o n\u00famero de profissionais especializados, com foco em \u00e1reas priorit\u00e1rias, sendo 500 vagas para o Mais M\u00e9dicos Especialistas.<\/p>\n<p>A comunica\u00e7\u00e3o com os pacientes ganha novas funcionalidades no aplicativo Meu SUS Digital, que emitir\u00e1 alertas por mensagens e via push para comunicar ao usu\u00e1rio sobre o agendamento e o atendimento de consultas, exames, cirurgias e tratamentos. O SUS tamb\u00e9m far\u00e1 contato com avisos por WhatsApp e SMS.<\/p>\n<p><strong>Fonte<\/strong>: <a href=\"https:\/\/agenciagov.ebc.com.br\/\">ag\u00eancia.gov<\/a><\/p>\n","protected":false},"excerpt":{"rendered":"<p>O Governo Federal lan\u00e7ou, nesta sexta-feira, 30, um novo programa para acelerar o atendimento e aproximar a popula\u00e7\u00e3o dos m\u00e9dicos especialistas no Sistema \u00danico de Sa\u00fade (SUS), com a presen\u00e7a do presidente Luiz In\u00e1cio Lula da Silva e do ministro da Sa\u00fade, Alexandre Padilha. A iniciativa possibilita que o Minist\u00e9rio da Sa\u00fade utilize toda a [&hellip;]<\/p>\n","protected":false},"author":2,"featured_media":35158,"comment_status":"open","ping_status":"open","sticky":false,"template":"","format":"standard","meta":{"amp_status":"","footnotes":""},"categories":[26],"tags":[4305,225,67,189,3328,1043],"class_list":["post-35157","post","type-post","status-publish","format-standard","has-post-thumbnail","hentry","category-saude","tag-agora-tem-especialistas","tag-brasil","tag-governo-federal","tag-saude","tag-sistema-unico-de-saude","tag-sus"],"yoast_head":"<!-- This site is optimized with the Yoast SEO plugin v20.5 - https:\/\/yoast.com\/wordpress\/plugins\/seo\/ -->\n<title>Governo lan\u00e7a &#039;Agora tem especialistas&#039; para ampliar atendimento no SUS - O Timoneiro Jornal Canoas RS<\/title>\n<meta name=\"description\" content=\"O Governo Federal lan\u00e7ou um novo programa para acelerar o atendimento e aproximar a popula\u00e7\u00e3o dos m\u00e9dicos especialistas no SUS\" \/>\n<meta name=\"robots\" content=\"index, follow, max-snippet:-1, max-image-preview:large, max-video-preview:-1\" \/>\n<link rel=\"canonical\" href=\"https:\/\/jornaltimoneiro.com.br\/index.php\/2025\/05\/30\/governo-lanca-agora-tem-especialistas-para-ampliar-atendimento-no-sus\/\" \/>\n<meta property=\"og:locale\" content=\"pt_BR\" \/>\n<meta property=\"og:type\" content=\"article\" \/>\n<meta property=\"og:title\" content=\"Governo lan\u00e7a &#039;Agora tem especialistas&#039; para ampliar atendimento no SUS - O Timoneiro Jornal Canoas RS\" \/>\n<meta property=\"og:description\" content=\"O Governo Federal lan\u00e7ou um novo programa para acelerar o atendimento e aproximar a popula\u00e7\u00e3o dos m\u00e9dicos especialistas no SUS\" \/>\n<meta property=\"og:url\" content=\"https:\/\/jornaltimoneiro.com.br\/index.php\/2025\/05\/30\/governo-lanca-agora-tem-especialistas-para-ampliar-atendimento-no-sus\/\" \/>\n<meta property=\"og:site_name\" content=\"O Timoneiro Jornal Canoas RS\" \/>\n<meta property=\"article:publisher\" content=\"https:\/\/www.facebook.com\/jornaltimoneiro\" \/>\n<meta property=\"article:published_time\" content=\"2025-05-30T18:57:05+00:00\" \/>\n<meta property=\"og:image\" content=\"https:\/\/jornaltimoneiro.com.br\/wp-content\/uploads\/2025\/05\/Governo-lanca-Agora-tem-especialistas-para-ampliar-atendimento-no-SUS.jpeg\" \/>\n\t<meta property=\"og:image:width\" content=\"768\" \/>\n\t<meta property=\"og:image:height\" content=\"524\" \/>\n\t<meta property=\"og:image:type\" content=\"image\/jpeg\" \/>\n<meta name=\"author\" content=\"Reda\u00e7\u00e3o\" \/>\n<meta name=\"twitter:card\" content=\"summary_large_image\" \/>\n<meta name=\"twitter:creator\" content=\"@_OTimoneiro\" \/>\n<meta name=\"twitter:site\" content=\"@_OTimoneiro\" \/>\n<meta name=\"twitter:label1\" content=\"Escrito por\" \/>\n\t<meta name=\"twitter:data1\" content=\"Reda\u00e7\u00e3o\" \/>\n\t<meta name=\"twitter:label2\" content=\"Est. tempo de leitura\" \/>\n\t<meta name=\"twitter:data2\" content=\"5 minutos\" \/>\n<script type=\"application\/ld+json\" class=\"yoast-schema-graph\">{\"@context\":\"https:\/\/schema.org\",\"@graph\":[{\"@type\":\"Article\",\"@id\":\"https:\/\/jornaltimoneiro.com.br\/index.php\/2025\/05\/30\/governo-lanca-agora-tem-especialistas-para-ampliar-atendimento-no-sus\/#article\",\"isPartOf\":{\"@id\":\"https:\/\/jornaltimoneiro.com.br\/index.php\/2025\/05\/30\/governo-lanca-agora-tem-especialistas-para-ampliar-atendimento-no-sus\/\"},\"author\":{\"name\":\"Reda\u00e7\u00e3o\",\"@id\":\"https:\/\/jornaltimoneiro.com.br\/#\/schema\/person\/f63482f1a02b1a9592707865e509ab40\"},\"headline\":\"Governo lan\u00e7a &#8216;Agora tem especialistas&#8217; para ampliar atendimento no SUS\",\"datePublished\":\"2025-05-30T18:57:05+00:00\",\"dateModified\":\"2025-05-30T18:57:05+00:00\",\"mainEntityOfPage\":{\"@id\":\"https:\/\/jornaltimoneiro.com.br\/index.php\/2025\/05\/30\/governo-lanca-agora-tem-especialistas-para-ampliar-atendimento-no-sus\/\"},\"wordCount\":1014,\"commentCount\":0,\"publisher\":{\"@id\":\"https:\/\/jornaltimoneiro.com.br\/#organization\"},\"keywords\":[\"agora tem especialistas\",\"Brasil\",\"Governo Federal\",\"sa\u00fade\",\"sistema \u00fanico de sa\u00fade\",\"sus\"],\"articleSection\":[\"Sa\u00fade\"],\"inLanguage\":\"pt-BR\",\"potentialAction\":[{\"@type\":\"CommentAction\",\"name\":\"Comment\",\"target\":[\"https:\/\/jornaltimoneiro.com.br\/index.php\/2025\/05\/30\/governo-lanca-agora-tem-especialistas-para-ampliar-atendimento-no-sus\/#respond\"]}]},{\"@type\":\"WebPage\",\"@id\":\"https:\/\/jornaltimoneiro.com.br\/index.php\/2025\/05\/30\/governo-lanca-agora-tem-especialistas-para-ampliar-atendimento-no-sus\/\",\"url\":\"https:\/\/jornaltimoneiro.com.br\/index.php\/2025\/05\/30\/governo-lanca-agora-tem-especialistas-para-ampliar-atendimento-no-sus\/\",\"name\":\"Governo lan\u00e7a 'Agora tem especialistas' para ampliar atendimento no SUS - O Timoneiro Jornal Canoas RS\",\"isPartOf\":{\"@id\":\"https:\/\/jornaltimoneiro.com.br\/#website\"},\"datePublished\":\"2025-05-30T18:57:05+00:00\",\"dateModified\":\"2025-05-30T18:57:05+00:00\",\"description\":\"O Governo Federal lan\u00e7ou um novo programa para acelerar o atendimento e aproximar a popula\u00e7\u00e3o dos m\u00e9dicos especialistas no SUS\",\"breadcrumb\":{\"@id\":\"https:\/\/jornaltimoneiro.com.br\/index.php\/2025\/05\/30\/governo-lanca-agora-tem-especialistas-para-ampliar-atendimento-no-sus\/#breadcrumb\"},\"inLanguage\":\"pt-BR\",\"potentialAction\":[{\"@type\":\"ReadAction\",\"target\":[\"https:\/\/jornaltimoneiro.com.br\/index.php\/2025\/05\/30\/governo-lanca-agora-tem-especialistas-para-ampliar-atendimento-no-sus\/\"]}]},{\"@type\":\"BreadcrumbList\",\"@id\":\"https:\/\/jornaltimoneiro.com.br\/index.php\/2025\/05\/30\/governo-lanca-agora-tem-especialistas-para-ampliar-atendimento-no-sus\/#breadcrumb\",\"itemListElement\":[{\"@type\":\"ListItem\",\"position\":1,\"name\":\"In\u00edcio\",\"item\":\"https:\/\/jornaltimoneiro.com.br\/\"},{\"@type\":\"ListItem\",\"position\":2,\"name\":\"Governo lan\u00e7a &#8216;Agora tem especialistas&#8217; para ampliar atendimento no SUS\"}]},{\"@type\":\"WebSite\",\"@id\":\"https:\/\/jornaltimoneiro.com.br\/#website\",\"url\":\"https:\/\/jornaltimoneiro.com.br\/\",\"name\":\"Jornal Timoneiro Canoas RS\",\"description\":\"Jornal O Timoneiro, o verdadeiro jornal de Canoas\",\"publisher\":{\"@id\":\"https:\/\/jornaltimoneiro.com.br\/#organization\"},\"potentialAction\":[{\"@type\":\"SearchAction\",\"target\":{\"@type\":\"EntryPoint\",\"urlTemplate\":\"https:\/\/jornaltimoneiro.com.br\/?s={search_term_string}\"},\"query-input\":\"required name=search_term_string\"}],\"inLanguage\":\"pt-BR\"},{\"@type\":\"Organization\",\"@id\":\"https:\/\/jornaltimoneiro.com.br\/#organization\",\"name\":\"Jornal Timoneiro Canoas RS\",\"url\":\"https:\/\/jornaltimoneiro.com.br\/\",\"logo\":{\"@type\":\"ImageObject\",\"inLanguage\":\"pt-BR\",\"@id\":\"https:\/\/jornaltimoneiro.com.br\/#\/schema\/logo\/image\/\",\"url\":\"https:\/\/jornaltimoneiro.com.br\/wp-content\/uploads\/2023\/03\/logonovo.png\",\"contentUrl\":\"https:\/\/jornaltimoneiro.com.br\/wp-content\/uploads\/2023\/03\/logonovo.png\",\"width\":\"469\",\"height\":\"171\",\"caption\":\"Jornal Timoneiro Canoas RS\"},\"image\":{\"@id\":\"https:\/\/jornaltimoneiro.com.br\/#\/schema\/logo\/image\/\"},\"sameAs\":[\"https:\/\/www.facebook.com\/jornaltimoneiro\",\"https:\/\/twitter.com\/_OTimoneiro\",\"https:\/\/www.instagram.com\/jornaltimoneirocanoas\/\",\"https:\/\/www.youtube.com\/@jornalotimoneiro7927\"]},{\"@type\":\"Person\",\"@id\":\"https:\/\/jornaltimoneiro.com.br\/#\/schema\/person\/f63482f1a02b1a9592707865e509ab40\",\"name\":\"Reda\u00e7\u00e3o\",\"image\":{\"@type\":\"ImageObject\",\"inLanguage\":\"pt-BR\",\"@id\":\"https:\/\/jornaltimoneiro.com.br\/#\/schema\/person\/image\/\",\"url\":\"https:\/\/jornaltimoneiro.com.br\/wp-content\/uploads\/2023\/03\/download.jpeg\",\"contentUrl\":\"https:\/\/jornaltimoneiro.com.br\/wp-content\/uploads\/2023\/03\/download.jpeg\",\"caption\":\"Reda\u00e7\u00e3o\"},\"url\":\"https:\/\/jornaltimoneiro.com.br\/index.php\/author\/simone-dutra\/\"}]}<\/script>\n<!-- \/ Yoast SEO plugin. -->","yoast_head_json":{"title":"Governo lan\u00e7a 'Agora tem especialistas' para ampliar atendimento no SUS - O Timoneiro Jornal Canoas RS","description":"O Governo Federal lan\u00e7ou um novo programa para acelerar o atendimento e aproximar a popula\u00e7\u00e3o dos m\u00e9dicos especialistas no SUS","robots":{"index":"index","follow":"follow","max-snippet":"max-snippet:-1","max-image-preview":"max-image-preview:large","max-video-preview":"max-video-preview:-1"},"canonical":"https:\/\/jornaltimoneiro.com.br\/index.php\/2025\/05\/30\/governo-lanca-agora-tem-especialistas-para-ampliar-atendimento-no-sus\/","og_locale":"pt_BR","og_type":"article","og_title":"Governo lan\u00e7a 'Agora tem especialistas' para ampliar atendimento no SUS - O Timoneiro Jornal Canoas RS","og_description":"O Governo Federal lan\u00e7ou um novo programa para acelerar o atendimento e aproximar a popula\u00e7\u00e3o dos m\u00e9dicos especialistas no SUS","og_url":"https:\/\/jornaltimoneiro.com.br\/index.php\/2025\/05\/30\/governo-lanca-agora-tem-especialistas-para-ampliar-atendimento-no-sus\/","og_site_name":"O Timoneiro Jornal Canoas RS","article_publisher":"https:\/\/www.facebook.com\/jornaltimoneiro","article_published_time":"2025-05-30T18:57:05+00:00","og_image":[{"width":"768","height":"524","url":"https:\/\/jornaltimoneiro.com.br\/wp-content\/uploads\/2025\/05\/Governo-lanca-Agora-tem-especialistas-para-ampliar-atendimento-no-SUS.jpeg","type":"image\/jpeg"}],"author":"Reda\u00e7\u00e3o","twitter_card":"summary_large_image","twitter_creator":"@_OTimoneiro","twitter_site":"@_OTimoneiro","twitter_misc":{"Escrito por":"Reda\u00e7\u00e3o","Est. tempo de leitura":"5 minutos"},"schema":{"@context":"https:\/\/schema.org","@graph":[{"@type":"Article","@id":"https:\/\/jornaltimoneiro.com.br\/index.php\/2025\/05\/30\/governo-lanca-agora-tem-especialistas-para-ampliar-atendimento-no-sus\/#article","isPartOf":{"@id":"https:\/\/jornaltimoneiro.com.br\/index.php\/2025\/05\/30\/governo-lanca-agora-tem-especialistas-para-ampliar-atendimento-no-sus\/"},"author":{"name":"Reda\u00e7\u00e3o","@id":"https:\/\/jornaltimoneiro.com.br\/#\/schema\/person\/f63482f1a02b1a9592707865e509ab40"},"headline":"Governo lan\u00e7a &#8216;Agora tem especialistas&#8217; para ampliar atendimento no SUS","datePublished":"2025-05-30T18:57:05+00:00","dateModified":"2025-05-30T18:57:05+00:00","mainEntityOfPage":{"@id":"https:\/\/jornaltimoneiro.com.br\/index.php\/2025\/05\/30\/governo-lanca-agora-tem-especialistas-para-ampliar-atendimento-no-sus\/"},"wordCount":1014,"commentCount":0,"publisher":{"@id":"https:\/\/jornaltimoneiro.com.br\/#organization"},"keywords":["agora tem especialistas","Brasil","Governo Federal","sa\u00fade","sistema \u00fanico de sa\u00fade","sus"],"articleSection":["Sa\u00fade"],"inLanguage":"pt-BR","potentialAction":[{"@type":"CommentAction","name":"Comment","target":["https:\/\/jornaltimoneiro.com.br\/index.php\/2025\/05\/30\/governo-lanca-agora-tem-especialistas-para-ampliar-atendimento-no-sus\/#respond"]}]},{"@type":"WebPage","@id":"https:\/\/jornaltimoneiro.com.br\/index.php\/2025\/05\/30\/governo-lanca-agora-tem-especialistas-para-ampliar-atendimento-no-sus\/","url":"https:\/\/jornaltimoneiro.com.br\/index.php\/2025\/05\/30\/governo-lanca-agora-tem-especialistas-para-ampliar-atendimento-no-sus\/","name":"Governo lan\u00e7a 'Agora tem especialistas' para ampliar atendimento no SUS - O Timoneiro Jornal Canoas RS","isPartOf":{"@id":"https:\/\/jornaltimoneiro.com.br\/#website"},"datePublished":"2025-05-30T18:57:05+00:00","dateModified":"2025-05-30T18:57:05+00:00","description":"O Governo Federal lan\u00e7ou um novo programa para acelerar o atendimento e aproximar a popula\u00e7\u00e3o dos m\u00e9dicos especialistas no SUS","breadcrumb":{"@id":"https:\/\/jornaltimoneiro.com.br\/index.php\/2025\/05\/30\/governo-lanca-agora-tem-especialistas-para-ampliar-atendimento-no-sus\/#breadcrumb"},"inLanguage":"pt-BR","potentialAction":[{"@type":"ReadAction","target":["https:\/\/jornaltimoneiro.com.br\/index.php\/2025\/05\/30\/governo-lanca-agora-tem-especialistas-para-ampliar-atendimento-no-sus\/"]}]},{"@type":"BreadcrumbList","@id":"https:\/\/jornaltimoneiro.com.br\/index.php\/2025\/05\/30\/governo-lanca-agora-tem-especialistas-para-ampliar-atendimento-no-sus\/#breadcrumb","itemListElement":[{"@type":"ListItem","position":1,"name":"In\u00edcio","item":"https:\/\/jornaltimoneiro.com.br\/"},{"@type":"ListItem","position":2,"name":"Governo lan\u00e7a &#8216;Agora tem especialistas&#8217; para ampliar atendimento no SUS"}]},{"@type":"WebSite","@id":"https:\/\/jornaltimoneiro.com.br\/#website","url":"https:\/\/jornaltimoneiro.com.br\/","name":"Jornal Timoneiro Canoas RS","description":"Jornal O Timoneiro, o verdadeiro jornal de Canoas","publisher":{"@id":"https:\/\/jornaltimoneiro.com.br\/#organization"},"potentialAction":[{"@type":"SearchAction","target":{"@type":"EntryPoint","urlTemplate":"https:\/\/jornaltimoneiro.com.br\/?s={search_term_string}"},"query-input":"required name=search_term_string"}],"inLanguage":"pt-BR"},{"@type":"Organization","@id":"https:\/\/jornaltimoneiro.com.br\/#organization","name":"Jornal Timoneiro Canoas RS","url":"https:\/\/jornaltimoneiro.com.br\/","logo":{"@type":"ImageObject","inLanguage":"pt-BR","@id":"https:\/\/jornaltimoneiro.com.br\/#\/schema\/logo\/image\/","url":"https:\/\/jornaltimoneiro.com.br\/wp-content\/uploads\/2023\/03\/logonovo.png","contentUrl":"https:\/\/jornaltimoneiro.com.br\/wp-content\/uploads\/2023\/03\/logonovo.png","width":"469","height":"171","caption":"Jornal Timoneiro Canoas RS"},"image":{"@id":"https:\/\/jornaltimoneiro.com.br\/#\/schema\/logo\/image\/"},"sameAs":["https:\/\/www.facebook.com\/jornaltimoneiro","https:\/\/twitter.com\/_OTimoneiro","https:\/\/www.instagram.com\/jornaltimoneirocanoas\/","https:\/\/www.youtube.com\/@jornalotimoneiro7927"]},{"@type":"Person","@id":"https:\/\/jornaltimoneiro.com.br\/#\/schema\/person\/f63482f1a02b1a9592707865e509ab40","name":"Reda\u00e7\u00e3o","image":{"@type":"ImageObject","inLanguage":"pt-BR","@id":"https:\/\/jornaltimoneiro.com.br\/#\/schema\/person\/image\/","url":"https:\/\/jornaltimoneiro.com.br\/wp-content\/uploads\/2023\/03\/download.jpeg","contentUrl":"https:\/\/jornaltimoneiro.com.br\/wp-content\/uploads\/2023\/03\/download.jpeg","caption":"Reda\u00e7\u00e3o"},"url":"https:\/\/jornaltimoneiro.com.br\/index.php\/author\/simone-dutra\/"}]}},"_links":{"self":[{"href":"https:\/\/jornaltimoneiro.com.br\/index.php\/wp-json\/wp\/v2\/posts\/35157"}],"collection":[{"href":"https:\/\/jornaltimoneiro.com.br\/index.php\/wp-json\/wp\/v2\/posts"}],"about":[{"href":"https:\/\/jornaltimoneiro.com.br\/index.php\/wp-json\/wp\/v2\/types\/post"}],"author":[{"embeddable":true,"href":"https:\/\/jornaltimoneiro.com.br\/index.php\/wp-json\/wp\/v2\/users\/2"}],"replies":[{"embeddable":true,"href":"https:\/\/jornaltimoneiro.com.br\/index.php\/wp-json\/wp\/v2\/comments?post=35157"}],"version-history":[{"count":1,"href":"https:\/\/jornaltimoneiro.com.br\/index.php\/wp-json\/wp\/v2\/posts\/35157\/revisions"}],"predecessor-version":[{"id":35159,"href":"https:\/\/jornaltimoneiro.com.br\/index.php\/wp-json\/wp\/v2\/posts\/35157\/revisions\/35159"}],"wp:featuredmedia":[{"embeddable":true,"href":"https:\/\/jornaltimoneiro.com.br\/index.php\/wp-json\/wp\/v2\/media\/35158"}],"wp:attachment":[{"href":"https:\/\/jornaltimoneiro.com.br\/index.php\/wp-json\/wp\/v2\/media?parent=35157"}],"wp:term":[{"taxonomy":"category","embeddable":true,"href":"https:\/\/jornaltimoneiro.com.br\/index.php\/wp-json\/wp\/v2\/categories?post=35157"},{"taxonomy":"post_tag","embeddable":true,"href":"https:\/\/jornaltimoneiro.com.br\/index.php\/wp-json\/wp\/v2\/tags?post=35157"}],"curies":[{"name":"wp","href":"https:\/\/api.w.org\/{rel}","templated":true}]}}