{"id":35155,"date":"2025-05-30T15:40:01","date_gmt":"2025-05-30T18:40:01","guid":{"rendered":"https:\/\/jornaltimoneiro.com.br\/?p=35155"},"modified":"2025-05-30T15:40:01","modified_gmt":"2025-05-30T18:40:01","slug":"pronto-socorro-de-canoas-mp-ajuiza-acao-pedindo-provas-da-regularizacao-das-escalas-medicas","status":"publish","type":"post","link":"https:\/\/jornaltimoneiro.com.br\/index.php\/2025\/05\/30\/pronto-socorro-de-canoas-mp-ajuiza-acao-pedindo-provas-da-regularizacao-das-escalas-medicas\/","title":{"rendered":"Pronto Socorro de Canoas: MP aju\u00edza a\u00e7\u00e3o pedindo provas da regulariza\u00e7\u00e3o das escalas m\u00e9dicas"},"content":{"rendered":"<p>O Minist\u00e9rio P\u00fablico Estadual (MPE) ajuizou a\u00e7\u00e3o civil p\u00fablica (ACP) para que seja comprovada a regulariza\u00e7\u00e3o das escalas de m\u00e9dicos no Hospital de Pronto-Socorro de Canoas (HPSC), garantindo a presen\u00e7a de profissionais suficientes por turno e por especialidade, inclusive no per\u00edodo de plant\u00e3o. O munic\u00edpio tamb\u00e9m ter\u00e1 que comprovar a regulariza\u00e7\u00e3o do fornecimento de insumos, medicamentos e equipamentos necess\u00e1rios aos atendimentos realizados na institui\u00e7\u00e3o no prazo de dois dias.<\/p>\n<p>Outros pedidos que constam na ACP j\u00e1 haviam sido deferidos pela Justi\u00e7a: que o munic\u00edpio de Canoas informe, em 48 horas, o cronograma de abertura de novos leitos para atendimento dos casos de s\u00edndrome respirat\u00f3ria aguda grave e a localiza\u00e7\u00e3o das novas vagas, conforme decreto recentemente noticiado; e que, no prazo de 30 dias, informe a data para a conclus\u00e3o das obras de recupera\u00e7\u00e3o da sede original do HPSC e o retorno integral dos atendimentos de sa\u00fade realizados no local.<\/p>\n<p>As medidas encaminhadas pela Justi\u00e7a e solicitadas pelo MPE tiveram in\u00edcio com fiscaliza\u00e7\u00e3o do Conselho Regional de Medicina do estado do Rio Grande do Sul (Cremers), que, no in\u00edcio de maio, determinou a interdi\u00e7\u00e3o \u00e9tica do ensino da Medicina no Hospital Universit\u00e1rio por irregularidades que envolviam o trabalho dos alunos no local.<\/p>\n<p><strong>O que diz a Prefeitura<br \/>\n<\/strong><br \/>\nProcurada pela nossa reportagem, a Prefeitura de Canoas respondeu que se pronunciar\u00e1 a respeito do caso nesta sexta-feira, 30.<\/p>\n","protected":false},"excerpt":{"rendered":"<p>O Minist\u00e9rio P\u00fablico Estadual (MPE) ajuizou a\u00e7\u00e3o civil p\u00fablica (ACP) para que seja comprovada a regulariza\u00e7\u00e3o das escalas de m\u00e9dicos no Hospital de Pronto-Socorro de Canoas (HPSC), garantindo a presen\u00e7a de profissionais suficientes por turno e por especialidade, inclusive no per\u00edodo de plant\u00e3o. O munic\u00edpio tamb\u00e9m ter\u00e1 que comprovar a regulariza\u00e7\u00e3o do fornecimento de insumos, [&hellip;]<\/p>\n","protected":false},"author":2,"featured_media":22298,"comment_status":"open","ping_status":"open","sticky":false,"template":"","format":"standard","meta":{"amp_status":"","footnotes":""},"categories":[26],"tags":[31,485,190,138,2437,342],"class_list":["post-35155","post","type-post","status-publish","format-standard","has-post-thumbnail","hentry","category-saude","tag-canoas","tag-cremers","tag-featured","tag-hospital","tag-hospital-de-pronto-socorro","tag-medicos"],"yoast_head":"<!-- This site is optimized with the Yoast SEO plugin v20.5 - https:\/\/yoast.com\/wordpress\/plugins\/seo\/ -->\n<title>Pronto Socorro de Canoas: MP aju\u00edza a\u00e7\u00e3o pedindo provas da regulariza\u00e7\u00e3o das escalas m\u00e9dicas - O Timoneiro Jornal Canoas RS<\/title>\n<meta name=\"description\" content=\"O Minist\u00e9rio P\u00fablico Estadual ajuizou a\u00e7\u00e3o civil p\u00fablica para que seja comprovada a regulariza\u00e7\u00e3o das escalas de m\u00e9dicos no HPSC de canoas\" \/>\n<meta name=\"robots\" content=\"index, follow, max-snippet:-1, max-image-preview:large, max-video-preview:-1\" \/>\n<link rel=\"canonical\" href=\"https:\/\/jornaltimoneiro.com.br\/index.php\/2025\/05\/30\/pronto-socorro-de-canoas-mp-ajuiza-acao-pedindo-provas-da-regularizacao-das-escalas-medicas\/\" \/>\n<meta property=\"og:locale\" content=\"pt_BR\" \/>\n<meta property=\"og:type\" content=\"article\" \/>\n<meta property=\"og:title\" content=\"Pronto Socorro de Canoas: MP aju\u00edza a\u00e7\u00e3o pedindo provas da regulariza\u00e7\u00e3o das escalas m\u00e9dicas - O Timoneiro Jornal Canoas RS\" \/>\n<meta property=\"og:description\" content=\"O Minist\u00e9rio P\u00fablico Estadual ajuizou a\u00e7\u00e3o civil p\u00fablica para que seja comprovada a regulariza\u00e7\u00e3o das escalas de m\u00e9dicos no HPSC de canoas\" \/>\n<meta property=\"og:url\" content=\"https:\/\/jornaltimoneiro.com.br\/index.php\/2025\/05\/30\/pronto-socorro-de-canoas-mp-ajuiza-acao-pedindo-provas-da-regularizacao-das-escalas-medicas\/\" \/>\n<meta property=\"og:site_name\" content=\"O Timoneiro Jornal Canoas RS\" \/>\n<meta property=\"article:publisher\" content=\"https:\/\/www.facebook.com\/jornaltimoneiro\" \/>\n<meta property=\"article:published_time\" content=\"2025-05-30T18:40:01+00:00\" \/>\n<meta property=\"og:image\" content=\"https:\/\/jornaltimoneiro.com.br\/wp-content\/uploads\/2022\/02\/HPSC_cris-concei\u00e7\u00e3o.jpg\" \/>\n\t<meta property=\"og:image:width\" content=\"1080\" \/>\n\t<meta property=\"og:image:height\" content=\"719\" \/>\n\t<meta property=\"og:image:type\" content=\"image\/jpeg\" \/>\n<meta name=\"author\" content=\"Reda\u00e7\u00e3o\" \/>\n<meta name=\"twitter:card\" content=\"summary_large_image\" \/>\n<meta name=\"twitter:creator\" content=\"@_OTimoneiro\" \/>\n<meta name=\"twitter:site\" content=\"@_OTimoneiro\" \/>\n<meta name=\"twitter:label1\" content=\"Escrito por\" \/>\n\t<meta name=\"twitter:data1\" content=\"Reda\u00e7\u00e3o\" \/>\n\t<meta name=\"twitter:label2\" content=\"Est. tempo de leitura\" \/>\n\t<meta name=\"twitter:data2\" content=\"2 minutos\" \/>\n<script type=\"application\/ld+json\" class=\"yoast-schema-graph\">{\"@context\":\"https:\/\/schema.org\",\"@graph\":[{\"@type\":\"Article\",\"@id\":\"https:\/\/jornaltimoneiro.com.br\/index.php\/2025\/05\/30\/pronto-socorro-de-canoas-mp-ajuiza-acao-pedindo-provas-da-regularizacao-das-escalas-medicas\/#article\",\"isPartOf\":{\"@id\":\"https:\/\/jornaltimoneiro.com.br\/index.php\/2025\/05\/30\/pronto-socorro-de-canoas-mp-ajuiza-acao-pedindo-provas-da-regularizacao-das-escalas-medicas\/\"},\"author\":{\"name\":\"Reda\u00e7\u00e3o\",\"@id\":\"https:\/\/jornaltimoneiro.com.br\/#\/schema\/person\/f63482f1a02b1a9592707865e509ab40\"},\"headline\":\"Pronto Socorro de Canoas: MP aju\u00edza a\u00e7\u00e3o pedindo provas da regulariza\u00e7\u00e3o das escalas m\u00e9dicas\",\"datePublished\":\"2025-05-30T18:40:01+00:00\",\"dateModified\":\"2025-05-30T18:40:01+00:00\",\"mainEntityOfPage\":{\"@id\":\"https:\/\/jornaltimoneiro.com.br\/index.php\/2025\/05\/30\/pronto-socorro-de-canoas-mp-ajuiza-acao-pedindo-provas-da-regularizacao-das-escalas-medicas\/\"},\"wordCount\":268,\"commentCount\":0,\"publisher\":{\"@id\":\"https:\/\/jornaltimoneiro.com.br\/#organization\"},\"keywords\":[\"canoas\",\"cremers\",\"featured\",\"Hospital\",\"hospital de pronto socorro\",\"m\u00e9dicos\"],\"articleSection\":[\"Sa\u00fade\"],\"inLanguage\":\"pt-BR\",\"potentialAction\":[{\"@type\":\"CommentAction\",\"name\":\"Comment\",\"target\":[\"https:\/\/jornaltimoneiro.com.br\/index.php\/2025\/05\/30\/pronto-socorro-de-canoas-mp-ajuiza-acao-pedindo-provas-da-regularizacao-das-escalas-medicas\/#respond\"]}]},{\"@type\":\"WebPage\",\"@id\":\"https:\/\/jornaltimoneiro.com.br\/index.php\/2025\/05\/30\/pronto-socorro-de-canoas-mp-ajuiza-acao-pedindo-provas-da-regularizacao-das-escalas-medicas\/\",\"url\":\"https:\/\/jornaltimoneiro.com.br\/index.php\/2025\/05\/30\/pronto-socorro-de-canoas-mp-ajuiza-acao-pedindo-provas-da-regularizacao-das-escalas-medicas\/\",\"name\":\"Pronto Socorro de Canoas: MP aju\u00edza a\u00e7\u00e3o pedindo provas da regulariza\u00e7\u00e3o das escalas m\u00e9dicas - O Timoneiro Jornal Canoas RS\",\"isPartOf\":{\"@id\":\"https:\/\/jornaltimoneiro.com.br\/#website\"},\"datePublished\":\"2025-05-30T18:40:01+00:00\",\"dateModified\":\"2025-05-30T18:40:01+00:00\",\"description\":\"O Minist\u00e9rio P\u00fablico Estadual ajuizou a\u00e7\u00e3o civil p\u00fablica para que seja comprovada a regulariza\u00e7\u00e3o das escalas de m\u00e9dicos no HPSC de canoas\",\"breadcrumb\":{\"@id\":\"https:\/\/jornaltimoneiro.com.br\/index.php\/2025\/05\/30\/pronto-socorro-de-canoas-mp-ajuiza-acao-pedindo-provas-da-regularizacao-das-escalas-medicas\/#breadcrumb\"},\"inLanguage\":\"pt-BR\",\"potentialAction\":[{\"@type\":\"ReadAction\",\"target\":[\"https:\/\/jornaltimoneiro.com.br\/index.php\/2025\/05\/30\/pronto-socorro-de-canoas-mp-ajuiza-acao-pedindo-provas-da-regularizacao-das-escalas-medicas\/\"]}]},{\"@type\":\"BreadcrumbList\",\"@id\":\"https:\/\/jornaltimoneiro.com.br\/index.php\/2025\/05\/30\/pronto-socorro-de-canoas-mp-ajuiza-acao-pedindo-provas-da-regularizacao-das-escalas-medicas\/#breadcrumb\",\"itemListElement\":[{\"@type\":\"ListItem\",\"position\":1,\"name\":\"In\u00edcio\",\"item\":\"https:\/\/jornaltimoneiro.com.br\/\"},{\"@type\":\"ListItem\",\"position\":2,\"name\":\"Pronto Socorro de Canoas: MP aju\u00edza a\u00e7\u00e3o pedindo provas da regulariza\u00e7\u00e3o das escalas m\u00e9dicas\"}]},{\"@type\":\"WebSite\",\"@id\":\"https:\/\/jornaltimoneiro.com.br\/#website\",\"url\":\"https:\/\/jornaltimoneiro.com.br\/\",\"name\":\"Jornal Timoneiro Canoas RS\",\"description\":\"Jornal O Timoneiro, o verdadeiro jornal de Canoas\",\"publisher\":{\"@id\":\"https:\/\/jornaltimoneiro.com.br\/#organization\"},\"potentialAction\":[{\"@type\":\"SearchAction\",\"target\":{\"@type\":\"EntryPoint\",\"urlTemplate\":\"https:\/\/jornaltimoneiro.com.br\/?s={search_term_string}\"},\"query-input\":\"required name=search_term_string\"}],\"inLanguage\":\"pt-BR\"},{\"@type\":\"Organization\",\"@id\":\"https:\/\/jornaltimoneiro.com.br\/#organization\",\"name\":\"Jornal Timoneiro Canoas RS\",\"url\":\"https:\/\/jornaltimoneiro.com.br\/\",\"logo\":{\"@type\":\"ImageObject\",\"inLanguage\":\"pt-BR\",\"@id\":\"https:\/\/jornaltimoneiro.com.br\/#\/schema\/logo\/image\/\",\"url\":\"https:\/\/jornaltimoneiro.com.br\/wp-content\/uploads\/2023\/03\/logonovo.png\",\"contentUrl\":\"https:\/\/jornaltimoneiro.com.br\/wp-content\/uploads\/2023\/03\/logonovo.png\",\"width\":\"469\",\"height\":\"171\",\"caption\":\"Jornal Timoneiro Canoas RS\"},\"image\":{\"@id\":\"https:\/\/jornaltimoneiro.com.br\/#\/schema\/logo\/image\/\"},\"sameAs\":[\"https:\/\/www.facebook.com\/jornaltimoneiro\",\"https:\/\/twitter.com\/_OTimoneiro\",\"https:\/\/www.instagram.com\/jornaltimoneirocanoas\/\",\"https:\/\/www.youtube.com\/@jornalotimoneiro7927\"]},{\"@type\":\"Person\",\"@id\":\"https:\/\/jornaltimoneiro.com.br\/#\/schema\/person\/f63482f1a02b1a9592707865e509ab40\",\"name\":\"Reda\u00e7\u00e3o\",\"image\":{\"@type\":\"ImageObject\",\"inLanguage\":\"pt-BR\",\"@id\":\"https:\/\/jornaltimoneiro.com.br\/#\/schema\/person\/image\/\",\"url\":\"https:\/\/jornaltimoneiro.com.br\/wp-content\/uploads\/2023\/03\/download.jpeg\",\"contentUrl\":\"https:\/\/jornaltimoneiro.com.br\/wp-content\/uploads\/2023\/03\/download.jpeg\",\"caption\":\"Reda\u00e7\u00e3o\"},\"url\":\"https:\/\/jornaltimoneiro.com.br\/index.php\/author\/simone-dutra\/\"}]}<\/script>\n<!-- \/ Yoast SEO plugin. -->","yoast_head_json":{"title":"Pronto Socorro de Canoas: MP aju\u00edza a\u00e7\u00e3o pedindo provas da regulariza\u00e7\u00e3o das escalas m\u00e9dicas - O Timoneiro Jornal Canoas RS","description":"O Minist\u00e9rio P\u00fablico Estadual ajuizou a\u00e7\u00e3o civil p\u00fablica para que seja comprovada a regulariza\u00e7\u00e3o das escalas de m\u00e9dicos no HPSC de canoas","robots":{"index":"index","follow":"follow","max-snippet":"max-snippet:-1","max-image-preview":"max-image-preview:large","max-video-preview":"max-video-preview:-1"},"canonical":"https:\/\/jornaltimoneiro.com.br\/index.php\/2025\/05\/30\/pronto-socorro-de-canoas-mp-ajuiza-acao-pedindo-provas-da-regularizacao-das-escalas-medicas\/","og_locale":"pt_BR","og_type":"article","og_title":"Pronto Socorro de Canoas: MP aju\u00edza a\u00e7\u00e3o pedindo provas da regulariza\u00e7\u00e3o das escalas m\u00e9dicas - O Timoneiro Jornal Canoas RS","og_description":"O Minist\u00e9rio P\u00fablico Estadual ajuizou a\u00e7\u00e3o civil p\u00fablica para que seja comprovada a regulariza\u00e7\u00e3o das escalas de m\u00e9dicos no HPSC de canoas","og_url":"https:\/\/jornaltimoneiro.com.br\/index.php\/2025\/05\/30\/pronto-socorro-de-canoas-mp-ajuiza-acao-pedindo-provas-da-regularizacao-das-escalas-medicas\/","og_site_name":"O Timoneiro Jornal Canoas RS","article_publisher":"https:\/\/www.facebook.com\/jornaltimoneiro","article_published_time":"2025-05-30T18:40:01+00:00","og_image":[{"width":"1080","height":"719","url":"https:\/\/jornaltimoneiro.com.br\/wp-content\/uploads\/2022\/02\/HPSC_cris-concei\u00e7\u00e3o.jpg","type":"image\/jpeg"}],"author":"Reda\u00e7\u00e3o","twitter_card":"summary_large_image","twitter_creator":"@_OTimoneiro","twitter_site":"@_OTimoneiro","twitter_misc":{"Escrito por":"Reda\u00e7\u00e3o","Est. tempo de leitura":"2 minutos"},"schema":{"@context":"https:\/\/schema.org","@graph":[{"@type":"Article","@id":"https:\/\/jornaltimoneiro.com.br\/index.php\/2025\/05\/30\/pronto-socorro-de-canoas-mp-ajuiza-acao-pedindo-provas-da-regularizacao-das-escalas-medicas\/#article","isPartOf":{"@id":"https:\/\/jornaltimoneiro.com.br\/index.php\/2025\/05\/30\/pronto-socorro-de-canoas-mp-ajuiza-acao-pedindo-provas-da-regularizacao-das-escalas-medicas\/"},"author":{"name":"Reda\u00e7\u00e3o","@id":"https:\/\/jornaltimoneiro.com.br\/#\/schema\/person\/f63482f1a02b1a9592707865e509ab40"},"headline":"Pronto Socorro de Canoas: MP aju\u00edza a\u00e7\u00e3o pedindo provas da regulariza\u00e7\u00e3o das escalas m\u00e9dicas","datePublished":"2025-05-30T18:40:01+00:00","dateModified":"2025-05-30T18:40:01+00:00","mainEntityOfPage":{"@id":"https:\/\/jornaltimoneiro.com.br\/index.php\/2025\/05\/30\/pronto-socorro-de-canoas-mp-ajuiza-acao-pedindo-provas-da-regularizacao-das-escalas-medicas\/"},"wordCount":268,"commentCount":0,"publisher":{"@id":"https:\/\/jornaltimoneiro.com.br\/#organization"},"keywords":["canoas","cremers","featured","Hospital","hospital de pronto socorro","m\u00e9dicos"],"articleSection":["Sa\u00fade"],"inLanguage":"pt-BR","potentialAction":[{"@type":"CommentAction","name":"Comment","target":["https:\/\/jornaltimoneiro.com.br\/index.php\/2025\/05\/30\/pronto-socorro-de-canoas-mp-ajuiza-acao-pedindo-provas-da-regularizacao-das-escalas-medicas\/#respond"]}]},{"@type":"WebPage","@id":"https:\/\/jornaltimoneiro.com.br\/index.php\/2025\/05\/30\/pronto-socorro-de-canoas-mp-ajuiza-acao-pedindo-provas-da-regularizacao-das-escalas-medicas\/","url":"https:\/\/jornaltimoneiro.com.br\/index.php\/2025\/05\/30\/pronto-socorro-de-canoas-mp-ajuiza-acao-pedindo-provas-da-regularizacao-das-escalas-medicas\/","name":"Pronto Socorro de Canoas: MP aju\u00edza a\u00e7\u00e3o pedindo provas da regulariza\u00e7\u00e3o das escalas m\u00e9dicas - O Timoneiro Jornal Canoas RS","isPartOf":{"@id":"https:\/\/jornaltimoneiro.com.br\/#website"},"datePublished":"2025-05-30T18:40:01+00:00","dateModified":"2025-05-30T18:40:01+00:00","description":"O Minist\u00e9rio P\u00fablico Estadual ajuizou a\u00e7\u00e3o civil p\u00fablica para que seja comprovada a regulariza\u00e7\u00e3o das escalas de m\u00e9dicos no HPSC de canoas","breadcrumb":{"@id":"https:\/\/jornaltimoneiro.com.br\/index.php\/2025\/05\/30\/pronto-socorro-de-canoas-mp-ajuiza-acao-pedindo-provas-da-regularizacao-das-escalas-medicas\/#breadcrumb"},"inLanguage":"pt-BR","potentialAction":[{"@type":"ReadAction","target":["https:\/\/jornaltimoneiro.com.br\/index.php\/2025\/05\/30\/pronto-socorro-de-canoas-mp-ajuiza-acao-pedindo-provas-da-regularizacao-das-escalas-medicas\/"]}]},{"@type":"BreadcrumbList","@id":"https:\/\/jornaltimoneiro.com.br\/index.php\/2025\/05\/30\/pronto-socorro-de-canoas-mp-ajuiza-acao-pedindo-provas-da-regularizacao-das-escalas-medicas\/#breadcrumb","itemListElement":[{"@type":"ListItem","position":1,"name":"In\u00edcio","item":"https:\/\/jornaltimoneiro.com.br\/"},{"@type":"ListItem","position":2,"name":"Pronto Socorro de Canoas: MP aju\u00edza a\u00e7\u00e3o pedindo provas da regulariza\u00e7\u00e3o das escalas m\u00e9dicas"}]},{"@type":"WebSite","@id":"https:\/\/jornaltimoneiro.com.br\/#website","url":"https:\/\/jornaltimoneiro.com.br\/","name":"Jornal Timoneiro Canoas RS","description":"Jornal O Timoneiro, o verdadeiro jornal de Canoas","publisher":{"@id":"https:\/\/jornaltimoneiro.com.br\/#organization"},"potentialAction":[{"@type":"SearchAction","target":{"@type":"EntryPoint","urlTemplate":"https:\/\/jornaltimoneiro.com.br\/?s={search_term_string}"},"query-input":"required name=search_term_string"}],"inLanguage":"pt-BR"},{"@type":"Organization","@id":"https:\/\/jornaltimoneiro.com.br\/#organization","name":"Jornal Timoneiro Canoas RS","url":"https:\/\/jornaltimoneiro.com.br\/","logo":{"@type":"ImageObject","inLanguage":"pt-BR","@id":"https:\/\/jornaltimoneiro.com.br\/#\/schema\/logo\/image\/","url":"https:\/\/jornaltimoneiro.com.br\/wp-content\/uploads\/2023\/03\/logonovo.png","contentUrl":"https:\/\/jornaltimoneiro.com.br\/wp-content\/uploads\/2023\/03\/logonovo.png","width":"469","height":"171","caption":"Jornal Timoneiro Canoas RS"},"image":{"@id":"https:\/\/jornaltimoneiro.com.br\/#\/schema\/logo\/image\/"},"sameAs":["https:\/\/www.facebook.com\/jornaltimoneiro","https:\/\/twitter.com\/_OTimoneiro","https:\/\/www.instagram.com\/jornaltimoneirocanoas\/","https:\/\/www.youtube.com\/@jornalotimoneiro7927"]},{"@type":"Person","@id":"https:\/\/jornaltimoneiro.com.br\/#\/schema\/person\/f63482f1a02b1a9592707865e509ab40","name":"Reda\u00e7\u00e3o","image":{"@type":"ImageObject","inLanguage":"pt-BR","@id":"https:\/\/jornaltimoneiro.com.br\/#\/schema\/person\/image\/","url":"https:\/\/jornaltimoneiro.com.br\/wp-content\/uploads\/2023\/03\/download.jpeg","contentUrl":"https:\/\/jornaltimoneiro.com.br\/wp-content\/uploads\/2023\/03\/download.jpeg","caption":"Reda\u00e7\u00e3o"},"url":"https:\/\/jornaltimoneiro.com.br\/index.php\/author\/simone-dutra\/"}]}},"_links":{"self":[{"href":"https:\/\/jornaltimoneiro.com.br\/index.php\/wp-json\/wp\/v2\/posts\/35155"}],"collection":[{"href":"https:\/\/jornaltimoneiro.com.br\/index.php\/wp-json\/wp\/v2\/posts"}],"about":[{"href":"https:\/\/jornaltimoneiro.com.br\/index.php\/wp-json\/wp\/v2\/types\/post"}],"author":[{"embeddable":true,"href":"https:\/\/jornaltimoneiro.com.br\/index.php\/wp-json\/wp\/v2\/users\/2"}],"replies":[{"embeddable":true,"href":"https:\/\/jornaltimoneiro.com.br\/index.php\/wp-json\/wp\/v2\/comments?post=35155"}],"version-history":[{"count":1,"href":"https:\/\/jornaltimoneiro.com.br\/index.php\/wp-json\/wp\/v2\/posts\/35155\/revisions"}],"predecessor-version":[{"id":35156,"href":"https:\/\/jornaltimoneiro.com.br\/index.php\/wp-json\/wp\/v2\/posts\/35155\/revisions\/35156"}],"wp:featuredmedia":[{"embeddable":true,"href":"https:\/\/jornaltimoneiro.com.br\/index.php\/wp-json\/wp\/v2\/media\/22298"}],"wp:attachment":[{"href":"https:\/\/jornaltimoneiro.com.br\/index.php\/wp-json\/wp\/v2\/media?parent=35155"}],"wp:term":[{"taxonomy":"category","embeddable":true,"href":"https:\/\/jornaltimoneiro.com.br\/index.php\/wp-json\/wp\/v2\/categories?post=35155"},{"taxonomy":"post_tag","embeddable":true,"href":"https:\/\/jornaltimoneiro.com.br\/index.php\/wp-json\/wp\/v2\/tags?post=35155"}],"curies":[{"name":"wp","href":"https:\/\/api.w.org\/{rel}","templated":true}]}}