{"id":35117,"date":"2025-05-28T11:42:46","date_gmt":"2025-05-28T14:42:46","guid":{"rendered":"https:\/\/jornaltimoneiro.com.br\/?p=35117"},"modified":"2025-05-28T11:42:46","modified_gmt":"2025-05-28T14:42:46","slug":"relatorio-do-mapbiomas-aponta-queda-de-42-no-desmatamento-do-bioma-pampa-em-2024","status":"publish","type":"post","link":"https:\/\/jornaltimoneiro.com.br\/index.php\/2025\/05\/28\/relatorio-do-mapbiomas-aponta-queda-de-42-no-desmatamento-do-bioma-pampa-em-2024\/","title":{"rendered":"Relat\u00f3rio do MapBiomas aponta queda de 42% no desmatamento do bioma Pampa em 2024"},"content":{"rendered":"<p>O \u00faltimo relat\u00f3rio divulgado pelo MapBiomas com o balan\u00e7o do desmatamento de todos os biomas brasileiros no ano de 2024 trouxe uma boa not\u00edcia para o Rio Grande do Sul. O bioma Pampa, que no Brasil \u00e9 exclusivo do Estado, teve uma queda de 42% no desmatamento. O bioma aparece com a menor \u00e1rea de desmatamento do relat\u00f3rio: 0,1% do total, ou 896 hectares, segundo o Relat\u00f3rio Anual do Desmatamento no Brasil (RAD), divulgado em 15 de maio.<\/p>\n<p>\u201cO Rio Grande do Sul vem implementando uma s\u00e9rie de a\u00e7\u00f5es voltadas \u00e0 preserva\u00e7\u00e3o do bioma Pampa, que ocupa 68% do territ\u00f3rio do Estado. Uma das medidas foi a inclus\u00e3o do Pampa como bioma no novo C\u00f3digo Estadual do Meio Ambiente. Tamb\u00e9m houve a migra\u00e7\u00e3o do Cadastro Ambiental Rural para a plataforma federal e o acordo judicial que trouxe consensos relativos \u00e0s tipologias existentes no Pampa. Temos a convic\u00e7\u00e3o de que a preserva\u00e7\u00e3o das esp\u00e9cies nativas presentes no pampa ga\u00facho estar\u00e3o cada vez mais protegidas\u201d, informou a titular da Secretaria do Meio Ambiente e Infraestrutura (Sema), Marjorie Kauffmann.<\/p>\n<p>De acordo com o RAD, todos os biomas brasileiros tiveram redu\u00e7\u00e3o na \u00e1rea desmatada em 2024. A exce\u00e7\u00e3o foi o bioma Mata Atl\u00e2ntica, que se manteve est\u00e1vel com rela\u00e7\u00e3o a 2023. De acordo com o MapBiomas, os resultados apontados neste bioma foram influenciados pelos eventos meteorol\u00f3gicos extremos que atingiram o Rio Grande do Sul entre abril e maio do ano passado. Caso esses eventos n\u00e3o tivessem ocorrido, o bioma teria registrado uma redu\u00e7\u00e3o de pelo menos 20% na \u00e1rea afetada em rela\u00e7\u00e3o ao ano anterior.<\/p>\n<p>A perda de vegeta\u00e7\u00e3o atribu\u00edda aos deslizamentos de terras na enchente hist\u00f3rica tamb\u00e9m foi registrada no relat\u00f3rio desenvolvido pelo SOS Mata Atl\u00e2ntica, divulgado neste m\u00eas de maio. De acordo com o estudo, os eventos classificados como \u201cdesastres naturais\u201d responderam pela maior parte dos 3.307 hectares desmatados no ano.<\/p>\n<h3><strong>Outras iniciativas\u00a0<\/strong><\/h3>\n<ul>\n<li><strong>Corredores Ecol\u00f3gicos<\/strong><\/li>\n<\/ul>\n<p>Esses corredores promovem a conserva\u00e7\u00e3o da biodiversidade por meio de estrat\u00e9gias de gest\u00e3o territorial que mant\u00eam ou recuperam processos ecol\u00f3gicos, conectando \u00e1reas protegidas e facilitando a dispers\u00e3o de esp\u00e9cies, al\u00e9m da recoloniza\u00e7\u00e3o de \u00e1reas degradadas. A Sema tem trabalhado na implementa\u00e7\u00e3o do Corredor Ecol\u00f3gico da Quarta Col\u00f4nia, que conecta os biomas Pampa e Mata Atl\u00e2ntica.<\/p>\n<ul>\n<li><strong>Rota dos Butiazais<\/strong><\/li>\n<\/ul>\n<p>Esse \u00e9 um acordo de coopera\u00e7\u00e3o t\u00e9cnica entre a Sema e a Empresa Brasileira de Pesquisa Agropecu\u00e1ria (Embrapa) que prev\u00ea a\u00e7\u00f5es de pesquisa, extens\u00e3o rural e normatiza\u00e7\u00e3o do uso sustent\u00e1vel de esp\u00e9cies de buti\u00e1, fruto nativo do bioma Pampa. A rota conecta pessoas em prol da conserva\u00e7\u00e3o e uso consciente da biodiversidade nas \u00e1reas de ocorr\u00eancia dos butiazais no Brasil, Uruguai e Argentina.<\/p>\n<ul>\n<li><strong>Trilhas de Longo Curso<\/strong><\/li>\n<\/ul>\n<p>Essa iniciativa visa promover experi\u00eancias tur\u00edsticas, incentivar a cultura, o esporte e o lazer, al\u00e9m de gerar renda e trabalho para as comunidades locais. Atualmente, o Rio Grande do Sul conta com 12 Trilhas de Longo Curso implementadas e lan\u00e7ou, em 2024, o decreto que institui o Programa Estadual de Trilhas de Longo Curso, que busca ampliar as experi\u00eancias positivas do contato dos visitantes com o ambiente natural.<\/p>\n<ul>\n<li><strong>Certifica\u00e7\u00e3o Ambiental para Extrativismo Sustent\u00e1vel<\/strong><\/li>\n<\/ul>\n<p>A Sema emite certifica\u00e7\u00f5es para aqueles que possuem \u00e1reas de flora nativa e desejam extrair ou coletar produtos e subprodutos, como frutos, folhas, sementes e \u00f3leos essenciais, respeitando os limites da legisla\u00e7\u00e3o atual e praticando m\u00e9todos sustent\u00e1veis. Essa certifica\u00e7\u00e3o aproxima o \u00f3rg\u00e3o ambiental das a\u00e7\u00f5es no campo e ajuda a monitorar o impacto das atividades humanas na natureza.<\/p>\n<ul>\n<li><strong>Cadastro Ambiental Rural (CAR)<\/strong><\/li>\n<\/ul>\n<p>\u00c9 um registro eletr\u00f4nico de informa\u00e7\u00f5es ambientais, obrigat\u00f3rio para todos os im\u00f3veis rurais. A ferramenta do Sistema Nacional de Cadastro Ambiental Rural (SiCAR) promove a identifica\u00e7\u00e3o e integra\u00e7\u00e3o das informa\u00e7\u00f5es das propriedades, contribuindo para o planejamento ambiental, monitoramento, combate ao desmatamento e regulariza\u00e7\u00e3o ambiental.<\/p>\n<ul>\n<li><strong>Reposi\u00e7\u00e3o Florestal Obrigat\u00f3ria (RFO)<\/strong><\/li>\n<\/ul>\n<p>Medida legal para atenuar, compensar ou reparar impactos ambientais causados pelo corte de \u00e1rvores nativas, buscando a recupera\u00e7\u00e3o de \u00e1reas degradadas. A Sema \u00e9 respons\u00e1vel por analisar e emitir pareceres t\u00e9cnicos para os projetos de RFO, que no bioma Pampa envolvem o manejo conservacionista dos campos nativos, estrat\u00e9gias para a reintrodu\u00e7\u00e3o de esp\u00e9cies amea\u00e7adas e a erradica\u00e7\u00e3o de esp\u00e9cies ex\u00f3ticas invasoras.<\/p>\n<ul>\n<li><strong>Estrat\u00e9gia Nacional para Conserva\u00e7\u00e3o de Esp\u00e9cies Amea\u00e7adas de Extin\u00e7\u00e3o (GEF \u2013 Pr\u00f3-esp\u00e9cies)<\/strong><\/li>\n<\/ul>\n<p>Esse projeto, desenvolvido pelo Minist\u00e9rio do Meio Ambiente e executado pela Sema, visa mitigar impactos sobre esp\u00e9cies amea\u00e7adas que n\u00e3o est\u00e3o em \u00e1reas protegidas nem contempladas pelos Planos de A\u00e7\u00e3o Nacional (PAN). Por meio do GEF &#8211; Pr\u00f3-Esp\u00e9cies, s\u00e3o promovidas a\u00e7\u00f5es para combater a ca\u00e7a, pesca e extra\u00e7\u00e3o ilegal de esp\u00e9cies silvestres.<\/p>\n<ul>\n<li><strong>Programa Estadual de Recupera\u00e7\u00e3o da Vegeta\u00e7\u00e3o Nativa do Estado do Rio Grande do Sul (Proveg-RS)<\/strong><\/li>\n<\/ul>\n<p>Tem como objetivo promover, integrar e articular pol\u00edticas e a\u00e7\u00f5es que induzam \u00e0 restaura\u00e7\u00e3o e conserva\u00e7\u00e3o da vegeta\u00e7\u00e3o nativa no Estado. O Proveg-RS contribui para a conserva\u00e7\u00e3o dos ambientes nativos e a recupera\u00e7\u00e3o de \u00e1reas degradadas, preservando a biodiversidade e os servi\u00e7os ecossist\u00eamicos.<\/p>\n<ul>\n<li><strong>Campos do Sul<\/strong><\/li>\n<\/ul>\n<p>Visa garantir a conserva\u00e7\u00e3o dos campos nativos dos biomas Pampa e Mata Atl\u00e2ntica. Por interm\u00e9dio da oferta de assist\u00eancia t\u00e9cnica especializada, o Campos do Sul incentiva propriet\u00e1rios rurais a adotarem boas pr\u00e1ticas ambientais e de manejo, assegurando a prote\u00e7\u00e3o dos servi\u00e7os funcionais e ecossist\u00eamicos dos ambientes campestres e sua diversidade biol\u00f3gica.<\/p>\n<ul>\n<li><strong>Implementa\u00e7\u00e3o de Planos de A\u00e7\u00e3o Territoriais para a Conserva\u00e7\u00e3o de Esp\u00e9cies Amea\u00e7adas de Extin\u00e7\u00e3o (PATs)<\/strong><\/li>\n<\/ul>\n<p>Essa iniciativa, adotada em n\u00edvel nacional, visa definir estrat\u00e9gias para a conserva\u00e7\u00e3o de esp\u00e9cies criticamente amea\u00e7adas de extin\u00e7\u00e3o que carecem de planejamento. A Sema \u00e9 executora de dois PATs: o PAT Planalto Sul, que envolve os campos de altitude e a Floresta Ombr\u00f3fila Mista no bioma Mata Atl\u00e2ntica; e o PAT da Campanha Sul e Serra do Sudeste, abrangendo os Campos da Campanha e a Serra e Encosta de Sudeste, no bioma Pampa.<\/p>\n<p>No \u00e2mbito do bioma Pampa, a Sema coordena o Plano de A\u00e7\u00e3o Territorial (PAT) \u2013 Bag\u00e9, que busca melhorar o estado de conserva\u00e7\u00e3o das esp\u00e9cies focais e seus habitats, promovendo pr\u00e1ticas sustent\u00e1veis.<\/p>\n<ul>\n<li><strong>Projeto GEF \u2013 Terrestre<\/strong><\/li>\n<\/ul>\n<p>Desenvolvido pelo governo federal em parceria com a Sema, esse projeto envolve comunidades locais e propriet\u00e1rios nas \u00e1reas ao redor das Unidades de Conserva\u00e7\u00e3o (UCs). Ele atua por meio de estrat\u00e9gias que visam qualifica\u00e7\u00e3o, regulariza\u00e7\u00e3o e a\u00e7\u00f5es nas unidades existentes, trabalhando na restaura\u00e7\u00e3o da vegeta\u00e7\u00e3o nativa e na prote\u00e7\u00e3o de esp\u00e9cies amea\u00e7adas.<\/p>\n<p><strong>Sobre o MapBiomas<\/strong><\/p>\n<p>O MapBiomas \u00e9 uma iniciativa colaborativa criada em 2015 que re\u00fane diversas institui\u00e7\u00f5es para mapear anualmente o uso da terra no Brasil e monitorar mensalmente a \u00e1gua e o fogo desde 1985. Utilizando tecnologias como o Google Earth Engine, o projeto busca tornar acess\u00edveis informa\u00e7\u00f5es sobre o territ\u00f3rio, al\u00e9m de apoiar a conserva\u00e7\u00e3o ambiental e o combate \u00e0s mudan\u00e7as clim\u00e1ticas.<\/p>\n","protected":false},"excerpt":{"rendered":"<p>O \u00faltimo relat\u00f3rio divulgado pelo MapBiomas com o balan\u00e7o do desmatamento de todos os biomas brasileiros no ano de 2024 trouxe uma boa not\u00edcia para o Rio Grande do Sul. O bioma Pampa, que no Brasil \u00e9 exclusivo do Estado, teve uma queda de 42% no desmatamento. O bioma aparece com a menor \u00e1rea de [&hellip;]<\/p>\n","protected":false},"author":2,"featured_media":35119,"comment_status":"open","ping_status":"open","sticky":false,"template":"","format":"standard","meta":{"amp_status":"","footnotes":""},"categories":[29],"tags":[4291,190,763,213],"class_list":["post-35117","post","type-post","status-publish","format-standard","has-post-thumbnail","hentry","category-meio-ambiente","tag-desmatamento","tag-featured","tag-meio-ambiente","tag-rio-grande-do-sul"],"yoast_head":"<!-- This site is optimized with the Yoast SEO plugin v20.5 - https:\/\/yoast.com\/wordpress\/plugins\/seo\/ -->\n<title>Relat\u00f3rio do MapBiomas aponta queda de 42% no desmatamento do bioma Pampa em 2024 - O Timoneiro Jornal Canoas RS<\/title>\n<meta name=\"description\" content=\"Balan\u00e7o do desmatamento de todos os biomas brasileiros no ano de 2024 trouxe uma boa not\u00edcia para o Rio Grande do Sul.\" \/>\n<meta name=\"robots\" content=\"index, follow, max-snippet:-1, max-image-preview:large, max-video-preview:-1\" \/>\n<link rel=\"canonical\" href=\"https:\/\/jornaltimoneiro.com.br\/index.php\/2025\/05\/28\/relatorio-do-mapbiomas-aponta-queda-de-42-no-desmatamento-do-bioma-pampa-em-2024\/\" \/>\n<meta property=\"og:locale\" content=\"pt_BR\" \/>\n<meta property=\"og:type\" content=\"article\" \/>\n<meta property=\"og:title\" content=\"Relat\u00f3rio do MapBiomas aponta queda de 42% no desmatamento do bioma Pampa em 2024 - O Timoneiro Jornal Canoas RS\" \/>\n<meta property=\"og:description\" content=\"Balan\u00e7o do desmatamento de todos os biomas brasileiros no ano de 2024 trouxe uma boa not\u00edcia para o Rio Grande do Sul.\" \/>\n<meta property=\"og:url\" content=\"https:\/\/jornaltimoneiro.com.br\/index.php\/2025\/05\/28\/relatorio-do-mapbiomas-aponta-queda-de-42-no-desmatamento-do-bioma-pampa-em-2024\/\" \/>\n<meta property=\"og:site_name\" content=\"O Timoneiro Jornal Canoas RS\" \/>\n<meta property=\"article:publisher\" content=\"https:\/\/www.facebook.com\/jornaltimoneiro\" \/>\n<meta property=\"article:published_time\" content=\"2025-05-28T14:42:46+00:00\" \/>\n<meta property=\"og:image\" content=\"https:\/\/jornaltimoneiro.com.br\/wp-content\/uploads\/2025\/05\/Relatorio-do-MapBiomas-aponta-queda-de-42-no-desmatamento-do-bioma-Pampa-em-2024.jpeg\" \/>\n\t<meta property=\"og:image:width\" content=\"800\" \/>\n\t<meta property=\"og:image:height\" content=\"450\" \/>\n\t<meta property=\"og:image:type\" content=\"image\/jpeg\" \/>\n<meta name=\"author\" content=\"Reda\u00e7\u00e3o\" \/>\n<meta name=\"twitter:card\" content=\"summary_large_image\" \/>\n<meta name=\"twitter:creator\" content=\"@_OTimoneiro\" \/>\n<meta name=\"twitter:site\" content=\"@_OTimoneiro\" \/>\n<meta name=\"twitter:label1\" content=\"Escrito por\" \/>\n\t<meta name=\"twitter:data1\" content=\"Reda\u00e7\u00e3o\" \/>\n\t<meta name=\"twitter:label2\" content=\"Est. tempo de leitura\" \/>\n\t<meta name=\"twitter:data2\" content=\"7 minutos\" \/>\n<script type=\"application\/ld+json\" class=\"yoast-schema-graph\">{\"@context\":\"https:\/\/schema.org\",\"@graph\":[{\"@type\":\"Article\",\"@id\":\"https:\/\/jornaltimoneiro.com.br\/index.php\/2025\/05\/28\/relatorio-do-mapbiomas-aponta-queda-de-42-no-desmatamento-do-bioma-pampa-em-2024\/#article\",\"isPartOf\":{\"@id\":\"https:\/\/jornaltimoneiro.com.br\/index.php\/2025\/05\/28\/relatorio-do-mapbiomas-aponta-queda-de-42-no-desmatamento-do-bioma-pampa-em-2024\/\"},\"author\":{\"name\":\"Reda\u00e7\u00e3o\",\"@id\":\"https:\/\/jornaltimoneiro.com.br\/#\/schema\/person\/f63482f1a02b1a9592707865e509ab40\"},\"headline\":\"Relat\u00f3rio do MapBiomas aponta queda de 42% no desmatamento do bioma Pampa em 2024\",\"datePublished\":\"2025-05-28T14:42:46+00:00\",\"dateModified\":\"2025-05-28T14:42:46+00:00\",\"mainEntityOfPage\":{\"@id\":\"https:\/\/jornaltimoneiro.com.br\/index.php\/2025\/05\/28\/relatorio-do-mapbiomas-aponta-queda-de-42-no-desmatamento-do-bioma-pampa-em-2024\/\"},\"wordCount\":1258,\"commentCount\":0,\"publisher\":{\"@id\":\"https:\/\/jornaltimoneiro.com.br\/#organization\"},\"keywords\":[\"desmatamento\",\"featured\",\"meio ambiente\",\"rio grande do sul\"],\"articleSection\":[\"Meio Ambiente\"],\"inLanguage\":\"pt-BR\",\"potentialAction\":[{\"@type\":\"CommentAction\",\"name\":\"Comment\",\"target\":[\"https:\/\/jornaltimoneiro.com.br\/index.php\/2025\/05\/28\/relatorio-do-mapbiomas-aponta-queda-de-42-no-desmatamento-do-bioma-pampa-em-2024\/#respond\"]}]},{\"@type\":\"WebPage\",\"@id\":\"https:\/\/jornaltimoneiro.com.br\/index.php\/2025\/05\/28\/relatorio-do-mapbiomas-aponta-queda-de-42-no-desmatamento-do-bioma-pampa-em-2024\/\",\"url\":\"https:\/\/jornaltimoneiro.com.br\/index.php\/2025\/05\/28\/relatorio-do-mapbiomas-aponta-queda-de-42-no-desmatamento-do-bioma-pampa-em-2024\/\",\"name\":\"Relat\u00f3rio do MapBiomas aponta queda de 42% no desmatamento do bioma Pampa em 2024 - O Timoneiro Jornal Canoas RS\",\"isPartOf\":{\"@id\":\"https:\/\/jornaltimoneiro.com.br\/#website\"},\"datePublished\":\"2025-05-28T14:42:46+00:00\",\"dateModified\":\"2025-05-28T14:42:46+00:00\",\"description\":\"Balan\u00e7o do desmatamento de todos os biomas brasileiros no ano de 2024 trouxe uma boa not\u00edcia para o Rio Grande do Sul.\",\"breadcrumb\":{\"@id\":\"https:\/\/jornaltimoneiro.com.br\/index.php\/2025\/05\/28\/relatorio-do-mapbiomas-aponta-queda-de-42-no-desmatamento-do-bioma-pampa-em-2024\/#breadcrumb\"},\"inLanguage\":\"pt-BR\",\"potentialAction\":[{\"@type\":\"ReadAction\",\"target\":[\"https:\/\/jornaltimoneiro.com.br\/index.php\/2025\/05\/28\/relatorio-do-mapbiomas-aponta-queda-de-42-no-desmatamento-do-bioma-pampa-em-2024\/\"]}]},{\"@type\":\"BreadcrumbList\",\"@id\":\"https:\/\/jornaltimoneiro.com.br\/index.php\/2025\/05\/28\/relatorio-do-mapbiomas-aponta-queda-de-42-no-desmatamento-do-bioma-pampa-em-2024\/#breadcrumb\",\"itemListElement\":[{\"@type\":\"ListItem\",\"position\":1,\"name\":\"In\u00edcio\",\"item\":\"https:\/\/jornaltimoneiro.com.br\/\"},{\"@type\":\"ListItem\",\"position\":2,\"name\":\"Relat\u00f3rio do MapBiomas aponta queda de 42% no desmatamento do bioma Pampa em 2024\"}]},{\"@type\":\"WebSite\",\"@id\":\"https:\/\/jornaltimoneiro.com.br\/#website\",\"url\":\"https:\/\/jornaltimoneiro.com.br\/\",\"name\":\"Jornal Timoneiro Canoas RS\",\"description\":\"Jornal O Timoneiro, o verdadeiro jornal de Canoas\",\"publisher\":{\"@id\":\"https:\/\/jornaltimoneiro.com.br\/#organization\"},\"potentialAction\":[{\"@type\":\"SearchAction\",\"target\":{\"@type\":\"EntryPoint\",\"urlTemplate\":\"https:\/\/jornaltimoneiro.com.br\/?s={search_term_string}\"},\"query-input\":\"required name=search_term_string\"}],\"inLanguage\":\"pt-BR\"},{\"@type\":\"Organization\",\"@id\":\"https:\/\/jornaltimoneiro.com.br\/#organization\",\"name\":\"Jornal Timoneiro Canoas RS\",\"url\":\"https:\/\/jornaltimoneiro.com.br\/\",\"logo\":{\"@type\":\"ImageObject\",\"inLanguage\":\"pt-BR\",\"@id\":\"https:\/\/jornaltimoneiro.com.br\/#\/schema\/logo\/image\/\",\"url\":\"https:\/\/jornaltimoneiro.com.br\/wp-content\/uploads\/2023\/03\/logonovo.png\",\"contentUrl\":\"https:\/\/jornaltimoneiro.com.br\/wp-content\/uploads\/2023\/03\/logonovo.png\",\"width\":\"469\",\"height\":\"171\",\"caption\":\"Jornal Timoneiro Canoas RS\"},\"image\":{\"@id\":\"https:\/\/jornaltimoneiro.com.br\/#\/schema\/logo\/image\/\"},\"sameAs\":[\"https:\/\/www.facebook.com\/jornaltimoneiro\",\"https:\/\/twitter.com\/_OTimoneiro\",\"https:\/\/www.instagram.com\/jornaltimoneirocanoas\/\",\"https:\/\/www.youtube.com\/@jornalotimoneiro7927\"]},{\"@type\":\"Person\",\"@id\":\"https:\/\/jornaltimoneiro.com.br\/#\/schema\/person\/f63482f1a02b1a9592707865e509ab40\",\"name\":\"Reda\u00e7\u00e3o\",\"image\":{\"@type\":\"ImageObject\",\"inLanguage\":\"pt-BR\",\"@id\":\"https:\/\/jornaltimoneiro.com.br\/#\/schema\/person\/image\/\",\"url\":\"https:\/\/jornaltimoneiro.com.br\/wp-content\/uploads\/2023\/03\/download.jpeg\",\"contentUrl\":\"https:\/\/jornaltimoneiro.com.br\/wp-content\/uploads\/2023\/03\/download.jpeg\",\"caption\":\"Reda\u00e7\u00e3o\"},\"url\":\"https:\/\/jornaltimoneiro.com.br\/index.php\/author\/simone-dutra\/\"}]}<\/script>\n<!-- \/ Yoast SEO plugin. -->","yoast_head_json":{"title":"Relat\u00f3rio do MapBiomas aponta queda de 42% no desmatamento do bioma Pampa em 2024 - O Timoneiro Jornal Canoas RS","description":"Balan\u00e7o do desmatamento de todos os biomas brasileiros no ano de 2024 trouxe uma boa not\u00edcia para o Rio Grande do Sul.","robots":{"index":"index","follow":"follow","max-snippet":"max-snippet:-1","max-image-preview":"max-image-preview:large","max-video-preview":"max-video-preview:-1"},"canonical":"https:\/\/jornaltimoneiro.com.br\/index.php\/2025\/05\/28\/relatorio-do-mapbiomas-aponta-queda-de-42-no-desmatamento-do-bioma-pampa-em-2024\/","og_locale":"pt_BR","og_type":"article","og_title":"Relat\u00f3rio do MapBiomas aponta queda de 42% no desmatamento do bioma Pampa em 2024 - O Timoneiro Jornal Canoas RS","og_description":"Balan\u00e7o do desmatamento de todos os biomas brasileiros no ano de 2024 trouxe uma boa not\u00edcia para o Rio Grande do Sul.","og_url":"https:\/\/jornaltimoneiro.com.br\/index.php\/2025\/05\/28\/relatorio-do-mapbiomas-aponta-queda-de-42-no-desmatamento-do-bioma-pampa-em-2024\/","og_site_name":"O Timoneiro Jornal Canoas RS","article_publisher":"https:\/\/www.facebook.com\/jornaltimoneiro","article_published_time":"2025-05-28T14:42:46+00:00","og_image":[{"width":"800","height":"450","url":"https:\/\/jornaltimoneiro.com.br\/wp-content\/uploads\/2025\/05\/Relatorio-do-MapBiomas-aponta-queda-de-42-no-desmatamento-do-bioma-Pampa-em-2024.jpeg","type":"image\/jpeg"}],"author":"Reda\u00e7\u00e3o","twitter_card":"summary_large_image","twitter_creator":"@_OTimoneiro","twitter_site":"@_OTimoneiro","twitter_misc":{"Escrito por":"Reda\u00e7\u00e3o","Est. tempo de leitura":"7 minutos"},"schema":{"@context":"https:\/\/schema.org","@graph":[{"@type":"Article","@id":"https:\/\/jornaltimoneiro.com.br\/index.php\/2025\/05\/28\/relatorio-do-mapbiomas-aponta-queda-de-42-no-desmatamento-do-bioma-pampa-em-2024\/#article","isPartOf":{"@id":"https:\/\/jornaltimoneiro.com.br\/index.php\/2025\/05\/28\/relatorio-do-mapbiomas-aponta-queda-de-42-no-desmatamento-do-bioma-pampa-em-2024\/"},"author":{"name":"Reda\u00e7\u00e3o","@id":"https:\/\/jornaltimoneiro.com.br\/#\/schema\/person\/f63482f1a02b1a9592707865e509ab40"},"headline":"Relat\u00f3rio do MapBiomas aponta queda de 42% no desmatamento do bioma Pampa em 2024","datePublished":"2025-05-28T14:42:46+00:00","dateModified":"2025-05-28T14:42:46+00:00","mainEntityOfPage":{"@id":"https:\/\/jornaltimoneiro.com.br\/index.php\/2025\/05\/28\/relatorio-do-mapbiomas-aponta-queda-de-42-no-desmatamento-do-bioma-pampa-em-2024\/"},"wordCount":1258,"commentCount":0,"publisher":{"@id":"https:\/\/jornaltimoneiro.com.br\/#organization"},"keywords":["desmatamento","featured","meio ambiente","rio grande do sul"],"articleSection":["Meio Ambiente"],"inLanguage":"pt-BR","potentialAction":[{"@type":"CommentAction","name":"Comment","target":["https:\/\/jornaltimoneiro.com.br\/index.php\/2025\/05\/28\/relatorio-do-mapbiomas-aponta-queda-de-42-no-desmatamento-do-bioma-pampa-em-2024\/#respond"]}]},{"@type":"WebPage","@id":"https:\/\/jornaltimoneiro.com.br\/index.php\/2025\/05\/28\/relatorio-do-mapbiomas-aponta-queda-de-42-no-desmatamento-do-bioma-pampa-em-2024\/","url":"https:\/\/jornaltimoneiro.com.br\/index.php\/2025\/05\/28\/relatorio-do-mapbiomas-aponta-queda-de-42-no-desmatamento-do-bioma-pampa-em-2024\/","name":"Relat\u00f3rio do MapBiomas aponta queda de 42% no desmatamento do bioma Pampa em 2024 - O Timoneiro Jornal Canoas RS","isPartOf":{"@id":"https:\/\/jornaltimoneiro.com.br\/#website"},"datePublished":"2025-05-28T14:42:46+00:00","dateModified":"2025-05-28T14:42:46+00:00","description":"Balan\u00e7o do desmatamento de todos os biomas brasileiros no ano de 2024 trouxe uma boa not\u00edcia para o Rio Grande do Sul.","breadcrumb":{"@id":"https:\/\/jornaltimoneiro.com.br\/index.php\/2025\/05\/28\/relatorio-do-mapbiomas-aponta-queda-de-42-no-desmatamento-do-bioma-pampa-em-2024\/#breadcrumb"},"inLanguage":"pt-BR","potentialAction":[{"@type":"ReadAction","target":["https:\/\/jornaltimoneiro.com.br\/index.php\/2025\/05\/28\/relatorio-do-mapbiomas-aponta-queda-de-42-no-desmatamento-do-bioma-pampa-em-2024\/"]}]},{"@type":"BreadcrumbList","@id":"https:\/\/jornaltimoneiro.com.br\/index.php\/2025\/05\/28\/relatorio-do-mapbiomas-aponta-queda-de-42-no-desmatamento-do-bioma-pampa-em-2024\/#breadcrumb","itemListElement":[{"@type":"ListItem","position":1,"name":"In\u00edcio","item":"https:\/\/jornaltimoneiro.com.br\/"},{"@type":"ListItem","position":2,"name":"Relat\u00f3rio do MapBiomas aponta queda de 42% no desmatamento do bioma Pampa em 2024"}]},{"@type":"WebSite","@id":"https:\/\/jornaltimoneiro.com.br\/#website","url":"https:\/\/jornaltimoneiro.com.br\/","name":"Jornal Timoneiro Canoas RS","description":"Jornal O Timoneiro, o verdadeiro jornal de Canoas","publisher":{"@id":"https:\/\/jornaltimoneiro.com.br\/#organization"},"potentialAction":[{"@type":"SearchAction","target":{"@type":"EntryPoint","urlTemplate":"https:\/\/jornaltimoneiro.com.br\/?s={search_term_string}"},"query-input":"required name=search_term_string"}],"inLanguage":"pt-BR"},{"@type":"Organization","@id":"https:\/\/jornaltimoneiro.com.br\/#organization","name":"Jornal Timoneiro Canoas RS","url":"https:\/\/jornaltimoneiro.com.br\/","logo":{"@type":"ImageObject","inLanguage":"pt-BR","@id":"https:\/\/jornaltimoneiro.com.br\/#\/schema\/logo\/image\/","url":"https:\/\/jornaltimoneiro.com.br\/wp-content\/uploads\/2023\/03\/logonovo.png","contentUrl":"https:\/\/jornaltimoneiro.com.br\/wp-content\/uploads\/2023\/03\/logonovo.png","width":"469","height":"171","caption":"Jornal Timoneiro Canoas RS"},"image":{"@id":"https:\/\/jornaltimoneiro.com.br\/#\/schema\/logo\/image\/"},"sameAs":["https:\/\/www.facebook.com\/jornaltimoneiro","https:\/\/twitter.com\/_OTimoneiro","https:\/\/www.instagram.com\/jornaltimoneirocanoas\/","https:\/\/www.youtube.com\/@jornalotimoneiro7927"]},{"@type":"Person","@id":"https:\/\/jornaltimoneiro.com.br\/#\/schema\/person\/f63482f1a02b1a9592707865e509ab40","name":"Reda\u00e7\u00e3o","image":{"@type":"ImageObject","inLanguage":"pt-BR","@id":"https:\/\/jornaltimoneiro.com.br\/#\/schema\/person\/image\/","url":"https:\/\/jornaltimoneiro.com.br\/wp-content\/uploads\/2023\/03\/download.jpeg","contentUrl":"https:\/\/jornaltimoneiro.com.br\/wp-content\/uploads\/2023\/03\/download.jpeg","caption":"Reda\u00e7\u00e3o"},"url":"https:\/\/jornaltimoneiro.com.br\/index.php\/author\/simone-dutra\/"}]}},"_links":{"self":[{"href":"https:\/\/jornaltimoneiro.com.br\/index.php\/wp-json\/wp\/v2\/posts\/35117"}],"collection":[{"href":"https:\/\/jornaltimoneiro.com.br\/index.php\/wp-json\/wp\/v2\/posts"}],"about":[{"href":"https:\/\/jornaltimoneiro.com.br\/index.php\/wp-json\/wp\/v2\/types\/post"}],"author":[{"embeddable":true,"href":"https:\/\/jornaltimoneiro.com.br\/index.php\/wp-json\/wp\/v2\/users\/2"}],"replies":[{"embeddable":true,"href":"https:\/\/jornaltimoneiro.com.br\/index.php\/wp-json\/wp\/v2\/comments?post=35117"}],"version-history":[{"count":1,"href":"https:\/\/jornaltimoneiro.com.br\/index.php\/wp-json\/wp\/v2\/posts\/35117\/revisions"}],"predecessor-version":[{"id":35120,"href":"https:\/\/jornaltimoneiro.com.br\/index.php\/wp-json\/wp\/v2\/posts\/35117\/revisions\/35120"}],"wp:featuredmedia":[{"embeddable":true,"href":"https:\/\/jornaltimoneiro.com.br\/index.php\/wp-json\/wp\/v2\/media\/35119"}],"wp:attachment":[{"href":"https:\/\/jornaltimoneiro.com.br\/index.php\/wp-json\/wp\/v2\/media?parent=35117"}],"wp:term":[{"taxonomy":"category","embeddable":true,"href":"https:\/\/jornaltimoneiro.com.br\/index.php\/wp-json\/wp\/v2\/categories?post=35117"},{"taxonomy":"post_tag","embeddable":true,"href":"https:\/\/jornaltimoneiro.com.br\/index.php\/wp-json\/wp\/v2\/tags?post=35117"}],"curies":[{"name":"wp","href":"https:\/\/api.w.org\/{rel}","templated":true}]}}