{"id":35112,"date":"2025-05-28T11:33:57","date_gmt":"2025-05-28T14:33:57","guid":{"rendered":"https:\/\/jornaltimoneiro.com.br\/?p=35112"},"modified":"2025-05-28T11:33:57","modified_gmt":"2025-05-28T14:33:57","slug":"mudanca-de-sistemas-altera-atendimento-da-corsan-nesta-semana","status":"publish","type":"post","link":"https:\/\/jornaltimoneiro.com.br\/index.php\/2025\/05\/28\/mudanca-de-sistemas-altera-atendimento-da-corsan-nesta-semana\/","title":{"rendered":"Mudan\u00e7a de sistemas altera atendimento da Corsan nesta semana"},"content":{"rendered":"<p>Entre esta quarta-feira, 28, e o pr\u00f3ximo domingo, 1\u00ba de junho, os atendimentos digitais da companhia ficar\u00e3o temporariamente indispon\u00edveis no site www.corsan.com.br\/cliente, no aplicativo Corsan e no Whats App (51) 99704-6644. Al\u00e9m da moderniza\u00e7\u00e3o do sistema comercial, a empresa se prepara para o lan\u00e7amento da nova ag\u00eancia virtual e do novo aplicativo, que entram em vigor a partir de junho.<\/p>\n<p>At\u00e9 o pr\u00f3ximo domingo, solicita\u00e7\u00f5es urgentes ser\u00e3o atendidas no Call Center 0800 646 6444 (com liga\u00e7\u00f5es gratuitas) e presencialmente na loja mais pr\u00f3xima ao cliente at\u00e9 a sexta-feira, 30. Servi\u00e7os como a segunda via da fatura e consulta \u00e0 situa\u00e7\u00e3o de desabastecimento de \u00e1gua podem ser verificadas em www.corsan.com.br\/cliente.<\/p>\n","protected":false},"excerpt":{"rendered":"<p>Entre esta quarta-feira, 28, e o pr\u00f3ximo domingo, 1\u00ba de junho, os atendimentos digitais da companhia ficar\u00e3o temporariamente indispon\u00edveis no site www.corsan.com.br\/cliente, no aplicativo Corsan e no Whats App (51) 99704-6644. Al\u00e9m da moderniza\u00e7\u00e3o do sistema comercial, a empresa se prepara para o lan\u00e7amento da nova ag\u00eancia virtual e do novo aplicativo, que entram em [&hellip;]<\/p>\n","protected":false},"author":2,"featured_media":35115,"comment_status":"open","ping_status":"open","sticky":false,"template":"","format":"standard","meta":{"amp_status":"","footnotes":""},"categories":[3234],"tags":[868,190,289],"class_list":["post-35112","post","type-post","status-publish","format-standard","has-post-thumbnail","hentry","category-servicos","tag-corsan","tag-featured","tag-servicos"],"yoast_head":"<!-- This site is optimized with the Yoast SEO plugin v20.5 - https:\/\/yoast.com\/wordpress\/plugins\/seo\/ -->\n<title>Mudan\u00e7a de sistemas altera atendimento da Corsan nesta semana - O Timoneiro Jornal Canoas RS<\/title>\n<meta name=\"description\" content=\"Entre 28, e 1\u00ba de junho, os atendimentos digitais da companhia ficar\u00e3o temporariamente indispon\u00edveis no site www.corsan.com.br\/cliente\" \/>\n<meta name=\"robots\" content=\"index, follow, max-snippet:-1, max-image-preview:large, max-video-preview:-1\" \/>\n<link rel=\"canonical\" href=\"https:\/\/jornaltimoneiro.com.br\/index.php\/2025\/05\/28\/mudanca-de-sistemas-altera-atendimento-da-corsan-nesta-semana\/\" \/>\n<meta property=\"og:locale\" content=\"pt_BR\" \/>\n<meta property=\"og:type\" content=\"article\" \/>\n<meta property=\"og:title\" content=\"Mudan\u00e7a de sistemas altera atendimento da Corsan nesta semana - O Timoneiro Jornal Canoas RS\" \/>\n<meta property=\"og:description\" content=\"Entre 28, e 1\u00ba de junho, os atendimentos digitais da companhia ficar\u00e3o temporariamente indispon\u00edveis no site www.corsan.com.br\/cliente\" \/>\n<meta property=\"og:url\" content=\"https:\/\/jornaltimoneiro.com.br\/index.php\/2025\/05\/28\/mudanca-de-sistemas-altera-atendimento-da-corsan-nesta-semana\/\" \/>\n<meta property=\"og:site_name\" content=\"O Timoneiro Jornal Canoas RS\" \/>\n<meta property=\"article:publisher\" content=\"https:\/\/www.facebook.com\/jornaltimoneiro\" \/>\n<meta property=\"article:published_time\" content=\"2025-05-28T14:33:57+00:00\" \/>\n<meta property=\"og:image\" content=\"https:\/\/jornaltimoneiro.com.br\/wp-content\/uploads\/2025\/05\/Mudanca-de-sistemas-altera-atendimento-da-Corsan-nesta-semana.jpeg\" \/>\n\t<meta property=\"og:image:width\" content=\"1080\" \/>\n\t<meta property=\"og:image:height\" content=\"810\" \/>\n\t<meta property=\"og:image:type\" content=\"image\/jpeg\" \/>\n<meta name=\"author\" content=\"Reda\u00e7\u00e3o\" \/>\n<meta name=\"twitter:card\" content=\"summary_large_image\" \/>\n<meta name=\"twitter:creator\" content=\"@_OTimoneiro\" \/>\n<meta name=\"twitter:site\" content=\"@_OTimoneiro\" \/>\n<meta name=\"twitter:label1\" content=\"Escrito por\" \/>\n\t<meta name=\"twitter:data1\" content=\"Reda\u00e7\u00e3o\" \/>\n\t<meta name=\"twitter:label2\" content=\"Est. tempo de leitura\" \/>\n\t<meta name=\"twitter:data2\" content=\"1 minuto\" \/>\n<script type=\"application\/ld+json\" class=\"yoast-schema-graph\">{\"@context\":\"https:\/\/schema.org\",\"@graph\":[{\"@type\":\"Article\",\"@id\":\"https:\/\/jornaltimoneiro.com.br\/index.php\/2025\/05\/28\/mudanca-de-sistemas-altera-atendimento-da-corsan-nesta-semana\/#article\",\"isPartOf\":{\"@id\":\"https:\/\/jornaltimoneiro.com.br\/index.php\/2025\/05\/28\/mudanca-de-sistemas-altera-atendimento-da-corsan-nesta-semana\/\"},\"author\":{\"name\":\"Reda\u00e7\u00e3o\",\"@id\":\"https:\/\/jornaltimoneiro.com.br\/#\/schema\/person\/f63482f1a02b1a9592707865e509ab40\"},\"headline\":\"Mudan\u00e7a de sistemas altera atendimento da Corsan nesta semana\",\"datePublished\":\"2025-05-28T14:33:57+00:00\",\"dateModified\":\"2025-05-28T14:33:57+00:00\",\"mainEntityOfPage\":{\"@id\":\"https:\/\/jornaltimoneiro.com.br\/index.php\/2025\/05\/28\/mudanca-de-sistemas-altera-atendimento-da-corsan-nesta-semana\/\"},\"wordCount\":133,\"commentCount\":0,\"publisher\":{\"@id\":\"https:\/\/jornaltimoneiro.com.br\/#organization\"},\"keywords\":[\"corsan\",\"featured\",\"servi\u00e7os\"],\"articleSection\":[\"Servi\u00e7os\"],\"inLanguage\":\"pt-BR\",\"potentialAction\":[{\"@type\":\"CommentAction\",\"name\":\"Comment\",\"target\":[\"https:\/\/jornaltimoneiro.com.br\/index.php\/2025\/05\/28\/mudanca-de-sistemas-altera-atendimento-da-corsan-nesta-semana\/#respond\"]}]},{\"@type\":\"WebPage\",\"@id\":\"https:\/\/jornaltimoneiro.com.br\/index.php\/2025\/05\/28\/mudanca-de-sistemas-altera-atendimento-da-corsan-nesta-semana\/\",\"url\":\"https:\/\/jornaltimoneiro.com.br\/index.php\/2025\/05\/28\/mudanca-de-sistemas-altera-atendimento-da-corsan-nesta-semana\/\",\"name\":\"Mudan\u00e7a de sistemas altera atendimento da Corsan nesta semana - O Timoneiro Jornal Canoas RS\",\"isPartOf\":{\"@id\":\"https:\/\/jornaltimoneiro.com.br\/#website\"},\"datePublished\":\"2025-05-28T14:33:57+00:00\",\"dateModified\":\"2025-05-28T14:33:57+00:00\",\"description\":\"Entre 28, e 1\u00ba de junho, os atendimentos digitais da companhia ficar\u00e3o temporariamente indispon\u00edveis no site www.corsan.com.br\/cliente\",\"breadcrumb\":{\"@id\":\"https:\/\/jornaltimoneiro.com.br\/index.php\/2025\/05\/28\/mudanca-de-sistemas-altera-atendimento-da-corsan-nesta-semana\/#breadcrumb\"},\"inLanguage\":\"pt-BR\",\"potentialAction\":[{\"@type\":\"ReadAction\",\"target\":[\"https:\/\/jornaltimoneiro.com.br\/index.php\/2025\/05\/28\/mudanca-de-sistemas-altera-atendimento-da-corsan-nesta-semana\/\"]}]},{\"@type\":\"BreadcrumbList\",\"@id\":\"https:\/\/jornaltimoneiro.com.br\/index.php\/2025\/05\/28\/mudanca-de-sistemas-altera-atendimento-da-corsan-nesta-semana\/#breadcrumb\",\"itemListElement\":[{\"@type\":\"ListItem\",\"position\":1,\"name\":\"In\u00edcio\",\"item\":\"https:\/\/jornaltimoneiro.com.br\/\"},{\"@type\":\"ListItem\",\"position\":2,\"name\":\"Mudan\u00e7a de sistemas altera atendimento da Corsan nesta semana\"}]},{\"@type\":\"WebSite\",\"@id\":\"https:\/\/jornaltimoneiro.com.br\/#website\",\"url\":\"https:\/\/jornaltimoneiro.com.br\/\",\"name\":\"Jornal Timoneiro Canoas RS\",\"description\":\"Jornal O Timoneiro, o verdadeiro jornal de Canoas\",\"publisher\":{\"@id\":\"https:\/\/jornaltimoneiro.com.br\/#organization\"},\"potentialAction\":[{\"@type\":\"SearchAction\",\"target\":{\"@type\":\"EntryPoint\",\"urlTemplate\":\"https:\/\/jornaltimoneiro.com.br\/?s={search_term_string}\"},\"query-input\":\"required name=search_term_string\"}],\"inLanguage\":\"pt-BR\"},{\"@type\":\"Organization\",\"@id\":\"https:\/\/jornaltimoneiro.com.br\/#organization\",\"name\":\"Jornal Timoneiro Canoas RS\",\"url\":\"https:\/\/jornaltimoneiro.com.br\/\",\"logo\":{\"@type\":\"ImageObject\",\"inLanguage\":\"pt-BR\",\"@id\":\"https:\/\/jornaltimoneiro.com.br\/#\/schema\/logo\/image\/\",\"url\":\"https:\/\/jornaltimoneiro.com.br\/wp-content\/uploads\/2023\/03\/logonovo.png\",\"contentUrl\":\"https:\/\/jornaltimoneiro.com.br\/wp-content\/uploads\/2023\/03\/logonovo.png\",\"width\":\"469\",\"height\":\"171\",\"caption\":\"Jornal Timoneiro Canoas RS\"},\"image\":{\"@id\":\"https:\/\/jornaltimoneiro.com.br\/#\/schema\/logo\/image\/\"},\"sameAs\":[\"https:\/\/www.facebook.com\/jornaltimoneiro\",\"https:\/\/twitter.com\/_OTimoneiro\",\"https:\/\/www.instagram.com\/jornaltimoneirocanoas\/\",\"https:\/\/www.youtube.com\/@jornalotimoneiro7927\"]},{\"@type\":\"Person\",\"@id\":\"https:\/\/jornaltimoneiro.com.br\/#\/schema\/person\/f63482f1a02b1a9592707865e509ab40\",\"name\":\"Reda\u00e7\u00e3o\",\"image\":{\"@type\":\"ImageObject\",\"inLanguage\":\"pt-BR\",\"@id\":\"https:\/\/jornaltimoneiro.com.br\/#\/schema\/person\/image\/\",\"url\":\"https:\/\/jornaltimoneiro.com.br\/wp-content\/uploads\/2023\/03\/download.jpeg\",\"contentUrl\":\"https:\/\/jornaltimoneiro.com.br\/wp-content\/uploads\/2023\/03\/download.jpeg\",\"caption\":\"Reda\u00e7\u00e3o\"},\"url\":\"https:\/\/jornaltimoneiro.com.br\/index.php\/author\/simone-dutra\/\"}]}<\/script>\n<!-- \/ Yoast SEO plugin. -->","yoast_head_json":{"title":"Mudan\u00e7a de sistemas altera atendimento da Corsan nesta semana - O Timoneiro Jornal Canoas RS","description":"Entre 28, e 1\u00ba de junho, os atendimentos digitais da companhia ficar\u00e3o temporariamente indispon\u00edveis no site www.corsan.com.br\/cliente","robots":{"index":"index","follow":"follow","max-snippet":"max-snippet:-1","max-image-preview":"max-image-preview:large","max-video-preview":"max-video-preview:-1"},"canonical":"https:\/\/jornaltimoneiro.com.br\/index.php\/2025\/05\/28\/mudanca-de-sistemas-altera-atendimento-da-corsan-nesta-semana\/","og_locale":"pt_BR","og_type":"article","og_title":"Mudan\u00e7a de sistemas altera atendimento da Corsan nesta semana - O Timoneiro Jornal Canoas RS","og_description":"Entre 28, e 1\u00ba de junho, os atendimentos digitais da companhia ficar\u00e3o temporariamente indispon\u00edveis no site www.corsan.com.br\/cliente","og_url":"https:\/\/jornaltimoneiro.com.br\/index.php\/2025\/05\/28\/mudanca-de-sistemas-altera-atendimento-da-corsan-nesta-semana\/","og_site_name":"O Timoneiro Jornal Canoas RS","article_publisher":"https:\/\/www.facebook.com\/jornaltimoneiro","article_published_time":"2025-05-28T14:33:57+00:00","og_image":[{"width":"1080","height":"810","url":"https:\/\/jornaltimoneiro.com.br\/wp-content\/uploads\/2025\/05\/Mudanca-de-sistemas-altera-atendimento-da-Corsan-nesta-semana.jpeg","type":"image\/jpeg"}],"author":"Reda\u00e7\u00e3o","twitter_card":"summary_large_image","twitter_creator":"@_OTimoneiro","twitter_site":"@_OTimoneiro","twitter_misc":{"Escrito por":"Reda\u00e7\u00e3o","Est. tempo de leitura":"1 minuto"},"schema":{"@context":"https:\/\/schema.org","@graph":[{"@type":"Article","@id":"https:\/\/jornaltimoneiro.com.br\/index.php\/2025\/05\/28\/mudanca-de-sistemas-altera-atendimento-da-corsan-nesta-semana\/#article","isPartOf":{"@id":"https:\/\/jornaltimoneiro.com.br\/index.php\/2025\/05\/28\/mudanca-de-sistemas-altera-atendimento-da-corsan-nesta-semana\/"},"author":{"name":"Reda\u00e7\u00e3o","@id":"https:\/\/jornaltimoneiro.com.br\/#\/schema\/person\/f63482f1a02b1a9592707865e509ab40"},"headline":"Mudan\u00e7a de sistemas altera atendimento da Corsan nesta semana","datePublished":"2025-05-28T14:33:57+00:00","dateModified":"2025-05-28T14:33:57+00:00","mainEntityOfPage":{"@id":"https:\/\/jornaltimoneiro.com.br\/index.php\/2025\/05\/28\/mudanca-de-sistemas-altera-atendimento-da-corsan-nesta-semana\/"},"wordCount":133,"commentCount":0,"publisher":{"@id":"https:\/\/jornaltimoneiro.com.br\/#organization"},"keywords":["corsan","featured","servi\u00e7os"],"articleSection":["Servi\u00e7os"],"inLanguage":"pt-BR","potentialAction":[{"@type":"CommentAction","name":"Comment","target":["https:\/\/jornaltimoneiro.com.br\/index.php\/2025\/05\/28\/mudanca-de-sistemas-altera-atendimento-da-corsan-nesta-semana\/#respond"]}]},{"@type":"WebPage","@id":"https:\/\/jornaltimoneiro.com.br\/index.php\/2025\/05\/28\/mudanca-de-sistemas-altera-atendimento-da-corsan-nesta-semana\/","url":"https:\/\/jornaltimoneiro.com.br\/index.php\/2025\/05\/28\/mudanca-de-sistemas-altera-atendimento-da-corsan-nesta-semana\/","name":"Mudan\u00e7a de sistemas altera atendimento da Corsan nesta semana - O Timoneiro Jornal Canoas RS","isPartOf":{"@id":"https:\/\/jornaltimoneiro.com.br\/#website"},"datePublished":"2025-05-28T14:33:57+00:00","dateModified":"2025-05-28T14:33:57+00:00","description":"Entre 28, e 1\u00ba de junho, os atendimentos digitais da companhia ficar\u00e3o temporariamente indispon\u00edveis no site www.corsan.com.br\/cliente","breadcrumb":{"@id":"https:\/\/jornaltimoneiro.com.br\/index.php\/2025\/05\/28\/mudanca-de-sistemas-altera-atendimento-da-corsan-nesta-semana\/#breadcrumb"},"inLanguage":"pt-BR","potentialAction":[{"@type":"ReadAction","target":["https:\/\/jornaltimoneiro.com.br\/index.php\/2025\/05\/28\/mudanca-de-sistemas-altera-atendimento-da-corsan-nesta-semana\/"]}]},{"@type":"BreadcrumbList","@id":"https:\/\/jornaltimoneiro.com.br\/index.php\/2025\/05\/28\/mudanca-de-sistemas-altera-atendimento-da-corsan-nesta-semana\/#breadcrumb","itemListElement":[{"@type":"ListItem","position":1,"name":"In\u00edcio","item":"https:\/\/jornaltimoneiro.com.br\/"},{"@type":"ListItem","position":2,"name":"Mudan\u00e7a de sistemas altera atendimento da Corsan nesta semana"}]},{"@type":"WebSite","@id":"https:\/\/jornaltimoneiro.com.br\/#website","url":"https:\/\/jornaltimoneiro.com.br\/","name":"Jornal Timoneiro Canoas RS","description":"Jornal O Timoneiro, o verdadeiro jornal de Canoas","publisher":{"@id":"https:\/\/jornaltimoneiro.com.br\/#organization"},"potentialAction":[{"@type":"SearchAction","target":{"@type":"EntryPoint","urlTemplate":"https:\/\/jornaltimoneiro.com.br\/?s={search_term_string}"},"query-input":"required name=search_term_string"}],"inLanguage":"pt-BR"},{"@type":"Organization","@id":"https:\/\/jornaltimoneiro.com.br\/#organization","name":"Jornal Timoneiro Canoas RS","url":"https:\/\/jornaltimoneiro.com.br\/","logo":{"@type":"ImageObject","inLanguage":"pt-BR","@id":"https:\/\/jornaltimoneiro.com.br\/#\/schema\/logo\/image\/","url":"https:\/\/jornaltimoneiro.com.br\/wp-content\/uploads\/2023\/03\/logonovo.png","contentUrl":"https:\/\/jornaltimoneiro.com.br\/wp-content\/uploads\/2023\/03\/logonovo.png","width":"469","height":"171","caption":"Jornal Timoneiro Canoas RS"},"image":{"@id":"https:\/\/jornaltimoneiro.com.br\/#\/schema\/logo\/image\/"},"sameAs":["https:\/\/www.facebook.com\/jornaltimoneiro","https:\/\/twitter.com\/_OTimoneiro","https:\/\/www.instagram.com\/jornaltimoneirocanoas\/","https:\/\/www.youtube.com\/@jornalotimoneiro7927"]},{"@type":"Person","@id":"https:\/\/jornaltimoneiro.com.br\/#\/schema\/person\/f63482f1a02b1a9592707865e509ab40","name":"Reda\u00e7\u00e3o","image":{"@type":"ImageObject","inLanguage":"pt-BR","@id":"https:\/\/jornaltimoneiro.com.br\/#\/schema\/person\/image\/","url":"https:\/\/jornaltimoneiro.com.br\/wp-content\/uploads\/2023\/03\/download.jpeg","contentUrl":"https:\/\/jornaltimoneiro.com.br\/wp-content\/uploads\/2023\/03\/download.jpeg","caption":"Reda\u00e7\u00e3o"},"url":"https:\/\/jornaltimoneiro.com.br\/index.php\/author\/simone-dutra\/"}]}},"_links":{"self":[{"href":"https:\/\/jornaltimoneiro.com.br\/index.php\/wp-json\/wp\/v2\/posts\/35112"}],"collection":[{"href":"https:\/\/jornaltimoneiro.com.br\/index.php\/wp-json\/wp\/v2\/posts"}],"about":[{"href":"https:\/\/jornaltimoneiro.com.br\/index.php\/wp-json\/wp\/v2\/types\/post"}],"author":[{"embeddable":true,"href":"https:\/\/jornaltimoneiro.com.br\/index.php\/wp-json\/wp\/v2\/users\/2"}],"replies":[{"embeddable":true,"href":"https:\/\/jornaltimoneiro.com.br\/index.php\/wp-json\/wp\/v2\/comments?post=35112"}],"version-history":[{"count":1,"href":"https:\/\/jornaltimoneiro.com.br\/index.php\/wp-json\/wp\/v2\/posts\/35112\/revisions"}],"predecessor-version":[{"id":35116,"href":"https:\/\/jornaltimoneiro.com.br\/index.php\/wp-json\/wp\/v2\/posts\/35112\/revisions\/35116"}],"wp:featuredmedia":[{"embeddable":true,"href":"https:\/\/jornaltimoneiro.com.br\/index.php\/wp-json\/wp\/v2\/media\/35115"}],"wp:attachment":[{"href":"https:\/\/jornaltimoneiro.com.br\/index.php\/wp-json\/wp\/v2\/media?parent=35112"}],"wp:term":[{"taxonomy":"category","embeddable":true,"href":"https:\/\/jornaltimoneiro.com.br\/index.php\/wp-json\/wp\/v2\/categories?post=35112"},{"taxonomy":"post_tag","embeddable":true,"href":"https:\/\/jornaltimoneiro.com.br\/index.php\/wp-json\/wp\/v2\/tags?post=35112"}],"curies":[{"name":"wp","href":"https:\/\/api.w.org\/{rel}","templated":true}]}}