{"id":35085,"date":"2025-05-26T13:37:39","date_gmt":"2025-05-26T16:37:39","guid":{"rendered":"https:\/\/jornaltimoneiro.com.br\/?p=35085"},"modified":"2025-05-26T13:37:39","modified_gmt":"2025-05-26T16:37:39","slug":"viaturas-sao-destinadas-pelo-estado-para-corporacoes-de-canoas","status":"publish","type":"post","link":"https:\/\/jornaltimoneiro.com.br\/index.php\/2025\/05\/26\/viaturas-sao-destinadas-pelo-estado-para-corporacoes-de-canoas\/","title":{"rendered":"Viaturas s\u00e3o destinadas pelo Estado para corpora\u00e7\u00f5es de Canoas"},"content":{"rendered":"<p>Em evento promovido na manh\u00e3 de sexta-feira, 23, em Porto Alegre, o Governo do Estado do Rio Grande do Sul promoveu a entrega de mais de 240 viaturas e equipamentos para corpora\u00e7\u00f5es de seguran\u00e7a. A cidade de Canoas ser\u00e1 contemplada nesta etapa com um total de sete viaturas SUV Corolla Cross, sendo quatro voltadas para a Brigada Militar e outras tr\u00eas para o Corpo de Bombeiros.<\/p>\n<p>O prefeito de Canoas, Airton Souza, vice-prefeito Rodrigo Busato, e o secret\u00e1rio da Seguran\u00e7a P\u00fablica de Canoas, Alexandre Alberto Rocha, participaram do evento que contou com a presen\u00e7a do governador Eduardo Leite, secret\u00e1rio da Seguran\u00e7a do Estado, Sandro Caron, entre outras lideran\u00e7as.<\/p>\n<p>O secret\u00e1rio de Seguran\u00e7a P\u00fablica de Canoas, Alexandre Alberto Rocha explica ainda uma das formas pela qual a iniciativa privada vem contribuindo com a seguran\u00e7a p\u00fablica.<\/p>\n<blockquote><p>\u201cH\u00e1 um incentivo importante por parte do empresariado por meio do Programa de Incentivo ao Aparelhamento da Seguran\u00e7a P\u00fablica (Piseg\/RS), pelo qual \u00e9 poss\u00edvel destinar at\u00e9 5% do saldo devido de ICMS ao Estado para ser aplicado na aquisi\u00e7\u00e3o de viaturas e itens para trabalho das for\u00e7as de seguran\u00e7a\u201d, detalha.<\/p><\/blockquote>\n<p>O tenente-coronel do 15\u00ba Batalh\u00e3o de Pol\u00edcia Militar (BPM), Cl\u00f3vis Ivan Alves descreve a import\u00e2ncia desse refor\u00e7o na frota para a pr\u00e1tica do policiamento ostensivo.<\/p>\n<blockquote><p>\u201c\u00c9 muito importante para o munic\u00edpio de Canoas e sua popula\u00e7\u00e3o. S\u00e3o viaturas modernas, semi-blindadas e equipadas com giroflex e r\u00e1dio, que com certeza, vai contribuir para expandirmos nosso policiamento. Al\u00e9m disso, estamos recebendo a primeira viatura por meio do programa Piseg\u201d, destaca. Duas das viaturas j\u00e1 foram recebidas na manh\u00e3 desta sexta-feira na cerim\u00f4nia promovida pelo Governo do Estado.<\/p><\/blockquote>\n<p>O prefeito Airton elogiou o esfor\u00e7o conjunto em prol da seguran\u00e7a p\u00fablica.<\/p>\n<blockquote><p>\u201cEsse \u00e9 um importante investimento do Governo do Estado para refor\u00e7ar o policiamento da nossa cidade e com a ajuda da pr\u00f3pria sociedade de Canoas, pois h\u00e1 uma parcela de contribui\u00e7\u00e3o dos empres\u00e1rios\u201d, disse o prefeito.<\/p><\/blockquote>\n<p>At\u00e9 o in\u00edcio da Opera\u00e7\u00e3o Natal, a Administra\u00e7\u00e3o Municipal tamb\u00e9m pretende viabilizar\u00a0 viaturas para a Brigada Militar,\u00a0 Pol\u00edcia Civil e\u00a0 \u00a0Guarda Municipal.<\/p>\n","protected":false},"excerpt":{"rendered":"<p>Em evento promovido na manh\u00e3 de sexta-feira, 23, em Porto Alegre, o Governo do Estado do Rio Grande do Sul promoveu a entrega de mais de 240 viaturas e equipamentos para corpora\u00e7\u00f5es de seguran\u00e7a. A cidade de Canoas ser\u00e1 contemplada nesta etapa com um total de sete viaturas SUV Corolla Cross, sendo quatro voltadas para [&hellip;]<\/p>\n","protected":false},"author":2,"featured_media":35086,"comment_status":"open","ping_status":"open","sticky":false,"template":"","format":"standard","meta":{"amp_status":"","footnotes":""},"categories":[3655],"tags":[31,807,213,103,4281],"class_list":["post-35085","post","type-post","status-publish","format-standard","has-post-thumbnail","hentry","category-seguranca-publica","tag-canoas","tag-governo-do-estado","tag-rio-grande-do-sul","tag-seguranca-publica","tag-viaturas"],"yoast_head":"<!-- This site is optimized with the Yoast SEO plugin v20.5 - https:\/\/yoast.com\/wordpress\/plugins\/seo\/ -->\n<title>Viaturas s\u00e3o destinadas pelo Estado para corpora\u00e7\u00f5es de Canoas - O Timoneiro Jornal Canoas RS<\/title>\n<meta name=\"description\" content=\"o Governo do Estado do Rio Grande do Sul promoveu a entrega de mais de 240 viaturas e equipamentos para corpora\u00e7\u00f5es de seguran\u00e7a\" \/>\n<meta name=\"robots\" content=\"index, follow, max-snippet:-1, max-image-preview:large, max-video-preview:-1\" \/>\n<link rel=\"canonical\" href=\"https:\/\/jornaltimoneiro.com.br\/index.php\/2025\/05\/26\/viaturas-sao-destinadas-pelo-estado-para-corporacoes-de-canoas\/\" \/>\n<meta property=\"og:locale\" content=\"pt_BR\" \/>\n<meta property=\"og:type\" content=\"article\" \/>\n<meta property=\"og:title\" content=\"Viaturas s\u00e3o destinadas pelo Estado para corpora\u00e7\u00f5es de Canoas - O Timoneiro Jornal Canoas RS\" \/>\n<meta property=\"og:description\" content=\"o Governo do Estado do Rio Grande do Sul promoveu a entrega de mais de 240 viaturas e equipamentos para corpora\u00e7\u00f5es de seguran\u00e7a\" \/>\n<meta property=\"og:url\" content=\"https:\/\/jornaltimoneiro.com.br\/index.php\/2025\/05\/26\/viaturas-sao-destinadas-pelo-estado-para-corporacoes-de-canoas\/\" \/>\n<meta property=\"og:site_name\" content=\"O Timoneiro Jornal Canoas RS\" \/>\n<meta property=\"article:publisher\" content=\"https:\/\/www.facebook.com\/jornaltimoneiro\" \/>\n<meta property=\"article:published_time\" content=\"2025-05-26T16:37:39+00:00\" \/>\n<meta property=\"og:image\" content=\"https:\/\/jornaltimoneiro.com.br\/wp-content\/uploads\/2025\/05\/Viaturas-sao-destinadas-pelo-Estado-para-corporacoes-de-Canoas.jpg\" \/>\n\t<meta property=\"og:image:width\" content=\"1080\" \/>\n\t<meta property=\"og:image:height\" content=\"719\" \/>\n\t<meta property=\"og:image:type\" content=\"image\/jpeg\" \/>\n<meta name=\"author\" content=\"Reda\u00e7\u00e3o\" \/>\n<meta name=\"twitter:card\" content=\"summary_large_image\" \/>\n<meta name=\"twitter:creator\" content=\"@_OTimoneiro\" \/>\n<meta name=\"twitter:site\" content=\"@_OTimoneiro\" \/>\n<meta name=\"twitter:label1\" content=\"Escrito por\" \/>\n\t<meta name=\"twitter:data1\" content=\"Reda\u00e7\u00e3o\" \/>\n\t<meta name=\"twitter:label2\" content=\"Est. tempo de leitura\" \/>\n\t<meta name=\"twitter:data2\" content=\"2 minutos\" \/>\n<script type=\"application\/ld+json\" class=\"yoast-schema-graph\">{\"@context\":\"https:\/\/schema.org\",\"@graph\":[{\"@type\":\"Article\",\"@id\":\"https:\/\/jornaltimoneiro.com.br\/index.php\/2025\/05\/26\/viaturas-sao-destinadas-pelo-estado-para-corporacoes-de-canoas\/#article\",\"isPartOf\":{\"@id\":\"https:\/\/jornaltimoneiro.com.br\/index.php\/2025\/05\/26\/viaturas-sao-destinadas-pelo-estado-para-corporacoes-de-canoas\/\"},\"author\":{\"name\":\"Reda\u00e7\u00e3o\",\"@id\":\"https:\/\/jornaltimoneiro.com.br\/#\/schema\/person\/f63482f1a02b1a9592707865e509ab40\"},\"headline\":\"Viaturas s\u00e3o destinadas pelo Estado para corpora\u00e7\u00f5es de Canoas\",\"datePublished\":\"2025-05-26T16:37:39+00:00\",\"dateModified\":\"2025-05-26T16:37:39+00:00\",\"mainEntityOfPage\":{\"@id\":\"https:\/\/jornaltimoneiro.com.br\/index.php\/2025\/05\/26\/viaturas-sao-destinadas-pelo-estado-para-corporacoes-de-canoas\/\"},\"wordCount\":389,\"commentCount\":0,\"publisher\":{\"@id\":\"https:\/\/jornaltimoneiro.com.br\/#organization\"},\"keywords\":[\"canoas\",\"governo do estado\",\"rio grande do sul\",\"seguran\u00e7a p\u00fablica\",\"viaturas\"],\"articleSection\":[\"Seguran\u00e7a P\u00fablica\"],\"inLanguage\":\"pt-BR\",\"potentialAction\":[{\"@type\":\"CommentAction\",\"name\":\"Comment\",\"target\":[\"https:\/\/jornaltimoneiro.com.br\/index.php\/2025\/05\/26\/viaturas-sao-destinadas-pelo-estado-para-corporacoes-de-canoas\/#respond\"]}]},{\"@type\":\"WebPage\",\"@id\":\"https:\/\/jornaltimoneiro.com.br\/index.php\/2025\/05\/26\/viaturas-sao-destinadas-pelo-estado-para-corporacoes-de-canoas\/\",\"url\":\"https:\/\/jornaltimoneiro.com.br\/index.php\/2025\/05\/26\/viaturas-sao-destinadas-pelo-estado-para-corporacoes-de-canoas\/\",\"name\":\"Viaturas s\u00e3o destinadas pelo Estado para corpora\u00e7\u00f5es de Canoas - O Timoneiro Jornal Canoas RS\",\"isPartOf\":{\"@id\":\"https:\/\/jornaltimoneiro.com.br\/#website\"},\"datePublished\":\"2025-05-26T16:37:39+00:00\",\"dateModified\":\"2025-05-26T16:37:39+00:00\",\"description\":\"o Governo do Estado do Rio Grande do Sul promoveu a entrega de mais de 240 viaturas e equipamentos para corpora\u00e7\u00f5es de seguran\u00e7a\",\"breadcrumb\":{\"@id\":\"https:\/\/jornaltimoneiro.com.br\/index.php\/2025\/05\/26\/viaturas-sao-destinadas-pelo-estado-para-corporacoes-de-canoas\/#breadcrumb\"},\"inLanguage\":\"pt-BR\",\"potentialAction\":[{\"@type\":\"ReadAction\",\"target\":[\"https:\/\/jornaltimoneiro.com.br\/index.php\/2025\/05\/26\/viaturas-sao-destinadas-pelo-estado-para-corporacoes-de-canoas\/\"]}]},{\"@type\":\"BreadcrumbList\",\"@id\":\"https:\/\/jornaltimoneiro.com.br\/index.php\/2025\/05\/26\/viaturas-sao-destinadas-pelo-estado-para-corporacoes-de-canoas\/#breadcrumb\",\"itemListElement\":[{\"@type\":\"ListItem\",\"position\":1,\"name\":\"In\u00edcio\",\"item\":\"https:\/\/jornaltimoneiro.com.br\/\"},{\"@type\":\"ListItem\",\"position\":2,\"name\":\"Viaturas s\u00e3o destinadas pelo Estado para corpora\u00e7\u00f5es de Canoas\"}]},{\"@type\":\"WebSite\",\"@id\":\"https:\/\/jornaltimoneiro.com.br\/#website\",\"url\":\"https:\/\/jornaltimoneiro.com.br\/\",\"name\":\"Jornal Timoneiro Canoas RS\",\"description\":\"Jornal O Timoneiro, o verdadeiro jornal de Canoas\",\"publisher\":{\"@id\":\"https:\/\/jornaltimoneiro.com.br\/#organization\"},\"potentialAction\":[{\"@type\":\"SearchAction\",\"target\":{\"@type\":\"EntryPoint\",\"urlTemplate\":\"https:\/\/jornaltimoneiro.com.br\/?s={search_term_string}\"},\"query-input\":\"required name=search_term_string\"}],\"inLanguage\":\"pt-BR\"},{\"@type\":\"Organization\",\"@id\":\"https:\/\/jornaltimoneiro.com.br\/#organization\",\"name\":\"Jornal Timoneiro Canoas RS\",\"url\":\"https:\/\/jornaltimoneiro.com.br\/\",\"logo\":{\"@type\":\"ImageObject\",\"inLanguage\":\"pt-BR\",\"@id\":\"https:\/\/jornaltimoneiro.com.br\/#\/schema\/logo\/image\/\",\"url\":\"https:\/\/jornaltimoneiro.com.br\/wp-content\/uploads\/2023\/03\/logonovo.png\",\"contentUrl\":\"https:\/\/jornaltimoneiro.com.br\/wp-content\/uploads\/2023\/03\/logonovo.png\",\"width\":\"469\",\"height\":\"171\",\"caption\":\"Jornal Timoneiro Canoas RS\"},\"image\":{\"@id\":\"https:\/\/jornaltimoneiro.com.br\/#\/schema\/logo\/image\/\"},\"sameAs\":[\"https:\/\/www.facebook.com\/jornaltimoneiro\",\"https:\/\/twitter.com\/_OTimoneiro\",\"https:\/\/www.instagram.com\/jornaltimoneirocanoas\/\",\"https:\/\/www.youtube.com\/@jornalotimoneiro7927\"]},{\"@type\":\"Person\",\"@id\":\"https:\/\/jornaltimoneiro.com.br\/#\/schema\/person\/f63482f1a02b1a9592707865e509ab40\",\"name\":\"Reda\u00e7\u00e3o\",\"image\":{\"@type\":\"ImageObject\",\"inLanguage\":\"pt-BR\",\"@id\":\"https:\/\/jornaltimoneiro.com.br\/#\/schema\/person\/image\/\",\"url\":\"https:\/\/jornaltimoneiro.com.br\/wp-content\/uploads\/2023\/03\/download.jpeg\",\"contentUrl\":\"https:\/\/jornaltimoneiro.com.br\/wp-content\/uploads\/2023\/03\/download.jpeg\",\"caption\":\"Reda\u00e7\u00e3o\"},\"url\":\"https:\/\/jornaltimoneiro.com.br\/index.php\/author\/simone-dutra\/\"}]}<\/script>\n<!-- \/ Yoast SEO plugin. -->","yoast_head_json":{"title":"Viaturas s\u00e3o destinadas pelo Estado para corpora\u00e7\u00f5es de Canoas - O Timoneiro Jornal Canoas RS","description":"o Governo do Estado do Rio Grande do Sul promoveu a entrega de mais de 240 viaturas e equipamentos para corpora\u00e7\u00f5es de seguran\u00e7a","robots":{"index":"index","follow":"follow","max-snippet":"max-snippet:-1","max-image-preview":"max-image-preview:large","max-video-preview":"max-video-preview:-1"},"canonical":"https:\/\/jornaltimoneiro.com.br\/index.php\/2025\/05\/26\/viaturas-sao-destinadas-pelo-estado-para-corporacoes-de-canoas\/","og_locale":"pt_BR","og_type":"article","og_title":"Viaturas s\u00e3o destinadas pelo Estado para corpora\u00e7\u00f5es de Canoas - O Timoneiro Jornal Canoas RS","og_description":"o Governo do Estado do Rio Grande do Sul promoveu a entrega de mais de 240 viaturas e equipamentos para corpora\u00e7\u00f5es de seguran\u00e7a","og_url":"https:\/\/jornaltimoneiro.com.br\/index.php\/2025\/05\/26\/viaturas-sao-destinadas-pelo-estado-para-corporacoes-de-canoas\/","og_site_name":"O Timoneiro Jornal Canoas RS","article_publisher":"https:\/\/www.facebook.com\/jornaltimoneiro","article_published_time":"2025-05-26T16:37:39+00:00","og_image":[{"width":1080,"height":719,"url":"https:\/\/jornaltimoneiro.com.br\/wp-content\/uploads\/2025\/05\/Viaturas-sao-destinadas-pelo-Estado-para-corporacoes-de-Canoas.jpg","type":"image\/jpeg"}],"author":"Reda\u00e7\u00e3o","twitter_card":"summary_large_image","twitter_creator":"@_OTimoneiro","twitter_site":"@_OTimoneiro","twitter_misc":{"Escrito por":"Reda\u00e7\u00e3o","Est. tempo de leitura":"2 minutos"},"schema":{"@context":"https:\/\/schema.org","@graph":[{"@type":"Article","@id":"https:\/\/jornaltimoneiro.com.br\/index.php\/2025\/05\/26\/viaturas-sao-destinadas-pelo-estado-para-corporacoes-de-canoas\/#article","isPartOf":{"@id":"https:\/\/jornaltimoneiro.com.br\/index.php\/2025\/05\/26\/viaturas-sao-destinadas-pelo-estado-para-corporacoes-de-canoas\/"},"author":{"name":"Reda\u00e7\u00e3o","@id":"https:\/\/jornaltimoneiro.com.br\/#\/schema\/person\/f63482f1a02b1a9592707865e509ab40"},"headline":"Viaturas s\u00e3o destinadas pelo Estado para corpora\u00e7\u00f5es de Canoas","datePublished":"2025-05-26T16:37:39+00:00","dateModified":"2025-05-26T16:37:39+00:00","mainEntityOfPage":{"@id":"https:\/\/jornaltimoneiro.com.br\/index.php\/2025\/05\/26\/viaturas-sao-destinadas-pelo-estado-para-corporacoes-de-canoas\/"},"wordCount":389,"commentCount":0,"publisher":{"@id":"https:\/\/jornaltimoneiro.com.br\/#organization"},"keywords":["canoas","governo do estado","rio grande do sul","seguran\u00e7a p\u00fablica","viaturas"],"articleSection":["Seguran\u00e7a P\u00fablica"],"inLanguage":"pt-BR","potentialAction":[{"@type":"CommentAction","name":"Comment","target":["https:\/\/jornaltimoneiro.com.br\/index.php\/2025\/05\/26\/viaturas-sao-destinadas-pelo-estado-para-corporacoes-de-canoas\/#respond"]}]},{"@type":"WebPage","@id":"https:\/\/jornaltimoneiro.com.br\/index.php\/2025\/05\/26\/viaturas-sao-destinadas-pelo-estado-para-corporacoes-de-canoas\/","url":"https:\/\/jornaltimoneiro.com.br\/index.php\/2025\/05\/26\/viaturas-sao-destinadas-pelo-estado-para-corporacoes-de-canoas\/","name":"Viaturas s\u00e3o destinadas pelo Estado para corpora\u00e7\u00f5es de Canoas - O Timoneiro Jornal Canoas RS","isPartOf":{"@id":"https:\/\/jornaltimoneiro.com.br\/#website"},"datePublished":"2025-05-26T16:37:39+00:00","dateModified":"2025-05-26T16:37:39+00:00","description":"o Governo do Estado do Rio Grande do Sul promoveu a entrega de mais de 240 viaturas e equipamentos para corpora\u00e7\u00f5es de seguran\u00e7a","breadcrumb":{"@id":"https:\/\/jornaltimoneiro.com.br\/index.php\/2025\/05\/26\/viaturas-sao-destinadas-pelo-estado-para-corporacoes-de-canoas\/#breadcrumb"},"inLanguage":"pt-BR","potentialAction":[{"@type":"ReadAction","target":["https:\/\/jornaltimoneiro.com.br\/index.php\/2025\/05\/26\/viaturas-sao-destinadas-pelo-estado-para-corporacoes-de-canoas\/"]}]},{"@type":"BreadcrumbList","@id":"https:\/\/jornaltimoneiro.com.br\/index.php\/2025\/05\/26\/viaturas-sao-destinadas-pelo-estado-para-corporacoes-de-canoas\/#breadcrumb","itemListElement":[{"@type":"ListItem","position":1,"name":"In\u00edcio","item":"https:\/\/jornaltimoneiro.com.br\/"},{"@type":"ListItem","position":2,"name":"Viaturas s\u00e3o destinadas pelo Estado para corpora\u00e7\u00f5es de Canoas"}]},{"@type":"WebSite","@id":"https:\/\/jornaltimoneiro.com.br\/#website","url":"https:\/\/jornaltimoneiro.com.br\/","name":"Jornal Timoneiro Canoas RS","description":"Jornal O Timoneiro, o verdadeiro jornal de Canoas","publisher":{"@id":"https:\/\/jornaltimoneiro.com.br\/#organization"},"potentialAction":[{"@type":"SearchAction","target":{"@type":"EntryPoint","urlTemplate":"https:\/\/jornaltimoneiro.com.br\/?s={search_term_string}"},"query-input":"required name=search_term_string"}],"inLanguage":"pt-BR"},{"@type":"Organization","@id":"https:\/\/jornaltimoneiro.com.br\/#organization","name":"Jornal Timoneiro Canoas RS","url":"https:\/\/jornaltimoneiro.com.br\/","logo":{"@type":"ImageObject","inLanguage":"pt-BR","@id":"https:\/\/jornaltimoneiro.com.br\/#\/schema\/logo\/image\/","url":"https:\/\/jornaltimoneiro.com.br\/wp-content\/uploads\/2023\/03\/logonovo.png","contentUrl":"https:\/\/jornaltimoneiro.com.br\/wp-content\/uploads\/2023\/03\/logonovo.png","width":"469","height":"171","caption":"Jornal Timoneiro Canoas RS"},"image":{"@id":"https:\/\/jornaltimoneiro.com.br\/#\/schema\/logo\/image\/"},"sameAs":["https:\/\/www.facebook.com\/jornaltimoneiro","https:\/\/twitter.com\/_OTimoneiro","https:\/\/www.instagram.com\/jornaltimoneirocanoas\/","https:\/\/www.youtube.com\/@jornalotimoneiro7927"]},{"@type":"Person","@id":"https:\/\/jornaltimoneiro.com.br\/#\/schema\/person\/f63482f1a02b1a9592707865e509ab40","name":"Reda\u00e7\u00e3o","image":{"@type":"ImageObject","inLanguage":"pt-BR","@id":"https:\/\/jornaltimoneiro.com.br\/#\/schema\/person\/image\/","url":"https:\/\/jornaltimoneiro.com.br\/wp-content\/uploads\/2023\/03\/download.jpeg","contentUrl":"https:\/\/jornaltimoneiro.com.br\/wp-content\/uploads\/2023\/03\/download.jpeg","caption":"Reda\u00e7\u00e3o"},"url":"https:\/\/jornaltimoneiro.com.br\/index.php\/author\/simone-dutra\/"}]}},"_links":{"self":[{"href":"https:\/\/jornaltimoneiro.com.br\/index.php\/wp-json\/wp\/v2\/posts\/35085"}],"collection":[{"href":"https:\/\/jornaltimoneiro.com.br\/index.php\/wp-json\/wp\/v2\/posts"}],"about":[{"href":"https:\/\/jornaltimoneiro.com.br\/index.php\/wp-json\/wp\/v2\/types\/post"}],"author":[{"embeddable":true,"href":"https:\/\/jornaltimoneiro.com.br\/index.php\/wp-json\/wp\/v2\/users\/2"}],"replies":[{"embeddable":true,"href":"https:\/\/jornaltimoneiro.com.br\/index.php\/wp-json\/wp\/v2\/comments?post=35085"}],"version-history":[{"count":1,"href":"https:\/\/jornaltimoneiro.com.br\/index.php\/wp-json\/wp\/v2\/posts\/35085\/revisions"}],"predecessor-version":[{"id":35087,"href":"https:\/\/jornaltimoneiro.com.br\/index.php\/wp-json\/wp\/v2\/posts\/35085\/revisions\/35087"}],"wp:featuredmedia":[{"embeddable":true,"href":"https:\/\/jornaltimoneiro.com.br\/index.php\/wp-json\/wp\/v2\/media\/35086"}],"wp:attachment":[{"href":"https:\/\/jornaltimoneiro.com.br\/index.php\/wp-json\/wp\/v2\/media?parent=35085"}],"wp:term":[{"taxonomy":"category","embeddable":true,"href":"https:\/\/jornaltimoneiro.com.br\/index.php\/wp-json\/wp\/v2\/categories?post=35085"},{"taxonomy":"post_tag","embeddable":true,"href":"https:\/\/jornaltimoneiro.com.br\/index.php\/wp-json\/wp\/v2\/tags?post=35085"}],"curies":[{"name":"wp","href":"https:\/\/api.w.org\/{rel}","templated":true}]}}