{"id":35065,"date":"2025-05-22T14:45:36","date_gmt":"2025-05-22T17:45:36","guid":{"rendered":"https:\/\/jornaltimoneiro.com.br\/?p=35065"},"modified":"2025-05-22T14:45:36","modified_gmt":"2025-05-22T17:45:36","slug":"grupo-hospitalar-conceicao-realiza-concurso-publico-com-salario-de-ate-r-28-90360","status":"publish","type":"post","link":"https:\/\/jornaltimoneiro.com.br\/index.php\/2025\/05\/22\/grupo-hospitalar-conceicao-realiza-concurso-publico-com-salario-de-ate-r-28-90360\/","title":{"rendered":"Grupo Hospitalar Concei\u00e7\u00e3o realiza Concurso P\u00fablico com sal\u00e1rio de at\u00e9 R$ 28.903,60"},"content":{"rendered":"<p>As inscri\u00e7\u00f5es para o Concurso P\u00fablico do\u00a0GHC &#8211; Grupo Hospitalar Concei\u00e7\u00e3o\/RS\u00a0est\u00e3o abertas. Realizado pela Funda\u00e7\u00e3o Universidade Empresa de Tecnologia e Ci\u00eancias &#8211; Fundatec, o certame prev\u00ea a forma\u00e7\u00e3o de cadastro reserva para candidatos com n\u00edvel Superior, T\u00e9cnico e M\u00e9dio completos. A carga hor\u00e1ria semanal \u00e9 de 120h a 220h, e o sal\u00e1rio \u00e9 de at\u00e9 R$ 28.903,60.<\/p>\n<p>As inscri\u00e7\u00f5es custam de R$ 79,90 a R$ 144,90 e devem ser realizadas at\u00e9 o dia 17 de junho pelo site\u202f<a href=\"http:\/\/www.fundatec.org.br\/\" target=\"_blank\" rel=\"noopener\" data-saferedirecturl=\"https:\/\/www.google.com\/url?q=http:\/\/www.fundatec.org.br&amp;source=gmail&amp;ust=1748021385133000&amp;usg=AOvVaw1_X3sZi839Rh8WfCAN5JY4\">www.fundatec.org.br<\/a>. A data prov\u00e1vel de realiza\u00e7\u00e3o das provas \u00e9 o dia 13 de julho. O Edital pode sofrer altera\u00e7\u00f5es. Acompanhe as atualiza\u00e7\u00f5es pelo mesmo site.<\/p>\n<p>As d\u00favidas podem ser esclarecidas pelo atendimento on-line (WhatsApp 51 99847-4972), pelo formul\u00e1rio no link \u202f<a href=\"http:\/\/contato.fundatec.org.br\/\" target=\"_blank\" rel=\"noopener\" data-saferedirecturl=\"https:\/\/www.google.com\/url?q=http:\/\/contato.fundatec.org.br&amp;source=gmail&amp;ust=1748021385133000&amp;usg=AOvVaw3mpOhWj5Tl8U0nMqmm6CoK\">contato.fundatec.org.br<\/a>, a qualquer momento, ou pelos telefones (51) 3320-1043, para Porto Alegre e DDD 51, e 0800 035 2000, para interior e outros Estados, das 9h \u00e0s 18h, de segunda a sexta-feira.<\/p>\n<p><b>N\u00edvel Superior Completo<\/p>\n<p>Cargos (vagas):<\/b> Advogado (CR), Analista de Sistemas (CR), Analista de Suporte (CR), Analista (Auditoria Interna) (CR), Analista (Designer Gr\u00e1fico) (CR), Analista (Gest\u00e3o de Pessoas) (CR), Analista (Jornalista) (CR), Analista (Produtor Audiovisual) (CR), Analista (Publicit\u00e1rio) (CR), Analista (Rela\u00e7\u00f5es P\u00fablicas) (CR), Assistente Social (CR), Contador (CR), Enfermeiro (Auditoria Interna) (CR), Enfermeiro (Obstetr\u00edcia) (CR), Enfermeiro (Oncologia\/ Hematologia) (CR), Engenheiro (Engenharia Ambiental) (CR), Engenheiro (Engenharia Civil) (CR), Engenheiro (Engenharia Cl\u00ednica) (CR), Engenheiro (Engenharia El\u00e9trica) (CR), Engenheiro (Engenharia Mec\u00e2nica) (CR), Engenheiro (Engenharia Qu\u00edmica) (CR), Farmac\u00eautico (CR), Farmac\u00eautico (Bioqu\u00edmico) (CR), Farmac\u00eautico (Oncologia) (CR), F\u00edsico (R\u00e1dioterapia) (CR), Fisioterapeuta (CR), Fonoaudi\u00f3logo (CR), Nutricionista (CR), Odont\u00f3logo (Buco-Maxilo-Facial) (CR), Odont\u00f3logo (Sa\u00fade P\u00fablica) (CR), Psic\u00f3logo (CR), Terapeuta Ocupacional (CR), M\u00e9dico (Anestesiologia) (CR), M\u00e9dico (Anestesiologia Cardiovascular) (CR), M\u00e9dico (Anestesiologia Pedi\u00e1trica) (CR), M\u00e9dico (Auditoria Interna) (CR), M\u00e9dico (Cardiologia) (CR), M\u00e9dico (Cirurgia da M\u00e3o) (CR), M\u00e9dico (Cirurgia de Cabe\u00e7a e Pesco\u00e7o) (CR), M\u00e9dico (Cirurgia Geral) (CR), M\u00e9dico (Cirurgia Pedi\u00e1trica) (CR), M\u00e9dico (Cirurgia Pl\u00e1stica) (CR), M\u00e9dico (Cl\u00ednica M\u00e9dica) (CR), M\u00e9dico (Endocrinologia e Metabologia) (CR), M\u00e9dico (Endocrinologia e Metabologia Pedi\u00e1trica) (CR), M\u00e9dico (Endoscopia Digestiva) (CR), M\u00e9dico (Gastroenterologia Pedi\u00e1trica) (CR), M\u00e9dico (Gen\u00e9tica M\u00e9dica) (CR), M\u00e9dico (Geriatria) (CR), M\u00e9dico (Hematologia e Hemoterapia \u2013 Transplante de Medula \u00d3ssea) (CR), M\u00e9dico (Hemodin\u00e2mica e Cardiologia Intervencionista) (CR), M\u00e9dico (Infectologia Pedi\u00e1trica) (CR), M\u00e9dico (Medicina de Emerg\u00eancia) (CR), M\u00e9dico (Medicina de Emerg\u00eancia &#8211; UPA) (CR), M\u00e9dico (Medicina do Trabalho) (CR), M\u00e9dico (Medicina Intensiva Pedi\u00e1trica) (CR), M\u00e9dico (Neurocirurgia &#8211; Coluna) (CR), M\u00e9dico (Neurologia) (CR), M\u00e9dico (Neurofisiologia Cl\u00ednica) (CR), M\u00e9dico (Neurologia Pedi\u00e1trica) (CR), M\u00e9dico (Nutrologia Pedi\u00e1trica) (CR), M\u00e9dico (Oftalmologia \u2013 Estrabismo) (CR), M\u00e9dico (Oftalmologia Pediatria) (CR), M\u00e9dico (Oftalmologia-Pl\u00e1stica Ocular e Vias Lacrimais) (CR), M\u00e9dico (Oftalmologia-Segmento Anterior) (CR), M\u00e9dico (Oncologia Cl\u00ednica) (CR), M\u00e9dico (Ortopedia e Traumatologia) (CR), M\u00e9dico (Otorrinolaringologia) (CR), M\u00e9dico (Patologia) (CR), M\u00e9dico (Patologia \u2013 Citopatologia) (CR), M\u00e9dico (Psiquiatria) (CR), M\u00e9dico (Radiologia e Diagn\u00f3stico por Imagem) (CR), M\u00e9dico (Radioterapia) (CR), M\u00e9dico (Reumatologia) (CR), M\u00e9dico (Ultrassonografia Geral) (CR) e M\u00e9dico (Urologia) (CR).<\/p>\n<p><b>N\u00edvel T\u00e9cnico Completo<\/p>\n<p>Cargo (vagas)<\/b>: Programador (CR), T\u00e9cnico de Enfermagem (CR), T\u00e9cnico de Radiologia (Medicina Nuclear) (CR), T\u00e9cnico de Radiologia (Radioterapia) (CR), T\u00e9cnico de Tecnologia da Informa\u00e7\u00e3o (CR), T\u00e9cnico de Eletr\u00f4nica (CR) e T\u00e9cnico em Seguran\u00e7a do Trabalho (CR).<\/p>\n<p><b>N\u00edvel M\u00e9dio<\/b><\/p>\n<p><b>Cargo (vagas):<\/b>\u00a0Auxiliar Administrativo (CR).<\/p>\n<p><b>Informa\u00e7\u00f5es gerais<\/b><\/p>\n<p><b>Total de Vagas<\/b>: Cadastro Reserva (CR).<br \/>\n<b>Carga Hor\u00e1ria Mensal<\/b>: de 120h a 220h.<br \/>\n<b>Sal\u00e1rio<\/b>: de R$ 3.577,20 at\u00e9 R$ 28.903,60.<br \/>\n<b>Inscri\u00e7\u00f5es<\/b>:\u00a0de 20\/05 a 17\/06\/2025 pelo site\u00a0<a href=\"http:\/\/www.fundatec.org.br\/\" target=\"_blank\" rel=\"noopener\" data-saferedirecturl=\"https:\/\/www.google.com\/url?q=http:\/\/www.fundatec.org.br&amp;source=gmail&amp;ust=1748021385133000&amp;usg=AOvVaw1_X3sZi839Rh8WfCAN5JY4\">www.fundatec.org.br<\/a>.<br \/>\n<b>Valor das Inscri\u00e7\u00f5es:<\/b> de R$ 79,90 a R$ 144,90.<br \/>\n<b>Data prov\u00e1vel de realiza\u00e7\u00e3o da prova: 13\/07\/2025.<\/b><\/p>\n","protected":false},"excerpt":{"rendered":"<p>As inscri\u00e7\u00f5es para o Concurso P\u00fablico do\u00a0GHC &#8211; Grupo Hospitalar Concei\u00e7\u00e3o\/RS\u00a0est\u00e3o abertas. Realizado pela Funda\u00e7\u00e3o Universidade Empresa de Tecnologia e Ci\u00eancias &#8211; Fundatec, o certame prev\u00ea a forma\u00e7\u00e3o de cadastro reserva para candidatos com n\u00edvel Superior, T\u00e9cnico e M\u00e9dio completos. A carga hor\u00e1ria semanal \u00e9 de 120h a 220h, e o sal\u00e1rio \u00e9 de at\u00e9 [&hellip;]<\/p>\n","protected":false},"author":2,"featured_media":35066,"comment_status":"open","ping_status":"open","sticky":false,"template":"","format":"standard","meta":{"amp_status":"","footnotes":""},"categories":[26],"tags":[610,190,4278,4279],"class_list":["post-35065","post","type-post","status-publish","format-standard","has-post-thumbnail","hentry","category-saude","tag-concurso-publico","tag-featured","tag-ghc","tag-grupo-hospitalar-conceicao"],"yoast_head":"<!-- This site is optimized with the Yoast SEO plugin v20.5 - https:\/\/yoast.com\/wordpress\/plugins\/seo\/ -->\n<title>Grupo Hospitalar Concei\u00e7\u00e3o realiza Concurso P\u00fablico com sal\u00e1rio de at\u00e9 R$ 28.903,60 - O Timoneiro Jornal Canoas RS<\/title>\n<meta name=\"description\" content=\"candidatos com n\u00edvel Superior, T\u00e9cnico e M\u00e9dio completos. A carga hor\u00e1ria semanal \u00e9 de 120h a 220h, e o sal\u00e1rio \u00e9 de at\u00e9 R$ 28.903,60\" \/>\n<meta name=\"robots\" content=\"index, follow, max-snippet:-1, max-image-preview:large, max-video-preview:-1\" \/>\n<link rel=\"canonical\" href=\"https:\/\/jornaltimoneiro.com.br\/index.php\/2025\/05\/22\/grupo-hospitalar-conceicao-realiza-concurso-publico-com-salario-de-ate-r-28-90360\/\" \/>\n<meta property=\"og:locale\" content=\"pt_BR\" \/>\n<meta property=\"og:type\" content=\"article\" \/>\n<meta property=\"og:title\" content=\"Grupo Hospitalar Concei\u00e7\u00e3o realiza Concurso P\u00fablico com sal\u00e1rio de at\u00e9 R$ 28.903,60 - O Timoneiro Jornal Canoas RS\" \/>\n<meta property=\"og:description\" content=\"candidatos com n\u00edvel Superior, T\u00e9cnico e M\u00e9dio completos. A carga hor\u00e1ria semanal \u00e9 de 120h a 220h, e o sal\u00e1rio \u00e9 de at\u00e9 R$ 28.903,60\" \/>\n<meta property=\"og:url\" content=\"https:\/\/jornaltimoneiro.com.br\/index.php\/2025\/05\/22\/grupo-hospitalar-conceicao-realiza-concurso-publico-com-salario-de-ate-r-28-90360\/\" \/>\n<meta property=\"og:site_name\" content=\"O Timoneiro Jornal Canoas RS\" \/>\n<meta property=\"article:publisher\" content=\"https:\/\/www.facebook.com\/jornaltimoneiro\" \/>\n<meta property=\"article:published_time\" content=\"2025-05-22T17:45:36+00:00\" \/>\n<meta property=\"og:image\" content=\"https:\/\/jornaltimoneiro.com.br\/wp-content\/uploads\/2025\/05\/Grupo-Hospitalar-Conceicao-realiza-Concurso-Publico-com-salario-de-ate-R-28.90360.jpeg\" \/>\n\t<meta property=\"og:image:width\" content=\"800\" \/>\n\t<meta property=\"og:image:height\" content=\"536\" \/>\n\t<meta property=\"og:image:type\" content=\"image\/jpeg\" \/>\n<meta name=\"author\" content=\"Reda\u00e7\u00e3o\" \/>\n<meta name=\"twitter:card\" content=\"summary_large_image\" \/>\n<meta name=\"twitter:creator\" content=\"@_OTimoneiro\" \/>\n<meta name=\"twitter:site\" content=\"@_OTimoneiro\" \/>\n<meta name=\"twitter:label1\" content=\"Escrito por\" \/>\n\t<meta name=\"twitter:data1\" content=\"Reda\u00e7\u00e3o\" \/>\n\t<meta name=\"twitter:label2\" content=\"Est. tempo de leitura\" \/>\n\t<meta name=\"twitter:data2\" content=\"4 minutos\" \/>\n<script type=\"application\/ld+json\" class=\"yoast-schema-graph\">{\"@context\":\"https:\/\/schema.org\",\"@graph\":[{\"@type\":\"Article\",\"@id\":\"https:\/\/jornaltimoneiro.com.br\/index.php\/2025\/05\/22\/grupo-hospitalar-conceicao-realiza-concurso-publico-com-salario-de-ate-r-28-90360\/#article\",\"isPartOf\":{\"@id\":\"https:\/\/jornaltimoneiro.com.br\/index.php\/2025\/05\/22\/grupo-hospitalar-conceicao-realiza-concurso-publico-com-salario-de-ate-r-28-90360\/\"},\"author\":{\"name\":\"Reda\u00e7\u00e3o\",\"@id\":\"https:\/\/jornaltimoneiro.com.br\/#\/schema\/person\/f63482f1a02b1a9592707865e509ab40\"},\"headline\":\"Grupo Hospitalar Concei\u00e7\u00e3o realiza Concurso P\u00fablico com sal\u00e1rio de at\u00e9 R$ 28.903,60\",\"datePublished\":\"2025-05-22T17:45:36+00:00\",\"dateModified\":\"2025-05-22T17:45:36+00:00\",\"mainEntityOfPage\":{\"@id\":\"https:\/\/jornaltimoneiro.com.br\/index.php\/2025\/05\/22\/grupo-hospitalar-conceicao-realiza-concurso-publico-com-salario-de-ate-r-28-90360\/\"},\"wordCount\":682,\"commentCount\":0,\"publisher\":{\"@id\":\"https:\/\/jornaltimoneiro.com.br\/#organization\"},\"keywords\":[\"concurso p\u00fablico\",\"featured\",\"ghc\",\"grupo hospitalar concei\u00e7\u00e3o\"],\"articleSection\":[\"Sa\u00fade\"],\"inLanguage\":\"pt-BR\",\"potentialAction\":[{\"@type\":\"CommentAction\",\"name\":\"Comment\",\"target\":[\"https:\/\/jornaltimoneiro.com.br\/index.php\/2025\/05\/22\/grupo-hospitalar-conceicao-realiza-concurso-publico-com-salario-de-ate-r-28-90360\/#respond\"]}]},{\"@type\":\"WebPage\",\"@id\":\"https:\/\/jornaltimoneiro.com.br\/index.php\/2025\/05\/22\/grupo-hospitalar-conceicao-realiza-concurso-publico-com-salario-de-ate-r-28-90360\/\",\"url\":\"https:\/\/jornaltimoneiro.com.br\/index.php\/2025\/05\/22\/grupo-hospitalar-conceicao-realiza-concurso-publico-com-salario-de-ate-r-28-90360\/\",\"name\":\"Grupo Hospitalar Concei\u00e7\u00e3o realiza Concurso P\u00fablico com sal\u00e1rio de at\u00e9 R$ 28.903,60 - O Timoneiro Jornal Canoas RS\",\"isPartOf\":{\"@id\":\"https:\/\/jornaltimoneiro.com.br\/#website\"},\"datePublished\":\"2025-05-22T17:45:36+00:00\",\"dateModified\":\"2025-05-22T17:45:36+00:00\",\"description\":\"candidatos com n\u00edvel Superior, T\u00e9cnico e M\u00e9dio completos. A carga hor\u00e1ria semanal \u00e9 de 120h a 220h, e o sal\u00e1rio \u00e9 de at\u00e9 R$ 28.903,60\",\"breadcrumb\":{\"@id\":\"https:\/\/jornaltimoneiro.com.br\/index.php\/2025\/05\/22\/grupo-hospitalar-conceicao-realiza-concurso-publico-com-salario-de-ate-r-28-90360\/#breadcrumb\"},\"inLanguage\":\"pt-BR\",\"potentialAction\":[{\"@type\":\"ReadAction\",\"target\":[\"https:\/\/jornaltimoneiro.com.br\/index.php\/2025\/05\/22\/grupo-hospitalar-conceicao-realiza-concurso-publico-com-salario-de-ate-r-28-90360\/\"]}]},{\"@type\":\"BreadcrumbList\",\"@id\":\"https:\/\/jornaltimoneiro.com.br\/index.php\/2025\/05\/22\/grupo-hospitalar-conceicao-realiza-concurso-publico-com-salario-de-ate-r-28-90360\/#breadcrumb\",\"itemListElement\":[{\"@type\":\"ListItem\",\"position\":1,\"name\":\"In\u00edcio\",\"item\":\"https:\/\/jornaltimoneiro.com.br\/\"},{\"@type\":\"ListItem\",\"position\":2,\"name\":\"Grupo Hospitalar Concei\u00e7\u00e3o realiza Concurso P\u00fablico com sal\u00e1rio de at\u00e9 R$ 28.903,60\"}]},{\"@type\":\"WebSite\",\"@id\":\"https:\/\/jornaltimoneiro.com.br\/#website\",\"url\":\"https:\/\/jornaltimoneiro.com.br\/\",\"name\":\"Jornal Timoneiro Canoas RS\",\"description\":\"Jornal O Timoneiro, o verdadeiro jornal de Canoas\",\"publisher\":{\"@id\":\"https:\/\/jornaltimoneiro.com.br\/#organization\"},\"potentialAction\":[{\"@type\":\"SearchAction\",\"target\":{\"@type\":\"EntryPoint\",\"urlTemplate\":\"https:\/\/jornaltimoneiro.com.br\/?s={search_term_string}\"},\"query-input\":\"required name=search_term_string\"}],\"inLanguage\":\"pt-BR\"},{\"@type\":\"Organization\",\"@id\":\"https:\/\/jornaltimoneiro.com.br\/#organization\",\"name\":\"Jornal Timoneiro Canoas RS\",\"url\":\"https:\/\/jornaltimoneiro.com.br\/\",\"logo\":{\"@type\":\"ImageObject\",\"inLanguage\":\"pt-BR\",\"@id\":\"https:\/\/jornaltimoneiro.com.br\/#\/schema\/logo\/image\/\",\"url\":\"https:\/\/jornaltimoneiro.com.br\/wp-content\/uploads\/2023\/03\/logonovo.png\",\"contentUrl\":\"https:\/\/jornaltimoneiro.com.br\/wp-content\/uploads\/2023\/03\/logonovo.png\",\"width\":\"469\",\"height\":\"171\",\"caption\":\"Jornal Timoneiro Canoas RS\"},\"image\":{\"@id\":\"https:\/\/jornaltimoneiro.com.br\/#\/schema\/logo\/image\/\"},\"sameAs\":[\"https:\/\/www.facebook.com\/jornaltimoneiro\",\"https:\/\/twitter.com\/_OTimoneiro\",\"https:\/\/www.instagram.com\/jornaltimoneirocanoas\/\",\"https:\/\/www.youtube.com\/@jornalotimoneiro7927\"]},{\"@type\":\"Person\",\"@id\":\"https:\/\/jornaltimoneiro.com.br\/#\/schema\/person\/f63482f1a02b1a9592707865e509ab40\",\"name\":\"Reda\u00e7\u00e3o\",\"image\":{\"@type\":\"ImageObject\",\"inLanguage\":\"pt-BR\",\"@id\":\"https:\/\/jornaltimoneiro.com.br\/#\/schema\/person\/image\/\",\"url\":\"https:\/\/jornaltimoneiro.com.br\/wp-content\/uploads\/2023\/03\/download.jpeg\",\"contentUrl\":\"https:\/\/jornaltimoneiro.com.br\/wp-content\/uploads\/2023\/03\/download.jpeg\",\"caption\":\"Reda\u00e7\u00e3o\"},\"url\":\"https:\/\/jornaltimoneiro.com.br\/index.php\/author\/simone-dutra\/\"}]}<\/script>\n<!-- \/ Yoast SEO plugin. -->","yoast_head_json":{"title":"Grupo Hospitalar Concei\u00e7\u00e3o realiza Concurso P\u00fablico com sal\u00e1rio de at\u00e9 R$ 28.903,60 - O Timoneiro Jornal Canoas RS","description":"candidatos com n\u00edvel Superior, T\u00e9cnico e M\u00e9dio completos. A carga hor\u00e1ria semanal \u00e9 de 120h a 220h, e o sal\u00e1rio \u00e9 de at\u00e9 R$ 28.903,60","robots":{"index":"index","follow":"follow","max-snippet":"max-snippet:-1","max-image-preview":"max-image-preview:large","max-video-preview":"max-video-preview:-1"},"canonical":"https:\/\/jornaltimoneiro.com.br\/index.php\/2025\/05\/22\/grupo-hospitalar-conceicao-realiza-concurso-publico-com-salario-de-ate-r-28-90360\/","og_locale":"pt_BR","og_type":"article","og_title":"Grupo Hospitalar Concei\u00e7\u00e3o realiza Concurso P\u00fablico com sal\u00e1rio de at\u00e9 R$ 28.903,60 - O Timoneiro Jornal Canoas RS","og_description":"candidatos com n\u00edvel Superior, T\u00e9cnico e M\u00e9dio completos. A carga hor\u00e1ria semanal \u00e9 de 120h a 220h, e o sal\u00e1rio \u00e9 de at\u00e9 R$ 28.903,60","og_url":"https:\/\/jornaltimoneiro.com.br\/index.php\/2025\/05\/22\/grupo-hospitalar-conceicao-realiza-concurso-publico-com-salario-de-ate-r-28-90360\/","og_site_name":"O Timoneiro Jornal Canoas RS","article_publisher":"https:\/\/www.facebook.com\/jornaltimoneiro","article_published_time":"2025-05-22T17:45:36+00:00","og_image":[{"width":"800","height":"536","url":"https:\/\/jornaltimoneiro.com.br\/wp-content\/uploads\/2025\/05\/Grupo-Hospitalar-Conceicao-realiza-Concurso-Publico-com-salario-de-ate-R-28.90360.jpeg","type":"image\/jpeg"}],"author":"Reda\u00e7\u00e3o","twitter_card":"summary_large_image","twitter_creator":"@_OTimoneiro","twitter_site":"@_OTimoneiro","twitter_misc":{"Escrito por":"Reda\u00e7\u00e3o","Est. tempo de leitura":"4 minutos"},"schema":{"@context":"https:\/\/schema.org","@graph":[{"@type":"Article","@id":"https:\/\/jornaltimoneiro.com.br\/index.php\/2025\/05\/22\/grupo-hospitalar-conceicao-realiza-concurso-publico-com-salario-de-ate-r-28-90360\/#article","isPartOf":{"@id":"https:\/\/jornaltimoneiro.com.br\/index.php\/2025\/05\/22\/grupo-hospitalar-conceicao-realiza-concurso-publico-com-salario-de-ate-r-28-90360\/"},"author":{"name":"Reda\u00e7\u00e3o","@id":"https:\/\/jornaltimoneiro.com.br\/#\/schema\/person\/f63482f1a02b1a9592707865e509ab40"},"headline":"Grupo Hospitalar Concei\u00e7\u00e3o realiza Concurso P\u00fablico com sal\u00e1rio de at\u00e9 R$ 28.903,60","datePublished":"2025-05-22T17:45:36+00:00","dateModified":"2025-05-22T17:45:36+00:00","mainEntityOfPage":{"@id":"https:\/\/jornaltimoneiro.com.br\/index.php\/2025\/05\/22\/grupo-hospitalar-conceicao-realiza-concurso-publico-com-salario-de-ate-r-28-90360\/"},"wordCount":682,"commentCount":0,"publisher":{"@id":"https:\/\/jornaltimoneiro.com.br\/#organization"},"keywords":["concurso p\u00fablico","featured","ghc","grupo hospitalar concei\u00e7\u00e3o"],"articleSection":["Sa\u00fade"],"inLanguage":"pt-BR","potentialAction":[{"@type":"CommentAction","name":"Comment","target":["https:\/\/jornaltimoneiro.com.br\/index.php\/2025\/05\/22\/grupo-hospitalar-conceicao-realiza-concurso-publico-com-salario-de-ate-r-28-90360\/#respond"]}]},{"@type":"WebPage","@id":"https:\/\/jornaltimoneiro.com.br\/index.php\/2025\/05\/22\/grupo-hospitalar-conceicao-realiza-concurso-publico-com-salario-de-ate-r-28-90360\/","url":"https:\/\/jornaltimoneiro.com.br\/index.php\/2025\/05\/22\/grupo-hospitalar-conceicao-realiza-concurso-publico-com-salario-de-ate-r-28-90360\/","name":"Grupo Hospitalar Concei\u00e7\u00e3o realiza Concurso P\u00fablico com sal\u00e1rio de at\u00e9 R$ 28.903,60 - O Timoneiro Jornal Canoas RS","isPartOf":{"@id":"https:\/\/jornaltimoneiro.com.br\/#website"},"datePublished":"2025-05-22T17:45:36+00:00","dateModified":"2025-05-22T17:45:36+00:00","description":"candidatos com n\u00edvel Superior, T\u00e9cnico e M\u00e9dio completos. A carga hor\u00e1ria semanal \u00e9 de 120h a 220h, e o sal\u00e1rio \u00e9 de at\u00e9 R$ 28.903,60","breadcrumb":{"@id":"https:\/\/jornaltimoneiro.com.br\/index.php\/2025\/05\/22\/grupo-hospitalar-conceicao-realiza-concurso-publico-com-salario-de-ate-r-28-90360\/#breadcrumb"},"inLanguage":"pt-BR","potentialAction":[{"@type":"ReadAction","target":["https:\/\/jornaltimoneiro.com.br\/index.php\/2025\/05\/22\/grupo-hospitalar-conceicao-realiza-concurso-publico-com-salario-de-ate-r-28-90360\/"]}]},{"@type":"BreadcrumbList","@id":"https:\/\/jornaltimoneiro.com.br\/index.php\/2025\/05\/22\/grupo-hospitalar-conceicao-realiza-concurso-publico-com-salario-de-ate-r-28-90360\/#breadcrumb","itemListElement":[{"@type":"ListItem","position":1,"name":"In\u00edcio","item":"https:\/\/jornaltimoneiro.com.br\/"},{"@type":"ListItem","position":2,"name":"Grupo Hospitalar Concei\u00e7\u00e3o realiza Concurso P\u00fablico com sal\u00e1rio de at\u00e9 R$ 28.903,60"}]},{"@type":"WebSite","@id":"https:\/\/jornaltimoneiro.com.br\/#website","url":"https:\/\/jornaltimoneiro.com.br\/","name":"Jornal Timoneiro Canoas RS","description":"Jornal O Timoneiro, o verdadeiro jornal de Canoas","publisher":{"@id":"https:\/\/jornaltimoneiro.com.br\/#organization"},"potentialAction":[{"@type":"SearchAction","target":{"@type":"EntryPoint","urlTemplate":"https:\/\/jornaltimoneiro.com.br\/?s={search_term_string}"},"query-input":"required name=search_term_string"}],"inLanguage":"pt-BR"},{"@type":"Organization","@id":"https:\/\/jornaltimoneiro.com.br\/#organization","name":"Jornal Timoneiro Canoas RS","url":"https:\/\/jornaltimoneiro.com.br\/","logo":{"@type":"ImageObject","inLanguage":"pt-BR","@id":"https:\/\/jornaltimoneiro.com.br\/#\/schema\/logo\/image\/","url":"https:\/\/jornaltimoneiro.com.br\/wp-content\/uploads\/2023\/03\/logonovo.png","contentUrl":"https:\/\/jornaltimoneiro.com.br\/wp-content\/uploads\/2023\/03\/logonovo.png","width":"469","height":"171","caption":"Jornal Timoneiro Canoas RS"},"image":{"@id":"https:\/\/jornaltimoneiro.com.br\/#\/schema\/logo\/image\/"},"sameAs":["https:\/\/www.facebook.com\/jornaltimoneiro","https:\/\/twitter.com\/_OTimoneiro","https:\/\/www.instagram.com\/jornaltimoneirocanoas\/","https:\/\/www.youtube.com\/@jornalotimoneiro7927"]},{"@type":"Person","@id":"https:\/\/jornaltimoneiro.com.br\/#\/schema\/person\/f63482f1a02b1a9592707865e509ab40","name":"Reda\u00e7\u00e3o","image":{"@type":"ImageObject","inLanguage":"pt-BR","@id":"https:\/\/jornaltimoneiro.com.br\/#\/schema\/person\/image\/","url":"https:\/\/jornaltimoneiro.com.br\/wp-content\/uploads\/2023\/03\/download.jpeg","contentUrl":"https:\/\/jornaltimoneiro.com.br\/wp-content\/uploads\/2023\/03\/download.jpeg","caption":"Reda\u00e7\u00e3o"},"url":"https:\/\/jornaltimoneiro.com.br\/index.php\/author\/simone-dutra\/"}]}},"_links":{"self":[{"href":"https:\/\/jornaltimoneiro.com.br\/index.php\/wp-json\/wp\/v2\/posts\/35065"}],"collection":[{"href":"https:\/\/jornaltimoneiro.com.br\/index.php\/wp-json\/wp\/v2\/posts"}],"about":[{"href":"https:\/\/jornaltimoneiro.com.br\/index.php\/wp-json\/wp\/v2\/types\/post"}],"author":[{"embeddable":true,"href":"https:\/\/jornaltimoneiro.com.br\/index.php\/wp-json\/wp\/v2\/users\/2"}],"replies":[{"embeddable":true,"href":"https:\/\/jornaltimoneiro.com.br\/index.php\/wp-json\/wp\/v2\/comments?post=35065"}],"version-history":[{"count":1,"href":"https:\/\/jornaltimoneiro.com.br\/index.php\/wp-json\/wp\/v2\/posts\/35065\/revisions"}],"predecessor-version":[{"id":35067,"href":"https:\/\/jornaltimoneiro.com.br\/index.php\/wp-json\/wp\/v2\/posts\/35065\/revisions\/35067"}],"wp:featuredmedia":[{"embeddable":true,"href":"https:\/\/jornaltimoneiro.com.br\/index.php\/wp-json\/wp\/v2\/media\/35066"}],"wp:attachment":[{"href":"https:\/\/jornaltimoneiro.com.br\/index.php\/wp-json\/wp\/v2\/media?parent=35065"}],"wp:term":[{"taxonomy":"category","embeddable":true,"href":"https:\/\/jornaltimoneiro.com.br\/index.php\/wp-json\/wp\/v2\/categories?post=35065"},{"taxonomy":"post_tag","embeddable":true,"href":"https:\/\/jornaltimoneiro.com.br\/index.php\/wp-json\/wp\/v2\/tags?post=35065"}],"curies":[{"name":"wp","href":"https:\/\/api.w.org\/{rel}","templated":true}]}}