{"id":35048,"date":"2025-05-21T14:13:11","date_gmt":"2025-05-21T17:13:11","guid":{"rendered":"https:\/\/jornaltimoneiro.com.br\/?p=35048"},"modified":"2025-05-21T14:13:11","modified_gmt":"2025-05-21T17:13:11","slug":"canoas-decreta-emergencia-em-saude-devido-ao-aumento-de-internacoes-por-sindrome-respiratoria-aguda-grave","status":"publish","type":"post","link":"https:\/\/jornaltimoneiro.com.br\/index.php\/2025\/05\/21\/canoas-decreta-emergencia-em-saude-devido-ao-aumento-de-internacoes-por-sindrome-respiratoria-aguda-grave\/","title":{"rendered":"Canoas decreta emerg\u00eancia em Sa\u00fade devido ao aumento de interna\u00e7\u00f5es por S\u00edndrome Respirat\u00f3ria Aguda Grave"},"content":{"rendered":"<p>Em decorr\u00eancia do aumento de interna\u00e7\u00f5es por S\u00edndrome Respirat\u00f3ria Aguda Grave (SRAG), Canoas emitiu um decreto que declara situa\u00e7\u00e3o de emerg\u00eancia em sa\u00fade p\u00fablica no munic\u00edpio.<\/p>\n<p>O documento, assinado pelo prefeito Airton Souza, declara situa\u00e7\u00e3o de emerg\u00eancia no \u00e2mbito da sa\u00fade p\u00fablica no munic\u00edpio de Canoas para fins de enfrentamento da S\u00edndrome Respirat\u00f3ria Aguda Grave (SRAG), considerando o cen\u00e1rio epidemiol\u00f3gico das doen\u00e7as respirat\u00f3rias e a superlota\u00e7\u00e3o de servi\u00e7os do Sistema \u00danico de Sa\u00fade (SUS) em Canoas e na Regi\u00e3o Metropolitana, com risco de desassist\u00eancia \u00e0 popula\u00e7\u00e3o por esgotamento dos servi\u00e7os de sa\u00fade municipais, conforme apontado pela Secretaria Municipal de Sa\u00fade (SMS).<\/p>\n<p>O estado de emerg\u00eancia ter\u00e1 a vig\u00eancia de 90 dias, contados a partir da sua publica\u00e7\u00e3o, podendo o prazo ser prorrogado conforme evolu\u00e7\u00e3o dos indicadores epidemiol\u00f3gicos e assistenciais.<\/p>\n<p>&#8220;A Sa\u00fade do Rio Grande do Sul pede socorro. Canoas est\u00e1 entre as cidades mais afetadas pela escassez de recursos. A \u00fanica forma de vencermos esta batalha \u00e9 com uni\u00e3o. Com a decreta\u00e7\u00e3o da emerg\u00eancia, poderemos agilizar processos e concentrar esfor\u00e7os no atendimento dos casos mais graves, evitando a sobrecarga completa do nosso sistema de sa\u00fade. Essa \u00e9 uma decis\u00e3o t\u00e9cnica, respaldada pela Secretaria Municipal de Sa\u00fade, e que visa proteger vidas&#8221;, disse o Prefeito Airton Souza.<\/p>\n<p>\u201cCom o aumento de casos de s\u00edndrome respirat\u00f3ria, a decis\u00e3o de decretar emerg\u00eancia em Sa\u00fade foi a melhor que poder\u00edamos tomar para garantir a assist\u00eancia e o cuidado aos canoenses. \u00c9 importante que todos fa\u00e7am sua parte e que a popula\u00e7\u00e3o v\u00e1 \u00e0s nossas unidades de sa\u00fade e tome a vacina contra a gripe. \u00c9 desta forma que conseguiremos amenizar a situa\u00e7\u00e3o mais tarde, uma vez que o inverno ainda nem chegou\u201d, avaliou o vice-prefeito Rodrigo Busato.<\/p>\n<p>Devido \u00e0 situa\u00e7\u00e3o de emerg\u00eancia, o decreto autoriza a ado\u00e7\u00e3o de todas as medidas administrativas necess\u00e1rias a garantir a assist\u00eancia em sa\u00fade, e cita, em especial, a aquisi\u00e7\u00e3o de insumos e materiais, a doa\u00e7\u00e3o e a cess\u00e3o de equipamentos e bens, assim como a contrata\u00e7\u00e3o de servi\u00e7os estritamente necess\u00e1rios ao atendimento da situa\u00e7\u00e3o emergencial.<\/p>\n<p>Da mesma forma, autoriza tamb\u00e9m a prorroga\u00e7\u00e3o, na forma da lei, de contratos e conv\u00eanios administrativos que favore\u00e7am a assist\u00eancia \u00e0 sa\u00fade dos pacientes acometidos por doen\u00e7as respirat\u00f3rias, de acordo com a necessidade apurada pelas \u00e1reas t\u00e9cnicas da SMS.<\/p>\n<p>O decreto estabelece que cabe \u00e0 Secretaria Municipal de Sa\u00fade (SMS) elaborar diretrizes gerais para a execu\u00e7\u00e3o das medidas de enfrentamento da situa\u00e7\u00e3o de emerg\u00eancia em sa\u00fade p\u00fablica, assim como editar normas complementares para a fiel execu\u00e7\u00e3o do que foi decretado.<\/p>\n<p>&#8220;Desta forma, se necess\u00e1rio, mediante justificativa do titular da pasta, poder\u00e3o ser adotadas as medidas excepcionais para o enfrentamento da situa\u00e7\u00e3o de emerg\u00eancia, como a suspens\u00e3o de f\u00e9rias e folgas dos servidores municipais envolvidos no enfrentamento \u00e0 Emerg\u00eancia em Sa\u00fade P\u00fablica (ESP) do Munic\u00edpio lotados na SMS&#8221;.<\/p>\n<p>Por fim, o decreto estabelece que, enquanto persistir o estado de emerg\u00eancia em sa\u00fade p\u00fablica, as redes hospitalares que prestam servi\u00e7os ao SUS no Munic\u00edpio de Canoas dever\u00e3o adotar medidas administrativas para priorizar a disponibiliza\u00e7\u00e3o dos leitos cl\u00ednicos de suporte ventilat\u00f3rios e de UTI para os casos de SRAG.<\/p>\n<p>Com o decreto de emerg\u00eancia, as equipes da SMS agora tra\u00e7am as estrat\u00e9gias de atua\u00e7\u00e3o e as pr\u00f3ximas medidas a serem tomadas.<\/p>\n<blockquote><p>\u201cEstamos avaliando o decreto do Estado, o quanto teremos de recursos e o que poderemos fazer com essas verbas, e tamb\u00e9m o decreto municipal. Vamos habilitar mais dez leitos de interna\u00e7\u00e3o no Hospital Universit\u00e1rio (HU) e estamos verificando a disponibilidade de leitos de retaguarda, tanto pedi\u00e1tricos quanto adultos. Todos os servi\u00e7os ser\u00e3o ampliados, tanto na aten\u00e7\u00e3o b\u00e1sica, nas unidades de sa\u00fade, quanto nas UPAs e hospitais\u201d, afirma o secret\u00e1rio municipal da Sa\u00fade, Marcelo Reis.<\/p><\/blockquote>\n<h4>Emerg\u00eancia lotada em Canoas<\/h4>\n<p>Conforme o texto divulgado pela gest\u00e3o municipal, a lota\u00e7\u00e3o dos hospitais em toda a Regi\u00e3o Metropolitana \u00e9 reflexo do aumento da demanda t\u00edpica desta \u00e9poca do ano e tamb\u00e9m do referenciamento de pacientes do interior do Estado para serem atendidos na regi\u00e3o. Na manh\u00e3 desta quarta-feira, 21, a taxa de ocupa\u00e7\u00e3o da Sala Verde do Hospital de Pronto-Socorro de Canoas (HPSC), instalado dentro do Hospital Nossa Senhora das Gra\u00e7as (HNSG), \u00e9 de 550%.<\/p>\n<p>&#8220;S\u00e3o 55 pacientes sendo atendidos onde a capacidade seria para dez. H\u00e1 pacientes com problemas respirat\u00f3rios, oncol\u00f3gicos, casos cl\u00ednicos e de trauma. Destes, seis pacientes apresentavam quadros de s\u00edndrome respirat\u00f3ria aguda grave&#8221;.<\/p>\n<p>O texto afirma que as medidas necess\u00e1rias para a garantia do atendimento da popula\u00e7\u00e3o j\u00e1 v\u00eam sendo tomadas nos hospitais de Canoas desde o in\u00edcio do ano, segundo a Prefeitura. As escalas de funcion\u00e1rios v\u00eam sendo reorganizadas, foram disponibilizados mais leitos e os pacientes v\u00eam passando por reavalia\u00e7\u00e3o constante para que possam ser encaminhados para outras unidades ou liberados.<\/p>\n<p>Ainda de acordo com a nota da Prefeitura, nas \u00faltimas semanas, o Hospital Nossa Senhora das Gra\u00e7as (HNSG) reabriu 24 leitos de interna\u00e7\u00e3o que estavam fechados para manuten\u00e7\u00e3o, e deve reabrir outros oito ainda essa semana e mais 28 nos pr\u00f3ximos dias.<\/p>\n<p>A administra\u00e7\u00e3o municipal diz que tamb\u00e9m est\u00e1 revitalizando a gest\u00e3o do hospital e implementando novas ferramentas administrativas e melhores condi\u00e7\u00f5es de trabalho e de atendimento da popula\u00e7\u00e3o. A Prefeitura tamb\u00e9m est\u00e1 trabalhando junto com o governo do Estado para abrir uma porta de Emerg\u00eancia no Hospital Universit\u00e1rio para que o HNSG possa volta a atuar dentro de suas caracter\u00edsticas pr\u00f3prias.<\/p>\n<p><em>&#8220;Canoas tamb\u00e9m est\u00e1 mobilizada, em conjunto com os munic\u00edpios integrantes do Cons\u00f3rcio da Associa\u00e7\u00e3o dos Munic\u00edpios da Regi\u00e3o Metropolitana da Grande Porto Alegre (Granpal), para buscar junto aos governos estadual e federal o repasse mais apropriado de verbas para o sistema de sa\u00fade da regi\u00e3o. Os munic\u00edpios da regi\u00e3o pleiteiam mais incentivos estaduais para hospitais p\u00fablicos municipais; distribui\u00e7\u00e3o de recursos proporcionalmente de acordo com a popula\u00e7\u00e3o de cada cidade; melhor complementa\u00e7\u00e3o das tabelas do Sistema \u00danico de Sa\u00fade (SUS) e do Programa Mais Acesso a Especialistas (PMAE) do Rio Grande do Sul; composi\u00e7\u00e3o de recursos de acordo com a perda de arrecada\u00e7\u00e3o relacionada \u00e0s enchentes de 2024; e a cria\u00e7\u00e3o de uma c\u00e2mara de compensa\u00e7\u00e3o financeira para o ressarcimento dos munic\u00edpios que atendem demanda espont\u00e2nea de moradores de outras cidades, entre outras demandas&#8221;.<\/em><\/p>\n","protected":false},"excerpt":{"rendered":"<p>Em decorr\u00eancia do aumento de interna\u00e7\u00f5es por S\u00edndrome Respirat\u00f3ria Aguda Grave (SRAG), Canoas emitiu um decreto que declara situa\u00e7\u00e3o de emerg\u00eancia em sa\u00fade p\u00fablica no munic\u00edpio. O documento, assinado pelo prefeito Airton Souza, declara situa\u00e7\u00e3o de emerg\u00eancia no \u00e2mbito da sa\u00fade p\u00fablica no munic\u00edpio de Canoas para fins de enfrentamento da S\u00edndrome Respirat\u00f3ria Aguda Grave [&hellip;]<\/p>\n","protected":false},"author":2,"featured_media":35049,"comment_status":"open","ping_status":"open","sticky":false,"template":"","format":"standard","meta":{"amp_status":"","footnotes":""},"categories":[26],"tags":[190,189,4269,1413],"class_list":["post-35048","post","type-post","status-publish","format-standard","has-post-thumbnail","hentry","category-saude","tag-featured","tag-saude","tag-sindrome-respiratoria-agurda-grave","tag-situacao-de-emergencia"],"yoast_head":"<!-- This site is optimized with the Yoast SEO plugin v20.5 - https:\/\/yoast.com\/wordpress\/plugins\/seo\/ -->\n<title>Canoas decreta emerg\u00eancia em Sa\u00fade devido ao aumento de interna\u00e7\u00f5es por S\u00edndrome Respirat\u00f3ria Aguda Grave - O Timoneiro Jornal Canoas RS<\/title>\n<meta name=\"description\" content=\"Em decorr\u00eancia do aumento de interna\u00e7\u00f5es por S\u00edndrome Respirat\u00f3ria Aguda Grave, Canoas emitiu um decreto que declara situa\u00e7\u00e3o de emerg\u00eancia\" \/>\n<meta name=\"robots\" content=\"index, follow, max-snippet:-1, max-image-preview:large, max-video-preview:-1\" \/>\n<link rel=\"canonical\" href=\"https:\/\/jornaltimoneiro.com.br\/index.php\/2025\/05\/21\/canoas-decreta-emergencia-em-saude-devido-ao-aumento-de-internacoes-por-sindrome-respiratoria-aguda-grave\/\" \/>\n<meta property=\"og:locale\" content=\"pt_BR\" \/>\n<meta property=\"og:type\" content=\"article\" \/>\n<meta property=\"og:title\" content=\"Canoas decreta emerg\u00eancia em Sa\u00fade devido ao aumento de interna\u00e7\u00f5es por S\u00edndrome Respirat\u00f3ria Aguda Grave - O Timoneiro Jornal Canoas RS\" \/>\n<meta property=\"og:description\" content=\"Em decorr\u00eancia do aumento de interna\u00e7\u00f5es por S\u00edndrome Respirat\u00f3ria Aguda Grave, Canoas emitiu um decreto que declara situa\u00e7\u00e3o de emerg\u00eancia\" \/>\n<meta property=\"og:url\" content=\"https:\/\/jornaltimoneiro.com.br\/index.php\/2025\/05\/21\/canoas-decreta-emergencia-em-saude-devido-ao-aumento-de-internacoes-por-sindrome-respiratoria-aguda-grave\/\" \/>\n<meta property=\"og:site_name\" content=\"O Timoneiro Jornal Canoas RS\" \/>\n<meta property=\"article:publisher\" content=\"https:\/\/www.facebook.com\/jornaltimoneiro\" \/>\n<meta property=\"article:published_time\" content=\"2025-05-21T17:13:11+00:00\" \/>\n<meta property=\"og:image\" content=\"https:\/\/jornaltimoneiro.com.br\/wp-content\/uploads\/2025\/05\/Canoas-decreta-emergencia-em-Saude-devido-ao-aumento-de-internacoes-por-Sindrome-Respiratoria-Aguda-Grave.jpeg\" \/>\n\t<meta property=\"og:image:width\" content=\"740\" \/>\n\t<meta property=\"og:image:height\" content=\"493\" \/>\n\t<meta property=\"og:image:type\" content=\"image\/jpeg\" \/>\n<meta name=\"author\" content=\"Reda\u00e7\u00e3o\" \/>\n<meta name=\"twitter:card\" content=\"summary_large_image\" \/>\n<meta name=\"twitter:creator\" content=\"@_OTimoneiro\" \/>\n<meta name=\"twitter:site\" content=\"@_OTimoneiro\" \/>\n<meta name=\"twitter:label1\" content=\"Escrito por\" \/>\n\t<meta name=\"twitter:data1\" content=\"Reda\u00e7\u00e3o\" \/>\n\t<meta name=\"twitter:label2\" content=\"Est. tempo de leitura\" \/>\n\t<meta name=\"twitter:data2\" content=\"6 minutos\" \/>\n<script type=\"application\/ld+json\" class=\"yoast-schema-graph\">{\"@context\":\"https:\/\/schema.org\",\"@graph\":[{\"@type\":\"Article\",\"@id\":\"https:\/\/jornaltimoneiro.com.br\/index.php\/2025\/05\/21\/canoas-decreta-emergencia-em-saude-devido-ao-aumento-de-internacoes-por-sindrome-respiratoria-aguda-grave\/#article\",\"isPartOf\":{\"@id\":\"https:\/\/jornaltimoneiro.com.br\/index.php\/2025\/05\/21\/canoas-decreta-emergencia-em-saude-devido-ao-aumento-de-internacoes-por-sindrome-respiratoria-aguda-grave\/\"},\"author\":{\"name\":\"Reda\u00e7\u00e3o\",\"@id\":\"https:\/\/jornaltimoneiro.com.br\/#\/schema\/person\/f63482f1a02b1a9592707865e509ab40\"},\"headline\":\"Canoas decreta emerg\u00eancia em Sa\u00fade devido ao aumento de interna\u00e7\u00f5es por S\u00edndrome Respirat\u00f3ria Aguda Grave\",\"datePublished\":\"2025-05-21T17:13:11+00:00\",\"dateModified\":\"2025-05-21T17:13:11+00:00\",\"mainEntityOfPage\":{\"@id\":\"https:\/\/jornaltimoneiro.com.br\/index.php\/2025\/05\/21\/canoas-decreta-emergencia-em-saude-devido-ao-aumento-de-internacoes-por-sindrome-respiratoria-aguda-grave\/\"},\"wordCount\":1191,\"commentCount\":0,\"publisher\":{\"@id\":\"https:\/\/jornaltimoneiro.com.br\/#organization\"},\"keywords\":[\"featured\",\"sa\u00fade\",\"s\u00edndrome respirat\u00f3ria agurda grave\",\"situa\u00e7\u00e3o de emerg\u00eancia\"],\"articleSection\":[\"Sa\u00fade\"],\"inLanguage\":\"pt-BR\",\"potentialAction\":[{\"@type\":\"CommentAction\",\"name\":\"Comment\",\"target\":[\"https:\/\/jornaltimoneiro.com.br\/index.php\/2025\/05\/21\/canoas-decreta-emergencia-em-saude-devido-ao-aumento-de-internacoes-por-sindrome-respiratoria-aguda-grave\/#respond\"]}]},{\"@type\":\"WebPage\",\"@id\":\"https:\/\/jornaltimoneiro.com.br\/index.php\/2025\/05\/21\/canoas-decreta-emergencia-em-saude-devido-ao-aumento-de-internacoes-por-sindrome-respiratoria-aguda-grave\/\",\"url\":\"https:\/\/jornaltimoneiro.com.br\/index.php\/2025\/05\/21\/canoas-decreta-emergencia-em-saude-devido-ao-aumento-de-internacoes-por-sindrome-respiratoria-aguda-grave\/\",\"name\":\"Canoas decreta emerg\u00eancia em Sa\u00fade devido ao aumento de interna\u00e7\u00f5es por S\u00edndrome Respirat\u00f3ria Aguda Grave - O Timoneiro Jornal Canoas RS\",\"isPartOf\":{\"@id\":\"https:\/\/jornaltimoneiro.com.br\/#website\"},\"datePublished\":\"2025-05-21T17:13:11+00:00\",\"dateModified\":\"2025-05-21T17:13:11+00:00\",\"description\":\"Em decorr\u00eancia do aumento de interna\u00e7\u00f5es por S\u00edndrome Respirat\u00f3ria Aguda Grave, Canoas emitiu um decreto que declara situa\u00e7\u00e3o de emerg\u00eancia\",\"breadcrumb\":{\"@id\":\"https:\/\/jornaltimoneiro.com.br\/index.php\/2025\/05\/21\/canoas-decreta-emergencia-em-saude-devido-ao-aumento-de-internacoes-por-sindrome-respiratoria-aguda-grave\/#breadcrumb\"},\"inLanguage\":\"pt-BR\",\"potentialAction\":[{\"@type\":\"ReadAction\",\"target\":[\"https:\/\/jornaltimoneiro.com.br\/index.php\/2025\/05\/21\/canoas-decreta-emergencia-em-saude-devido-ao-aumento-de-internacoes-por-sindrome-respiratoria-aguda-grave\/\"]}]},{\"@type\":\"BreadcrumbList\",\"@id\":\"https:\/\/jornaltimoneiro.com.br\/index.php\/2025\/05\/21\/canoas-decreta-emergencia-em-saude-devido-ao-aumento-de-internacoes-por-sindrome-respiratoria-aguda-grave\/#breadcrumb\",\"itemListElement\":[{\"@type\":\"ListItem\",\"position\":1,\"name\":\"In\u00edcio\",\"item\":\"https:\/\/jornaltimoneiro.com.br\/\"},{\"@type\":\"ListItem\",\"position\":2,\"name\":\"Canoas decreta emerg\u00eancia em Sa\u00fade devido ao aumento de interna\u00e7\u00f5es por S\u00edndrome Respirat\u00f3ria Aguda Grave\"}]},{\"@type\":\"WebSite\",\"@id\":\"https:\/\/jornaltimoneiro.com.br\/#website\",\"url\":\"https:\/\/jornaltimoneiro.com.br\/\",\"name\":\"Jornal Timoneiro Canoas RS\",\"description\":\"Jornal O Timoneiro, o verdadeiro jornal de Canoas\",\"publisher\":{\"@id\":\"https:\/\/jornaltimoneiro.com.br\/#organization\"},\"potentialAction\":[{\"@type\":\"SearchAction\",\"target\":{\"@type\":\"EntryPoint\",\"urlTemplate\":\"https:\/\/jornaltimoneiro.com.br\/?s={search_term_string}\"},\"query-input\":\"required name=search_term_string\"}],\"inLanguage\":\"pt-BR\"},{\"@type\":\"Organization\",\"@id\":\"https:\/\/jornaltimoneiro.com.br\/#organization\",\"name\":\"Jornal Timoneiro Canoas RS\",\"url\":\"https:\/\/jornaltimoneiro.com.br\/\",\"logo\":{\"@type\":\"ImageObject\",\"inLanguage\":\"pt-BR\",\"@id\":\"https:\/\/jornaltimoneiro.com.br\/#\/schema\/logo\/image\/\",\"url\":\"https:\/\/jornaltimoneiro.com.br\/wp-content\/uploads\/2023\/03\/logonovo.png\",\"contentUrl\":\"https:\/\/jornaltimoneiro.com.br\/wp-content\/uploads\/2023\/03\/logonovo.png\",\"width\":\"469\",\"height\":\"171\",\"caption\":\"Jornal Timoneiro Canoas RS\"},\"image\":{\"@id\":\"https:\/\/jornaltimoneiro.com.br\/#\/schema\/logo\/image\/\"},\"sameAs\":[\"https:\/\/www.facebook.com\/jornaltimoneiro\",\"https:\/\/twitter.com\/_OTimoneiro\",\"https:\/\/www.instagram.com\/jornaltimoneirocanoas\/\",\"https:\/\/www.youtube.com\/@jornalotimoneiro7927\"]},{\"@type\":\"Person\",\"@id\":\"https:\/\/jornaltimoneiro.com.br\/#\/schema\/person\/f63482f1a02b1a9592707865e509ab40\",\"name\":\"Reda\u00e7\u00e3o\",\"image\":{\"@type\":\"ImageObject\",\"inLanguage\":\"pt-BR\",\"@id\":\"https:\/\/jornaltimoneiro.com.br\/#\/schema\/person\/image\/\",\"url\":\"https:\/\/jornaltimoneiro.com.br\/wp-content\/uploads\/2023\/03\/download.jpeg\",\"contentUrl\":\"https:\/\/jornaltimoneiro.com.br\/wp-content\/uploads\/2023\/03\/download.jpeg\",\"caption\":\"Reda\u00e7\u00e3o\"},\"url\":\"https:\/\/jornaltimoneiro.com.br\/index.php\/author\/simone-dutra\/\"}]}<\/script>\n<!-- \/ Yoast SEO plugin. -->","yoast_head_json":{"title":"Canoas decreta emerg\u00eancia em Sa\u00fade devido ao aumento de interna\u00e7\u00f5es por S\u00edndrome Respirat\u00f3ria Aguda Grave - O Timoneiro Jornal Canoas RS","description":"Em decorr\u00eancia do aumento de interna\u00e7\u00f5es por S\u00edndrome Respirat\u00f3ria Aguda Grave, Canoas emitiu um decreto que declara situa\u00e7\u00e3o de emerg\u00eancia","robots":{"index":"index","follow":"follow","max-snippet":"max-snippet:-1","max-image-preview":"max-image-preview:large","max-video-preview":"max-video-preview:-1"},"canonical":"https:\/\/jornaltimoneiro.com.br\/index.php\/2025\/05\/21\/canoas-decreta-emergencia-em-saude-devido-ao-aumento-de-internacoes-por-sindrome-respiratoria-aguda-grave\/","og_locale":"pt_BR","og_type":"article","og_title":"Canoas decreta emerg\u00eancia em Sa\u00fade devido ao aumento de interna\u00e7\u00f5es por S\u00edndrome Respirat\u00f3ria Aguda Grave - O Timoneiro Jornal Canoas RS","og_description":"Em decorr\u00eancia do aumento de interna\u00e7\u00f5es por S\u00edndrome Respirat\u00f3ria Aguda Grave, Canoas emitiu um decreto que declara situa\u00e7\u00e3o de emerg\u00eancia","og_url":"https:\/\/jornaltimoneiro.com.br\/index.php\/2025\/05\/21\/canoas-decreta-emergencia-em-saude-devido-ao-aumento-de-internacoes-por-sindrome-respiratoria-aguda-grave\/","og_site_name":"O Timoneiro Jornal Canoas RS","article_publisher":"https:\/\/www.facebook.com\/jornaltimoneiro","article_published_time":"2025-05-21T17:13:11+00:00","og_image":[{"width":"740","height":"493","url":"https:\/\/jornaltimoneiro.com.br\/wp-content\/uploads\/2025\/05\/Canoas-decreta-emergencia-em-Saude-devido-ao-aumento-de-internacoes-por-Sindrome-Respiratoria-Aguda-Grave.jpeg","type":"image\/jpeg"}],"author":"Reda\u00e7\u00e3o","twitter_card":"summary_large_image","twitter_creator":"@_OTimoneiro","twitter_site":"@_OTimoneiro","twitter_misc":{"Escrito por":"Reda\u00e7\u00e3o","Est. tempo de leitura":"6 minutos"},"schema":{"@context":"https:\/\/schema.org","@graph":[{"@type":"Article","@id":"https:\/\/jornaltimoneiro.com.br\/index.php\/2025\/05\/21\/canoas-decreta-emergencia-em-saude-devido-ao-aumento-de-internacoes-por-sindrome-respiratoria-aguda-grave\/#article","isPartOf":{"@id":"https:\/\/jornaltimoneiro.com.br\/index.php\/2025\/05\/21\/canoas-decreta-emergencia-em-saude-devido-ao-aumento-de-internacoes-por-sindrome-respiratoria-aguda-grave\/"},"author":{"name":"Reda\u00e7\u00e3o","@id":"https:\/\/jornaltimoneiro.com.br\/#\/schema\/person\/f63482f1a02b1a9592707865e509ab40"},"headline":"Canoas decreta emerg\u00eancia em Sa\u00fade devido ao aumento de interna\u00e7\u00f5es por S\u00edndrome Respirat\u00f3ria Aguda Grave","datePublished":"2025-05-21T17:13:11+00:00","dateModified":"2025-05-21T17:13:11+00:00","mainEntityOfPage":{"@id":"https:\/\/jornaltimoneiro.com.br\/index.php\/2025\/05\/21\/canoas-decreta-emergencia-em-saude-devido-ao-aumento-de-internacoes-por-sindrome-respiratoria-aguda-grave\/"},"wordCount":1191,"commentCount":0,"publisher":{"@id":"https:\/\/jornaltimoneiro.com.br\/#organization"},"keywords":["featured","sa\u00fade","s\u00edndrome respirat\u00f3ria agurda grave","situa\u00e7\u00e3o de emerg\u00eancia"],"articleSection":["Sa\u00fade"],"inLanguage":"pt-BR","potentialAction":[{"@type":"CommentAction","name":"Comment","target":["https:\/\/jornaltimoneiro.com.br\/index.php\/2025\/05\/21\/canoas-decreta-emergencia-em-saude-devido-ao-aumento-de-internacoes-por-sindrome-respiratoria-aguda-grave\/#respond"]}]},{"@type":"WebPage","@id":"https:\/\/jornaltimoneiro.com.br\/index.php\/2025\/05\/21\/canoas-decreta-emergencia-em-saude-devido-ao-aumento-de-internacoes-por-sindrome-respiratoria-aguda-grave\/","url":"https:\/\/jornaltimoneiro.com.br\/index.php\/2025\/05\/21\/canoas-decreta-emergencia-em-saude-devido-ao-aumento-de-internacoes-por-sindrome-respiratoria-aguda-grave\/","name":"Canoas decreta emerg\u00eancia em Sa\u00fade devido ao aumento de interna\u00e7\u00f5es por S\u00edndrome Respirat\u00f3ria Aguda Grave - O Timoneiro Jornal Canoas RS","isPartOf":{"@id":"https:\/\/jornaltimoneiro.com.br\/#website"},"datePublished":"2025-05-21T17:13:11+00:00","dateModified":"2025-05-21T17:13:11+00:00","description":"Em decorr\u00eancia do aumento de interna\u00e7\u00f5es por S\u00edndrome Respirat\u00f3ria Aguda Grave, Canoas emitiu um decreto que declara situa\u00e7\u00e3o de emerg\u00eancia","breadcrumb":{"@id":"https:\/\/jornaltimoneiro.com.br\/index.php\/2025\/05\/21\/canoas-decreta-emergencia-em-saude-devido-ao-aumento-de-internacoes-por-sindrome-respiratoria-aguda-grave\/#breadcrumb"},"inLanguage":"pt-BR","potentialAction":[{"@type":"ReadAction","target":["https:\/\/jornaltimoneiro.com.br\/index.php\/2025\/05\/21\/canoas-decreta-emergencia-em-saude-devido-ao-aumento-de-internacoes-por-sindrome-respiratoria-aguda-grave\/"]}]},{"@type":"BreadcrumbList","@id":"https:\/\/jornaltimoneiro.com.br\/index.php\/2025\/05\/21\/canoas-decreta-emergencia-em-saude-devido-ao-aumento-de-internacoes-por-sindrome-respiratoria-aguda-grave\/#breadcrumb","itemListElement":[{"@type":"ListItem","position":1,"name":"In\u00edcio","item":"https:\/\/jornaltimoneiro.com.br\/"},{"@type":"ListItem","position":2,"name":"Canoas decreta emerg\u00eancia em Sa\u00fade devido ao aumento de interna\u00e7\u00f5es por S\u00edndrome Respirat\u00f3ria Aguda Grave"}]},{"@type":"WebSite","@id":"https:\/\/jornaltimoneiro.com.br\/#website","url":"https:\/\/jornaltimoneiro.com.br\/","name":"Jornal Timoneiro Canoas RS","description":"Jornal O Timoneiro, o verdadeiro jornal de Canoas","publisher":{"@id":"https:\/\/jornaltimoneiro.com.br\/#organization"},"potentialAction":[{"@type":"SearchAction","target":{"@type":"EntryPoint","urlTemplate":"https:\/\/jornaltimoneiro.com.br\/?s={search_term_string}"},"query-input":"required name=search_term_string"}],"inLanguage":"pt-BR"},{"@type":"Organization","@id":"https:\/\/jornaltimoneiro.com.br\/#organization","name":"Jornal Timoneiro Canoas RS","url":"https:\/\/jornaltimoneiro.com.br\/","logo":{"@type":"ImageObject","inLanguage":"pt-BR","@id":"https:\/\/jornaltimoneiro.com.br\/#\/schema\/logo\/image\/","url":"https:\/\/jornaltimoneiro.com.br\/wp-content\/uploads\/2023\/03\/logonovo.png","contentUrl":"https:\/\/jornaltimoneiro.com.br\/wp-content\/uploads\/2023\/03\/logonovo.png","width":"469","height":"171","caption":"Jornal Timoneiro Canoas RS"},"image":{"@id":"https:\/\/jornaltimoneiro.com.br\/#\/schema\/logo\/image\/"},"sameAs":["https:\/\/www.facebook.com\/jornaltimoneiro","https:\/\/twitter.com\/_OTimoneiro","https:\/\/www.instagram.com\/jornaltimoneirocanoas\/","https:\/\/www.youtube.com\/@jornalotimoneiro7927"]},{"@type":"Person","@id":"https:\/\/jornaltimoneiro.com.br\/#\/schema\/person\/f63482f1a02b1a9592707865e509ab40","name":"Reda\u00e7\u00e3o","image":{"@type":"ImageObject","inLanguage":"pt-BR","@id":"https:\/\/jornaltimoneiro.com.br\/#\/schema\/person\/image\/","url":"https:\/\/jornaltimoneiro.com.br\/wp-content\/uploads\/2023\/03\/download.jpeg","contentUrl":"https:\/\/jornaltimoneiro.com.br\/wp-content\/uploads\/2023\/03\/download.jpeg","caption":"Reda\u00e7\u00e3o"},"url":"https:\/\/jornaltimoneiro.com.br\/index.php\/author\/simone-dutra\/"}]}},"_links":{"self":[{"href":"https:\/\/jornaltimoneiro.com.br\/index.php\/wp-json\/wp\/v2\/posts\/35048"}],"collection":[{"href":"https:\/\/jornaltimoneiro.com.br\/index.php\/wp-json\/wp\/v2\/posts"}],"about":[{"href":"https:\/\/jornaltimoneiro.com.br\/index.php\/wp-json\/wp\/v2\/types\/post"}],"author":[{"embeddable":true,"href":"https:\/\/jornaltimoneiro.com.br\/index.php\/wp-json\/wp\/v2\/users\/2"}],"replies":[{"embeddable":true,"href":"https:\/\/jornaltimoneiro.com.br\/index.php\/wp-json\/wp\/v2\/comments?post=35048"}],"version-history":[{"count":1,"href":"https:\/\/jornaltimoneiro.com.br\/index.php\/wp-json\/wp\/v2\/posts\/35048\/revisions"}],"predecessor-version":[{"id":35050,"href":"https:\/\/jornaltimoneiro.com.br\/index.php\/wp-json\/wp\/v2\/posts\/35048\/revisions\/35050"}],"wp:featuredmedia":[{"embeddable":true,"href":"https:\/\/jornaltimoneiro.com.br\/index.php\/wp-json\/wp\/v2\/media\/35049"}],"wp:attachment":[{"href":"https:\/\/jornaltimoneiro.com.br\/index.php\/wp-json\/wp\/v2\/media?parent=35048"}],"wp:term":[{"taxonomy":"category","embeddable":true,"href":"https:\/\/jornaltimoneiro.com.br\/index.php\/wp-json\/wp\/v2\/categories?post=35048"},{"taxonomy":"post_tag","embeddable":true,"href":"https:\/\/jornaltimoneiro.com.br\/index.php\/wp-json\/wp\/v2\/tags?post=35048"}],"curies":[{"name":"wp","href":"https:\/\/api.w.org\/{rel}","templated":true}]}}