{"id":35015,"date":"2025-05-19T14:24:20","date_gmt":"2025-05-19T17:24:20","guid":{"rendered":"https:\/\/jornaltimoneiro.com.br\/?p=35015"},"modified":"2025-05-19T14:24:20","modified_gmt":"2025-05-19T17:24:20","slug":"selecao-e-aberta-para-escolher-projetos-em-canoas-que-promovam-o-esporte-local","status":"publish","type":"post","link":"https:\/\/jornaltimoneiro.com.br\/index.php\/2025\/05\/19\/selecao-e-aberta-para-escolher-projetos-em-canoas-que-promovam-o-esporte-local\/","title":{"rendered":"Sele\u00e7\u00e3o \u00e9 aberta para escolher projetos em Canoas que promovam o esporte local"},"content":{"rendered":"<p>Nesta segunda-feira, 19, foi publicado, no Di\u00e1rio Oficial do Munic\u00edpio de Canoas, o Edital N\u00b0 119\/2025, que torna p\u00fablico o Chamamento para selecionar projetos de execu\u00e7\u00e3o e organiza\u00e7\u00e3o de eventos oficiais por Ligas Esportivas e Entidades Esportivas filiadas \u00e0 Federa\u00e7\u00f5es Esportivas, que promovam o desenvolvimento do esporte local e a representatividade de Canoas em eventos de grande relev\u00e2ncia.<\/p>\n<h4>Inscri\u00e7\u00f5es<\/h4>\n<p>Os interessados devem se dirigir \u00e0 Central de Atendimento ao Cidad\u00e3o &#8211; CAC, situada na rua Ipiranga n\u00b0 120 &#8211; Centro &#8211; Canoas. As inscri\u00e7\u00f5es acontecem das 8 horas do dia 19\/05\/2025 \u00e0s 18 horas do dia 28\/05\/2025 e demais informa\u00e7\u00f5es podem ser consultadas por aqui: <a href=\"https:\/\/www.canoas.rs.gov.br\/apoio-financeiro-para-organizacao-de-eventos-esportivos-oficiais\/\" target=\"_blank\" rel=\"noopener\" data-saferedirecturl=\"https:\/\/www.google.com\/url?q=https:\/\/www.canoas.rs.gov.br\/apoio-financeiro-para-organizacao-de-eventos-esportivos-oficiais\/&amp;source=gmail&amp;ust=1747761594699000&amp;usg=AOvVaw0wMcO1ej19j6EXRDNuDbsp\">https:\/\/www.canoas.rs.gov.br\/<wbr \/>apoio-financeiro-para-<wbr \/>organizacao-de-eventos-<wbr \/>esportivos-oficiais\/.<\/a><\/p>\n<p>&nbsp;<\/p>\n","protected":false},"excerpt":{"rendered":"<p>Nesta segunda-feira, 19, foi publicado, no Di\u00e1rio Oficial do Munic\u00edpio de Canoas, o Edital N\u00b0 119\/2025, que torna p\u00fablico o Chamamento para selecionar projetos de execu\u00e7\u00e3o e organiza\u00e7\u00e3o de eventos oficiais por Ligas Esportivas e Entidades Esportivas filiadas \u00e0 Federa\u00e7\u00f5es Esportivas, que promovam o desenvolvimento do esporte local e a representatividade de Canoas em eventos [&hellip;]<\/p>\n","protected":false},"author":2,"featured_media":34113,"comment_status":"open","ping_status":"open","sticky":false,"template":"","format":"standard","meta":{"amp_status":"","footnotes":""},"categories":[24],"tags":[31,2380,4257,4258],"class_list":["post-35015","post","type-post","status-publish","format-standard","has-post-thumbnail","hentry","category-esporte","tag-canoas","tag-chamamento","tag-esporte-local","tag-ligas-esportivas"],"yoast_head":"<!-- This site is optimized with the Yoast SEO plugin v20.5 - https:\/\/yoast.com\/wordpress\/plugins\/seo\/ -->\n<title>Sele\u00e7\u00e3o \u00e9 aberta para escolher projetos em Canoas que promovam o esporte local - O Timoneiro Jornal Canoas RS<\/title>\n<meta name=\"description\" content=\"torna p\u00fablico o Chamamento para selecionar projetos de execu\u00e7\u00e3o e organiza\u00e7\u00e3o de eventos oficiais por Ligas Esportivas\" \/>\n<meta name=\"robots\" content=\"index, follow, max-snippet:-1, max-image-preview:large, max-video-preview:-1\" \/>\n<link rel=\"canonical\" href=\"https:\/\/jornaltimoneiro.com.br\/index.php\/2025\/05\/19\/selecao-e-aberta-para-escolher-projetos-em-canoas-que-promovam-o-esporte-local\/\" \/>\n<meta property=\"og:locale\" content=\"pt_BR\" \/>\n<meta property=\"og:type\" content=\"article\" \/>\n<meta property=\"og:title\" content=\"Sele\u00e7\u00e3o \u00e9 aberta para escolher projetos em Canoas que promovam o esporte local - O Timoneiro Jornal Canoas RS\" \/>\n<meta property=\"og:description\" content=\"torna p\u00fablico o Chamamento para selecionar projetos de execu\u00e7\u00e3o e organiza\u00e7\u00e3o de eventos oficiais por Ligas Esportivas\" \/>\n<meta property=\"og:url\" content=\"https:\/\/jornaltimoneiro.com.br\/index.php\/2025\/05\/19\/selecao-e-aberta-para-escolher-projetos-em-canoas-que-promovam-o-esporte-local\/\" \/>\n<meta property=\"og:site_name\" content=\"O Timoneiro Jornal Canoas RS\" \/>\n<meta property=\"article:publisher\" content=\"https:\/\/www.facebook.com\/jornaltimoneiro\" \/>\n<meta property=\"article:published_time\" content=\"2025-05-19T17:24:20+00:00\" \/>\n<meta property=\"og:image\" content=\"https:\/\/jornaltimoneiro.com.br\/wp-content\/uploads\/2025\/03\/Abertas-inscricoes-do-Programa-Movimenta-Canoas-e-Escola-de-Esportes.jpg\" \/>\n\t<meta property=\"og:image:width\" content=\"1080\" \/>\n\t<meta property=\"og:image:height\" content=\"719\" \/>\n\t<meta property=\"og:image:type\" content=\"image\/jpeg\" \/>\n<meta name=\"author\" content=\"Reda\u00e7\u00e3o\" \/>\n<meta name=\"twitter:card\" content=\"summary_large_image\" \/>\n<meta name=\"twitter:creator\" content=\"@_OTimoneiro\" \/>\n<meta name=\"twitter:site\" content=\"@_OTimoneiro\" \/>\n<meta name=\"twitter:label1\" content=\"Escrito por\" \/>\n\t<meta name=\"twitter:data1\" content=\"Reda\u00e7\u00e3o\" \/>\n\t<meta name=\"twitter:label2\" content=\"Est. tempo de leitura\" \/>\n\t<meta name=\"twitter:data2\" content=\"1 minuto\" \/>\n<script type=\"application\/ld+json\" class=\"yoast-schema-graph\">{\"@context\":\"https:\/\/schema.org\",\"@graph\":[{\"@type\":\"Article\",\"@id\":\"https:\/\/jornaltimoneiro.com.br\/index.php\/2025\/05\/19\/selecao-e-aberta-para-escolher-projetos-em-canoas-que-promovam-o-esporte-local\/#article\",\"isPartOf\":{\"@id\":\"https:\/\/jornaltimoneiro.com.br\/index.php\/2025\/05\/19\/selecao-e-aberta-para-escolher-projetos-em-canoas-que-promovam-o-esporte-local\/\"},\"author\":{\"name\":\"Reda\u00e7\u00e3o\",\"@id\":\"https:\/\/jornaltimoneiro.com.br\/#\/schema\/person\/f63482f1a02b1a9592707865e509ab40\"},\"headline\":\"Sele\u00e7\u00e3o \u00e9 aberta para escolher projetos em Canoas que promovam o esporte local\",\"datePublished\":\"2025-05-19T17:24:20+00:00\",\"dateModified\":\"2025-05-19T17:24:20+00:00\",\"mainEntityOfPage\":{\"@id\":\"https:\/\/jornaltimoneiro.com.br\/index.php\/2025\/05\/19\/selecao-e-aberta-para-escolher-projetos-em-canoas-que-promovam-o-esporte-local\/\"},\"wordCount\":128,\"commentCount\":0,\"publisher\":{\"@id\":\"https:\/\/jornaltimoneiro.com.br\/#organization\"},\"keywords\":[\"canoas\",\"chamamento\",\"esporte local\",\"ligas esportivas\"],\"articleSection\":[\"Esporte\"],\"inLanguage\":\"pt-BR\",\"potentialAction\":[{\"@type\":\"CommentAction\",\"name\":\"Comment\",\"target\":[\"https:\/\/jornaltimoneiro.com.br\/index.php\/2025\/05\/19\/selecao-e-aberta-para-escolher-projetos-em-canoas-que-promovam-o-esporte-local\/#respond\"]}]},{\"@type\":\"WebPage\",\"@id\":\"https:\/\/jornaltimoneiro.com.br\/index.php\/2025\/05\/19\/selecao-e-aberta-para-escolher-projetos-em-canoas-que-promovam-o-esporte-local\/\",\"url\":\"https:\/\/jornaltimoneiro.com.br\/index.php\/2025\/05\/19\/selecao-e-aberta-para-escolher-projetos-em-canoas-que-promovam-o-esporte-local\/\",\"name\":\"Sele\u00e7\u00e3o \u00e9 aberta para escolher projetos em Canoas que promovam o esporte local - O Timoneiro Jornal Canoas RS\",\"isPartOf\":{\"@id\":\"https:\/\/jornaltimoneiro.com.br\/#website\"},\"datePublished\":\"2025-05-19T17:24:20+00:00\",\"dateModified\":\"2025-05-19T17:24:20+00:00\",\"description\":\"torna p\u00fablico o Chamamento para selecionar projetos de execu\u00e7\u00e3o e organiza\u00e7\u00e3o de eventos oficiais por Ligas Esportivas\",\"breadcrumb\":{\"@id\":\"https:\/\/jornaltimoneiro.com.br\/index.php\/2025\/05\/19\/selecao-e-aberta-para-escolher-projetos-em-canoas-que-promovam-o-esporte-local\/#breadcrumb\"},\"inLanguage\":\"pt-BR\",\"potentialAction\":[{\"@type\":\"ReadAction\",\"target\":[\"https:\/\/jornaltimoneiro.com.br\/index.php\/2025\/05\/19\/selecao-e-aberta-para-escolher-projetos-em-canoas-que-promovam-o-esporte-local\/\"]}]},{\"@type\":\"BreadcrumbList\",\"@id\":\"https:\/\/jornaltimoneiro.com.br\/index.php\/2025\/05\/19\/selecao-e-aberta-para-escolher-projetos-em-canoas-que-promovam-o-esporte-local\/#breadcrumb\",\"itemListElement\":[{\"@type\":\"ListItem\",\"position\":1,\"name\":\"In\u00edcio\",\"item\":\"https:\/\/jornaltimoneiro.com.br\/\"},{\"@type\":\"ListItem\",\"position\":2,\"name\":\"Sele\u00e7\u00e3o \u00e9 aberta para escolher projetos em Canoas que promovam o esporte local\"}]},{\"@type\":\"WebSite\",\"@id\":\"https:\/\/jornaltimoneiro.com.br\/#website\",\"url\":\"https:\/\/jornaltimoneiro.com.br\/\",\"name\":\"Jornal Timoneiro Canoas RS\",\"description\":\"Jornal O Timoneiro, o verdadeiro jornal de Canoas\",\"publisher\":{\"@id\":\"https:\/\/jornaltimoneiro.com.br\/#organization\"},\"potentialAction\":[{\"@type\":\"SearchAction\",\"target\":{\"@type\":\"EntryPoint\",\"urlTemplate\":\"https:\/\/jornaltimoneiro.com.br\/?s={search_term_string}\"},\"query-input\":\"required name=search_term_string\"}],\"inLanguage\":\"pt-BR\"},{\"@type\":\"Organization\",\"@id\":\"https:\/\/jornaltimoneiro.com.br\/#organization\",\"name\":\"Jornal Timoneiro Canoas RS\",\"url\":\"https:\/\/jornaltimoneiro.com.br\/\",\"logo\":{\"@type\":\"ImageObject\",\"inLanguage\":\"pt-BR\",\"@id\":\"https:\/\/jornaltimoneiro.com.br\/#\/schema\/logo\/image\/\",\"url\":\"https:\/\/jornaltimoneiro.com.br\/wp-content\/uploads\/2023\/03\/logonovo.png\",\"contentUrl\":\"https:\/\/jornaltimoneiro.com.br\/wp-content\/uploads\/2023\/03\/logonovo.png\",\"width\":\"469\",\"height\":\"171\",\"caption\":\"Jornal Timoneiro Canoas RS\"},\"image\":{\"@id\":\"https:\/\/jornaltimoneiro.com.br\/#\/schema\/logo\/image\/\"},\"sameAs\":[\"https:\/\/www.facebook.com\/jornaltimoneiro\",\"https:\/\/twitter.com\/_OTimoneiro\",\"https:\/\/www.instagram.com\/jornaltimoneirocanoas\/\",\"https:\/\/www.youtube.com\/@jornalotimoneiro7927\"]},{\"@type\":\"Person\",\"@id\":\"https:\/\/jornaltimoneiro.com.br\/#\/schema\/person\/f63482f1a02b1a9592707865e509ab40\",\"name\":\"Reda\u00e7\u00e3o\",\"image\":{\"@type\":\"ImageObject\",\"inLanguage\":\"pt-BR\",\"@id\":\"https:\/\/jornaltimoneiro.com.br\/#\/schema\/person\/image\/\",\"url\":\"https:\/\/jornaltimoneiro.com.br\/wp-content\/uploads\/2023\/03\/download.jpeg\",\"contentUrl\":\"https:\/\/jornaltimoneiro.com.br\/wp-content\/uploads\/2023\/03\/download.jpeg\",\"caption\":\"Reda\u00e7\u00e3o\"},\"url\":\"https:\/\/jornaltimoneiro.com.br\/index.php\/author\/simone-dutra\/\"}]}<\/script>\n<!-- \/ Yoast SEO plugin. -->","yoast_head_json":{"title":"Sele\u00e7\u00e3o \u00e9 aberta para escolher projetos em Canoas que promovam o esporte local - O Timoneiro Jornal Canoas RS","description":"torna p\u00fablico o Chamamento para selecionar projetos de execu\u00e7\u00e3o e organiza\u00e7\u00e3o de eventos oficiais por Ligas Esportivas","robots":{"index":"index","follow":"follow","max-snippet":"max-snippet:-1","max-image-preview":"max-image-preview:large","max-video-preview":"max-video-preview:-1"},"canonical":"https:\/\/jornaltimoneiro.com.br\/index.php\/2025\/05\/19\/selecao-e-aberta-para-escolher-projetos-em-canoas-que-promovam-o-esporte-local\/","og_locale":"pt_BR","og_type":"article","og_title":"Sele\u00e7\u00e3o \u00e9 aberta para escolher projetos em Canoas que promovam o esporte local - O Timoneiro Jornal Canoas RS","og_description":"torna p\u00fablico o Chamamento para selecionar projetos de execu\u00e7\u00e3o e organiza\u00e7\u00e3o de eventos oficiais por Ligas Esportivas","og_url":"https:\/\/jornaltimoneiro.com.br\/index.php\/2025\/05\/19\/selecao-e-aberta-para-escolher-projetos-em-canoas-que-promovam-o-esporte-local\/","og_site_name":"O Timoneiro Jornal Canoas RS","article_publisher":"https:\/\/www.facebook.com\/jornaltimoneiro","article_published_time":"2025-05-19T17:24:20+00:00","og_image":[{"width":"1080","height":"719","url":"https:\/\/jornaltimoneiro.com.br\/wp-content\/uploads\/2025\/03\/Abertas-inscricoes-do-Programa-Movimenta-Canoas-e-Escola-de-Esportes.jpg","type":"image\/jpeg"}],"author":"Reda\u00e7\u00e3o","twitter_card":"summary_large_image","twitter_creator":"@_OTimoneiro","twitter_site":"@_OTimoneiro","twitter_misc":{"Escrito por":"Reda\u00e7\u00e3o","Est. tempo de leitura":"1 minuto"},"schema":{"@context":"https:\/\/schema.org","@graph":[{"@type":"Article","@id":"https:\/\/jornaltimoneiro.com.br\/index.php\/2025\/05\/19\/selecao-e-aberta-para-escolher-projetos-em-canoas-que-promovam-o-esporte-local\/#article","isPartOf":{"@id":"https:\/\/jornaltimoneiro.com.br\/index.php\/2025\/05\/19\/selecao-e-aberta-para-escolher-projetos-em-canoas-que-promovam-o-esporte-local\/"},"author":{"name":"Reda\u00e7\u00e3o","@id":"https:\/\/jornaltimoneiro.com.br\/#\/schema\/person\/f63482f1a02b1a9592707865e509ab40"},"headline":"Sele\u00e7\u00e3o \u00e9 aberta para escolher projetos em Canoas que promovam o esporte local","datePublished":"2025-05-19T17:24:20+00:00","dateModified":"2025-05-19T17:24:20+00:00","mainEntityOfPage":{"@id":"https:\/\/jornaltimoneiro.com.br\/index.php\/2025\/05\/19\/selecao-e-aberta-para-escolher-projetos-em-canoas-que-promovam-o-esporte-local\/"},"wordCount":128,"commentCount":0,"publisher":{"@id":"https:\/\/jornaltimoneiro.com.br\/#organization"},"keywords":["canoas","chamamento","esporte local","ligas esportivas"],"articleSection":["Esporte"],"inLanguage":"pt-BR","potentialAction":[{"@type":"CommentAction","name":"Comment","target":["https:\/\/jornaltimoneiro.com.br\/index.php\/2025\/05\/19\/selecao-e-aberta-para-escolher-projetos-em-canoas-que-promovam-o-esporte-local\/#respond"]}]},{"@type":"WebPage","@id":"https:\/\/jornaltimoneiro.com.br\/index.php\/2025\/05\/19\/selecao-e-aberta-para-escolher-projetos-em-canoas-que-promovam-o-esporte-local\/","url":"https:\/\/jornaltimoneiro.com.br\/index.php\/2025\/05\/19\/selecao-e-aberta-para-escolher-projetos-em-canoas-que-promovam-o-esporte-local\/","name":"Sele\u00e7\u00e3o \u00e9 aberta para escolher projetos em Canoas que promovam o esporte local - O Timoneiro Jornal Canoas RS","isPartOf":{"@id":"https:\/\/jornaltimoneiro.com.br\/#website"},"datePublished":"2025-05-19T17:24:20+00:00","dateModified":"2025-05-19T17:24:20+00:00","description":"torna p\u00fablico o Chamamento para selecionar projetos de execu\u00e7\u00e3o e organiza\u00e7\u00e3o de eventos oficiais por Ligas Esportivas","breadcrumb":{"@id":"https:\/\/jornaltimoneiro.com.br\/index.php\/2025\/05\/19\/selecao-e-aberta-para-escolher-projetos-em-canoas-que-promovam-o-esporte-local\/#breadcrumb"},"inLanguage":"pt-BR","potentialAction":[{"@type":"ReadAction","target":["https:\/\/jornaltimoneiro.com.br\/index.php\/2025\/05\/19\/selecao-e-aberta-para-escolher-projetos-em-canoas-que-promovam-o-esporte-local\/"]}]},{"@type":"BreadcrumbList","@id":"https:\/\/jornaltimoneiro.com.br\/index.php\/2025\/05\/19\/selecao-e-aberta-para-escolher-projetos-em-canoas-que-promovam-o-esporte-local\/#breadcrumb","itemListElement":[{"@type":"ListItem","position":1,"name":"In\u00edcio","item":"https:\/\/jornaltimoneiro.com.br\/"},{"@type":"ListItem","position":2,"name":"Sele\u00e7\u00e3o \u00e9 aberta para escolher projetos em Canoas que promovam o esporte local"}]},{"@type":"WebSite","@id":"https:\/\/jornaltimoneiro.com.br\/#website","url":"https:\/\/jornaltimoneiro.com.br\/","name":"Jornal Timoneiro Canoas RS","description":"Jornal O Timoneiro, o verdadeiro jornal de Canoas","publisher":{"@id":"https:\/\/jornaltimoneiro.com.br\/#organization"},"potentialAction":[{"@type":"SearchAction","target":{"@type":"EntryPoint","urlTemplate":"https:\/\/jornaltimoneiro.com.br\/?s={search_term_string}"},"query-input":"required name=search_term_string"}],"inLanguage":"pt-BR"},{"@type":"Organization","@id":"https:\/\/jornaltimoneiro.com.br\/#organization","name":"Jornal Timoneiro Canoas RS","url":"https:\/\/jornaltimoneiro.com.br\/","logo":{"@type":"ImageObject","inLanguage":"pt-BR","@id":"https:\/\/jornaltimoneiro.com.br\/#\/schema\/logo\/image\/","url":"https:\/\/jornaltimoneiro.com.br\/wp-content\/uploads\/2023\/03\/logonovo.png","contentUrl":"https:\/\/jornaltimoneiro.com.br\/wp-content\/uploads\/2023\/03\/logonovo.png","width":"469","height":"171","caption":"Jornal Timoneiro Canoas RS"},"image":{"@id":"https:\/\/jornaltimoneiro.com.br\/#\/schema\/logo\/image\/"},"sameAs":["https:\/\/www.facebook.com\/jornaltimoneiro","https:\/\/twitter.com\/_OTimoneiro","https:\/\/www.instagram.com\/jornaltimoneirocanoas\/","https:\/\/www.youtube.com\/@jornalotimoneiro7927"]},{"@type":"Person","@id":"https:\/\/jornaltimoneiro.com.br\/#\/schema\/person\/f63482f1a02b1a9592707865e509ab40","name":"Reda\u00e7\u00e3o","image":{"@type":"ImageObject","inLanguage":"pt-BR","@id":"https:\/\/jornaltimoneiro.com.br\/#\/schema\/person\/image\/","url":"https:\/\/jornaltimoneiro.com.br\/wp-content\/uploads\/2023\/03\/download.jpeg","contentUrl":"https:\/\/jornaltimoneiro.com.br\/wp-content\/uploads\/2023\/03\/download.jpeg","caption":"Reda\u00e7\u00e3o"},"url":"https:\/\/jornaltimoneiro.com.br\/index.php\/author\/simone-dutra\/"}]}},"_links":{"self":[{"href":"https:\/\/jornaltimoneiro.com.br\/index.php\/wp-json\/wp\/v2\/posts\/35015"}],"collection":[{"href":"https:\/\/jornaltimoneiro.com.br\/index.php\/wp-json\/wp\/v2\/posts"}],"about":[{"href":"https:\/\/jornaltimoneiro.com.br\/index.php\/wp-json\/wp\/v2\/types\/post"}],"author":[{"embeddable":true,"href":"https:\/\/jornaltimoneiro.com.br\/index.php\/wp-json\/wp\/v2\/users\/2"}],"replies":[{"embeddable":true,"href":"https:\/\/jornaltimoneiro.com.br\/index.php\/wp-json\/wp\/v2\/comments?post=35015"}],"version-history":[{"count":1,"href":"https:\/\/jornaltimoneiro.com.br\/index.php\/wp-json\/wp\/v2\/posts\/35015\/revisions"}],"predecessor-version":[{"id":35016,"href":"https:\/\/jornaltimoneiro.com.br\/index.php\/wp-json\/wp\/v2\/posts\/35015\/revisions\/35016"}],"wp:featuredmedia":[{"embeddable":true,"href":"https:\/\/jornaltimoneiro.com.br\/index.php\/wp-json\/wp\/v2\/media\/34113"}],"wp:attachment":[{"href":"https:\/\/jornaltimoneiro.com.br\/index.php\/wp-json\/wp\/v2\/media?parent=35015"}],"wp:term":[{"taxonomy":"category","embeddable":true,"href":"https:\/\/jornaltimoneiro.com.br\/index.php\/wp-json\/wp\/v2\/categories?post=35015"},{"taxonomy":"post_tag","embeddable":true,"href":"https:\/\/jornaltimoneiro.com.br\/index.php\/wp-json\/wp\/v2\/tags?post=35015"}],"curies":[{"name":"wp","href":"https:\/\/api.w.org\/{rel}","templated":true}]}}