{"id":35012,"date":"2025-05-19T14:17:02","date_gmt":"2025-05-19T17:17:02","guid":{"rendered":"https:\/\/jornaltimoneiro.com.br\/?p=35012"},"modified":"2025-05-19T14:17:02","modified_gmt":"2025-05-19T17:17:02","slug":"rs-decreta-emergencia-em-saude-publica-para-enfrentar-aumento-de-hospitalizacoes-por-doencas-respiratorias","status":"publish","type":"post","link":"https:\/\/jornaltimoneiro.com.br\/index.php\/2025\/05\/19\/rs-decreta-emergencia-em-saude-publica-para-enfrentar-aumento-de-hospitalizacoes-por-doencas-respiratorias\/","title":{"rendered":"RS decreta emerg\u00eancia em sa\u00fade p\u00fablica para enfrentar aumento de hospitaliza\u00e7\u00f5es por doen\u00e7as respirat\u00f3rias"},"content":{"rendered":"<p>O governo do Estado decretou emerg\u00eancia em sa\u00fade p\u00fablica com foco na preven\u00e7\u00e3o e enfrentamento da S\u00edndrome Respirat\u00f3ria Aguda Grave (SRAG), especialmente em crian\u00e7as. O decreto, assinado pelo governador Eduardo Leite nesta segunda-feira, 19, ser\u00e1 publicado no Di\u00e1rio Oficial do Estado na ter\u00e7a-feira, 20.<\/p>\n<p>Neste m\u00eas, a Secretaria da Sa\u00fade (SES) j\u00e1 anunciou um investimento de R$ 20,8 milh\u00f5es na Opera\u00e7\u00e3o Inverno Ga\u00facho, a serem aplicados na Aten\u00e7\u00e3o Prim\u00e1rias e nas Unidades de Pronto Atendimento (UPAs).<\/p>\n<p>A medida foi adotada diante do aumento expressivo de casos e da demanda nos servi\u00e7os de emerg\u00eancia, com filas de espera, o que representa elevado risco \u00e0 popula\u00e7\u00e3o. A secret\u00e1ria da Sa\u00fade, Arita Bergmann, disse que a decis\u00e3o busca fortalecer a rede hospitalar, com a prepara\u00e7\u00e3o e disponibiliza\u00e7\u00e3o de leitos de UTI e suporte ventilat\u00f3rio.<\/p>\n<p>Com o decreto, as redes hospitalares que atendem pelo Sistema \u00danico de Sa\u00fade (SUS) devem priorizar medidas emergenciais para a oferta de leitos cl\u00ednicos e de terapia intensiva voltados ao atendimento de casos de s\u00edndrome respirat\u00f3ria. A validade do decreto \u00e9 de 120 dias, a contar da data de publica\u00e7\u00e3o.<\/p>\n<p>De acordo com dados do Centro Estadual de Vigil\u00e2ncia em Sa\u00fade (Cevs),\u00a0<a href=\"https:\/\/ti.saude.rs.gov.br\/srag\/\"><strong>divulgados em painel<\/strong><\/a>, o Rio Grande do Sul registrou neste ano, at\u00e9 esta segunda-feira, 19, 4.099 hospitaliza\u00e7\u00f5es por S\u00edndrome Respirat\u00f3ria Aguda Grave (SRAG). Essas interna\u00e7\u00f5es foram causadas por infec\u00e7\u00f5es como influenza (gripe), covid-19, v\u00edrus sincicial respirat\u00f3rio (VSR), entre outros. Do total de casos, 305 evolu\u00edram para \u00f3bito. Entre as crian\u00e7as menores de cinco anos, foram registradas 1.374 interna\u00e7\u00f5es e dez mortes.<\/p>\n<h4><strong>Riscos e aumento nas hospitaliza\u00e7\u00f5es<\/strong><\/h4>\n<p>O documento destaca o risco de esgotamento da capacidade de resposta do sistema de sa\u00fade, especialmente na infraestrutura voltada ao atendimento pedi\u00e1trico, o que pode levar \u00e0 satura\u00e7\u00e3o do SUS. Esse cen\u00e1rio \u00e9 agravado pela epidemia de dengue que tamb\u00e9m atinge o Rio Grande do Sul.<\/p>\n<p>O decreto justifica a decis\u00e3o em raz\u00e3o do significativo aumento nas interna\u00e7\u00f5es por s\u00edndromes respirat\u00f3rias nas \u00faltimas semanas. Na Semana Epidemiol\u00f3gica 14 (de 31 de mar\u00e7o a 5 de abril), foram registradas 194 hospitaliza\u00e7\u00f5es. J\u00e1 na Semana 18 (de 28 de abril a 3 de maio), o n\u00famero dobrou, chegando a 392.<\/p>\n<p>Na Semana 19 (de 4 a 10 de maio), os registros subiram ainda mais, totalizando 451 hospitaliza\u00e7\u00f5es. Como os casos s\u00e3o contabilizados pela data de in\u00edcio dos sintomas, os n\u00fameros da Semana 20 (de 11 a 17 de maio) ainda est\u00e3o sendo consolidados e aumentar\u00e3o conforme acontecem as notifica\u00e7\u00f5es.<\/p>\n<p>Entre os v\u00edrus respons\u00e1veis pelas interna\u00e7\u00f5es, a influenza (gripe) teve um crescimento expressivo. Na Semana 14, foram registrados 9 casos, n\u00famero que saltou para 116 na Semana 18 \u2013 um aumento superior a 1.100%. Em 2024, a gripe j\u00e1 causou 526 hospitaliza\u00e7\u00f5es e 43 \u00f3bitos no Estado.<\/p>\n<p>Outro importante agente \u00e9 o v\u00edrus sincicial respirat\u00f3rio (VSR), respons\u00e1vel por 495 hospitaliza\u00e7\u00f5es neste ano, das quais 95% (471) ocorreram em crian\u00e7as com menos de cinco anos. A atual circula\u00e7\u00e3o simult\u00e2nea de diversos v\u00edrus respirat\u00f3rios, somada \u00e0 tend\u00eancia natural de aumento dos casos durante o inverno, contribui para o agravamento da situa\u00e7\u00e3o das SRAG no Estado.<\/p>\n<h4><strong>Opera\u00e7\u00e3o Inverno Ga\u00facho com Sa\u00fade<\/strong><\/h4>\n<p>O governo lan\u00e7ou, em maio, a\u00a0<a href=\"https:\/\/saude.rs.gov.br\/estado-vai-repassar-r-20-milhoes-para-reforcar-atendimentos-no-inverno-em-todos-os-municipios-gauchos\"><strong>Opera\u00e7\u00e3o Inverno Ga\u00facho com Sa\u00fade<\/strong><\/a>, destinando R$ 20,8 milh\u00f5es para refor\u00e7ar a assist\u00eancia \u00e0 sa\u00fade nos munic\u00edpios. Esses valores ser\u00e3o pagos entre 30 de maio e 30 de junho.<\/p>\n<p>Ser\u00e3o R$ 13,65 milh\u00f5es para a Aten\u00e7\u00e3o Prim\u00e1ria, visando a amplia\u00e7\u00e3o de hor\u00e1rios das Unidades B\u00e1sicas de Sa\u00fade (UBS), contrata\u00e7\u00e3o de profissionais e aquisi\u00e7\u00e3o de insumos, inclusive para vacina\u00e7\u00e3o. Os valores variam conforme o tamanho da popula\u00e7\u00e3o, com repasses de R$ 20 mil a R$ 100 mil em parcela \u00fanica.<\/p>\n<p>Al\u00e9m disso, R$ 7,15 milh\u00f5es ser\u00e3o destinados \u00e0s Unidades de Pronto Atendimento (UPAs), conforme a m\u00e9dia de atendimentos registrada em 2024, com valores entre R$ 70 mil e R$ 150 mil por munic\u00edpio.<\/p>\n<ul>\n<li><a href=\"https:\/\/saude.rs.gov.br\/upload\/arquivos\/202505\/19104322-p-ses-rs-322-2025-inverno.pdf\"><strong>Portaria do\u00a0Programa Inverno Ga\u00facho com Sa\u00fade 2025<\/strong><\/a><\/li>\n<\/ul>\n<p>&nbsp;<\/p>\n","protected":false},"excerpt":{"rendered":"<p>O governo do Estado decretou emerg\u00eancia em sa\u00fade p\u00fablica com foco na preven\u00e7\u00e3o e enfrentamento da S\u00edndrome Respirat\u00f3ria Aguda Grave (SRAG), especialmente em crian\u00e7as. O decreto, assinado pelo governador Eduardo Leite nesta segunda-feira, 19, ser\u00e1 publicado no Di\u00e1rio Oficial do Estado na ter\u00e7a-feira, 20. Neste m\u00eas, a Secretaria da Sa\u00fade (SES) j\u00e1 anunciou um investimento [&hellip;]<\/p>\n","protected":false},"author":2,"featured_media":35013,"comment_status":"open","ping_status":"open","sticky":false,"template":"","format":"standard","meta":{"amp_status":"","footnotes":""},"categories":[26],"tags":[310,4255,4254,190,807,528,4256,213,189],"class_list":["post-35012","post","type-post","status-publish","format-standard","has-post-thumbnail","hentry","category-saude","tag-covid","tag-doenca-respiratoria","tag-emergencia-saude-publica","tag-featured","tag-governo-do-estado","tag-gripe","tag-opercao-inverno-gaucho-com-saude","tag-rio-grande-do-sul","tag-saude"],"yoast_head":"<!-- This site is optimized with the Yoast SEO plugin v20.5 - https:\/\/yoast.com\/wordpress\/plugins\/seo\/ -->\n<title>RS decreta emerg\u00eancia em sa\u00fade p\u00fablica para enfrentar aumento de hospitaliza\u00e7\u00f5es por doen\u00e7as respirat\u00f3rias - O Timoneiro Jornal Canoas RS<\/title>\n<meta name=\"description\" content=\"O governo do Estado decretou emerg\u00eancia em sa\u00fade p\u00fablica com foco na preven\u00e7\u00e3o e enfrentamento da S\u00edndrome Respirat\u00f3ria Aguda Grave\" \/>\n<meta name=\"robots\" content=\"index, follow, max-snippet:-1, max-image-preview:large, max-video-preview:-1\" \/>\n<link rel=\"canonical\" href=\"https:\/\/jornaltimoneiro.com.br\/index.php\/2025\/05\/19\/rs-decreta-emergencia-em-saude-publica-para-enfrentar-aumento-de-hospitalizacoes-por-doencas-respiratorias\/\" \/>\n<meta property=\"og:locale\" content=\"pt_BR\" \/>\n<meta property=\"og:type\" content=\"article\" \/>\n<meta property=\"og:title\" content=\"RS decreta emerg\u00eancia em sa\u00fade p\u00fablica para enfrentar aumento de hospitaliza\u00e7\u00f5es por doen\u00e7as respirat\u00f3rias - O Timoneiro Jornal Canoas RS\" \/>\n<meta property=\"og:description\" content=\"O governo do Estado decretou emerg\u00eancia em sa\u00fade p\u00fablica com foco na preven\u00e7\u00e3o e enfrentamento da S\u00edndrome Respirat\u00f3ria Aguda Grave\" \/>\n<meta property=\"og:url\" content=\"https:\/\/jornaltimoneiro.com.br\/index.php\/2025\/05\/19\/rs-decreta-emergencia-em-saude-publica-para-enfrentar-aumento-de-hospitalizacoes-por-doencas-respiratorias\/\" \/>\n<meta property=\"og:site_name\" content=\"O Timoneiro Jornal Canoas RS\" \/>\n<meta property=\"article:publisher\" content=\"https:\/\/www.facebook.com\/jornaltimoneiro\" \/>\n<meta property=\"article:published_time\" content=\"2025-05-19T17:17:02+00:00\" \/>\n<meta property=\"og:image\" content=\"https:\/\/jornaltimoneiro.com.br\/wp-content\/uploads\/2025\/05\/RS-decreta-emergencia-em-saude-publica-para-enfrentar-aumento-de-hospitalizacoes-por-doencas-respiratorias.jpeg\" \/>\n\t<meta property=\"og:image:width\" content=\"800\" \/>\n\t<meta property=\"og:image:height\" content=\"450\" \/>\n\t<meta property=\"og:image:type\" content=\"image\/jpeg\" \/>\n<meta name=\"author\" content=\"Reda\u00e7\u00e3o\" \/>\n<meta name=\"twitter:card\" content=\"summary_large_image\" \/>\n<meta name=\"twitter:creator\" content=\"@_OTimoneiro\" \/>\n<meta name=\"twitter:site\" content=\"@_OTimoneiro\" \/>\n<meta name=\"twitter:label1\" content=\"Escrito por\" \/>\n\t<meta name=\"twitter:data1\" content=\"Reda\u00e7\u00e3o\" \/>\n\t<meta name=\"twitter:label2\" content=\"Est. tempo de leitura\" \/>\n\t<meta name=\"twitter:data2\" content=\"4 minutos\" \/>\n<script type=\"application\/ld+json\" class=\"yoast-schema-graph\">{\"@context\":\"https:\/\/schema.org\",\"@graph\":[{\"@type\":\"Article\",\"@id\":\"https:\/\/jornaltimoneiro.com.br\/index.php\/2025\/05\/19\/rs-decreta-emergencia-em-saude-publica-para-enfrentar-aumento-de-hospitalizacoes-por-doencas-respiratorias\/#article\",\"isPartOf\":{\"@id\":\"https:\/\/jornaltimoneiro.com.br\/index.php\/2025\/05\/19\/rs-decreta-emergencia-em-saude-publica-para-enfrentar-aumento-de-hospitalizacoes-por-doencas-respiratorias\/\"},\"author\":{\"name\":\"Reda\u00e7\u00e3o\",\"@id\":\"https:\/\/jornaltimoneiro.com.br\/#\/schema\/person\/f63482f1a02b1a9592707865e509ab40\"},\"headline\":\"RS decreta emerg\u00eancia em sa\u00fade p\u00fablica para enfrentar aumento de hospitaliza\u00e7\u00f5es por doen\u00e7as respirat\u00f3rias\",\"datePublished\":\"2025-05-19T17:17:02+00:00\",\"dateModified\":\"2025-05-19T17:17:02+00:00\",\"mainEntityOfPage\":{\"@id\":\"https:\/\/jornaltimoneiro.com.br\/index.php\/2025\/05\/19\/rs-decreta-emergencia-em-saude-publica-para-enfrentar-aumento-de-hospitalizacoes-por-doencas-respiratorias\/\"},\"wordCount\":720,\"commentCount\":0,\"publisher\":{\"@id\":\"https:\/\/jornaltimoneiro.com.br\/#organization\"},\"keywords\":[\"covid\",\"doen\u00e7a respirat\u00f3ria\",\"emerg\u00eancia sa\u00fade p\u00fablica\",\"featured\",\"governo do estado\",\"gripe\",\"oper\u00e7\u00e3o inverno ga\u00facho com sa\u00fade\",\"rio grande do sul\",\"sa\u00fade\"],\"articleSection\":[\"Sa\u00fade\"],\"inLanguage\":\"pt-BR\",\"potentialAction\":[{\"@type\":\"CommentAction\",\"name\":\"Comment\",\"target\":[\"https:\/\/jornaltimoneiro.com.br\/index.php\/2025\/05\/19\/rs-decreta-emergencia-em-saude-publica-para-enfrentar-aumento-de-hospitalizacoes-por-doencas-respiratorias\/#respond\"]}]},{\"@type\":\"WebPage\",\"@id\":\"https:\/\/jornaltimoneiro.com.br\/index.php\/2025\/05\/19\/rs-decreta-emergencia-em-saude-publica-para-enfrentar-aumento-de-hospitalizacoes-por-doencas-respiratorias\/\",\"url\":\"https:\/\/jornaltimoneiro.com.br\/index.php\/2025\/05\/19\/rs-decreta-emergencia-em-saude-publica-para-enfrentar-aumento-de-hospitalizacoes-por-doencas-respiratorias\/\",\"name\":\"RS decreta emerg\u00eancia em sa\u00fade p\u00fablica para enfrentar aumento de hospitaliza\u00e7\u00f5es por doen\u00e7as respirat\u00f3rias - O Timoneiro Jornal Canoas RS\",\"isPartOf\":{\"@id\":\"https:\/\/jornaltimoneiro.com.br\/#website\"},\"datePublished\":\"2025-05-19T17:17:02+00:00\",\"dateModified\":\"2025-05-19T17:17:02+00:00\",\"description\":\"O governo do Estado decretou emerg\u00eancia em sa\u00fade p\u00fablica com foco na preven\u00e7\u00e3o e enfrentamento da S\u00edndrome Respirat\u00f3ria Aguda Grave\",\"breadcrumb\":{\"@id\":\"https:\/\/jornaltimoneiro.com.br\/index.php\/2025\/05\/19\/rs-decreta-emergencia-em-saude-publica-para-enfrentar-aumento-de-hospitalizacoes-por-doencas-respiratorias\/#breadcrumb\"},\"inLanguage\":\"pt-BR\",\"potentialAction\":[{\"@type\":\"ReadAction\",\"target\":[\"https:\/\/jornaltimoneiro.com.br\/index.php\/2025\/05\/19\/rs-decreta-emergencia-em-saude-publica-para-enfrentar-aumento-de-hospitalizacoes-por-doencas-respiratorias\/\"]}]},{\"@type\":\"BreadcrumbList\",\"@id\":\"https:\/\/jornaltimoneiro.com.br\/index.php\/2025\/05\/19\/rs-decreta-emergencia-em-saude-publica-para-enfrentar-aumento-de-hospitalizacoes-por-doencas-respiratorias\/#breadcrumb\",\"itemListElement\":[{\"@type\":\"ListItem\",\"position\":1,\"name\":\"In\u00edcio\",\"item\":\"https:\/\/jornaltimoneiro.com.br\/\"},{\"@type\":\"ListItem\",\"position\":2,\"name\":\"RS decreta emerg\u00eancia em sa\u00fade p\u00fablica para enfrentar aumento de hospitaliza\u00e7\u00f5es por doen\u00e7as respirat\u00f3rias\"}]},{\"@type\":\"WebSite\",\"@id\":\"https:\/\/jornaltimoneiro.com.br\/#website\",\"url\":\"https:\/\/jornaltimoneiro.com.br\/\",\"name\":\"Jornal Timoneiro Canoas RS\",\"description\":\"Jornal O Timoneiro, o verdadeiro jornal de Canoas\",\"publisher\":{\"@id\":\"https:\/\/jornaltimoneiro.com.br\/#organization\"},\"potentialAction\":[{\"@type\":\"SearchAction\",\"target\":{\"@type\":\"EntryPoint\",\"urlTemplate\":\"https:\/\/jornaltimoneiro.com.br\/?s={search_term_string}\"},\"query-input\":\"required name=search_term_string\"}],\"inLanguage\":\"pt-BR\"},{\"@type\":\"Organization\",\"@id\":\"https:\/\/jornaltimoneiro.com.br\/#organization\",\"name\":\"Jornal Timoneiro Canoas RS\",\"url\":\"https:\/\/jornaltimoneiro.com.br\/\",\"logo\":{\"@type\":\"ImageObject\",\"inLanguage\":\"pt-BR\",\"@id\":\"https:\/\/jornaltimoneiro.com.br\/#\/schema\/logo\/image\/\",\"url\":\"https:\/\/jornaltimoneiro.com.br\/wp-content\/uploads\/2023\/03\/logonovo.png\",\"contentUrl\":\"https:\/\/jornaltimoneiro.com.br\/wp-content\/uploads\/2023\/03\/logonovo.png\",\"width\":\"469\",\"height\":\"171\",\"caption\":\"Jornal Timoneiro Canoas RS\"},\"image\":{\"@id\":\"https:\/\/jornaltimoneiro.com.br\/#\/schema\/logo\/image\/\"},\"sameAs\":[\"https:\/\/www.facebook.com\/jornaltimoneiro\",\"https:\/\/twitter.com\/_OTimoneiro\",\"https:\/\/www.instagram.com\/jornaltimoneirocanoas\/\",\"https:\/\/www.youtube.com\/@jornalotimoneiro7927\"]},{\"@type\":\"Person\",\"@id\":\"https:\/\/jornaltimoneiro.com.br\/#\/schema\/person\/f63482f1a02b1a9592707865e509ab40\",\"name\":\"Reda\u00e7\u00e3o\",\"image\":{\"@type\":\"ImageObject\",\"inLanguage\":\"pt-BR\",\"@id\":\"https:\/\/jornaltimoneiro.com.br\/#\/schema\/person\/image\/\",\"url\":\"https:\/\/jornaltimoneiro.com.br\/wp-content\/uploads\/2023\/03\/download.jpeg\",\"contentUrl\":\"https:\/\/jornaltimoneiro.com.br\/wp-content\/uploads\/2023\/03\/download.jpeg\",\"caption\":\"Reda\u00e7\u00e3o\"},\"url\":\"https:\/\/jornaltimoneiro.com.br\/index.php\/author\/simone-dutra\/\"}]}<\/script>\n<!-- \/ Yoast SEO plugin. -->","yoast_head_json":{"title":"RS decreta emerg\u00eancia em sa\u00fade p\u00fablica para enfrentar aumento de hospitaliza\u00e7\u00f5es por doen\u00e7as respirat\u00f3rias - O Timoneiro Jornal Canoas RS","description":"O governo do Estado decretou emerg\u00eancia em sa\u00fade p\u00fablica com foco na preven\u00e7\u00e3o e enfrentamento da S\u00edndrome Respirat\u00f3ria Aguda Grave","robots":{"index":"index","follow":"follow","max-snippet":"max-snippet:-1","max-image-preview":"max-image-preview:large","max-video-preview":"max-video-preview:-1"},"canonical":"https:\/\/jornaltimoneiro.com.br\/index.php\/2025\/05\/19\/rs-decreta-emergencia-em-saude-publica-para-enfrentar-aumento-de-hospitalizacoes-por-doencas-respiratorias\/","og_locale":"pt_BR","og_type":"article","og_title":"RS decreta emerg\u00eancia em sa\u00fade p\u00fablica para enfrentar aumento de hospitaliza\u00e7\u00f5es por doen\u00e7as respirat\u00f3rias - O Timoneiro Jornal Canoas RS","og_description":"O governo do Estado decretou emerg\u00eancia em sa\u00fade p\u00fablica com foco na preven\u00e7\u00e3o e enfrentamento da S\u00edndrome Respirat\u00f3ria Aguda Grave","og_url":"https:\/\/jornaltimoneiro.com.br\/index.php\/2025\/05\/19\/rs-decreta-emergencia-em-saude-publica-para-enfrentar-aumento-de-hospitalizacoes-por-doencas-respiratorias\/","og_site_name":"O Timoneiro Jornal Canoas RS","article_publisher":"https:\/\/www.facebook.com\/jornaltimoneiro","article_published_time":"2025-05-19T17:17:02+00:00","og_image":[{"width":"800","height":"450","url":"https:\/\/jornaltimoneiro.com.br\/wp-content\/uploads\/2025\/05\/RS-decreta-emergencia-em-saude-publica-para-enfrentar-aumento-de-hospitalizacoes-por-doencas-respiratorias.jpeg","type":"image\/jpeg"}],"author":"Reda\u00e7\u00e3o","twitter_card":"summary_large_image","twitter_creator":"@_OTimoneiro","twitter_site":"@_OTimoneiro","twitter_misc":{"Escrito por":"Reda\u00e7\u00e3o","Est. tempo de leitura":"4 minutos"},"schema":{"@context":"https:\/\/schema.org","@graph":[{"@type":"Article","@id":"https:\/\/jornaltimoneiro.com.br\/index.php\/2025\/05\/19\/rs-decreta-emergencia-em-saude-publica-para-enfrentar-aumento-de-hospitalizacoes-por-doencas-respiratorias\/#article","isPartOf":{"@id":"https:\/\/jornaltimoneiro.com.br\/index.php\/2025\/05\/19\/rs-decreta-emergencia-em-saude-publica-para-enfrentar-aumento-de-hospitalizacoes-por-doencas-respiratorias\/"},"author":{"name":"Reda\u00e7\u00e3o","@id":"https:\/\/jornaltimoneiro.com.br\/#\/schema\/person\/f63482f1a02b1a9592707865e509ab40"},"headline":"RS decreta emerg\u00eancia em sa\u00fade p\u00fablica para enfrentar aumento de hospitaliza\u00e7\u00f5es por doen\u00e7as respirat\u00f3rias","datePublished":"2025-05-19T17:17:02+00:00","dateModified":"2025-05-19T17:17:02+00:00","mainEntityOfPage":{"@id":"https:\/\/jornaltimoneiro.com.br\/index.php\/2025\/05\/19\/rs-decreta-emergencia-em-saude-publica-para-enfrentar-aumento-de-hospitalizacoes-por-doencas-respiratorias\/"},"wordCount":720,"commentCount":0,"publisher":{"@id":"https:\/\/jornaltimoneiro.com.br\/#organization"},"keywords":["covid","doen\u00e7a respirat\u00f3ria","emerg\u00eancia sa\u00fade p\u00fablica","featured","governo do estado","gripe","oper\u00e7\u00e3o inverno ga\u00facho com sa\u00fade","rio grande do sul","sa\u00fade"],"articleSection":["Sa\u00fade"],"inLanguage":"pt-BR","potentialAction":[{"@type":"CommentAction","name":"Comment","target":["https:\/\/jornaltimoneiro.com.br\/index.php\/2025\/05\/19\/rs-decreta-emergencia-em-saude-publica-para-enfrentar-aumento-de-hospitalizacoes-por-doencas-respiratorias\/#respond"]}]},{"@type":"WebPage","@id":"https:\/\/jornaltimoneiro.com.br\/index.php\/2025\/05\/19\/rs-decreta-emergencia-em-saude-publica-para-enfrentar-aumento-de-hospitalizacoes-por-doencas-respiratorias\/","url":"https:\/\/jornaltimoneiro.com.br\/index.php\/2025\/05\/19\/rs-decreta-emergencia-em-saude-publica-para-enfrentar-aumento-de-hospitalizacoes-por-doencas-respiratorias\/","name":"RS decreta emerg\u00eancia em sa\u00fade p\u00fablica para enfrentar aumento de hospitaliza\u00e7\u00f5es por doen\u00e7as respirat\u00f3rias - O Timoneiro Jornal Canoas RS","isPartOf":{"@id":"https:\/\/jornaltimoneiro.com.br\/#website"},"datePublished":"2025-05-19T17:17:02+00:00","dateModified":"2025-05-19T17:17:02+00:00","description":"O governo do Estado decretou emerg\u00eancia em sa\u00fade p\u00fablica com foco na preven\u00e7\u00e3o e enfrentamento da S\u00edndrome Respirat\u00f3ria Aguda Grave","breadcrumb":{"@id":"https:\/\/jornaltimoneiro.com.br\/index.php\/2025\/05\/19\/rs-decreta-emergencia-em-saude-publica-para-enfrentar-aumento-de-hospitalizacoes-por-doencas-respiratorias\/#breadcrumb"},"inLanguage":"pt-BR","potentialAction":[{"@type":"ReadAction","target":["https:\/\/jornaltimoneiro.com.br\/index.php\/2025\/05\/19\/rs-decreta-emergencia-em-saude-publica-para-enfrentar-aumento-de-hospitalizacoes-por-doencas-respiratorias\/"]}]},{"@type":"BreadcrumbList","@id":"https:\/\/jornaltimoneiro.com.br\/index.php\/2025\/05\/19\/rs-decreta-emergencia-em-saude-publica-para-enfrentar-aumento-de-hospitalizacoes-por-doencas-respiratorias\/#breadcrumb","itemListElement":[{"@type":"ListItem","position":1,"name":"In\u00edcio","item":"https:\/\/jornaltimoneiro.com.br\/"},{"@type":"ListItem","position":2,"name":"RS decreta emerg\u00eancia em sa\u00fade p\u00fablica para enfrentar aumento de hospitaliza\u00e7\u00f5es por doen\u00e7as respirat\u00f3rias"}]},{"@type":"WebSite","@id":"https:\/\/jornaltimoneiro.com.br\/#website","url":"https:\/\/jornaltimoneiro.com.br\/","name":"Jornal Timoneiro Canoas RS","description":"Jornal O Timoneiro, o verdadeiro jornal de Canoas","publisher":{"@id":"https:\/\/jornaltimoneiro.com.br\/#organization"},"potentialAction":[{"@type":"SearchAction","target":{"@type":"EntryPoint","urlTemplate":"https:\/\/jornaltimoneiro.com.br\/?s={search_term_string}"},"query-input":"required name=search_term_string"}],"inLanguage":"pt-BR"},{"@type":"Organization","@id":"https:\/\/jornaltimoneiro.com.br\/#organization","name":"Jornal Timoneiro Canoas RS","url":"https:\/\/jornaltimoneiro.com.br\/","logo":{"@type":"ImageObject","inLanguage":"pt-BR","@id":"https:\/\/jornaltimoneiro.com.br\/#\/schema\/logo\/image\/","url":"https:\/\/jornaltimoneiro.com.br\/wp-content\/uploads\/2023\/03\/logonovo.png","contentUrl":"https:\/\/jornaltimoneiro.com.br\/wp-content\/uploads\/2023\/03\/logonovo.png","width":"469","height":"171","caption":"Jornal Timoneiro Canoas RS"},"image":{"@id":"https:\/\/jornaltimoneiro.com.br\/#\/schema\/logo\/image\/"},"sameAs":["https:\/\/www.facebook.com\/jornaltimoneiro","https:\/\/twitter.com\/_OTimoneiro","https:\/\/www.instagram.com\/jornaltimoneirocanoas\/","https:\/\/www.youtube.com\/@jornalotimoneiro7927"]},{"@type":"Person","@id":"https:\/\/jornaltimoneiro.com.br\/#\/schema\/person\/f63482f1a02b1a9592707865e509ab40","name":"Reda\u00e7\u00e3o","image":{"@type":"ImageObject","inLanguage":"pt-BR","@id":"https:\/\/jornaltimoneiro.com.br\/#\/schema\/person\/image\/","url":"https:\/\/jornaltimoneiro.com.br\/wp-content\/uploads\/2023\/03\/download.jpeg","contentUrl":"https:\/\/jornaltimoneiro.com.br\/wp-content\/uploads\/2023\/03\/download.jpeg","caption":"Reda\u00e7\u00e3o"},"url":"https:\/\/jornaltimoneiro.com.br\/index.php\/author\/simone-dutra\/"}]}},"_links":{"self":[{"href":"https:\/\/jornaltimoneiro.com.br\/index.php\/wp-json\/wp\/v2\/posts\/35012"}],"collection":[{"href":"https:\/\/jornaltimoneiro.com.br\/index.php\/wp-json\/wp\/v2\/posts"}],"about":[{"href":"https:\/\/jornaltimoneiro.com.br\/index.php\/wp-json\/wp\/v2\/types\/post"}],"author":[{"embeddable":true,"href":"https:\/\/jornaltimoneiro.com.br\/index.php\/wp-json\/wp\/v2\/users\/2"}],"replies":[{"embeddable":true,"href":"https:\/\/jornaltimoneiro.com.br\/index.php\/wp-json\/wp\/v2\/comments?post=35012"}],"version-history":[{"count":1,"href":"https:\/\/jornaltimoneiro.com.br\/index.php\/wp-json\/wp\/v2\/posts\/35012\/revisions"}],"predecessor-version":[{"id":35014,"href":"https:\/\/jornaltimoneiro.com.br\/index.php\/wp-json\/wp\/v2\/posts\/35012\/revisions\/35014"}],"wp:featuredmedia":[{"embeddable":true,"href":"https:\/\/jornaltimoneiro.com.br\/index.php\/wp-json\/wp\/v2\/media\/35013"}],"wp:attachment":[{"href":"https:\/\/jornaltimoneiro.com.br\/index.php\/wp-json\/wp\/v2\/media?parent=35012"}],"wp:term":[{"taxonomy":"category","embeddable":true,"href":"https:\/\/jornaltimoneiro.com.br\/index.php\/wp-json\/wp\/v2\/categories?post=35012"},{"taxonomy":"post_tag","embeddable":true,"href":"https:\/\/jornaltimoneiro.com.br\/index.php\/wp-json\/wp\/v2\/tags?post=35012"}],"curies":[{"name":"wp","href":"https:\/\/api.w.org\/{rel}","templated":true}]}}