{"id":35003,"date":"2025-05-19T13:49:47","date_gmt":"2025-05-19T16:49:47","guid":{"rendered":"https:\/\/jornaltimoneiro.com.br\/?p=35003"},"modified":"2025-05-19T13:49:47","modified_gmt":"2025-05-19T16:49:47","slug":"mais-de-400-atendimentos-na-primeira-edicao-do-prefeitura-na-tua-casa-neste-sabado-17","status":"publish","type":"post","link":"https:\/\/jornaltimoneiro.com.br\/index.php\/2025\/05\/19\/mais-de-400-atendimentos-na-primeira-edicao-do-prefeitura-na-tua-casa-neste-sabado-17\/","title":{"rendered":"Mais de 400 atendimentos na primeira edi\u00e7\u00e3o do Prefeitura na Tua Casa neste s\u00e1bado, 17"},"content":{"rendered":"<p>Aconteceu no s\u00e1bado, 17, a primeira edi\u00e7\u00e3o do Prefeitura na Tua Casa, na Pra\u00e7a Imaculada, no bairro Rio Branco, das 9 \u00e0s 13 horas.<\/p>\n<p>Ao longo da manh\u00e3, diversos servi\u00e7os e atendimentos ao cidad\u00e3o canoense foram oferecidos, com foco de levar at\u00e9 a casa do cidad\u00e3o os servi\u00e7os mais procurados: Programa Habita Canoas, com aluguel social e compra assistida, regulariza\u00e7\u00e3o fundi\u00e1ria e laudos da enchente, Minha Casa, Minha Vida; servi\u00e7os de sa\u00fade como vacina\u00e7\u00e3o, farm\u00e1cia popular aberta, testes r\u00e1pidos, a\u00e7\u00f5es contra a dengue e zika v\u00edrus; Assist\u00eancia Social T\u00e1 na \u00c1rea, com Cad\u00danico e atestado para isen\u00e7\u00e3o na emiss\u00e3o de certid\u00f5es, al\u00e9m de doa\u00e7\u00e3o de livros, distribui\u00e7\u00e3o de mudas, Banco de Oportunidades e entre outros. Ao total, mais de 400 atendimentos foram realizados aos canoenses.<\/p>\n<p>De acordo com a gest\u00e3o municipal, a a\u00e7\u00e3o \u00e9 realizada sem gastos p\u00fablicos, apenas com estrutura pr\u00f3pria e sem investir nenhum centavo a mais. O projeto ser\u00e1 realizado em todos os bairros da cidade, em pontos diferentes, a cada 15 dias. Neste espa\u00e7o, os moradores poder\u00e3o levar suas demandas e encaminhar solicita\u00e7\u00f5es para a Prefeitura.<\/p>\n<p>Segundo o Prefeito de Canoas, Airton Souza:<\/p>\n<blockquote><p>\u201cEst\u00e1 sendo muito satisfat\u00f3rio estar aqui no bairro Rio Branco atendendo a popula\u00e7\u00e3o, essa primeira edi\u00e7\u00e3o est\u00e1 provando que as pr\u00f3ximas ser\u00e3o um sucesso. Eu estive nas ruas conversando com a popula\u00e7\u00e3o e percebi a import\u00e2ncia que \u00e9 trazer os servi\u00e7os para pr\u00f3ximo da comunidade, por isso ainda teremos muitas outras edi\u00e7\u00f5es do Prefeitura na Tua Casa.\u201d<\/p><\/blockquote>\n<p>Al\u00e9m disso, durante o ato, foi assinado o termo de fomento entre o Munic\u00edpio de Canoas e a Associa\u00e7\u00e3o Rede Divina Provid\u00eancia de A\u00e7\u00e3o Social e Cidadania, com o objetivo de financiar, atrav\u00e9s do Fundo Municipal da Crian\u00e7a e Adolescente (FMDCA), o projeto \u201cReconstruindo Sonhos\u201d, que visa a aquisi\u00e7\u00e3o de equipamentos para realiza\u00e7\u00e3o de oficinas, fortalecendo os v\u00ednculos comunit\u00e1rios e sociais.<\/p>\n","protected":false},"excerpt":{"rendered":"<p>Aconteceu no s\u00e1bado, 17, a primeira edi\u00e7\u00e3o do Prefeitura na Tua Casa, na Pra\u00e7a Imaculada, no bairro Rio Branco, das 9 \u00e0s 13 horas. Ao longo da manh\u00e3, diversos servi\u00e7os e atendimentos ao cidad\u00e3o canoense foram oferecidos, com foco de levar at\u00e9 a casa do cidad\u00e3o os servi\u00e7os mais procurados: Programa Habita Canoas, com aluguel [&hellip;]<\/p>\n","protected":false},"author":2,"featured_media":35004,"comment_status":"open","ping_status":"open","sticky":false,"template":"","format":"standard","meta":{"amp_status":"","footnotes":""},"categories":[23],"tags":[31,190,4252,4251,1775],"class_list":["post-35003","post","type-post","status-publish","format-standard","has-post-thumbnail","hentry","category-geral","tag-canoas","tag-featured","tag-praca-imaculada","tag-prefeitura-na-tua-casa","tag-rio-branco"],"yoast_head":"<!-- This site is optimized with the Yoast SEO plugin v20.5 - https:\/\/yoast.com\/wordpress\/plugins\/seo\/ -->\n<title>Mais de 400 atendimentos na primeira edi\u00e7\u00e3o do Prefeitura na Tua Casa neste s\u00e1bado, 17 - O Timoneiro Jornal Canoas RS<\/title>\n<meta name=\"description\" content=\"Aconteceu no s\u00e1bado, 17, a primeira edi\u00e7\u00e3o do Prefeitura na Tua Casa, na Pra\u00e7a Imaculada, no bairro Rio Branco, das 9h \u00e0s 13h\" \/>\n<meta name=\"robots\" content=\"index, follow, max-snippet:-1, max-image-preview:large, max-video-preview:-1\" \/>\n<link rel=\"canonical\" href=\"https:\/\/jornaltimoneiro.com.br\/index.php\/2025\/05\/19\/mais-de-400-atendimentos-na-primeira-edicao-do-prefeitura-na-tua-casa-neste-sabado-17\/\" \/>\n<meta property=\"og:locale\" content=\"pt_BR\" \/>\n<meta property=\"og:type\" content=\"article\" \/>\n<meta property=\"og:title\" content=\"Mais de 400 atendimentos na primeira edi\u00e7\u00e3o do Prefeitura na Tua Casa neste s\u00e1bado, 17 - O Timoneiro Jornal Canoas RS\" \/>\n<meta property=\"og:description\" content=\"Aconteceu no s\u00e1bado, 17, a primeira edi\u00e7\u00e3o do Prefeitura na Tua Casa, na Pra\u00e7a Imaculada, no bairro Rio Branco, das 9h \u00e0s 13h\" \/>\n<meta property=\"og:url\" content=\"https:\/\/jornaltimoneiro.com.br\/index.php\/2025\/05\/19\/mais-de-400-atendimentos-na-primeira-edicao-do-prefeitura-na-tua-casa-neste-sabado-17\/\" \/>\n<meta property=\"og:site_name\" content=\"O Timoneiro Jornal Canoas RS\" \/>\n<meta property=\"article:publisher\" content=\"https:\/\/www.facebook.com\/jornaltimoneiro\" \/>\n<meta property=\"article:published_time\" content=\"2025-05-19T16:49:47+00:00\" \/>\n<meta property=\"og:image\" content=\"https:\/\/jornaltimoneiro.com.br\/wp-content\/uploads\/2025\/05\/Mais-de-400-atendimentos-na-primeira-edicao-do-Prefeitura-na-Tua-Casa-neste-sabado-17.jpg\" \/>\n\t<meta property=\"og:image:width\" content=\"1080\" \/>\n\t<meta property=\"og:image:height\" content=\"719\" \/>\n\t<meta property=\"og:image:type\" content=\"image\/jpeg\" \/>\n<meta name=\"author\" content=\"Reda\u00e7\u00e3o\" \/>\n<meta name=\"twitter:card\" content=\"summary_large_image\" \/>\n<meta name=\"twitter:creator\" content=\"@_OTimoneiro\" \/>\n<meta name=\"twitter:site\" content=\"@_OTimoneiro\" \/>\n<meta name=\"twitter:label1\" content=\"Escrito por\" \/>\n\t<meta name=\"twitter:data1\" content=\"Reda\u00e7\u00e3o\" \/>\n\t<meta name=\"twitter:label2\" content=\"Est. tempo de leitura\" \/>\n\t<meta name=\"twitter:data2\" content=\"2 minutos\" \/>\n<script type=\"application\/ld+json\" class=\"yoast-schema-graph\">{\"@context\":\"https:\/\/schema.org\",\"@graph\":[{\"@type\":\"Article\",\"@id\":\"https:\/\/jornaltimoneiro.com.br\/index.php\/2025\/05\/19\/mais-de-400-atendimentos-na-primeira-edicao-do-prefeitura-na-tua-casa-neste-sabado-17\/#article\",\"isPartOf\":{\"@id\":\"https:\/\/jornaltimoneiro.com.br\/index.php\/2025\/05\/19\/mais-de-400-atendimentos-na-primeira-edicao-do-prefeitura-na-tua-casa-neste-sabado-17\/\"},\"author\":{\"name\":\"Reda\u00e7\u00e3o\",\"@id\":\"https:\/\/jornaltimoneiro.com.br\/#\/schema\/person\/f63482f1a02b1a9592707865e509ab40\"},\"headline\":\"Mais de 400 atendimentos na primeira edi\u00e7\u00e3o do Prefeitura na Tua Casa neste s\u00e1bado, 17\",\"datePublished\":\"2025-05-19T16:49:47+00:00\",\"dateModified\":\"2025-05-19T16:49:47+00:00\",\"mainEntityOfPage\":{\"@id\":\"https:\/\/jornaltimoneiro.com.br\/index.php\/2025\/05\/19\/mais-de-400-atendimentos-na-primeira-edicao-do-prefeitura-na-tua-casa-neste-sabado-17\/\"},\"wordCount\":365,\"commentCount\":0,\"publisher\":{\"@id\":\"https:\/\/jornaltimoneiro.com.br\/#organization\"},\"keywords\":[\"canoas\",\"featured\",\"pra\u00e7a imaculada\",\"prefeitura na tua casa\",\"rio branco\"],\"articleSection\":[\"Geral\"],\"inLanguage\":\"pt-BR\",\"potentialAction\":[{\"@type\":\"CommentAction\",\"name\":\"Comment\",\"target\":[\"https:\/\/jornaltimoneiro.com.br\/index.php\/2025\/05\/19\/mais-de-400-atendimentos-na-primeira-edicao-do-prefeitura-na-tua-casa-neste-sabado-17\/#respond\"]}]},{\"@type\":\"WebPage\",\"@id\":\"https:\/\/jornaltimoneiro.com.br\/index.php\/2025\/05\/19\/mais-de-400-atendimentos-na-primeira-edicao-do-prefeitura-na-tua-casa-neste-sabado-17\/\",\"url\":\"https:\/\/jornaltimoneiro.com.br\/index.php\/2025\/05\/19\/mais-de-400-atendimentos-na-primeira-edicao-do-prefeitura-na-tua-casa-neste-sabado-17\/\",\"name\":\"Mais de 400 atendimentos na primeira edi\u00e7\u00e3o do Prefeitura na Tua Casa neste s\u00e1bado, 17 - O Timoneiro Jornal Canoas RS\",\"isPartOf\":{\"@id\":\"https:\/\/jornaltimoneiro.com.br\/#website\"},\"datePublished\":\"2025-05-19T16:49:47+00:00\",\"dateModified\":\"2025-05-19T16:49:47+00:00\",\"description\":\"Aconteceu no s\u00e1bado, 17, a primeira edi\u00e7\u00e3o do Prefeitura na Tua Casa, na Pra\u00e7a Imaculada, no bairro Rio Branco, das 9h \u00e0s 13h\",\"breadcrumb\":{\"@id\":\"https:\/\/jornaltimoneiro.com.br\/index.php\/2025\/05\/19\/mais-de-400-atendimentos-na-primeira-edicao-do-prefeitura-na-tua-casa-neste-sabado-17\/#breadcrumb\"},\"inLanguage\":\"pt-BR\",\"potentialAction\":[{\"@type\":\"ReadAction\",\"target\":[\"https:\/\/jornaltimoneiro.com.br\/index.php\/2025\/05\/19\/mais-de-400-atendimentos-na-primeira-edicao-do-prefeitura-na-tua-casa-neste-sabado-17\/\"]}]},{\"@type\":\"BreadcrumbList\",\"@id\":\"https:\/\/jornaltimoneiro.com.br\/index.php\/2025\/05\/19\/mais-de-400-atendimentos-na-primeira-edicao-do-prefeitura-na-tua-casa-neste-sabado-17\/#breadcrumb\",\"itemListElement\":[{\"@type\":\"ListItem\",\"position\":1,\"name\":\"In\u00edcio\",\"item\":\"https:\/\/jornaltimoneiro.com.br\/\"},{\"@type\":\"ListItem\",\"position\":2,\"name\":\"Mais de 400 atendimentos na primeira edi\u00e7\u00e3o do Prefeitura na Tua Casa neste s\u00e1bado, 17\"}]},{\"@type\":\"WebSite\",\"@id\":\"https:\/\/jornaltimoneiro.com.br\/#website\",\"url\":\"https:\/\/jornaltimoneiro.com.br\/\",\"name\":\"Jornal Timoneiro Canoas RS\",\"description\":\"Jornal O Timoneiro, o verdadeiro jornal de Canoas\",\"publisher\":{\"@id\":\"https:\/\/jornaltimoneiro.com.br\/#organization\"},\"potentialAction\":[{\"@type\":\"SearchAction\",\"target\":{\"@type\":\"EntryPoint\",\"urlTemplate\":\"https:\/\/jornaltimoneiro.com.br\/?s={search_term_string}\"},\"query-input\":\"required name=search_term_string\"}],\"inLanguage\":\"pt-BR\"},{\"@type\":\"Organization\",\"@id\":\"https:\/\/jornaltimoneiro.com.br\/#organization\",\"name\":\"Jornal Timoneiro Canoas RS\",\"url\":\"https:\/\/jornaltimoneiro.com.br\/\",\"logo\":{\"@type\":\"ImageObject\",\"inLanguage\":\"pt-BR\",\"@id\":\"https:\/\/jornaltimoneiro.com.br\/#\/schema\/logo\/image\/\",\"url\":\"https:\/\/jornaltimoneiro.com.br\/wp-content\/uploads\/2023\/03\/logonovo.png\",\"contentUrl\":\"https:\/\/jornaltimoneiro.com.br\/wp-content\/uploads\/2023\/03\/logonovo.png\",\"width\":\"469\",\"height\":\"171\",\"caption\":\"Jornal Timoneiro Canoas RS\"},\"image\":{\"@id\":\"https:\/\/jornaltimoneiro.com.br\/#\/schema\/logo\/image\/\"},\"sameAs\":[\"https:\/\/www.facebook.com\/jornaltimoneiro\",\"https:\/\/twitter.com\/_OTimoneiro\",\"https:\/\/www.instagram.com\/jornaltimoneirocanoas\/\",\"https:\/\/www.youtube.com\/@jornalotimoneiro7927\"]},{\"@type\":\"Person\",\"@id\":\"https:\/\/jornaltimoneiro.com.br\/#\/schema\/person\/f63482f1a02b1a9592707865e509ab40\",\"name\":\"Reda\u00e7\u00e3o\",\"image\":{\"@type\":\"ImageObject\",\"inLanguage\":\"pt-BR\",\"@id\":\"https:\/\/jornaltimoneiro.com.br\/#\/schema\/person\/image\/\",\"url\":\"https:\/\/jornaltimoneiro.com.br\/wp-content\/uploads\/2023\/03\/download.jpeg\",\"contentUrl\":\"https:\/\/jornaltimoneiro.com.br\/wp-content\/uploads\/2023\/03\/download.jpeg\",\"caption\":\"Reda\u00e7\u00e3o\"},\"url\":\"https:\/\/jornaltimoneiro.com.br\/index.php\/author\/simone-dutra\/\"}]}<\/script>\n<!-- \/ Yoast SEO plugin. -->","yoast_head_json":{"title":"Mais de 400 atendimentos na primeira edi\u00e7\u00e3o do Prefeitura na Tua Casa neste s\u00e1bado, 17 - O Timoneiro Jornal Canoas RS","description":"Aconteceu no s\u00e1bado, 17, a primeira edi\u00e7\u00e3o do Prefeitura na Tua Casa, na Pra\u00e7a Imaculada, no bairro Rio Branco, das 9h \u00e0s 13h","robots":{"index":"index","follow":"follow","max-snippet":"max-snippet:-1","max-image-preview":"max-image-preview:large","max-video-preview":"max-video-preview:-1"},"canonical":"https:\/\/jornaltimoneiro.com.br\/index.php\/2025\/05\/19\/mais-de-400-atendimentos-na-primeira-edicao-do-prefeitura-na-tua-casa-neste-sabado-17\/","og_locale":"pt_BR","og_type":"article","og_title":"Mais de 400 atendimentos na primeira edi\u00e7\u00e3o do Prefeitura na Tua Casa neste s\u00e1bado, 17 - O Timoneiro Jornal Canoas RS","og_description":"Aconteceu no s\u00e1bado, 17, a primeira edi\u00e7\u00e3o do Prefeitura na Tua Casa, na Pra\u00e7a Imaculada, no bairro Rio Branco, das 9h \u00e0s 13h","og_url":"https:\/\/jornaltimoneiro.com.br\/index.php\/2025\/05\/19\/mais-de-400-atendimentos-na-primeira-edicao-do-prefeitura-na-tua-casa-neste-sabado-17\/","og_site_name":"O Timoneiro Jornal Canoas RS","article_publisher":"https:\/\/www.facebook.com\/jornaltimoneiro","article_published_time":"2025-05-19T16:49:47+00:00","og_image":[{"width":"1080","height":"719","url":"https:\/\/jornaltimoneiro.com.br\/wp-content\/uploads\/2025\/05\/Mais-de-400-atendimentos-na-primeira-edicao-do-Prefeitura-na-Tua-Casa-neste-sabado-17.jpg","type":"image\/jpeg"}],"author":"Reda\u00e7\u00e3o","twitter_card":"summary_large_image","twitter_creator":"@_OTimoneiro","twitter_site":"@_OTimoneiro","twitter_misc":{"Escrito por":"Reda\u00e7\u00e3o","Est. tempo de leitura":"2 minutos"},"schema":{"@context":"https:\/\/schema.org","@graph":[{"@type":"Article","@id":"https:\/\/jornaltimoneiro.com.br\/index.php\/2025\/05\/19\/mais-de-400-atendimentos-na-primeira-edicao-do-prefeitura-na-tua-casa-neste-sabado-17\/#article","isPartOf":{"@id":"https:\/\/jornaltimoneiro.com.br\/index.php\/2025\/05\/19\/mais-de-400-atendimentos-na-primeira-edicao-do-prefeitura-na-tua-casa-neste-sabado-17\/"},"author":{"name":"Reda\u00e7\u00e3o","@id":"https:\/\/jornaltimoneiro.com.br\/#\/schema\/person\/f63482f1a02b1a9592707865e509ab40"},"headline":"Mais de 400 atendimentos na primeira edi\u00e7\u00e3o do Prefeitura na Tua Casa neste s\u00e1bado, 17","datePublished":"2025-05-19T16:49:47+00:00","dateModified":"2025-05-19T16:49:47+00:00","mainEntityOfPage":{"@id":"https:\/\/jornaltimoneiro.com.br\/index.php\/2025\/05\/19\/mais-de-400-atendimentos-na-primeira-edicao-do-prefeitura-na-tua-casa-neste-sabado-17\/"},"wordCount":365,"commentCount":0,"publisher":{"@id":"https:\/\/jornaltimoneiro.com.br\/#organization"},"keywords":["canoas","featured","pra\u00e7a imaculada","prefeitura na tua casa","rio branco"],"articleSection":["Geral"],"inLanguage":"pt-BR","potentialAction":[{"@type":"CommentAction","name":"Comment","target":["https:\/\/jornaltimoneiro.com.br\/index.php\/2025\/05\/19\/mais-de-400-atendimentos-na-primeira-edicao-do-prefeitura-na-tua-casa-neste-sabado-17\/#respond"]}]},{"@type":"WebPage","@id":"https:\/\/jornaltimoneiro.com.br\/index.php\/2025\/05\/19\/mais-de-400-atendimentos-na-primeira-edicao-do-prefeitura-na-tua-casa-neste-sabado-17\/","url":"https:\/\/jornaltimoneiro.com.br\/index.php\/2025\/05\/19\/mais-de-400-atendimentos-na-primeira-edicao-do-prefeitura-na-tua-casa-neste-sabado-17\/","name":"Mais de 400 atendimentos na primeira edi\u00e7\u00e3o do Prefeitura na Tua Casa neste s\u00e1bado, 17 - O Timoneiro Jornal Canoas RS","isPartOf":{"@id":"https:\/\/jornaltimoneiro.com.br\/#website"},"datePublished":"2025-05-19T16:49:47+00:00","dateModified":"2025-05-19T16:49:47+00:00","description":"Aconteceu no s\u00e1bado, 17, a primeira edi\u00e7\u00e3o do Prefeitura na Tua Casa, na Pra\u00e7a Imaculada, no bairro Rio Branco, das 9h \u00e0s 13h","breadcrumb":{"@id":"https:\/\/jornaltimoneiro.com.br\/index.php\/2025\/05\/19\/mais-de-400-atendimentos-na-primeira-edicao-do-prefeitura-na-tua-casa-neste-sabado-17\/#breadcrumb"},"inLanguage":"pt-BR","potentialAction":[{"@type":"ReadAction","target":["https:\/\/jornaltimoneiro.com.br\/index.php\/2025\/05\/19\/mais-de-400-atendimentos-na-primeira-edicao-do-prefeitura-na-tua-casa-neste-sabado-17\/"]}]},{"@type":"BreadcrumbList","@id":"https:\/\/jornaltimoneiro.com.br\/index.php\/2025\/05\/19\/mais-de-400-atendimentos-na-primeira-edicao-do-prefeitura-na-tua-casa-neste-sabado-17\/#breadcrumb","itemListElement":[{"@type":"ListItem","position":1,"name":"In\u00edcio","item":"https:\/\/jornaltimoneiro.com.br\/"},{"@type":"ListItem","position":2,"name":"Mais de 400 atendimentos na primeira edi\u00e7\u00e3o do Prefeitura na Tua Casa neste s\u00e1bado, 17"}]},{"@type":"WebSite","@id":"https:\/\/jornaltimoneiro.com.br\/#website","url":"https:\/\/jornaltimoneiro.com.br\/","name":"Jornal Timoneiro Canoas RS","description":"Jornal O Timoneiro, o verdadeiro jornal de Canoas","publisher":{"@id":"https:\/\/jornaltimoneiro.com.br\/#organization"},"potentialAction":[{"@type":"SearchAction","target":{"@type":"EntryPoint","urlTemplate":"https:\/\/jornaltimoneiro.com.br\/?s={search_term_string}"},"query-input":"required name=search_term_string"}],"inLanguage":"pt-BR"},{"@type":"Organization","@id":"https:\/\/jornaltimoneiro.com.br\/#organization","name":"Jornal Timoneiro Canoas RS","url":"https:\/\/jornaltimoneiro.com.br\/","logo":{"@type":"ImageObject","inLanguage":"pt-BR","@id":"https:\/\/jornaltimoneiro.com.br\/#\/schema\/logo\/image\/","url":"https:\/\/jornaltimoneiro.com.br\/wp-content\/uploads\/2023\/03\/logonovo.png","contentUrl":"https:\/\/jornaltimoneiro.com.br\/wp-content\/uploads\/2023\/03\/logonovo.png","width":"469","height":"171","caption":"Jornal Timoneiro Canoas RS"},"image":{"@id":"https:\/\/jornaltimoneiro.com.br\/#\/schema\/logo\/image\/"},"sameAs":["https:\/\/www.facebook.com\/jornaltimoneiro","https:\/\/twitter.com\/_OTimoneiro","https:\/\/www.instagram.com\/jornaltimoneirocanoas\/","https:\/\/www.youtube.com\/@jornalotimoneiro7927"]},{"@type":"Person","@id":"https:\/\/jornaltimoneiro.com.br\/#\/schema\/person\/f63482f1a02b1a9592707865e509ab40","name":"Reda\u00e7\u00e3o","image":{"@type":"ImageObject","inLanguage":"pt-BR","@id":"https:\/\/jornaltimoneiro.com.br\/#\/schema\/person\/image\/","url":"https:\/\/jornaltimoneiro.com.br\/wp-content\/uploads\/2023\/03\/download.jpeg","contentUrl":"https:\/\/jornaltimoneiro.com.br\/wp-content\/uploads\/2023\/03\/download.jpeg","caption":"Reda\u00e7\u00e3o"},"url":"https:\/\/jornaltimoneiro.com.br\/index.php\/author\/simone-dutra\/"}]}},"_links":{"self":[{"href":"https:\/\/jornaltimoneiro.com.br\/index.php\/wp-json\/wp\/v2\/posts\/35003"}],"collection":[{"href":"https:\/\/jornaltimoneiro.com.br\/index.php\/wp-json\/wp\/v2\/posts"}],"about":[{"href":"https:\/\/jornaltimoneiro.com.br\/index.php\/wp-json\/wp\/v2\/types\/post"}],"author":[{"embeddable":true,"href":"https:\/\/jornaltimoneiro.com.br\/index.php\/wp-json\/wp\/v2\/users\/2"}],"replies":[{"embeddable":true,"href":"https:\/\/jornaltimoneiro.com.br\/index.php\/wp-json\/wp\/v2\/comments?post=35003"}],"version-history":[{"count":1,"href":"https:\/\/jornaltimoneiro.com.br\/index.php\/wp-json\/wp\/v2\/posts\/35003\/revisions"}],"predecessor-version":[{"id":35005,"href":"https:\/\/jornaltimoneiro.com.br\/index.php\/wp-json\/wp\/v2\/posts\/35003\/revisions\/35005"}],"wp:featuredmedia":[{"embeddable":true,"href":"https:\/\/jornaltimoneiro.com.br\/index.php\/wp-json\/wp\/v2\/media\/35004"}],"wp:attachment":[{"href":"https:\/\/jornaltimoneiro.com.br\/index.php\/wp-json\/wp\/v2\/media?parent=35003"}],"wp:term":[{"taxonomy":"category","embeddable":true,"href":"https:\/\/jornaltimoneiro.com.br\/index.php\/wp-json\/wp\/v2\/categories?post=35003"},{"taxonomy":"post_tag","embeddable":true,"href":"https:\/\/jornaltimoneiro.com.br\/index.php\/wp-json\/wp\/v2\/tags?post=35003"}],"curies":[{"name":"wp","href":"https:\/\/api.w.org\/{rel}","templated":true}]}}