{"id":34968,"date":"2025-05-14T10:53:44","date_gmt":"2025-05-14T13:53:44","guid":{"rendered":"https:\/\/jornaltimoneiro.com.br\/?p=34968"},"modified":"2025-05-14T10:53:44","modified_gmt":"2025-05-14T13:53:44","slug":"horta-comunitaria-no-harmonia-e-reconstruida-apos-a-enchente-de-2024","status":"publish","type":"post","link":"https:\/\/jornaltimoneiro.com.br\/index.php\/2025\/05\/14\/horta-comunitaria-no-harmonia-e-reconstruida-apos-a-enchente-de-2024\/","title":{"rendered":"Horta comunit\u00e1ria no Harmonia \u00e9 reconstru\u00edda ap\u00f3s a enchente de 2024"},"content":{"rendered":"<div class=\"single-image-desc\">Na Rua Cl\u00f3vis Bevil\u00e1qua, n\u00b0 1771, est\u00e1 localizada a Horta Comunit\u00e1ria Santa Isabel. O Presidente da Associa\u00e7\u00e3o dos Amigos da Horta Comunit\u00e1ria Santa Isabel, Arolino Gama, explica que atualmente h\u00e1 15 horticultores, com 10 metros de terra dispon\u00edveis para cada, que plantam de tudo: alface, couve, temperinhos, r\u00facula, couve flor, repolho, beterraba, cenoura, quiabo, batata doce, ab\u00f3bora, radiche, piment\u00e3o, pimenta e berinjela. Todo s\u00e1bado acontece uma feira no local para vender os produtos, das 8 \u00e0s 12 horas.<\/div>\n<div>\n<p>A engenheira agr\u00f4noma da Emater, Caroline de Lima, explica que,<\/p>\n<blockquote><p>\u201ca Emater \u00e9 um \u00f3rg\u00e3o que presta assist\u00eancia t\u00e9cnica em extens\u00e3o rural, tanto para agricultores familiares, quanto para hortas comunit\u00e1rias, que s\u00e3o os nossos agricultores urbanos, os horticultores aqui do munic\u00edpio, n\u00f3s trabalhamos com execu\u00e7\u00e3o de algumas pol\u00edticas p\u00fablicas, uma rela\u00e7\u00e3o de parceria e constru\u00e7\u00e3o de planejamento e durante o ano vamos executando algumas a\u00e7\u00f5es em conjunto com as hortas, n\u00e3o s\u00f3 com a Santa Isabel, mas com todas de Canoas, oficialmente temos cinco hortas comunit\u00e1rias, contando com essa aqui, duas no Harmonia, uma no Mathias, uma no bairro Niter\u00f3i e uma no Guajuviras.\u201d<\/p><\/blockquote>\n<p>Desde a enchente de 2024, a Associa\u00e7\u00e3o vem reconstruindo a horta aos poucos, com apoio da Prefeitura de Canoas, por meio da Secretaria de Desenvolvimento Econ\u00f4mico e Inova\u00e7\u00e3o, da Emater, de outros \u00f3rg\u00e3os e da comunidade.<\/p><\/div>\n<div>\nO sistema de irriga\u00e7\u00e3o, a estufa e a estrutura de prote\u00e7\u00e3o em cima da horta foram destru\u00eddos com a \u00e1gua, mas Seu Gama, como \u00e9 chamado, mostra que muitas coisas j\u00e1 foram consertadas e outras ainda ir\u00e3o ser reconstru\u00eddas aos poucos.<\/div>\n<div><\/div>\n","protected":false},"excerpt":{"rendered":"<p>Na Rua Cl\u00f3vis Bevil\u00e1qua, n\u00b0 1771, est\u00e1 localizada a Horta Comunit\u00e1ria Santa Isabel. O Presidente da Associa\u00e7\u00e3o dos Amigos da Horta Comunit\u00e1ria Santa Isabel, Arolino Gama, explica que atualmente h\u00e1 15 horticultores, com 10 metros de terra dispon\u00edveis para cada, que plantam de tudo: alface, couve, temperinhos, r\u00facula, couve flor, repolho, beterraba, cenoura, quiabo, batata [&hellip;]<\/p>\n","protected":false},"author":2,"featured_media":34969,"comment_status":"open","ping_status":"open","sticky":false,"template":"","format":"standard","meta":{"amp_status":"","footnotes":""},"categories":[25],"tags":[31,190,2163,4243],"class_list":["post-34968","post","type-post","status-publish","format-standard","has-post-thumbnail","hentry","category-comunidade","tag-canoas","tag-featured","tag-harmonia","tag-horta-comunitaria"],"yoast_head":"<!-- This site is optimized with the Yoast SEO plugin v20.5 - https:\/\/yoast.com\/wordpress\/plugins\/seo\/ -->\n<title>Horta comunit\u00e1ria no Harmonia \u00e9 reconstru\u00edda ap\u00f3s a enchente de 2024 - O Timoneiro Jornal Canoas RS<\/title>\n<meta name=\"description\" content=\"Na Rua Cl\u00f3vis Bevil\u00e1qua est\u00e1 localizada a Horta Comunit\u00e1ria Santa Isabel. O Presidente da Associa\u00e7\u00e3o dos Amigos da Horta Comunit\u00e1ria\" \/>\n<meta name=\"robots\" content=\"index, follow, max-snippet:-1, max-image-preview:large, max-video-preview:-1\" \/>\n<link rel=\"canonical\" href=\"https:\/\/jornaltimoneiro.com.br\/index.php\/2025\/05\/14\/horta-comunitaria-no-harmonia-e-reconstruida-apos-a-enchente-de-2024\/\" \/>\n<meta property=\"og:locale\" content=\"pt_BR\" \/>\n<meta property=\"og:type\" content=\"article\" \/>\n<meta property=\"og:title\" content=\"Horta comunit\u00e1ria no Harmonia \u00e9 reconstru\u00edda ap\u00f3s a enchente de 2024 - O Timoneiro Jornal Canoas RS\" \/>\n<meta property=\"og:description\" content=\"Na Rua Cl\u00f3vis Bevil\u00e1qua est\u00e1 localizada a Horta Comunit\u00e1ria Santa Isabel. O Presidente da Associa\u00e7\u00e3o dos Amigos da Horta Comunit\u00e1ria\" \/>\n<meta property=\"og:url\" content=\"https:\/\/jornaltimoneiro.com.br\/index.php\/2025\/05\/14\/horta-comunitaria-no-harmonia-e-reconstruida-apos-a-enchente-de-2024\/\" \/>\n<meta property=\"og:site_name\" content=\"O Timoneiro Jornal Canoas RS\" \/>\n<meta property=\"article:publisher\" content=\"https:\/\/www.facebook.com\/jornaltimoneiro\" \/>\n<meta property=\"article:published_time\" content=\"2025-05-14T13:53:44+00:00\" \/>\n<meta property=\"og:image\" content=\"https:\/\/jornaltimoneiro.com.br\/wp-content\/uploads\/2025\/05\/WhatsApp-Image-2025-05-14-at-10.46.56-e1747230807239.jpeg\" \/>\n\t<meta property=\"og:image:width\" content=\"1600\" \/>\n\t<meta property=\"og:image:height\" content=\"1066\" \/>\n\t<meta property=\"og:image:type\" content=\"image\/jpeg\" \/>\n<meta name=\"author\" content=\"Reda\u00e7\u00e3o\" \/>\n<meta name=\"twitter:card\" content=\"summary_large_image\" \/>\n<meta name=\"twitter:creator\" content=\"@_OTimoneiro\" \/>\n<meta name=\"twitter:site\" content=\"@_OTimoneiro\" \/>\n<meta name=\"twitter:label1\" content=\"Escrito por\" \/>\n\t<meta name=\"twitter:data1\" content=\"Reda\u00e7\u00e3o\" \/>\n\t<meta name=\"twitter:label2\" content=\"Est. tempo de leitura\" \/>\n\t<meta name=\"twitter:data2\" content=\"2 minutos\" \/>\n<script type=\"application\/ld+json\" class=\"yoast-schema-graph\">{\"@context\":\"https:\/\/schema.org\",\"@graph\":[{\"@type\":\"Article\",\"@id\":\"https:\/\/jornaltimoneiro.com.br\/index.php\/2025\/05\/14\/horta-comunitaria-no-harmonia-e-reconstruida-apos-a-enchente-de-2024\/#article\",\"isPartOf\":{\"@id\":\"https:\/\/jornaltimoneiro.com.br\/index.php\/2025\/05\/14\/horta-comunitaria-no-harmonia-e-reconstruida-apos-a-enchente-de-2024\/\"},\"author\":{\"name\":\"Reda\u00e7\u00e3o\",\"@id\":\"https:\/\/jornaltimoneiro.com.br\/#\/schema\/person\/f63482f1a02b1a9592707865e509ab40\"},\"headline\":\"Horta comunit\u00e1ria no Harmonia \u00e9 reconstru\u00edda ap\u00f3s a enchente de 2024\",\"datePublished\":\"2025-05-14T13:53:44+00:00\",\"dateModified\":\"2025-05-14T13:53:44+00:00\",\"mainEntityOfPage\":{\"@id\":\"https:\/\/jornaltimoneiro.com.br\/index.php\/2025\/05\/14\/horta-comunitaria-no-harmonia-e-reconstruida-apos-a-enchente-de-2024\/\"},\"wordCount\":300,\"commentCount\":0,\"publisher\":{\"@id\":\"https:\/\/jornaltimoneiro.com.br\/#organization\"},\"keywords\":[\"canoas\",\"featured\",\"Harmonia\",\"horta comunit\u00e1ria\"],\"articleSection\":[\"Comunidade\"],\"inLanguage\":\"pt-BR\",\"potentialAction\":[{\"@type\":\"CommentAction\",\"name\":\"Comment\",\"target\":[\"https:\/\/jornaltimoneiro.com.br\/index.php\/2025\/05\/14\/horta-comunitaria-no-harmonia-e-reconstruida-apos-a-enchente-de-2024\/#respond\"]}]},{\"@type\":\"WebPage\",\"@id\":\"https:\/\/jornaltimoneiro.com.br\/index.php\/2025\/05\/14\/horta-comunitaria-no-harmonia-e-reconstruida-apos-a-enchente-de-2024\/\",\"url\":\"https:\/\/jornaltimoneiro.com.br\/index.php\/2025\/05\/14\/horta-comunitaria-no-harmonia-e-reconstruida-apos-a-enchente-de-2024\/\",\"name\":\"Horta comunit\u00e1ria no Harmonia \u00e9 reconstru\u00edda ap\u00f3s a enchente de 2024 - O Timoneiro Jornal Canoas RS\",\"isPartOf\":{\"@id\":\"https:\/\/jornaltimoneiro.com.br\/#website\"},\"datePublished\":\"2025-05-14T13:53:44+00:00\",\"dateModified\":\"2025-05-14T13:53:44+00:00\",\"description\":\"Na Rua Cl\u00f3vis Bevil\u00e1qua est\u00e1 localizada a Horta Comunit\u00e1ria Santa Isabel. O Presidente da Associa\u00e7\u00e3o dos Amigos da Horta Comunit\u00e1ria\",\"breadcrumb\":{\"@id\":\"https:\/\/jornaltimoneiro.com.br\/index.php\/2025\/05\/14\/horta-comunitaria-no-harmonia-e-reconstruida-apos-a-enchente-de-2024\/#breadcrumb\"},\"inLanguage\":\"pt-BR\",\"potentialAction\":[{\"@type\":\"ReadAction\",\"target\":[\"https:\/\/jornaltimoneiro.com.br\/index.php\/2025\/05\/14\/horta-comunitaria-no-harmonia-e-reconstruida-apos-a-enchente-de-2024\/\"]}]},{\"@type\":\"BreadcrumbList\",\"@id\":\"https:\/\/jornaltimoneiro.com.br\/index.php\/2025\/05\/14\/horta-comunitaria-no-harmonia-e-reconstruida-apos-a-enchente-de-2024\/#breadcrumb\",\"itemListElement\":[{\"@type\":\"ListItem\",\"position\":1,\"name\":\"In\u00edcio\",\"item\":\"https:\/\/jornaltimoneiro.com.br\/\"},{\"@type\":\"ListItem\",\"position\":2,\"name\":\"Horta comunit\u00e1ria no Harmonia \u00e9 reconstru\u00edda ap\u00f3s a enchente de 2024\"}]},{\"@type\":\"WebSite\",\"@id\":\"https:\/\/jornaltimoneiro.com.br\/#website\",\"url\":\"https:\/\/jornaltimoneiro.com.br\/\",\"name\":\"Jornal Timoneiro Canoas RS\",\"description\":\"Jornal O Timoneiro, o verdadeiro jornal de Canoas\",\"publisher\":{\"@id\":\"https:\/\/jornaltimoneiro.com.br\/#organization\"},\"potentialAction\":[{\"@type\":\"SearchAction\",\"target\":{\"@type\":\"EntryPoint\",\"urlTemplate\":\"https:\/\/jornaltimoneiro.com.br\/?s={search_term_string}\"},\"query-input\":\"required name=search_term_string\"}],\"inLanguage\":\"pt-BR\"},{\"@type\":\"Organization\",\"@id\":\"https:\/\/jornaltimoneiro.com.br\/#organization\",\"name\":\"Jornal Timoneiro Canoas RS\",\"url\":\"https:\/\/jornaltimoneiro.com.br\/\",\"logo\":{\"@type\":\"ImageObject\",\"inLanguage\":\"pt-BR\",\"@id\":\"https:\/\/jornaltimoneiro.com.br\/#\/schema\/logo\/image\/\",\"url\":\"https:\/\/jornaltimoneiro.com.br\/wp-content\/uploads\/2023\/03\/logonovo.png\",\"contentUrl\":\"https:\/\/jornaltimoneiro.com.br\/wp-content\/uploads\/2023\/03\/logonovo.png\",\"width\":\"469\",\"height\":\"171\",\"caption\":\"Jornal Timoneiro Canoas RS\"},\"image\":{\"@id\":\"https:\/\/jornaltimoneiro.com.br\/#\/schema\/logo\/image\/\"},\"sameAs\":[\"https:\/\/www.facebook.com\/jornaltimoneiro\",\"https:\/\/twitter.com\/_OTimoneiro\",\"https:\/\/www.instagram.com\/jornaltimoneirocanoas\/\",\"https:\/\/www.youtube.com\/@jornalotimoneiro7927\"]},{\"@type\":\"Person\",\"@id\":\"https:\/\/jornaltimoneiro.com.br\/#\/schema\/person\/f63482f1a02b1a9592707865e509ab40\",\"name\":\"Reda\u00e7\u00e3o\",\"image\":{\"@type\":\"ImageObject\",\"inLanguage\":\"pt-BR\",\"@id\":\"https:\/\/jornaltimoneiro.com.br\/#\/schema\/person\/image\/\",\"url\":\"https:\/\/jornaltimoneiro.com.br\/wp-content\/uploads\/2023\/03\/download.jpeg\",\"contentUrl\":\"https:\/\/jornaltimoneiro.com.br\/wp-content\/uploads\/2023\/03\/download.jpeg\",\"caption\":\"Reda\u00e7\u00e3o\"},\"url\":\"https:\/\/jornaltimoneiro.com.br\/index.php\/author\/simone-dutra\/\"}]}<\/script>\n<!-- \/ Yoast SEO plugin. -->","yoast_head_json":{"title":"Horta comunit\u00e1ria no Harmonia \u00e9 reconstru\u00edda ap\u00f3s a enchente de 2024 - O Timoneiro Jornal Canoas RS","description":"Na Rua Cl\u00f3vis Bevil\u00e1qua est\u00e1 localizada a Horta Comunit\u00e1ria Santa Isabel. O Presidente da Associa\u00e7\u00e3o dos Amigos da Horta Comunit\u00e1ria","robots":{"index":"index","follow":"follow","max-snippet":"max-snippet:-1","max-image-preview":"max-image-preview:large","max-video-preview":"max-video-preview:-1"},"canonical":"https:\/\/jornaltimoneiro.com.br\/index.php\/2025\/05\/14\/horta-comunitaria-no-harmonia-e-reconstruida-apos-a-enchente-de-2024\/","og_locale":"pt_BR","og_type":"article","og_title":"Horta comunit\u00e1ria no Harmonia \u00e9 reconstru\u00edda ap\u00f3s a enchente de 2024 - O Timoneiro Jornal Canoas RS","og_description":"Na Rua Cl\u00f3vis Bevil\u00e1qua est\u00e1 localizada a Horta Comunit\u00e1ria Santa Isabel. O Presidente da Associa\u00e7\u00e3o dos Amigos da Horta Comunit\u00e1ria","og_url":"https:\/\/jornaltimoneiro.com.br\/index.php\/2025\/05\/14\/horta-comunitaria-no-harmonia-e-reconstruida-apos-a-enchente-de-2024\/","og_site_name":"O Timoneiro Jornal Canoas RS","article_publisher":"https:\/\/www.facebook.com\/jornaltimoneiro","article_published_time":"2025-05-14T13:53:44+00:00","og_image":[{"width":"1600","height":"1066","url":"https:\/\/jornaltimoneiro.com.br\/wp-content\/uploads\/2025\/05\/WhatsApp-Image-2025-05-14-at-10.46.56-e1747230807239.jpeg","type":"image\/jpeg"}],"author":"Reda\u00e7\u00e3o","twitter_card":"summary_large_image","twitter_creator":"@_OTimoneiro","twitter_site":"@_OTimoneiro","twitter_misc":{"Escrito por":"Reda\u00e7\u00e3o","Est. tempo de leitura":"2 minutos"},"schema":{"@context":"https:\/\/schema.org","@graph":[{"@type":"Article","@id":"https:\/\/jornaltimoneiro.com.br\/index.php\/2025\/05\/14\/horta-comunitaria-no-harmonia-e-reconstruida-apos-a-enchente-de-2024\/#article","isPartOf":{"@id":"https:\/\/jornaltimoneiro.com.br\/index.php\/2025\/05\/14\/horta-comunitaria-no-harmonia-e-reconstruida-apos-a-enchente-de-2024\/"},"author":{"name":"Reda\u00e7\u00e3o","@id":"https:\/\/jornaltimoneiro.com.br\/#\/schema\/person\/f63482f1a02b1a9592707865e509ab40"},"headline":"Horta comunit\u00e1ria no Harmonia \u00e9 reconstru\u00edda ap\u00f3s a enchente de 2024","datePublished":"2025-05-14T13:53:44+00:00","dateModified":"2025-05-14T13:53:44+00:00","mainEntityOfPage":{"@id":"https:\/\/jornaltimoneiro.com.br\/index.php\/2025\/05\/14\/horta-comunitaria-no-harmonia-e-reconstruida-apos-a-enchente-de-2024\/"},"wordCount":300,"commentCount":0,"publisher":{"@id":"https:\/\/jornaltimoneiro.com.br\/#organization"},"keywords":["canoas","featured","Harmonia","horta comunit\u00e1ria"],"articleSection":["Comunidade"],"inLanguage":"pt-BR","potentialAction":[{"@type":"CommentAction","name":"Comment","target":["https:\/\/jornaltimoneiro.com.br\/index.php\/2025\/05\/14\/horta-comunitaria-no-harmonia-e-reconstruida-apos-a-enchente-de-2024\/#respond"]}]},{"@type":"WebPage","@id":"https:\/\/jornaltimoneiro.com.br\/index.php\/2025\/05\/14\/horta-comunitaria-no-harmonia-e-reconstruida-apos-a-enchente-de-2024\/","url":"https:\/\/jornaltimoneiro.com.br\/index.php\/2025\/05\/14\/horta-comunitaria-no-harmonia-e-reconstruida-apos-a-enchente-de-2024\/","name":"Horta comunit\u00e1ria no Harmonia \u00e9 reconstru\u00edda ap\u00f3s a enchente de 2024 - O Timoneiro Jornal Canoas RS","isPartOf":{"@id":"https:\/\/jornaltimoneiro.com.br\/#website"},"datePublished":"2025-05-14T13:53:44+00:00","dateModified":"2025-05-14T13:53:44+00:00","description":"Na Rua Cl\u00f3vis Bevil\u00e1qua est\u00e1 localizada a Horta Comunit\u00e1ria Santa Isabel. O Presidente da Associa\u00e7\u00e3o dos Amigos da Horta Comunit\u00e1ria","breadcrumb":{"@id":"https:\/\/jornaltimoneiro.com.br\/index.php\/2025\/05\/14\/horta-comunitaria-no-harmonia-e-reconstruida-apos-a-enchente-de-2024\/#breadcrumb"},"inLanguage":"pt-BR","potentialAction":[{"@type":"ReadAction","target":["https:\/\/jornaltimoneiro.com.br\/index.php\/2025\/05\/14\/horta-comunitaria-no-harmonia-e-reconstruida-apos-a-enchente-de-2024\/"]}]},{"@type":"BreadcrumbList","@id":"https:\/\/jornaltimoneiro.com.br\/index.php\/2025\/05\/14\/horta-comunitaria-no-harmonia-e-reconstruida-apos-a-enchente-de-2024\/#breadcrumb","itemListElement":[{"@type":"ListItem","position":1,"name":"In\u00edcio","item":"https:\/\/jornaltimoneiro.com.br\/"},{"@type":"ListItem","position":2,"name":"Horta comunit\u00e1ria no Harmonia \u00e9 reconstru\u00edda ap\u00f3s a enchente de 2024"}]},{"@type":"WebSite","@id":"https:\/\/jornaltimoneiro.com.br\/#website","url":"https:\/\/jornaltimoneiro.com.br\/","name":"Jornal Timoneiro Canoas RS","description":"Jornal O Timoneiro, o verdadeiro jornal de Canoas","publisher":{"@id":"https:\/\/jornaltimoneiro.com.br\/#organization"},"potentialAction":[{"@type":"SearchAction","target":{"@type":"EntryPoint","urlTemplate":"https:\/\/jornaltimoneiro.com.br\/?s={search_term_string}"},"query-input":"required name=search_term_string"}],"inLanguage":"pt-BR"},{"@type":"Organization","@id":"https:\/\/jornaltimoneiro.com.br\/#organization","name":"Jornal Timoneiro Canoas RS","url":"https:\/\/jornaltimoneiro.com.br\/","logo":{"@type":"ImageObject","inLanguage":"pt-BR","@id":"https:\/\/jornaltimoneiro.com.br\/#\/schema\/logo\/image\/","url":"https:\/\/jornaltimoneiro.com.br\/wp-content\/uploads\/2023\/03\/logonovo.png","contentUrl":"https:\/\/jornaltimoneiro.com.br\/wp-content\/uploads\/2023\/03\/logonovo.png","width":"469","height":"171","caption":"Jornal Timoneiro Canoas RS"},"image":{"@id":"https:\/\/jornaltimoneiro.com.br\/#\/schema\/logo\/image\/"},"sameAs":["https:\/\/www.facebook.com\/jornaltimoneiro","https:\/\/twitter.com\/_OTimoneiro","https:\/\/www.instagram.com\/jornaltimoneirocanoas\/","https:\/\/www.youtube.com\/@jornalotimoneiro7927"]},{"@type":"Person","@id":"https:\/\/jornaltimoneiro.com.br\/#\/schema\/person\/f63482f1a02b1a9592707865e509ab40","name":"Reda\u00e7\u00e3o","image":{"@type":"ImageObject","inLanguage":"pt-BR","@id":"https:\/\/jornaltimoneiro.com.br\/#\/schema\/person\/image\/","url":"https:\/\/jornaltimoneiro.com.br\/wp-content\/uploads\/2023\/03\/download.jpeg","contentUrl":"https:\/\/jornaltimoneiro.com.br\/wp-content\/uploads\/2023\/03\/download.jpeg","caption":"Reda\u00e7\u00e3o"},"url":"https:\/\/jornaltimoneiro.com.br\/index.php\/author\/simone-dutra\/"}]}},"_links":{"self":[{"href":"https:\/\/jornaltimoneiro.com.br\/index.php\/wp-json\/wp\/v2\/posts\/34968"}],"collection":[{"href":"https:\/\/jornaltimoneiro.com.br\/index.php\/wp-json\/wp\/v2\/posts"}],"about":[{"href":"https:\/\/jornaltimoneiro.com.br\/index.php\/wp-json\/wp\/v2\/types\/post"}],"author":[{"embeddable":true,"href":"https:\/\/jornaltimoneiro.com.br\/index.php\/wp-json\/wp\/v2\/users\/2"}],"replies":[{"embeddable":true,"href":"https:\/\/jornaltimoneiro.com.br\/index.php\/wp-json\/wp\/v2\/comments?post=34968"}],"version-history":[{"count":1,"href":"https:\/\/jornaltimoneiro.com.br\/index.php\/wp-json\/wp\/v2\/posts\/34968\/revisions"}],"predecessor-version":[{"id":34970,"href":"https:\/\/jornaltimoneiro.com.br\/index.php\/wp-json\/wp\/v2\/posts\/34968\/revisions\/34970"}],"wp:featuredmedia":[{"embeddable":true,"href":"https:\/\/jornaltimoneiro.com.br\/index.php\/wp-json\/wp\/v2\/media\/34969"}],"wp:attachment":[{"href":"https:\/\/jornaltimoneiro.com.br\/index.php\/wp-json\/wp\/v2\/media?parent=34968"}],"wp:term":[{"taxonomy":"category","embeddable":true,"href":"https:\/\/jornaltimoneiro.com.br\/index.php\/wp-json\/wp\/v2\/categories?post=34968"},{"taxonomy":"post_tag","embeddable":true,"href":"https:\/\/jornaltimoneiro.com.br\/index.php\/wp-json\/wp\/v2\/tags?post=34968"}],"curies":[{"name":"wp","href":"https:\/\/api.w.org\/{rel}","templated":true}]}}