{"id":34952,"date":"2025-05-13T14:29:51","date_gmt":"2025-05-13T17:29:51","guid":{"rendered":"https:\/\/jornaltimoneiro.com.br\/?p=34952"},"modified":"2025-05-13T14:29:51","modified_gmt":"2025-05-13T17:29:51","slug":"competicoes-escolares-canoenses-iniciam-disputa-de-skate-na-sexta-feira-16","status":"publish","type":"post","link":"https:\/\/jornaltimoneiro.com.br\/index.php\/2025\/05\/13\/competicoes-escolares-canoenses-iniciam-disputa-de-skate-na-sexta-feira-16\/","title":{"rendered":"Competi\u00e7\u00f5es Escolares Canoenses iniciam disputa de skate na sexta-feira, 16"},"content":{"rendered":"<p>Nesta sexta-feira, 16 de maio, ser\u00e1 realizada mais uma etapa das Competi\u00e7\u00f5es Escolares Canoense (CECA) 2025, com provas na modalidade Skate. As atividades acontecem das 8h \u00e0s 16h, no Parque Eduardo Gomes, localizado na Avenida Guilherme Schell, 3600, bairro F\u00e1tima. Participam estudantes de escolas municipais, estaduais, federais e particulares do munic\u00edpio.<\/p>\n<p>As provas acontecem nas categorias Mirim, Infantil e Juvenil, nos naipes masculino e feminino. A modalidade de skate foi inclu\u00edda no CECA em 2018 e, desde ent\u00e3o, tem ganhado destaque, impulsionada pela atua\u00e7\u00e3o de atletas locais, como a canoense Maria L\u00facia, medalhista e integrante da Sele\u00e7\u00e3o Brasileira de Skate Street, que estar\u00e1 presente no evento.<\/p>\n<p>Com o objetivo de incentivar a pr\u00e1tica esportiva nas escolas, o CECA promove a integra\u00e7\u00e3o entre os alunos, o fortalecimento da educa\u00e7\u00e3o e a revela\u00e7\u00e3o de novos talentos. Al\u00e9m do skate, a competi\u00e7\u00e3o contempla outras modalidades, como jud\u00f4, atletismo, basquete, futebol, futsal, handebol, xadrez, voleibol e h\u00f3quei.<\/p>\n<blockquote><p>\u201cA import\u00e2ncia do destaque de Canoas no esporte refor\u00e7a a representatividade do nosso munic\u00edpio na forma\u00e7\u00e3o de valores e identidade dos nossos estudantes, despertando o interesse pela pr\u00e1tica esportiva e competitiva\u201d, afirma o secret\u00e1rio de Esporte e Lazer, Luciano de Oliveira.<\/p><\/blockquote>\n","protected":false},"excerpt":{"rendered":"<p>Nesta sexta-feira, 16 de maio, ser\u00e1 realizada mais uma etapa das Competi\u00e7\u00f5es Escolares Canoense (CECA) 2025, com provas na modalidade Skate. As atividades acontecem das 8h \u00e0s 16h, no Parque Eduardo Gomes, localizado na Avenida Guilherme Schell, 3600, bairro F\u00e1tima. Participam estudantes de escolas municipais, estaduais, federais e particulares do munic\u00edpio. As provas acontecem nas [&hellip;]<\/p>\n","protected":false},"author":2,"featured_media":24643,"comment_status":"open","ping_status":"open","sticky":false,"template":"","format":"standard","meta":{"amp_status":"","footnotes":""},"categories":[24],"tags":[31,4235,4234,190,302,300],"class_list":["post-34952","post","type-post","status-publish","format-standard","has-post-thumbnail","hentry","category-esporte","tag-canoas","tag-ceca","tag-competicoes-escolares-canoneses","tag-featured","tag-maria-lucia","tag-skate"],"yoast_head":"<!-- This site is optimized with the Yoast SEO plugin v20.5 - https:\/\/yoast.com\/wordpress\/plugins\/seo\/ -->\n<title>Competi\u00e7\u00f5es Escolares Canoenses iniciam disputa de skate na sexta-feira, 16 - O Timoneiro Jornal Canoas RS<\/title>\n<meta name=\"description\" content=\"Nesta sexta-feira, 16 de maio, ser\u00e1 realizada mais uma etapa das Competi\u00e7\u00f5es Escolares Canoense (CECA) 2025, com provas na modalidade Skate\" \/>\n<meta name=\"robots\" content=\"index, follow, max-snippet:-1, max-image-preview:large, max-video-preview:-1\" \/>\n<link rel=\"canonical\" href=\"https:\/\/jornaltimoneiro.com.br\/index.php\/2025\/05\/13\/competicoes-escolares-canoenses-iniciam-disputa-de-skate-na-sexta-feira-16\/\" \/>\n<meta property=\"og:locale\" content=\"pt_BR\" \/>\n<meta property=\"og:type\" content=\"article\" \/>\n<meta property=\"og:title\" content=\"Competi\u00e7\u00f5es Escolares Canoenses iniciam disputa de skate na sexta-feira, 16 - O Timoneiro Jornal Canoas RS\" \/>\n<meta property=\"og:description\" content=\"Nesta sexta-feira, 16 de maio, ser\u00e1 realizada mais uma etapa das Competi\u00e7\u00f5es Escolares Canoense (CECA) 2025, com provas na modalidade Skate\" \/>\n<meta property=\"og:url\" content=\"https:\/\/jornaltimoneiro.com.br\/index.php\/2025\/05\/13\/competicoes-escolares-canoenses-iniciam-disputa-de-skate-na-sexta-feira-16\/\" \/>\n<meta property=\"og:site_name\" content=\"O Timoneiro Jornal Canoas RS\" \/>\n<meta property=\"article:publisher\" content=\"https:\/\/www.facebook.com\/jornaltimoneiro\" \/>\n<meta property=\"article:published_time\" content=\"2025-05-13T17:29:51+00:00\" \/>\n<meta property=\"og:image\" content=\"https:\/\/jornaltimoneiro.com.br\/wp-content\/uploads\/2023\/05\/WhatsApp-Image-2023-05-25-at-19.28.57.jpeg\" \/>\n\t<meta property=\"og:image:width\" content=\"980\" \/>\n\t<meta property=\"og:image:height\" content=\"554\" \/>\n\t<meta property=\"og:image:type\" content=\"image\/jpeg\" \/>\n<meta name=\"author\" content=\"Reda\u00e7\u00e3o\" \/>\n<meta name=\"twitter:card\" content=\"summary_large_image\" \/>\n<meta name=\"twitter:creator\" content=\"@_OTimoneiro\" \/>\n<meta name=\"twitter:site\" content=\"@_OTimoneiro\" \/>\n<meta name=\"twitter:label1\" content=\"Escrito por\" \/>\n\t<meta name=\"twitter:data1\" content=\"Reda\u00e7\u00e3o\" \/>\n\t<meta name=\"twitter:label2\" content=\"Est. tempo de leitura\" \/>\n\t<meta name=\"twitter:data2\" content=\"2 minutos\" \/>\n<script type=\"application\/ld+json\" class=\"yoast-schema-graph\">{\"@context\":\"https:\/\/schema.org\",\"@graph\":[{\"@type\":\"Article\",\"@id\":\"https:\/\/jornaltimoneiro.com.br\/index.php\/2025\/05\/13\/competicoes-escolares-canoenses-iniciam-disputa-de-skate-na-sexta-feira-16\/#article\",\"isPartOf\":{\"@id\":\"https:\/\/jornaltimoneiro.com.br\/index.php\/2025\/05\/13\/competicoes-escolares-canoenses-iniciam-disputa-de-skate-na-sexta-feira-16\/\"},\"author\":{\"name\":\"Reda\u00e7\u00e3o\",\"@id\":\"https:\/\/jornaltimoneiro.com.br\/#\/schema\/person\/f63482f1a02b1a9592707865e509ab40\"},\"headline\":\"Competi\u00e7\u00f5es Escolares Canoenses iniciam disputa de skate na sexta-feira, 16\",\"datePublished\":\"2025-05-13T17:29:51+00:00\",\"dateModified\":\"2025-05-13T17:29:51+00:00\",\"mainEntityOfPage\":{\"@id\":\"https:\/\/jornaltimoneiro.com.br\/index.php\/2025\/05\/13\/competicoes-escolares-canoenses-iniciam-disputa-de-skate-na-sexta-feira-16\/\"},\"wordCount\":221,\"commentCount\":0,\"publisher\":{\"@id\":\"https:\/\/jornaltimoneiro.com.br\/#organization\"},\"keywords\":[\"canoas\",\"ceca\",\"competi\u00e7\u00f5es escolares canoneses\",\"featured\",\"maria lucia\",\"skate\"],\"articleSection\":[\"Esporte\"],\"inLanguage\":\"pt-BR\",\"potentialAction\":[{\"@type\":\"CommentAction\",\"name\":\"Comment\",\"target\":[\"https:\/\/jornaltimoneiro.com.br\/index.php\/2025\/05\/13\/competicoes-escolares-canoenses-iniciam-disputa-de-skate-na-sexta-feira-16\/#respond\"]}]},{\"@type\":\"WebPage\",\"@id\":\"https:\/\/jornaltimoneiro.com.br\/index.php\/2025\/05\/13\/competicoes-escolares-canoenses-iniciam-disputa-de-skate-na-sexta-feira-16\/\",\"url\":\"https:\/\/jornaltimoneiro.com.br\/index.php\/2025\/05\/13\/competicoes-escolares-canoenses-iniciam-disputa-de-skate-na-sexta-feira-16\/\",\"name\":\"Competi\u00e7\u00f5es Escolares Canoenses iniciam disputa de skate na sexta-feira, 16 - O Timoneiro Jornal Canoas RS\",\"isPartOf\":{\"@id\":\"https:\/\/jornaltimoneiro.com.br\/#website\"},\"datePublished\":\"2025-05-13T17:29:51+00:00\",\"dateModified\":\"2025-05-13T17:29:51+00:00\",\"description\":\"Nesta sexta-feira, 16 de maio, ser\u00e1 realizada mais uma etapa das Competi\u00e7\u00f5es Escolares Canoense (CECA) 2025, com provas na modalidade Skate\",\"breadcrumb\":{\"@id\":\"https:\/\/jornaltimoneiro.com.br\/index.php\/2025\/05\/13\/competicoes-escolares-canoenses-iniciam-disputa-de-skate-na-sexta-feira-16\/#breadcrumb\"},\"inLanguage\":\"pt-BR\",\"potentialAction\":[{\"@type\":\"ReadAction\",\"target\":[\"https:\/\/jornaltimoneiro.com.br\/index.php\/2025\/05\/13\/competicoes-escolares-canoenses-iniciam-disputa-de-skate-na-sexta-feira-16\/\"]}]},{\"@type\":\"BreadcrumbList\",\"@id\":\"https:\/\/jornaltimoneiro.com.br\/index.php\/2025\/05\/13\/competicoes-escolares-canoenses-iniciam-disputa-de-skate-na-sexta-feira-16\/#breadcrumb\",\"itemListElement\":[{\"@type\":\"ListItem\",\"position\":1,\"name\":\"In\u00edcio\",\"item\":\"https:\/\/jornaltimoneiro.com.br\/\"},{\"@type\":\"ListItem\",\"position\":2,\"name\":\"Competi\u00e7\u00f5es Escolares Canoenses iniciam disputa de skate na sexta-feira, 16\"}]},{\"@type\":\"WebSite\",\"@id\":\"https:\/\/jornaltimoneiro.com.br\/#website\",\"url\":\"https:\/\/jornaltimoneiro.com.br\/\",\"name\":\"Jornal Timoneiro Canoas RS\",\"description\":\"Jornal O Timoneiro, o verdadeiro jornal de Canoas\",\"publisher\":{\"@id\":\"https:\/\/jornaltimoneiro.com.br\/#organization\"},\"potentialAction\":[{\"@type\":\"SearchAction\",\"target\":{\"@type\":\"EntryPoint\",\"urlTemplate\":\"https:\/\/jornaltimoneiro.com.br\/?s={search_term_string}\"},\"query-input\":\"required name=search_term_string\"}],\"inLanguage\":\"pt-BR\"},{\"@type\":\"Organization\",\"@id\":\"https:\/\/jornaltimoneiro.com.br\/#organization\",\"name\":\"Jornal Timoneiro Canoas RS\",\"url\":\"https:\/\/jornaltimoneiro.com.br\/\",\"logo\":{\"@type\":\"ImageObject\",\"inLanguage\":\"pt-BR\",\"@id\":\"https:\/\/jornaltimoneiro.com.br\/#\/schema\/logo\/image\/\",\"url\":\"https:\/\/jornaltimoneiro.com.br\/wp-content\/uploads\/2023\/03\/logonovo.png\",\"contentUrl\":\"https:\/\/jornaltimoneiro.com.br\/wp-content\/uploads\/2023\/03\/logonovo.png\",\"width\":\"469\",\"height\":\"171\",\"caption\":\"Jornal Timoneiro Canoas RS\"},\"image\":{\"@id\":\"https:\/\/jornaltimoneiro.com.br\/#\/schema\/logo\/image\/\"},\"sameAs\":[\"https:\/\/www.facebook.com\/jornaltimoneiro\",\"https:\/\/twitter.com\/_OTimoneiro\",\"https:\/\/www.instagram.com\/jornaltimoneirocanoas\/\",\"https:\/\/www.youtube.com\/@jornalotimoneiro7927\"]},{\"@type\":\"Person\",\"@id\":\"https:\/\/jornaltimoneiro.com.br\/#\/schema\/person\/f63482f1a02b1a9592707865e509ab40\",\"name\":\"Reda\u00e7\u00e3o\",\"image\":{\"@type\":\"ImageObject\",\"inLanguage\":\"pt-BR\",\"@id\":\"https:\/\/jornaltimoneiro.com.br\/#\/schema\/person\/image\/\",\"url\":\"https:\/\/jornaltimoneiro.com.br\/wp-content\/uploads\/2023\/03\/download.jpeg\",\"contentUrl\":\"https:\/\/jornaltimoneiro.com.br\/wp-content\/uploads\/2023\/03\/download.jpeg\",\"caption\":\"Reda\u00e7\u00e3o\"},\"url\":\"https:\/\/jornaltimoneiro.com.br\/index.php\/author\/simone-dutra\/\"}]}<\/script>\n<!-- \/ Yoast SEO plugin. -->","yoast_head_json":{"title":"Competi\u00e7\u00f5es Escolares Canoenses iniciam disputa de skate na sexta-feira, 16 - O Timoneiro Jornal Canoas RS","description":"Nesta sexta-feira, 16 de maio, ser\u00e1 realizada mais uma etapa das Competi\u00e7\u00f5es Escolares Canoense (CECA) 2025, com provas na modalidade Skate","robots":{"index":"index","follow":"follow","max-snippet":"max-snippet:-1","max-image-preview":"max-image-preview:large","max-video-preview":"max-video-preview:-1"},"canonical":"https:\/\/jornaltimoneiro.com.br\/index.php\/2025\/05\/13\/competicoes-escolares-canoenses-iniciam-disputa-de-skate-na-sexta-feira-16\/","og_locale":"pt_BR","og_type":"article","og_title":"Competi\u00e7\u00f5es Escolares Canoenses iniciam disputa de skate na sexta-feira, 16 - O Timoneiro Jornal Canoas RS","og_description":"Nesta sexta-feira, 16 de maio, ser\u00e1 realizada mais uma etapa das Competi\u00e7\u00f5es Escolares Canoense (CECA) 2025, com provas na modalidade Skate","og_url":"https:\/\/jornaltimoneiro.com.br\/index.php\/2025\/05\/13\/competicoes-escolares-canoenses-iniciam-disputa-de-skate-na-sexta-feira-16\/","og_site_name":"O Timoneiro Jornal Canoas RS","article_publisher":"https:\/\/www.facebook.com\/jornaltimoneiro","article_published_time":"2025-05-13T17:29:51+00:00","og_image":[{"width":"980","height":"554","url":"https:\/\/jornaltimoneiro.com.br\/wp-content\/uploads\/2023\/05\/WhatsApp-Image-2023-05-25-at-19.28.57.jpeg","type":"image\/jpeg"}],"author":"Reda\u00e7\u00e3o","twitter_card":"summary_large_image","twitter_creator":"@_OTimoneiro","twitter_site":"@_OTimoneiro","twitter_misc":{"Escrito por":"Reda\u00e7\u00e3o","Est. tempo de leitura":"2 minutos"},"schema":{"@context":"https:\/\/schema.org","@graph":[{"@type":"Article","@id":"https:\/\/jornaltimoneiro.com.br\/index.php\/2025\/05\/13\/competicoes-escolares-canoenses-iniciam-disputa-de-skate-na-sexta-feira-16\/#article","isPartOf":{"@id":"https:\/\/jornaltimoneiro.com.br\/index.php\/2025\/05\/13\/competicoes-escolares-canoenses-iniciam-disputa-de-skate-na-sexta-feira-16\/"},"author":{"name":"Reda\u00e7\u00e3o","@id":"https:\/\/jornaltimoneiro.com.br\/#\/schema\/person\/f63482f1a02b1a9592707865e509ab40"},"headline":"Competi\u00e7\u00f5es Escolares Canoenses iniciam disputa de skate na sexta-feira, 16","datePublished":"2025-05-13T17:29:51+00:00","dateModified":"2025-05-13T17:29:51+00:00","mainEntityOfPage":{"@id":"https:\/\/jornaltimoneiro.com.br\/index.php\/2025\/05\/13\/competicoes-escolares-canoenses-iniciam-disputa-de-skate-na-sexta-feira-16\/"},"wordCount":221,"commentCount":0,"publisher":{"@id":"https:\/\/jornaltimoneiro.com.br\/#organization"},"keywords":["canoas","ceca","competi\u00e7\u00f5es escolares canoneses","featured","maria lucia","skate"],"articleSection":["Esporte"],"inLanguage":"pt-BR","potentialAction":[{"@type":"CommentAction","name":"Comment","target":["https:\/\/jornaltimoneiro.com.br\/index.php\/2025\/05\/13\/competicoes-escolares-canoenses-iniciam-disputa-de-skate-na-sexta-feira-16\/#respond"]}]},{"@type":"WebPage","@id":"https:\/\/jornaltimoneiro.com.br\/index.php\/2025\/05\/13\/competicoes-escolares-canoenses-iniciam-disputa-de-skate-na-sexta-feira-16\/","url":"https:\/\/jornaltimoneiro.com.br\/index.php\/2025\/05\/13\/competicoes-escolares-canoenses-iniciam-disputa-de-skate-na-sexta-feira-16\/","name":"Competi\u00e7\u00f5es Escolares Canoenses iniciam disputa de skate na sexta-feira, 16 - O Timoneiro Jornal Canoas RS","isPartOf":{"@id":"https:\/\/jornaltimoneiro.com.br\/#website"},"datePublished":"2025-05-13T17:29:51+00:00","dateModified":"2025-05-13T17:29:51+00:00","description":"Nesta sexta-feira, 16 de maio, ser\u00e1 realizada mais uma etapa das Competi\u00e7\u00f5es Escolares Canoense (CECA) 2025, com provas na modalidade Skate","breadcrumb":{"@id":"https:\/\/jornaltimoneiro.com.br\/index.php\/2025\/05\/13\/competicoes-escolares-canoenses-iniciam-disputa-de-skate-na-sexta-feira-16\/#breadcrumb"},"inLanguage":"pt-BR","potentialAction":[{"@type":"ReadAction","target":["https:\/\/jornaltimoneiro.com.br\/index.php\/2025\/05\/13\/competicoes-escolares-canoenses-iniciam-disputa-de-skate-na-sexta-feira-16\/"]}]},{"@type":"BreadcrumbList","@id":"https:\/\/jornaltimoneiro.com.br\/index.php\/2025\/05\/13\/competicoes-escolares-canoenses-iniciam-disputa-de-skate-na-sexta-feira-16\/#breadcrumb","itemListElement":[{"@type":"ListItem","position":1,"name":"In\u00edcio","item":"https:\/\/jornaltimoneiro.com.br\/"},{"@type":"ListItem","position":2,"name":"Competi\u00e7\u00f5es Escolares Canoenses iniciam disputa de skate na sexta-feira, 16"}]},{"@type":"WebSite","@id":"https:\/\/jornaltimoneiro.com.br\/#website","url":"https:\/\/jornaltimoneiro.com.br\/","name":"Jornal Timoneiro Canoas RS","description":"Jornal O Timoneiro, o verdadeiro jornal de Canoas","publisher":{"@id":"https:\/\/jornaltimoneiro.com.br\/#organization"},"potentialAction":[{"@type":"SearchAction","target":{"@type":"EntryPoint","urlTemplate":"https:\/\/jornaltimoneiro.com.br\/?s={search_term_string}"},"query-input":"required name=search_term_string"}],"inLanguage":"pt-BR"},{"@type":"Organization","@id":"https:\/\/jornaltimoneiro.com.br\/#organization","name":"Jornal Timoneiro Canoas RS","url":"https:\/\/jornaltimoneiro.com.br\/","logo":{"@type":"ImageObject","inLanguage":"pt-BR","@id":"https:\/\/jornaltimoneiro.com.br\/#\/schema\/logo\/image\/","url":"https:\/\/jornaltimoneiro.com.br\/wp-content\/uploads\/2023\/03\/logonovo.png","contentUrl":"https:\/\/jornaltimoneiro.com.br\/wp-content\/uploads\/2023\/03\/logonovo.png","width":"469","height":"171","caption":"Jornal Timoneiro Canoas RS"},"image":{"@id":"https:\/\/jornaltimoneiro.com.br\/#\/schema\/logo\/image\/"},"sameAs":["https:\/\/www.facebook.com\/jornaltimoneiro","https:\/\/twitter.com\/_OTimoneiro","https:\/\/www.instagram.com\/jornaltimoneirocanoas\/","https:\/\/www.youtube.com\/@jornalotimoneiro7927"]},{"@type":"Person","@id":"https:\/\/jornaltimoneiro.com.br\/#\/schema\/person\/f63482f1a02b1a9592707865e509ab40","name":"Reda\u00e7\u00e3o","image":{"@type":"ImageObject","inLanguage":"pt-BR","@id":"https:\/\/jornaltimoneiro.com.br\/#\/schema\/person\/image\/","url":"https:\/\/jornaltimoneiro.com.br\/wp-content\/uploads\/2023\/03\/download.jpeg","contentUrl":"https:\/\/jornaltimoneiro.com.br\/wp-content\/uploads\/2023\/03\/download.jpeg","caption":"Reda\u00e7\u00e3o"},"url":"https:\/\/jornaltimoneiro.com.br\/index.php\/author\/simone-dutra\/"}]}},"_links":{"self":[{"href":"https:\/\/jornaltimoneiro.com.br\/index.php\/wp-json\/wp\/v2\/posts\/34952"}],"collection":[{"href":"https:\/\/jornaltimoneiro.com.br\/index.php\/wp-json\/wp\/v2\/posts"}],"about":[{"href":"https:\/\/jornaltimoneiro.com.br\/index.php\/wp-json\/wp\/v2\/types\/post"}],"author":[{"embeddable":true,"href":"https:\/\/jornaltimoneiro.com.br\/index.php\/wp-json\/wp\/v2\/users\/2"}],"replies":[{"embeddable":true,"href":"https:\/\/jornaltimoneiro.com.br\/index.php\/wp-json\/wp\/v2\/comments?post=34952"}],"version-history":[{"count":1,"href":"https:\/\/jornaltimoneiro.com.br\/index.php\/wp-json\/wp\/v2\/posts\/34952\/revisions"}],"predecessor-version":[{"id":34953,"href":"https:\/\/jornaltimoneiro.com.br\/index.php\/wp-json\/wp\/v2\/posts\/34952\/revisions\/34953"}],"wp:featuredmedia":[{"embeddable":true,"href":"https:\/\/jornaltimoneiro.com.br\/index.php\/wp-json\/wp\/v2\/media\/24643"}],"wp:attachment":[{"href":"https:\/\/jornaltimoneiro.com.br\/index.php\/wp-json\/wp\/v2\/media?parent=34952"}],"wp:term":[{"taxonomy":"category","embeddable":true,"href":"https:\/\/jornaltimoneiro.com.br\/index.php\/wp-json\/wp\/v2\/categories?post=34952"},{"taxonomy":"post_tag","embeddable":true,"href":"https:\/\/jornaltimoneiro.com.br\/index.php\/wp-json\/wp\/v2\/tags?post=34952"}],"curies":[{"name":"wp","href":"https:\/\/api.w.org\/{rel}","templated":true}]}}