{"id":34856,"date":"2025-05-05T11:29:02","date_gmt":"2025-05-05T14:29:02","guid":{"rendered":"https:\/\/jornaltimoneiro.com.br\/?p=34856"},"modified":"2025-05-05T11:29:02","modified_gmt":"2025-05-05T14:29:02","slug":"semana-do-uso-racional-de-medicamentos-comeca-nesta-segunda-feira-5","status":"publish","type":"post","link":"https:\/\/jornaltimoneiro.com.br\/index.php\/2025\/05\/05\/semana-do-uso-racional-de-medicamentos-comeca-nesta-segunda-feira-5\/","title":{"rendered":"Semana do Uso Racional de Medicamentos come\u00e7a nesta segunda-feira, 5"},"content":{"rendered":"<p>Come\u00e7a nesta segunda-feira, 5, a II Semana do Uso Racional de Medicamentos. O evento, voltado para farmac\u00eauticos, m\u00e9dicos, enfermeiros e demais profissionais de sa\u00fade, al\u00e9m da popula\u00e7\u00e3o em geral, ter\u00e1 programa\u00e7\u00e3o at\u00e9 o dia 12 de maio.<\/p>\n<p>A programa\u00e7\u00e3o come\u00e7a com um semin\u00e1rio sobre o uso racional de medicamentos na manh\u00e3 de segunda-feira, no pr\u00e9dio 1 da Ulbra (Avenida Farroupilha, 8001, bairro S\u00e3o Jos\u00e9), voltado para agentes comunit\u00e1rios de sa\u00fade, farmac\u00eauticos, enfermeiros, t\u00e9cnicos de Enfermagem e acad\u00eamicos de Farm\u00e1cia.<\/p>\n<p>A cerim\u00f4nia de abertura acontece \u00e0s 9 horas e, \u00e0s 9h30, ser\u00e1 realizada a primeira palestra da manh\u00e3, com o tema Uso Racional de Plantas Medicinais e Fitoter\u00e1picos. \u00c0s 11h15 ser\u00e1 realizada a palestra Apresenta\u00e7\u00e3o dos Projetos de Avan\u00e7os da Pol\u00edtica da Assist\u00eancia Farmac\u00eautica de Canoas: Consult\u00f3rios Farmac\u00eauticos e Pol\u00edtica de Plantas Medicinais e Fitoter\u00e1picos.<\/p>\n<p>Na ter\u00e7a-feira, 6, a Secretaria Municipal da Sa\u00fade e o Conselho Regional de Farm\u00e1cia do Rio Grande do Sul (CRF\/RS) realizam uma a\u00e7\u00e3o de orienta\u00e7\u00e3o da popula\u00e7\u00e3o no Cal\u00e7ad\u00e3o, no Centro de Canoas, com entrega de panfletos, aferi\u00e7\u00e3o de press\u00e3o arterial e glicose. O CRF\/RS tamb\u00e9m vai oferecer servi\u00e7os administrativos, como inscri\u00e7\u00f5es profissionais e baixas de registros de empresas, na C\u00e2mara de Vereadores, das 9 \u00e0s 16 horas.<\/p>\n<p>Para a manh\u00e3 quinta-feira, das 9 horas ao meio-dia, est\u00e1 programada uma a\u00e7\u00e3o, na unidade de sa\u00fade Uni\u00e3o, no bairro Mathias Velho, de rastreamento e promo\u00e7\u00e3o do uso racional de medicamentos. Ser\u00e3o ofertados servi\u00e7os de aferi\u00e7\u00e3o de press\u00e3o arterial e glicose na unidade de sa\u00fade e agentes far\u00e3o visitas domiciliares para orienta\u00e7\u00e3o de pacientes.<\/p>\n<p>O encerramento da programa\u00e7\u00e3o ser\u00e1 na segunda-feira (12), com a inaugura\u00e7\u00e3o dos consult\u00f3rios farmac\u00eauticos na Farm\u00e1cia B\u00e1sica Central (Avenida Santos Ferreira, 1655, bairro Marechal Rondon) e na Farm\u00e1cia do Estado.<\/p>\n","protected":false},"excerpt":{"rendered":"<p>Come\u00e7a nesta segunda-feira, 5, a II Semana do Uso Racional de Medicamentos. O evento, voltado para farmac\u00eauticos, m\u00e9dicos, enfermeiros e demais profissionais de sa\u00fade, al\u00e9m da popula\u00e7\u00e3o em geral, ter\u00e1 programa\u00e7\u00e3o at\u00e9 o dia 12 de maio. A programa\u00e7\u00e3o come\u00e7a com um semin\u00e1rio sobre o uso racional de medicamentos na manh\u00e3 de segunda-feira, no pr\u00e9dio [&hellip;]<\/p>\n","protected":false},"author":2,"featured_media":34857,"comment_status":"open","ping_status":"open","sticky":false,"template":"","format":"standard","meta":{"amp_status":"","footnotes":""},"categories":[26],"tags":[31,190,2333],"class_list":["post-34856","post","type-post","status-publish","format-standard","has-post-thumbnail","hentry","category-saude","tag-canoas","tag-featured","tag-medicamentos"],"yoast_head":"<!-- This site is optimized with the Yoast SEO plugin v20.5 - https:\/\/yoast.com\/wordpress\/plugins\/seo\/ -->\n<title>Semana do Uso Racional de Medicamentos come\u00e7a nesta segunda-feira, 5 - O Timoneiro Jornal Canoas RS<\/title>\n<meta name=\"description\" content=\"Come\u00e7a nesta segunda-feira, 5, a II Semana do Uso Racional de Medicamentos. O evento, voltado para farmac\u00eauticos, m\u00e9dicos, enfermeiros\" \/>\n<meta name=\"robots\" content=\"index, follow, max-snippet:-1, max-image-preview:large, max-video-preview:-1\" \/>\n<link rel=\"canonical\" href=\"https:\/\/jornaltimoneiro.com.br\/index.php\/2025\/05\/05\/semana-do-uso-racional-de-medicamentos-comeca-nesta-segunda-feira-5\/\" \/>\n<meta property=\"og:locale\" content=\"pt_BR\" \/>\n<meta property=\"og:type\" content=\"article\" \/>\n<meta property=\"og:title\" content=\"Semana do Uso Racional de Medicamentos come\u00e7a nesta segunda-feira, 5 - O Timoneiro Jornal Canoas RS\" \/>\n<meta property=\"og:description\" content=\"Come\u00e7a nesta segunda-feira, 5, a II Semana do Uso Racional de Medicamentos. O evento, voltado para farmac\u00eauticos, m\u00e9dicos, enfermeiros\" \/>\n<meta property=\"og:url\" content=\"https:\/\/jornaltimoneiro.com.br\/index.php\/2025\/05\/05\/semana-do-uso-racional-de-medicamentos-comeca-nesta-segunda-feira-5\/\" \/>\n<meta property=\"og:site_name\" content=\"O Timoneiro Jornal Canoas RS\" \/>\n<meta property=\"article:publisher\" content=\"https:\/\/www.facebook.com\/jornaltimoneiro\" \/>\n<meta property=\"article:published_time\" content=\"2025-05-05T14:29:02+00:00\" \/>\n<meta property=\"og:image\" content=\"https:\/\/jornaltimoneiro.com.br\/wp-content\/uploads\/2025\/05\/RED-24-04-24-FARMACIA-DA-PREFEITURA-CAIC-GUAJURIVAS-BRUNA-OURIQUE-24-e1746455329864.jpg\" \/>\n\t<meta property=\"og:image:width\" content=\"1080\" \/>\n\t<meta property=\"og:image:height\" content=\"720\" \/>\n\t<meta property=\"og:image:type\" content=\"image\/jpeg\" \/>\n<meta name=\"author\" content=\"Reda\u00e7\u00e3o\" \/>\n<meta name=\"twitter:card\" content=\"summary_large_image\" \/>\n<meta name=\"twitter:creator\" content=\"@_OTimoneiro\" \/>\n<meta name=\"twitter:site\" content=\"@_OTimoneiro\" \/>\n<meta name=\"twitter:label1\" content=\"Escrito por\" \/>\n\t<meta name=\"twitter:data1\" content=\"Reda\u00e7\u00e3o\" \/>\n\t<meta name=\"twitter:label2\" content=\"Est. tempo de leitura\" \/>\n\t<meta name=\"twitter:data2\" content=\"2 minutos\" \/>\n<script type=\"application\/ld+json\" class=\"yoast-schema-graph\">{\"@context\":\"https:\/\/schema.org\",\"@graph\":[{\"@type\":\"Article\",\"@id\":\"https:\/\/jornaltimoneiro.com.br\/index.php\/2025\/05\/05\/semana-do-uso-racional-de-medicamentos-comeca-nesta-segunda-feira-5\/#article\",\"isPartOf\":{\"@id\":\"https:\/\/jornaltimoneiro.com.br\/index.php\/2025\/05\/05\/semana-do-uso-racional-de-medicamentos-comeca-nesta-segunda-feira-5\/\"},\"author\":{\"name\":\"Reda\u00e7\u00e3o\",\"@id\":\"https:\/\/jornaltimoneiro.com.br\/#\/schema\/person\/f63482f1a02b1a9592707865e509ab40\"},\"headline\":\"Semana do Uso Racional de Medicamentos come\u00e7a nesta segunda-feira, 5\",\"datePublished\":\"2025-05-05T14:29:02+00:00\",\"dateModified\":\"2025-05-05T14:29:02+00:00\",\"mainEntityOfPage\":{\"@id\":\"https:\/\/jornaltimoneiro.com.br\/index.php\/2025\/05\/05\/semana-do-uso-racional-de-medicamentos-comeca-nesta-segunda-feira-5\/\"},\"wordCount\":348,\"commentCount\":0,\"publisher\":{\"@id\":\"https:\/\/jornaltimoneiro.com.br\/#organization\"},\"keywords\":[\"canoas\",\"featured\",\"medicamentos\"],\"articleSection\":[\"Sa\u00fade\"],\"inLanguage\":\"pt-BR\",\"potentialAction\":[{\"@type\":\"CommentAction\",\"name\":\"Comment\",\"target\":[\"https:\/\/jornaltimoneiro.com.br\/index.php\/2025\/05\/05\/semana-do-uso-racional-de-medicamentos-comeca-nesta-segunda-feira-5\/#respond\"]}]},{\"@type\":\"WebPage\",\"@id\":\"https:\/\/jornaltimoneiro.com.br\/index.php\/2025\/05\/05\/semana-do-uso-racional-de-medicamentos-comeca-nesta-segunda-feira-5\/\",\"url\":\"https:\/\/jornaltimoneiro.com.br\/index.php\/2025\/05\/05\/semana-do-uso-racional-de-medicamentos-comeca-nesta-segunda-feira-5\/\",\"name\":\"Semana do Uso Racional de Medicamentos come\u00e7a nesta segunda-feira, 5 - O Timoneiro Jornal Canoas RS\",\"isPartOf\":{\"@id\":\"https:\/\/jornaltimoneiro.com.br\/#website\"},\"datePublished\":\"2025-05-05T14:29:02+00:00\",\"dateModified\":\"2025-05-05T14:29:02+00:00\",\"description\":\"Come\u00e7a nesta segunda-feira, 5, a II Semana do Uso Racional de Medicamentos. O evento, voltado para farmac\u00eauticos, m\u00e9dicos, enfermeiros\",\"breadcrumb\":{\"@id\":\"https:\/\/jornaltimoneiro.com.br\/index.php\/2025\/05\/05\/semana-do-uso-racional-de-medicamentos-comeca-nesta-segunda-feira-5\/#breadcrumb\"},\"inLanguage\":\"pt-BR\",\"potentialAction\":[{\"@type\":\"ReadAction\",\"target\":[\"https:\/\/jornaltimoneiro.com.br\/index.php\/2025\/05\/05\/semana-do-uso-racional-de-medicamentos-comeca-nesta-segunda-feira-5\/\"]}]},{\"@type\":\"BreadcrumbList\",\"@id\":\"https:\/\/jornaltimoneiro.com.br\/index.php\/2025\/05\/05\/semana-do-uso-racional-de-medicamentos-comeca-nesta-segunda-feira-5\/#breadcrumb\",\"itemListElement\":[{\"@type\":\"ListItem\",\"position\":1,\"name\":\"In\u00edcio\",\"item\":\"https:\/\/jornaltimoneiro.com.br\/\"},{\"@type\":\"ListItem\",\"position\":2,\"name\":\"Semana do Uso Racional de Medicamentos come\u00e7a nesta segunda-feira, 5\"}]},{\"@type\":\"WebSite\",\"@id\":\"https:\/\/jornaltimoneiro.com.br\/#website\",\"url\":\"https:\/\/jornaltimoneiro.com.br\/\",\"name\":\"Jornal Timoneiro Canoas RS\",\"description\":\"Jornal O Timoneiro, o verdadeiro jornal de Canoas\",\"publisher\":{\"@id\":\"https:\/\/jornaltimoneiro.com.br\/#organization\"},\"potentialAction\":[{\"@type\":\"SearchAction\",\"target\":{\"@type\":\"EntryPoint\",\"urlTemplate\":\"https:\/\/jornaltimoneiro.com.br\/?s={search_term_string}\"},\"query-input\":\"required name=search_term_string\"}],\"inLanguage\":\"pt-BR\"},{\"@type\":\"Organization\",\"@id\":\"https:\/\/jornaltimoneiro.com.br\/#organization\",\"name\":\"Jornal Timoneiro Canoas RS\",\"url\":\"https:\/\/jornaltimoneiro.com.br\/\",\"logo\":{\"@type\":\"ImageObject\",\"inLanguage\":\"pt-BR\",\"@id\":\"https:\/\/jornaltimoneiro.com.br\/#\/schema\/logo\/image\/\",\"url\":\"https:\/\/jornaltimoneiro.com.br\/wp-content\/uploads\/2023\/03\/logonovo.png\",\"contentUrl\":\"https:\/\/jornaltimoneiro.com.br\/wp-content\/uploads\/2023\/03\/logonovo.png\",\"width\":\"469\",\"height\":\"171\",\"caption\":\"Jornal Timoneiro Canoas RS\"},\"image\":{\"@id\":\"https:\/\/jornaltimoneiro.com.br\/#\/schema\/logo\/image\/\"},\"sameAs\":[\"https:\/\/www.facebook.com\/jornaltimoneiro\",\"https:\/\/twitter.com\/_OTimoneiro\",\"https:\/\/www.instagram.com\/jornaltimoneirocanoas\/\",\"https:\/\/www.youtube.com\/@jornalotimoneiro7927\"]},{\"@type\":\"Person\",\"@id\":\"https:\/\/jornaltimoneiro.com.br\/#\/schema\/person\/f63482f1a02b1a9592707865e509ab40\",\"name\":\"Reda\u00e7\u00e3o\",\"image\":{\"@type\":\"ImageObject\",\"inLanguage\":\"pt-BR\",\"@id\":\"https:\/\/jornaltimoneiro.com.br\/#\/schema\/person\/image\/\",\"url\":\"https:\/\/jornaltimoneiro.com.br\/wp-content\/uploads\/2023\/03\/download.jpeg\",\"contentUrl\":\"https:\/\/jornaltimoneiro.com.br\/wp-content\/uploads\/2023\/03\/download.jpeg\",\"caption\":\"Reda\u00e7\u00e3o\"},\"url\":\"https:\/\/jornaltimoneiro.com.br\/index.php\/author\/simone-dutra\/\"}]}<\/script>\n<!-- \/ Yoast SEO plugin. -->","yoast_head_json":{"title":"Semana do Uso Racional de Medicamentos come\u00e7a nesta segunda-feira, 5 - O Timoneiro Jornal Canoas RS","description":"Come\u00e7a nesta segunda-feira, 5, a II Semana do Uso Racional de Medicamentos. O evento, voltado para farmac\u00eauticos, m\u00e9dicos, enfermeiros","robots":{"index":"index","follow":"follow","max-snippet":"max-snippet:-1","max-image-preview":"max-image-preview:large","max-video-preview":"max-video-preview:-1"},"canonical":"https:\/\/jornaltimoneiro.com.br\/index.php\/2025\/05\/05\/semana-do-uso-racional-de-medicamentos-comeca-nesta-segunda-feira-5\/","og_locale":"pt_BR","og_type":"article","og_title":"Semana do Uso Racional de Medicamentos come\u00e7a nesta segunda-feira, 5 - O Timoneiro Jornal Canoas RS","og_description":"Come\u00e7a nesta segunda-feira, 5, a II Semana do Uso Racional de Medicamentos. O evento, voltado para farmac\u00eauticos, m\u00e9dicos, enfermeiros","og_url":"https:\/\/jornaltimoneiro.com.br\/index.php\/2025\/05\/05\/semana-do-uso-racional-de-medicamentos-comeca-nesta-segunda-feira-5\/","og_site_name":"O Timoneiro Jornal Canoas RS","article_publisher":"https:\/\/www.facebook.com\/jornaltimoneiro","article_published_time":"2025-05-05T14:29:02+00:00","og_image":[{"width":1080,"height":720,"url":"https:\/\/jornaltimoneiro.com.br\/wp-content\/uploads\/2025\/05\/RED-24-04-24-FARMACIA-DA-PREFEITURA-CAIC-GUAJURIVAS-BRUNA-OURIQUE-24-e1746455329864.jpg","type":"image\/jpeg"}],"author":"Reda\u00e7\u00e3o","twitter_card":"summary_large_image","twitter_creator":"@_OTimoneiro","twitter_site":"@_OTimoneiro","twitter_misc":{"Escrito por":"Reda\u00e7\u00e3o","Est. tempo de leitura":"2 minutos"},"schema":{"@context":"https:\/\/schema.org","@graph":[{"@type":"Article","@id":"https:\/\/jornaltimoneiro.com.br\/index.php\/2025\/05\/05\/semana-do-uso-racional-de-medicamentos-comeca-nesta-segunda-feira-5\/#article","isPartOf":{"@id":"https:\/\/jornaltimoneiro.com.br\/index.php\/2025\/05\/05\/semana-do-uso-racional-de-medicamentos-comeca-nesta-segunda-feira-5\/"},"author":{"name":"Reda\u00e7\u00e3o","@id":"https:\/\/jornaltimoneiro.com.br\/#\/schema\/person\/f63482f1a02b1a9592707865e509ab40"},"headline":"Semana do Uso Racional de Medicamentos come\u00e7a nesta segunda-feira, 5","datePublished":"2025-05-05T14:29:02+00:00","dateModified":"2025-05-05T14:29:02+00:00","mainEntityOfPage":{"@id":"https:\/\/jornaltimoneiro.com.br\/index.php\/2025\/05\/05\/semana-do-uso-racional-de-medicamentos-comeca-nesta-segunda-feira-5\/"},"wordCount":348,"commentCount":0,"publisher":{"@id":"https:\/\/jornaltimoneiro.com.br\/#organization"},"keywords":["canoas","featured","medicamentos"],"articleSection":["Sa\u00fade"],"inLanguage":"pt-BR","potentialAction":[{"@type":"CommentAction","name":"Comment","target":["https:\/\/jornaltimoneiro.com.br\/index.php\/2025\/05\/05\/semana-do-uso-racional-de-medicamentos-comeca-nesta-segunda-feira-5\/#respond"]}]},{"@type":"WebPage","@id":"https:\/\/jornaltimoneiro.com.br\/index.php\/2025\/05\/05\/semana-do-uso-racional-de-medicamentos-comeca-nesta-segunda-feira-5\/","url":"https:\/\/jornaltimoneiro.com.br\/index.php\/2025\/05\/05\/semana-do-uso-racional-de-medicamentos-comeca-nesta-segunda-feira-5\/","name":"Semana do Uso Racional de Medicamentos come\u00e7a nesta segunda-feira, 5 - O Timoneiro Jornal Canoas RS","isPartOf":{"@id":"https:\/\/jornaltimoneiro.com.br\/#website"},"datePublished":"2025-05-05T14:29:02+00:00","dateModified":"2025-05-05T14:29:02+00:00","description":"Come\u00e7a nesta segunda-feira, 5, a II Semana do Uso Racional de Medicamentos. O evento, voltado para farmac\u00eauticos, m\u00e9dicos, enfermeiros","breadcrumb":{"@id":"https:\/\/jornaltimoneiro.com.br\/index.php\/2025\/05\/05\/semana-do-uso-racional-de-medicamentos-comeca-nesta-segunda-feira-5\/#breadcrumb"},"inLanguage":"pt-BR","potentialAction":[{"@type":"ReadAction","target":["https:\/\/jornaltimoneiro.com.br\/index.php\/2025\/05\/05\/semana-do-uso-racional-de-medicamentos-comeca-nesta-segunda-feira-5\/"]}]},{"@type":"BreadcrumbList","@id":"https:\/\/jornaltimoneiro.com.br\/index.php\/2025\/05\/05\/semana-do-uso-racional-de-medicamentos-comeca-nesta-segunda-feira-5\/#breadcrumb","itemListElement":[{"@type":"ListItem","position":1,"name":"In\u00edcio","item":"https:\/\/jornaltimoneiro.com.br\/"},{"@type":"ListItem","position":2,"name":"Semana do Uso Racional de Medicamentos come\u00e7a nesta segunda-feira, 5"}]},{"@type":"WebSite","@id":"https:\/\/jornaltimoneiro.com.br\/#website","url":"https:\/\/jornaltimoneiro.com.br\/","name":"Jornal Timoneiro Canoas RS","description":"Jornal O Timoneiro, o verdadeiro jornal de Canoas","publisher":{"@id":"https:\/\/jornaltimoneiro.com.br\/#organization"},"potentialAction":[{"@type":"SearchAction","target":{"@type":"EntryPoint","urlTemplate":"https:\/\/jornaltimoneiro.com.br\/?s={search_term_string}"},"query-input":"required name=search_term_string"}],"inLanguage":"pt-BR"},{"@type":"Organization","@id":"https:\/\/jornaltimoneiro.com.br\/#organization","name":"Jornal Timoneiro Canoas RS","url":"https:\/\/jornaltimoneiro.com.br\/","logo":{"@type":"ImageObject","inLanguage":"pt-BR","@id":"https:\/\/jornaltimoneiro.com.br\/#\/schema\/logo\/image\/","url":"https:\/\/jornaltimoneiro.com.br\/wp-content\/uploads\/2023\/03\/logonovo.png","contentUrl":"https:\/\/jornaltimoneiro.com.br\/wp-content\/uploads\/2023\/03\/logonovo.png","width":"469","height":"171","caption":"Jornal Timoneiro Canoas RS"},"image":{"@id":"https:\/\/jornaltimoneiro.com.br\/#\/schema\/logo\/image\/"},"sameAs":["https:\/\/www.facebook.com\/jornaltimoneiro","https:\/\/twitter.com\/_OTimoneiro","https:\/\/www.instagram.com\/jornaltimoneirocanoas\/","https:\/\/www.youtube.com\/@jornalotimoneiro7927"]},{"@type":"Person","@id":"https:\/\/jornaltimoneiro.com.br\/#\/schema\/person\/f63482f1a02b1a9592707865e509ab40","name":"Reda\u00e7\u00e3o","image":{"@type":"ImageObject","inLanguage":"pt-BR","@id":"https:\/\/jornaltimoneiro.com.br\/#\/schema\/person\/image\/","url":"https:\/\/jornaltimoneiro.com.br\/wp-content\/uploads\/2023\/03\/download.jpeg","contentUrl":"https:\/\/jornaltimoneiro.com.br\/wp-content\/uploads\/2023\/03\/download.jpeg","caption":"Reda\u00e7\u00e3o"},"url":"https:\/\/jornaltimoneiro.com.br\/index.php\/author\/simone-dutra\/"}]}},"_links":{"self":[{"href":"https:\/\/jornaltimoneiro.com.br\/index.php\/wp-json\/wp\/v2\/posts\/34856"}],"collection":[{"href":"https:\/\/jornaltimoneiro.com.br\/index.php\/wp-json\/wp\/v2\/posts"}],"about":[{"href":"https:\/\/jornaltimoneiro.com.br\/index.php\/wp-json\/wp\/v2\/types\/post"}],"author":[{"embeddable":true,"href":"https:\/\/jornaltimoneiro.com.br\/index.php\/wp-json\/wp\/v2\/users\/2"}],"replies":[{"embeddable":true,"href":"https:\/\/jornaltimoneiro.com.br\/index.php\/wp-json\/wp\/v2\/comments?post=34856"}],"version-history":[{"count":1,"href":"https:\/\/jornaltimoneiro.com.br\/index.php\/wp-json\/wp\/v2\/posts\/34856\/revisions"}],"predecessor-version":[{"id":34858,"href":"https:\/\/jornaltimoneiro.com.br\/index.php\/wp-json\/wp\/v2\/posts\/34856\/revisions\/34858"}],"wp:featuredmedia":[{"embeddable":true,"href":"https:\/\/jornaltimoneiro.com.br\/index.php\/wp-json\/wp\/v2\/media\/34857"}],"wp:attachment":[{"href":"https:\/\/jornaltimoneiro.com.br\/index.php\/wp-json\/wp\/v2\/media?parent=34856"}],"wp:term":[{"taxonomy":"category","embeddable":true,"href":"https:\/\/jornaltimoneiro.com.br\/index.php\/wp-json\/wp\/v2\/categories?post=34856"},{"taxonomy":"post_tag","embeddable":true,"href":"https:\/\/jornaltimoneiro.com.br\/index.php\/wp-json\/wp\/v2\/tags?post=34856"}],"curies":[{"name":"wp","href":"https:\/\/api.w.org\/{rel}","templated":true}]}}