{"id":34811,"date":"2025-04-30T14:42:02","date_gmt":"2025-04-30T17:42:02","guid":{"rendered":"https:\/\/jornaltimoneiro.com.br\/?p=34811"},"modified":"2025-04-30T14:42:02","modified_gmt":"2025-04-30T17:42:02","slug":"cantora-simone-traz-nova-turne-a-porto-alegre-no-dia-23-de-maio","status":"publish","type":"post","link":"https:\/\/jornaltimoneiro.com.br\/index.php\/2025\/04\/30\/cantora-simone-traz-nova-turne-a-porto-alegre-no-dia-23-de-maio\/","title":{"rendered":"Cantora Simone traz nova turn\u00ea a Porto Alegre no dia 23 de maio"},"content":{"rendered":"<p>Depois de celebrar cinco d\u00e9cadas de carreira com a turn\u00ea\u00a0<em>\u201cT\u00f4 Voltando\u201d<\/em>, sucesso absoluto que revisitou a discografia da cantora em mais de 40 shows pelo Brasil, Simone apresenta ao p\u00fablico de Porto Alegre a turn\u00ea que leva o seu nome no t\u00edtulo. O show acontece no dia 23 de maio, sexta-feira, no Sal\u00e3o de Atos PUC RS.<\/p>\n<p>Vivendo um momento especial em sua carreira, Simone apresenta um repert\u00f3rio escolhido a dedo. A cantora re\u00fane can\u00e7\u00f5es mais recentes, algumas surpresas, e cl\u00e1ssicos que n\u00e3o podem ficar de fora, acompanhada por uma nova gera\u00e7\u00e3o de m\u00fasicos. A cantora, compositora e instrumentista Ana Costa assina a dire\u00e7\u00e3o art\u00edstica do show e se junta \u00e0 banda, tocando viol\u00e3o e cavaquinho. A dire\u00e7\u00e3o geral \u00e9 da pr\u00f3pria Simone.<\/p>\n<h4>Turn\u00ea<\/h4>\n<p>O novo roteiro da turn\u00ea \u201cSimone\u201d, re\u00fane m\u00fasicas imortalizados na voz da cantora, que n\u00e3o fizeram parte do espet\u00e1culo anterior, como \u201cP\u00e3o e Poesia\u201d (Moraes Moreira\/ Fausto Nilo), \u201cPaix\u00e3o\u201d (Kleiton Ramil\/ Kledir Ramil), \u201cCoisa Feita\u201d (Jo\u00e3o Bosco, Aldir Blanc e Paulo Emilio), \u201cPara Lennon e McCartney\u201d (L\u00f4 Borges, Marcio Borges e Fernando Brant), \u201cGente Aberta\u201d (Roberto Carlos e Erasmo Carlos), \u201cCanta Canta Minha Gente\u201d (Martinho da Vila),\u201cNada Ser\u00e1 Como Antes\u201d (Milton Nascimento e Ronaldo Bastos). J\u00e1 \u201cCome\u00e7ar de Novo\u201d (Ivan Lins\/ Vitor Martins), \u201cEncontros e Despedidas\u201d (Milton Nascimento\/ Fernando Brant) e \u201cIolanda\u201d (Pablo Milan\u00e9s\/ Chico Buarque), t\u00eam presen\u00e7a garantida neste encontro de Simone com o p\u00fablico porto-alegrense.<\/p>\n<p>A banda respons\u00e1vel pelos novos arranjos \u00e9 formada por Ana Costa no viol\u00e3o e cavaquinho, Filipe Coimbra na guitarra, F\u00e1bio S\u00e1 no baixo, Chico Lira nos teclados, Vitor Cabral na bateria e Andr\u00e9 Siqueira na percuss\u00e3o. A dire\u00e7\u00e3o art\u00edstica \u00e9 de Ana Costa, com dire\u00e7\u00e3o visual de Adriana Jorge. O cen\u00e1rio foi criado por Z\u00e9 Carratu, e o projeto de luz, assim como a ilumina\u00e7\u00e3o, ficaram a cargo de Julien Katona. A dire\u00e7\u00e3o geral \u00e9 de Simone Bittencourt de Oliveira.<\/p>\n<p>Ingressos:\u00a0<a href=\"https:\/\/bileto.sympla.com.br\/event\/105209\">https:\/\/bileto.sympla.com.br\/event\/105209<\/a><\/p>\n","protected":false},"excerpt":{"rendered":"<p>Depois de celebrar cinco d\u00e9cadas de carreira com a turn\u00ea\u00a0\u201cT\u00f4 Voltando\u201d, sucesso absoluto que revisitou a discografia da cantora em mais de 40 shows pelo Brasil, Simone apresenta ao p\u00fablico de Porto Alegre a turn\u00ea que leva o seu nome no t\u00edtulo. O show acontece no dia 23 de maio, sexta-feira, no Sal\u00e3o de Atos [&hellip;]<\/p>\n","protected":false},"author":2,"featured_media":34812,"comment_status":"open","ping_status":"open","sticky":false,"template":"","format":"standard","meta":{"amp_status":"","footnotes":""},"categories":[76],"tags":[116,121,208,4192,1119],"class_list":["post-34811","post","type-post","status-publish","format-standard","has-post-thumbnail","hentry","category-cultura","tag-cultura","tag-porto-alegre","tag-show","tag-simone","tag-turne"],"yoast_head":"<!-- This site is optimized with the Yoast SEO plugin v20.5 - https:\/\/yoast.com\/wordpress\/plugins\/seo\/ -->\n<title>Cantora Simone traz nova turn\u00ea a Porto Alegre no dia 23 de maio - O Timoneiro Jornal Canoas RS<\/title>\n<meta name=\"description\" content=\"Simone apresenta ao p\u00fablico de Porto Alegre a turn\u00ea que leva o seu nome no t\u00edtulo. O show acontece no dia 23 de maio no Sal\u00e3o de Atos PUC RS\" \/>\n<meta name=\"robots\" content=\"index, follow, max-snippet:-1, max-image-preview:large, max-video-preview:-1\" \/>\n<link rel=\"canonical\" href=\"https:\/\/jornaltimoneiro.com.br\/index.php\/2025\/04\/30\/cantora-simone-traz-nova-turne-a-porto-alegre-no-dia-23-de-maio\/\" \/>\n<meta property=\"og:locale\" content=\"pt_BR\" \/>\n<meta property=\"og:type\" content=\"article\" \/>\n<meta property=\"og:title\" content=\"Cantora Simone traz nova turn\u00ea a Porto Alegre no dia 23 de maio - O Timoneiro Jornal Canoas RS\" \/>\n<meta property=\"og:description\" content=\"Simone apresenta ao p\u00fablico de Porto Alegre a turn\u00ea que leva o seu nome no t\u00edtulo. O show acontece no dia 23 de maio no Sal\u00e3o de Atos PUC RS\" \/>\n<meta property=\"og:url\" content=\"https:\/\/jornaltimoneiro.com.br\/index.php\/2025\/04\/30\/cantora-simone-traz-nova-turne-a-porto-alegre-no-dia-23-de-maio\/\" \/>\n<meta property=\"og:site_name\" content=\"O Timoneiro Jornal Canoas RS\" \/>\n<meta property=\"article:publisher\" content=\"https:\/\/www.facebook.com\/jornaltimoneiro\" \/>\n<meta property=\"article:published_time\" content=\"2025-04-30T17:42:02+00:00\" \/>\n<meta property=\"og:image\" content=\"https:\/\/jornaltimoneiro.com.br\/wp-content\/uploads\/2025\/04\/Cantora-Simone-traz-nova-turne-a-Porto-Alegre-no-dia-23-de-maio.jpg\" \/>\n\t<meta property=\"og:image:width\" content=\"1080\" \/>\n\t<meta property=\"og:image:height\" content=\"834\" \/>\n\t<meta property=\"og:image:type\" content=\"image\/jpeg\" \/>\n<meta name=\"author\" content=\"Reda\u00e7\u00e3o\" \/>\n<meta name=\"twitter:card\" content=\"summary_large_image\" \/>\n<meta name=\"twitter:creator\" content=\"@_OTimoneiro\" \/>\n<meta name=\"twitter:site\" content=\"@_OTimoneiro\" \/>\n<meta name=\"twitter:label1\" content=\"Escrito por\" \/>\n\t<meta name=\"twitter:data1\" content=\"Reda\u00e7\u00e3o\" \/>\n\t<meta name=\"twitter:label2\" content=\"Est. tempo de leitura\" \/>\n\t<meta name=\"twitter:data2\" content=\"2 minutos\" \/>\n<script type=\"application\/ld+json\" class=\"yoast-schema-graph\">{\"@context\":\"https:\/\/schema.org\",\"@graph\":[{\"@type\":\"Article\",\"@id\":\"https:\/\/jornaltimoneiro.com.br\/index.php\/2025\/04\/30\/cantora-simone-traz-nova-turne-a-porto-alegre-no-dia-23-de-maio\/#article\",\"isPartOf\":{\"@id\":\"https:\/\/jornaltimoneiro.com.br\/index.php\/2025\/04\/30\/cantora-simone-traz-nova-turne-a-porto-alegre-no-dia-23-de-maio\/\"},\"author\":{\"name\":\"Reda\u00e7\u00e3o\",\"@id\":\"https:\/\/jornaltimoneiro.com.br\/#\/schema\/person\/f63482f1a02b1a9592707865e509ab40\"},\"headline\":\"Cantora Simone traz nova turn\u00ea a Porto Alegre no dia 23 de maio\",\"datePublished\":\"2025-04-30T17:42:02+00:00\",\"dateModified\":\"2025-04-30T17:42:02+00:00\",\"mainEntityOfPage\":{\"@id\":\"https:\/\/jornaltimoneiro.com.br\/index.php\/2025\/04\/30\/cantora-simone-traz-nova-turne-a-porto-alegre-no-dia-23-de-maio\/\"},\"wordCount\":363,\"commentCount\":0,\"publisher\":{\"@id\":\"https:\/\/jornaltimoneiro.com.br\/#organization\"},\"keywords\":[\"cultura\",\"Porto Alegre\",\"show\",\"simone\",\"turn\u00ea\"],\"articleSection\":[\"Cultura\"],\"inLanguage\":\"pt-BR\",\"potentialAction\":[{\"@type\":\"CommentAction\",\"name\":\"Comment\",\"target\":[\"https:\/\/jornaltimoneiro.com.br\/index.php\/2025\/04\/30\/cantora-simone-traz-nova-turne-a-porto-alegre-no-dia-23-de-maio\/#respond\"]}]},{\"@type\":\"WebPage\",\"@id\":\"https:\/\/jornaltimoneiro.com.br\/index.php\/2025\/04\/30\/cantora-simone-traz-nova-turne-a-porto-alegre-no-dia-23-de-maio\/\",\"url\":\"https:\/\/jornaltimoneiro.com.br\/index.php\/2025\/04\/30\/cantora-simone-traz-nova-turne-a-porto-alegre-no-dia-23-de-maio\/\",\"name\":\"Cantora Simone traz nova turn\u00ea a Porto Alegre no dia 23 de maio - O Timoneiro Jornal Canoas RS\",\"isPartOf\":{\"@id\":\"https:\/\/jornaltimoneiro.com.br\/#website\"},\"datePublished\":\"2025-04-30T17:42:02+00:00\",\"dateModified\":\"2025-04-30T17:42:02+00:00\",\"description\":\"Simone apresenta ao p\u00fablico de Porto Alegre a turn\u00ea que leva o seu nome no t\u00edtulo. O show acontece no dia 23 de maio no Sal\u00e3o de Atos PUC RS\",\"breadcrumb\":{\"@id\":\"https:\/\/jornaltimoneiro.com.br\/index.php\/2025\/04\/30\/cantora-simone-traz-nova-turne-a-porto-alegre-no-dia-23-de-maio\/#breadcrumb\"},\"inLanguage\":\"pt-BR\",\"potentialAction\":[{\"@type\":\"ReadAction\",\"target\":[\"https:\/\/jornaltimoneiro.com.br\/index.php\/2025\/04\/30\/cantora-simone-traz-nova-turne-a-porto-alegre-no-dia-23-de-maio\/\"]}]},{\"@type\":\"BreadcrumbList\",\"@id\":\"https:\/\/jornaltimoneiro.com.br\/index.php\/2025\/04\/30\/cantora-simone-traz-nova-turne-a-porto-alegre-no-dia-23-de-maio\/#breadcrumb\",\"itemListElement\":[{\"@type\":\"ListItem\",\"position\":1,\"name\":\"In\u00edcio\",\"item\":\"https:\/\/jornaltimoneiro.com.br\/\"},{\"@type\":\"ListItem\",\"position\":2,\"name\":\"Cantora Simone traz nova turn\u00ea a Porto Alegre no dia 23 de maio\"}]},{\"@type\":\"WebSite\",\"@id\":\"https:\/\/jornaltimoneiro.com.br\/#website\",\"url\":\"https:\/\/jornaltimoneiro.com.br\/\",\"name\":\"Jornal Timoneiro Canoas RS\",\"description\":\"Jornal O Timoneiro, o verdadeiro jornal de Canoas\",\"publisher\":{\"@id\":\"https:\/\/jornaltimoneiro.com.br\/#organization\"},\"potentialAction\":[{\"@type\":\"SearchAction\",\"target\":{\"@type\":\"EntryPoint\",\"urlTemplate\":\"https:\/\/jornaltimoneiro.com.br\/?s={search_term_string}\"},\"query-input\":\"required name=search_term_string\"}],\"inLanguage\":\"pt-BR\"},{\"@type\":\"Organization\",\"@id\":\"https:\/\/jornaltimoneiro.com.br\/#organization\",\"name\":\"Jornal Timoneiro Canoas RS\",\"url\":\"https:\/\/jornaltimoneiro.com.br\/\",\"logo\":{\"@type\":\"ImageObject\",\"inLanguage\":\"pt-BR\",\"@id\":\"https:\/\/jornaltimoneiro.com.br\/#\/schema\/logo\/image\/\",\"url\":\"https:\/\/jornaltimoneiro.com.br\/wp-content\/uploads\/2023\/03\/logonovo.png\",\"contentUrl\":\"https:\/\/jornaltimoneiro.com.br\/wp-content\/uploads\/2023\/03\/logonovo.png\",\"width\":\"469\",\"height\":\"171\",\"caption\":\"Jornal Timoneiro Canoas RS\"},\"image\":{\"@id\":\"https:\/\/jornaltimoneiro.com.br\/#\/schema\/logo\/image\/\"},\"sameAs\":[\"https:\/\/www.facebook.com\/jornaltimoneiro\",\"https:\/\/twitter.com\/_OTimoneiro\",\"https:\/\/www.instagram.com\/jornaltimoneirocanoas\/\",\"https:\/\/www.youtube.com\/@jornalotimoneiro7927\"]},{\"@type\":\"Person\",\"@id\":\"https:\/\/jornaltimoneiro.com.br\/#\/schema\/person\/f63482f1a02b1a9592707865e509ab40\",\"name\":\"Reda\u00e7\u00e3o\",\"image\":{\"@type\":\"ImageObject\",\"inLanguage\":\"pt-BR\",\"@id\":\"https:\/\/jornaltimoneiro.com.br\/#\/schema\/person\/image\/\",\"url\":\"https:\/\/jornaltimoneiro.com.br\/wp-content\/uploads\/2023\/03\/download.jpeg\",\"contentUrl\":\"https:\/\/jornaltimoneiro.com.br\/wp-content\/uploads\/2023\/03\/download.jpeg\",\"caption\":\"Reda\u00e7\u00e3o\"},\"url\":\"https:\/\/jornaltimoneiro.com.br\/index.php\/author\/simone-dutra\/\"}]}<\/script>\n<!-- \/ Yoast SEO plugin. -->","yoast_head_json":{"title":"Cantora Simone traz nova turn\u00ea a Porto Alegre no dia 23 de maio - O Timoneiro Jornal Canoas RS","description":"Simone apresenta ao p\u00fablico de Porto Alegre a turn\u00ea que leva o seu nome no t\u00edtulo. O show acontece no dia 23 de maio no Sal\u00e3o de Atos PUC RS","robots":{"index":"index","follow":"follow","max-snippet":"max-snippet:-1","max-image-preview":"max-image-preview:large","max-video-preview":"max-video-preview:-1"},"canonical":"https:\/\/jornaltimoneiro.com.br\/index.php\/2025\/04\/30\/cantora-simone-traz-nova-turne-a-porto-alegre-no-dia-23-de-maio\/","og_locale":"pt_BR","og_type":"article","og_title":"Cantora Simone traz nova turn\u00ea a Porto Alegre no dia 23 de maio - O Timoneiro Jornal Canoas RS","og_description":"Simone apresenta ao p\u00fablico de Porto Alegre a turn\u00ea que leva o seu nome no t\u00edtulo. O show acontece no dia 23 de maio no Sal\u00e3o de Atos PUC RS","og_url":"https:\/\/jornaltimoneiro.com.br\/index.php\/2025\/04\/30\/cantora-simone-traz-nova-turne-a-porto-alegre-no-dia-23-de-maio\/","og_site_name":"O Timoneiro Jornal Canoas RS","article_publisher":"https:\/\/www.facebook.com\/jornaltimoneiro","article_published_time":"2025-04-30T17:42:02+00:00","og_image":[{"width":"1080","height":"834","url":"https:\/\/jornaltimoneiro.com.br\/wp-content\/uploads\/2025\/04\/Cantora-Simone-traz-nova-turne-a-Porto-Alegre-no-dia-23-de-maio.jpg","type":"image\/jpeg"}],"author":"Reda\u00e7\u00e3o","twitter_card":"summary_large_image","twitter_creator":"@_OTimoneiro","twitter_site":"@_OTimoneiro","twitter_misc":{"Escrito por":"Reda\u00e7\u00e3o","Est. tempo de leitura":"2 minutos"},"schema":{"@context":"https:\/\/schema.org","@graph":[{"@type":"Article","@id":"https:\/\/jornaltimoneiro.com.br\/index.php\/2025\/04\/30\/cantora-simone-traz-nova-turne-a-porto-alegre-no-dia-23-de-maio\/#article","isPartOf":{"@id":"https:\/\/jornaltimoneiro.com.br\/index.php\/2025\/04\/30\/cantora-simone-traz-nova-turne-a-porto-alegre-no-dia-23-de-maio\/"},"author":{"name":"Reda\u00e7\u00e3o","@id":"https:\/\/jornaltimoneiro.com.br\/#\/schema\/person\/f63482f1a02b1a9592707865e509ab40"},"headline":"Cantora Simone traz nova turn\u00ea a Porto Alegre no dia 23 de maio","datePublished":"2025-04-30T17:42:02+00:00","dateModified":"2025-04-30T17:42:02+00:00","mainEntityOfPage":{"@id":"https:\/\/jornaltimoneiro.com.br\/index.php\/2025\/04\/30\/cantora-simone-traz-nova-turne-a-porto-alegre-no-dia-23-de-maio\/"},"wordCount":363,"commentCount":0,"publisher":{"@id":"https:\/\/jornaltimoneiro.com.br\/#organization"},"keywords":["cultura","Porto Alegre","show","simone","turn\u00ea"],"articleSection":["Cultura"],"inLanguage":"pt-BR","potentialAction":[{"@type":"CommentAction","name":"Comment","target":["https:\/\/jornaltimoneiro.com.br\/index.php\/2025\/04\/30\/cantora-simone-traz-nova-turne-a-porto-alegre-no-dia-23-de-maio\/#respond"]}]},{"@type":"WebPage","@id":"https:\/\/jornaltimoneiro.com.br\/index.php\/2025\/04\/30\/cantora-simone-traz-nova-turne-a-porto-alegre-no-dia-23-de-maio\/","url":"https:\/\/jornaltimoneiro.com.br\/index.php\/2025\/04\/30\/cantora-simone-traz-nova-turne-a-porto-alegre-no-dia-23-de-maio\/","name":"Cantora Simone traz nova turn\u00ea a Porto Alegre no dia 23 de maio - O Timoneiro Jornal Canoas RS","isPartOf":{"@id":"https:\/\/jornaltimoneiro.com.br\/#website"},"datePublished":"2025-04-30T17:42:02+00:00","dateModified":"2025-04-30T17:42:02+00:00","description":"Simone apresenta ao p\u00fablico de Porto Alegre a turn\u00ea que leva o seu nome no t\u00edtulo. O show acontece no dia 23 de maio no Sal\u00e3o de Atos PUC RS","breadcrumb":{"@id":"https:\/\/jornaltimoneiro.com.br\/index.php\/2025\/04\/30\/cantora-simone-traz-nova-turne-a-porto-alegre-no-dia-23-de-maio\/#breadcrumb"},"inLanguage":"pt-BR","potentialAction":[{"@type":"ReadAction","target":["https:\/\/jornaltimoneiro.com.br\/index.php\/2025\/04\/30\/cantora-simone-traz-nova-turne-a-porto-alegre-no-dia-23-de-maio\/"]}]},{"@type":"BreadcrumbList","@id":"https:\/\/jornaltimoneiro.com.br\/index.php\/2025\/04\/30\/cantora-simone-traz-nova-turne-a-porto-alegre-no-dia-23-de-maio\/#breadcrumb","itemListElement":[{"@type":"ListItem","position":1,"name":"In\u00edcio","item":"https:\/\/jornaltimoneiro.com.br\/"},{"@type":"ListItem","position":2,"name":"Cantora Simone traz nova turn\u00ea a Porto Alegre no dia 23 de maio"}]},{"@type":"WebSite","@id":"https:\/\/jornaltimoneiro.com.br\/#website","url":"https:\/\/jornaltimoneiro.com.br\/","name":"Jornal Timoneiro Canoas RS","description":"Jornal O Timoneiro, o verdadeiro jornal de Canoas","publisher":{"@id":"https:\/\/jornaltimoneiro.com.br\/#organization"},"potentialAction":[{"@type":"SearchAction","target":{"@type":"EntryPoint","urlTemplate":"https:\/\/jornaltimoneiro.com.br\/?s={search_term_string}"},"query-input":"required name=search_term_string"}],"inLanguage":"pt-BR"},{"@type":"Organization","@id":"https:\/\/jornaltimoneiro.com.br\/#organization","name":"Jornal Timoneiro Canoas RS","url":"https:\/\/jornaltimoneiro.com.br\/","logo":{"@type":"ImageObject","inLanguage":"pt-BR","@id":"https:\/\/jornaltimoneiro.com.br\/#\/schema\/logo\/image\/","url":"https:\/\/jornaltimoneiro.com.br\/wp-content\/uploads\/2023\/03\/logonovo.png","contentUrl":"https:\/\/jornaltimoneiro.com.br\/wp-content\/uploads\/2023\/03\/logonovo.png","width":"469","height":"171","caption":"Jornal Timoneiro Canoas RS"},"image":{"@id":"https:\/\/jornaltimoneiro.com.br\/#\/schema\/logo\/image\/"},"sameAs":["https:\/\/www.facebook.com\/jornaltimoneiro","https:\/\/twitter.com\/_OTimoneiro","https:\/\/www.instagram.com\/jornaltimoneirocanoas\/","https:\/\/www.youtube.com\/@jornalotimoneiro7927"]},{"@type":"Person","@id":"https:\/\/jornaltimoneiro.com.br\/#\/schema\/person\/f63482f1a02b1a9592707865e509ab40","name":"Reda\u00e7\u00e3o","image":{"@type":"ImageObject","inLanguage":"pt-BR","@id":"https:\/\/jornaltimoneiro.com.br\/#\/schema\/person\/image\/","url":"https:\/\/jornaltimoneiro.com.br\/wp-content\/uploads\/2023\/03\/download.jpeg","contentUrl":"https:\/\/jornaltimoneiro.com.br\/wp-content\/uploads\/2023\/03\/download.jpeg","caption":"Reda\u00e7\u00e3o"},"url":"https:\/\/jornaltimoneiro.com.br\/index.php\/author\/simone-dutra\/"}]}},"_links":{"self":[{"href":"https:\/\/jornaltimoneiro.com.br\/index.php\/wp-json\/wp\/v2\/posts\/34811"}],"collection":[{"href":"https:\/\/jornaltimoneiro.com.br\/index.php\/wp-json\/wp\/v2\/posts"}],"about":[{"href":"https:\/\/jornaltimoneiro.com.br\/index.php\/wp-json\/wp\/v2\/types\/post"}],"author":[{"embeddable":true,"href":"https:\/\/jornaltimoneiro.com.br\/index.php\/wp-json\/wp\/v2\/users\/2"}],"replies":[{"embeddable":true,"href":"https:\/\/jornaltimoneiro.com.br\/index.php\/wp-json\/wp\/v2\/comments?post=34811"}],"version-history":[{"count":1,"href":"https:\/\/jornaltimoneiro.com.br\/index.php\/wp-json\/wp\/v2\/posts\/34811\/revisions"}],"predecessor-version":[{"id":34813,"href":"https:\/\/jornaltimoneiro.com.br\/index.php\/wp-json\/wp\/v2\/posts\/34811\/revisions\/34813"}],"wp:featuredmedia":[{"embeddable":true,"href":"https:\/\/jornaltimoneiro.com.br\/index.php\/wp-json\/wp\/v2\/media\/34812"}],"wp:attachment":[{"href":"https:\/\/jornaltimoneiro.com.br\/index.php\/wp-json\/wp\/v2\/media?parent=34811"}],"wp:term":[{"taxonomy":"category","embeddable":true,"href":"https:\/\/jornaltimoneiro.com.br\/index.php\/wp-json\/wp\/v2\/categories?post=34811"},{"taxonomy":"post_tag","embeddable":true,"href":"https:\/\/jornaltimoneiro.com.br\/index.php\/wp-json\/wp\/v2\/tags?post=34811"}],"curies":[{"name":"wp","href":"https:\/\/api.w.org\/{rel}","templated":true}]}}