{"id":34638,"date":"2025-04-15T10:56:05","date_gmt":"2025-04-15T13:56:05","guid":{"rendered":"https:\/\/jornaltimoneiro.com.br\/?p=34638"},"modified":"2025-04-15T10:56:05","modified_gmt":"2025-04-15T13:56:05","slug":"espaco-palestino-sera-inaugurado-nesta-terca-feira-no-centro-de-porto-alegre","status":"publish","type":"post","link":"https:\/\/jornaltimoneiro.com.br\/index.php\/2025\/04\/15\/espaco-palestino-sera-inaugurado-nesta-terca-feira-no-centro-de-porto-alegre\/","title":{"rendered":"Espa\u00e7o Palestino ser\u00e1 inaugurado nesta ter\u00e7a-feira no centro de Porto Alegre"},"content":{"rendered":"<p>Ser\u00e1 inaugurado nesta ter\u00e7a-feira, 15, o Espa\u00e7o Palestino, que pretende ser a casa dos lutadores e apoiadores do povo palestino em Porto Alegre.<\/p>\n<p>O Espa\u00e7o Palestino est\u00e1 localizado no Centro Hist\u00f3rico da capital ga\u00facha e o evento de inaugura\u00e7\u00e3o est\u00e1 marcado para as 18h30. Ele \u00e9 uma iniciativa do vereador Pedro Ruas (PSOL).<\/p>\n<blockquote><p>\u201cDiante do genoc\u00eddio sofrido pelo povo palestino, que continua neste exato momento, nosso papel \u00e9 se manifestar em cada lugar onde estivermos, e fazer tudo o que estiver ao nosso alcance\u201d, diz o vereador. \u201cAp\u00f3s a vit\u00f3ria de Donald Trump nos EUA, tornou-se ainda mais importante que, no mundo todo, nos parlamentos, nas universidades, nos sindicatos, nos manifestemos em solidariedade ao sofrimento e \u00e0 trag\u00e9dia do povo palestino.\u201d<\/p><\/blockquote>\n<p>Na ocasi\u00e3o, haver\u00e1 tamb\u00e9m a cerim\u00f4nia de instala\u00e7\u00e3o da Frente Parlamentar Brasil-Palestina, outra iniciativa de Ruas na C\u00e2mara Municipal. Ela \u00e9 a primeira frente destinada \u00e0 integra\u00e7\u00e3o dos parlamentares brasileiros com a Palestina criada em Porto Alegre, mas j\u00e1 est\u00e1 influenciando outras iniciativas an\u00e1logas em outras cidades do Rio Grande do Sul.<\/p>\n<p>Como parte do grande evento de inaugura\u00e7\u00e3o do Espa\u00e7o Palestino, Ruas tamb\u00e9m entregar\u00e1 \u00e0 Fepal um quadro com a fotografia (foto acima) em tamanho ampliado de seu encontro com o l\u00edder hist\u00f3rico da Organiza\u00e7\u00e3o para a Liberta\u00e7\u00e3o da Palestina (OLP), Yasser Arafat. A foto foi tirada quando da viagem de Ruas a Lisboa, em 2000, representando Leonel Brizola, que n\u00e3o p\u00f4de comparecer devido a uma cirurgia.<\/p>\n<blockquote><p>\u201cMinha liga\u00e7\u00e3o com a Causa Palestina \u00e9 muito antiga e minha amizade sempre foi muito intensa e verdadeira\u201d, conta o vereador, que est\u00e1 em seu 8\u00b0 mandato. \u201cSempre fui muito ligado aos palestinos, h\u00e1 mais de 35 anos, e foi uma grande honra poder encontrar pessoalmente o comandante Arafat.\u201d<\/p><\/blockquote>\n<p>O evento de inaugura\u00e7\u00e3o do Espa\u00e7o Palestino \u00e9 aberto ao p\u00fablico e o pr\u00f3prio Espa\u00e7o, em si, tamb\u00e9m estar\u00e1 dispon\u00edvel para as organiza\u00e7\u00f5es e movimentos populares que queiram realizar atividades em apoio ao povo palestino em Porto Alegre.<\/p>\n<h4><strong>Servi\u00e7o<\/strong><\/h4>\n<ul>\n<li><em>O qu\u00ea?<\/em>\u00a0Inaugura\u00e7\u00e3o do Espa\u00e7o Palestino e instala\u00e7\u00e3o da Frente Brasil-Palestina da C\u00e2mara de Porto Alegre<\/li>\n<li><em>Quando?<\/em>\u00a0Ter\u00e7a (15), \u00e0s 18h30<\/li>\n<li><em>Onde?<\/em>\u00a0Espa\u00e7o Palestino (Av. Borges de Medeiros, 328 sala 74 \u2013 Centro Hist\u00f3rico, Porto Alegre)<\/li>\n<\/ul>\n","protected":false},"excerpt":{"rendered":"<p>Ser\u00e1 inaugurado nesta ter\u00e7a-feira, 15, o Espa\u00e7o Palestino, que pretende ser a casa dos lutadores e apoiadores do povo palestino em Porto Alegre. O Espa\u00e7o Palestino est\u00e1 localizado no Centro Hist\u00f3rico da capital ga\u00facha e o evento de inaugura\u00e7\u00e3o est\u00e1 marcado para as 18h30. Ele \u00e9 uma iniciativa do vereador Pedro Ruas (PSOL). \u201cDiante do [&hellip;]<\/p>\n","protected":false},"author":2,"featured_media":34639,"comment_status":"open","ping_status":"open","sticky":false,"template":"","format":"standard","meta":{"amp_status":"","footnotes":""},"categories":[25],"tags":[4147,190,184,121],"class_list":["post-34638","post","type-post","status-publish","format-standard","has-post-thumbnail","hentry","category-comunidade","tag-espaco-palestino","tag-featured","tag-palestina","tag-porto-alegre"],"yoast_head":"<!-- This site is optimized with the Yoast SEO plugin v20.5 - https:\/\/yoast.com\/wordpress\/plugins\/seo\/ -->\n<title>Espa\u00e7o Palestino ser\u00e1 inaugurado nesta ter\u00e7a-feira no centro de Porto Alegre - O Timoneiro Jornal Canoas RS<\/title>\n<meta name=\"description\" content=\"Ser\u00e1 inaugurado nesta ter\u00e7a-feira o Espa\u00e7o Palestino, que pretende ser a casa dos lutadores e apoiadores do povo palestino em Porto Alegre\" \/>\n<meta name=\"robots\" content=\"index, follow, max-snippet:-1, max-image-preview:large, max-video-preview:-1\" \/>\n<link rel=\"canonical\" href=\"https:\/\/jornaltimoneiro.com.br\/index.php\/2025\/04\/15\/espaco-palestino-sera-inaugurado-nesta-terca-feira-no-centro-de-porto-alegre\/\" \/>\n<meta property=\"og:locale\" content=\"pt_BR\" \/>\n<meta property=\"og:type\" content=\"article\" \/>\n<meta property=\"og:title\" content=\"Espa\u00e7o Palestino ser\u00e1 inaugurado nesta ter\u00e7a-feira no centro de Porto Alegre - O Timoneiro Jornal Canoas RS\" \/>\n<meta property=\"og:description\" content=\"Ser\u00e1 inaugurado nesta ter\u00e7a-feira o Espa\u00e7o Palestino, que pretende ser a casa dos lutadores e apoiadores do povo palestino em Porto Alegre\" \/>\n<meta property=\"og:url\" content=\"https:\/\/jornaltimoneiro.com.br\/index.php\/2025\/04\/15\/espaco-palestino-sera-inaugurado-nesta-terca-feira-no-centro-de-porto-alegre\/\" \/>\n<meta property=\"og:site_name\" content=\"O Timoneiro Jornal Canoas RS\" \/>\n<meta property=\"article:publisher\" content=\"https:\/\/www.facebook.com\/jornaltimoneiro\" \/>\n<meta property=\"article:published_time\" content=\"2025-04-15T13:56:05+00:00\" \/>\n<meta property=\"og:image\" content=\"https:\/\/jornaltimoneiro.com.br\/wp-content\/uploads\/2025\/04\/WhatsApp-Image-2025-04-15-at-10.41.52-e1744725345978.jpeg\" \/>\n\t<meta property=\"og:image:width\" content=\"1080\" \/>\n\t<meta property=\"og:image:height\" content=\"797\" \/>\n\t<meta property=\"og:image:type\" content=\"image\/jpeg\" \/>\n<meta name=\"author\" content=\"Reda\u00e7\u00e3o\" \/>\n<meta name=\"twitter:card\" content=\"summary_large_image\" \/>\n<meta name=\"twitter:creator\" content=\"@_OTimoneiro\" \/>\n<meta name=\"twitter:site\" content=\"@_OTimoneiro\" \/>\n<meta name=\"twitter:label1\" content=\"Escrito por\" \/>\n\t<meta name=\"twitter:data1\" content=\"Reda\u00e7\u00e3o\" \/>\n\t<meta name=\"twitter:label2\" content=\"Est. tempo de leitura\" \/>\n\t<meta name=\"twitter:data2\" content=\"2 minutos\" \/>\n<script type=\"application\/ld+json\" class=\"yoast-schema-graph\">{\"@context\":\"https:\/\/schema.org\",\"@graph\":[{\"@type\":\"Article\",\"@id\":\"https:\/\/jornaltimoneiro.com.br\/index.php\/2025\/04\/15\/espaco-palestino-sera-inaugurado-nesta-terca-feira-no-centro-de-porto-alegre\/#article\",\"isPartOf\":{\"@id\":\"https:\/\/jornaltimoneiro.com.br\/index.php\/2025\/04\/15\/espaco-palestino-sera-inaugurado-nesta-terca-feira-no-centro-de-porto-alegre\/\"},\"author\":{\"name\":\"Reda\u00e7\u00e3o\",\"@id\":\"https:\/\/jornaltimoneiro.com.br\/#\/schema\/person\/f63482f1a02b1a9592707865e509ab40\"},\"headline\":\"Espa\u00e7o Palestino ser\u00e1 inaugurado nesta ter\u00e7a-feira no centro de Porto Alegre\",\"datePublished\":\"2025-04-15T13:56:05+00:00\",\"dateModified\":\"2025-04-15T13:56:05+00:00\",\"mainEntityOfPage\":{\"@id\":\"https:\/\/jornaltimoneiro.com.br\/index.php\/2025\/04\/15\/espaco-palestino-sera-inaugurado-nesta-terca-feira-no-centro-de-porto-alegre\/\"},\"wordCount\":403,\"commentCount\":0,\"publisher\":{\"@id\":\"https:\/\/jornaltimoneiro.com.br\/#organization\"},\"keywords\":[\"espa\u00e7o palestino\",\"featured\",\"palestina\",\"Porto Alegre\"],\"articleSection\":[\"Comunidade\"],\"inLanguage\":\"pt-BR\",\"potentialAction\":[{\"@type\":\"CommentAction\",\"name\":\"Comment\",\"target\":[\"https:\/\/jornaltimoneiro.com.br\/index.php\/2025\/04\/15\/espaco-palestino-sera-inaugurado-nesta-terca-feira-no-centro-de-porto-alegre\/#respond\"]}]},{\"@type\":\"WebPage\",\"@id\":\"https:\/\/jornaltimoneiro.com.br\/index.php\/2025\/04\/15\/espaco-palestino-sera-inaugurado-nesta-terca-feira-no-centro-de-porto-alegre\/\",\"url\":\"https:\/\/jornaltimoneiro.com.br\/index.php\/2025\/04\/15\/espaco-palestino-sera-inaugurado-nesta-terca-feira-no-centro-de-porto-alegre\/\",\"name\":\"Espa\u00e7o Palestino ser\u00e1 inaugurado nesta ter\u00e7a-feira no centro de Porto Alegre - O Timoneiro Jornal Canoas RS\",\"isPartOf\":{\"@id\":\"https:\/\/jornaltimoneiro.com.br\/#website\"},\"datePublished\":\"2025-04-15T13:56:05+00:00\",\"dateModified\":\"2025-04-15T13:56:05+00:00\",\"description\":\"Ser\u00e1 inaugurado nesta ter\u00e7a-feira o Espa\u00e7o Palestino, que pretende ser a casa dos lutadores e apoiadores do povo palestino em Porto Alegre\",\"breadcrumb\":{\"@id\":\"https:\/\/jornaltimoneiro.com.br\/index.php\/2025\/04\/15\/espaco-palestino-sera-inaugurado-nesta-terca-feira-no-centro-de-porto-alegre\/#breadcrumb\"},\"inLanguage\":\"pt-BR\",\"potentialAction\":[{\"@type\":\"ReadAction\",\"target\":[\"https:\/\/jornaltimoneiro.com.br\/index.php\/2025\/04\/15\/espaco-palestino-sera-inaugurado-nesta-terca-feira-no-centro-de-porto-alegre\/\"]}]},{\"@type\":\"BreadcrumbList\",\"@id\":\"https:\/\/jornaltimoneiro.com.br\/index.php\/2025\/04\/15\/espaco-palestino-sera-inaugurado-nesta-terca-feira-no-centro-de-porto-alegre\/#breadcrumb\",\"itemListElement\":[{\"@type\":\"ListItem\",\"position\":1,\"name\":\"In\u00edcio\",\"item\":\"https:\/\/jornaltimoneiro.com.br\/\"},{\"@type\":\"ListItem\",\"position\":2,\"name\":\"Espa\u00e7o Palestino ser\u00e1 inaugurado nesta ter\u00e7a-feira no centro de Porto Alegre\"}]},{\"@type\":\"WebSite\",\"@id\":\"https:\/\/jornaltimoneiro.com.br\/#website\",\"url\":\"https:\/\/jornaltimoneiro.com.br\/\",\"name\":\"Jornal Timoneiro Canoas RS\",\"description\":\"Jornal O Timoneiro, o verdadeiro jornal de Canoas\",\"publisher\":{\"@id\":\"https:\/\/jornaltimoneiro.com.br\/#organization\"},\"potentialAction\":[{\"@type\":\"SearchAction\",\"target\":{\"@type\":\"EntryPoint\",\"urlTemplate\":\"https:\/\/jornaltimoneiro.com.br\/?s={search_term_string}\"},\"query-input\":\"required name=search_term_string\"}],\"inLanguage\":\"pt-BR\"},{\"@type\":\"Organization\",\"@id\":\"https:\/\/jornaltimoneiro.com.br\/#organization\",\"name\":\"Jornal Timoneiro Canoas RS\",\"url\":\"https:\/\/jornaltimoneiro.com.br\/\",\"logo\":{\"@type\":\"ImageObject\",\"inLanguage\":\"pt-BR\",\"@id\":\"https:\/\/jornaltimoneiro.com.br\/#\/schema\/logo\/image\/\",\"url\":\"https:\/\/jornaltimoneiro.com.br\/wp-content\/uploads\/2023\/03\/logonovo.png\",\"contentUrl\":\"https:\/\/jornaltimoneiro.com.br\/wp-content\/uploads\/2023\/03\/logonovo.png\",\"width\":\"469\",\"height\":\"171\",\"caption\":\"Jornal Timoneiro Canoas RS\"},\"image\":{\"@id\":\"https:\/\/jornaltimoneiro.com.br\/#\/schema\/logo\/image\/\"},\"sameAs\":[\"https:\/\/www.facebook.com\/jornaltimoneiro\",\"https:\/\/twitter.com\/_OTimoneiro\",\"https:\/\/www.instagram.com\/jornaltimoneirocanoas\/\",\"https:\/\/www.youtube.com\/@jornalotimoneiro7927\"]},{\"@type\":\"Person\",\"@id\":\"https:\/\/jornaltimoneiro.com.br\/#\/schema\/person\/f63482f1a02b1a9592707865e509ab40\",\"name\":\"Reda\u00e7\u00e3o\",\"image\":{\"@type\":\"ImageObject\",\"inLanguage\":\"pt-BR\",\"@id\":\"https:\/\/jornaltimoneiro.com.br\/#\/schema\/person\/image\/\",\"url\":\"https:\/\/jornaltimoneiro.com.br\/wp-content\/uploads\/2023\/03\/download.jpeg\",\"contentUrl\":\"https:\/\/jornaltimoneiro.com.br\/wp-content\/uploads\/2023\/03\/download.jpeg\",\"caption\":\"Reda\u00e7\u00e3o\"},\"url\":\"https:\/\/jornaltimoneiro.com.br\/index.php\/author\/simone-dutra\/\"}]}<\/script>\n<!-- \/ Yoast SEO plugin. -->","yoast_head_json":{"title":"Espa\u00e7o Palestino ser\u00e1 inaugurado nesta ter\u00e7a-feira no centro de Porto Alegre - O Timoneiro Jornal Canoas RS","description":"Ser\u00e1 inaugurado nesta ter\u00e7a-feira o Espa\u00e7o Palestino, que pretende ser a casa dos lutadores e apoiadores do povo palestino em Porto Alegre","robots":{"index":"index","follow":"follow","max-snippet":"max-snippet:-1","max-image-preview":"max-image-preview:large","max-video-preview":"max-video-preview:-1"},"canonical":"https:\/\/jornaltimoneiro.com.br\/index.php\/2025\/04\/15\/espaco-palestino-sera-inaugurado-nesta-terca-feira-no-centro-de-porto-alegre\/","og_locale":"pt_BR","og_type":"article","og_title":"Espa\u00e7o Palestino ser\u00e1 inaugurado nesta ter\u00e7a-feira no centro de Porto Alegre - O Timoneiro Jornal Canoas RS","og_description":"Ser\u00e1 inaugurado nesta ter\u00e7a-feira o Espa\u00e7o Palestino, que pretende ser a casa dos lutadores e apoiadores do povo palestino em Porto Alegre","og_url":"https:\/\/jornaltimoneiro.com.br\/index.php\/2025\/04\/15\/espaco-palestino-sera-inaugurado-nesta-terca-feira-no-centro-de-porto-alegre\/","og_site_name":"O Timoneiro Jornal Canoas RS","article_publisher":"https:\/\/www.facebook.com\/jornaltimoneiro","article_published_time":"2025-04-15T13:56:05+00:00","og_image":[{"width":1080,"height":797,"url":"https:\/\/jornaltimoneiro.com.br\/wp-content\/uploads\/2025\/04\/WhatsApp-Image-2025-04-15-at-10.41.52-e1744725345978.jpeg","type":"image\/jpeg"}],"author":"Reda\u00e7\u00e3o","twitter_card":"summary_large_image","twitter_creator":"@_OTimoneiro","twitter_site":"@_OTimoneiro","twitter_misc":{"Escrito por":"Reda\u00e7\u00e3o","Est. tempo de leitura":"2 minutos"},"schema":{"@context":"https:\/\/schema.org","@graph":[{"@type":"Article","@id":"https:\/\/jornaltimoneiro.com.br\/index.php\/2025\/04\/15\/espaco-palestino-sera-inaugurado-nesta-terca-feira-no-centro-de-porto-alegre\/#article","isPartOf":{"@id":"https:\/\/jornaltimoneiro.com.br\/index.php\/2025\/04\/15\/espaco-palestino-sera-inaugurado-nesta-terca-feira-no-centro-de-porto-alegre\/"},"author":{"name":"Reda\u00e7\u00e3o","@id":"https:\/\/jornaltimoneiro.com.br\/#\/schema\/person\/f63482f1a02b1a9592707865e509ab40"},"headline":"Espa\u00e7o Palestino ser\u00e1 inaugurado nesta ter\u00e7a-feira no centro de Porto Alegre","datePublished":"2025-04-15T13:56:05+00:00","dateModified":"2025-04-15T13:56:05+00:00","mainEntityOfPage":{"@id":"https:\/\/jornaltimoneiro.com.br\/index.php\/2025\/04\/15\/espaco-palestino-sera-inaugurado-nesta-terca-feira-no-centro-de-porto-alegre\/"},"wordCount":403,"commentCount":0,"publisher":{"@id":"https:\/\/jornaltimoneiro.com.br\/#organization"},"keywords":["espa\u00e7o palestino","featured","palestina","Porto Alegre"],"articleSection":["Comunidade"],"inLanguage":"pt-BR","potentialAction":[{"@type":"CommentAction","name":"Comment","target":["https:\/\/jornaltimoneiro.com.br\/index.php\/2025\/04\/15\/espaco-palestino-sera-inaugurado-nesta-terca-feira-no-centro-de-porto-alegre\/#respond"]}]},{"@type":"WebPage","@id":"https:\/\/jornaltimoneiro.com.br\/index.php\/2025\/04\/15\/espaco-palestino-sera-inaugurado-nesta-terca-feira-no-centro-de-porto-alegre\/","url":"https:\/\/jornaltimoneiro.com.br\/index.php\/2025\/04\/15\/espaco-palestino-sera-inaugurado-nesta-terca-feira-no-centro-de-porto-alegre\/","name":"Espa\u00e7o Palestino ser\u00e1 inaugurado nesta ter\u00e7a-feira no centro de Porto Alegre - O Timoneiro Jornal Canoas RS","isPartOf":{"@id":"https:\/\/jornaltimoneiro.com.br\/#website"},"datePublished":"2025-04-15T13:56:05+00:00","dateModified":"2025-04-15T13:56:05+00:00","description":"Ser\u00e1 inaugurado nesta ter\u00e7a-feira o Espa\u00e7o Palestino, que pretende ser a casa dos lutadores e apoiadores do povo palestino em Porto Alegre","breadcrumb":{"@id":"https:\/\/jornaltimoneiro.com.br\/index.php\/2025\/04\/15\/espaco-palestino-sera-inaugurado-nesta-terca-feira-no-centro-de-porto-alegre\/#breadcrumb"},"inLanguage":"pt-BR","potentialAction":[{"@type":"ReadAction","target":["https:\/\/jornaltimoneiro.com.br\/index.php\/2025\/04\/15\/espaco-palestino-sera-inaugurado-nesta-terca-feira-no-centro-de-porto-alegre\/"]}]},{"@type":"BreadcrumbList","@id":"https:\/\/jornaltimoneiro.com.br\/index.php\/2025\/04\/15\/espaco-palestino-sera-inaugurado-nesta-terca-feira-no-centro-de-porto-alegre\/#breadcrumb","itemListElement":[{"@type":"ListItem","position":1,"name":"In\u00edcio","item":"https:\/\/jornaltimoneiro.com.br\/"},{"@type":"ListItem","position":2,"name":"Espa\u00e7o Palestino ser\u00e1 inaugurado nesta ter\u00e7a-feira no centro de Porto Alegre"}]},{"@type":"WebSite","@id":"https:\/\/jornaltimoneiro.com.br\/#website","url":"https:\/\/jornaltimoneiro.com.br\/","name":"Jornal Timoneiro Canoas RS","description":"Jornal O Timoneiro, o verdadeiro jornal de Canoas","publisher":{"@id":"https:\/\/jornaltimoneiro.com.br\/#organization"},"potentialAction":[{"@type":"SearchAction","target":{"@type":"EntryPoint","urlTemplate":"https:\/\/jornaltimoneiro.com.br\/?s={search_term_string}"},"query-input":"required name=search_term_string"}],"inLanguage":"pt-BR"},{"@type":"Organization","@id":"https:\/\/jornaltimoneiro.com.br\/#organization","name":"Jornal Timoneiro Canoas RS","url":"https:\/\/jornaltimoneiro.com.br\/","logo":{"@type":"ImageObject","inLanguage":"pt-BR","@id":"https:\/\/jornaltimoneiro.com.br\/#\/schema\/logo\/image\/","url":"https:\/\/jornaltimoneiro.com.br\/wp-content\/uploads\/2023\/03\/logonovo.png","contentUrl":"https:\/\/jornaltimoneiro.com.br\/wp-content\/uploads\/2023\/03\/logonovo.png","width":"469","height":"171","caption":"Jornal Timoneiro Canoas RS"},"image":{"@id":"https:\/\/jornaltimoneiro.com.br\/#\/schema\/logo\/image\/"},"sameAs":["https:\/\/www.facebook.com\/jornaltimoneiro","https:\/\/twitter.com\/_OTimoneiro","https:\/\/www.instagram.com\/jornaltimoneirocanoas\/","https:\/\/www.youtube.com\/@jornalotimoneiro7927"]},{"@type":"Person","@id":"https:\/\/jornaltimoneiro.com.br\/#\/schema\/person\/f63482f1a02b1a9592707865e509ab40","name":"Reda\u00e7\u00e3o","image":{"@type":"ImageObject","inLanguage":"pt-BR","@id":"https:\/\/jornaltimoneiro.com.br\/#\/schema\/person\/image\/","url":"https:\/\/jornaltimoneiro.com.br\/wp-content\/uploads\/2023\/03\/download.jpeg","contentUrl":"https:\/\/jornaltimoneiro.com.br\/wp-content\/uploads\/2023\/03\/download.jpeg","caption":"Reda\u00e7\u00e3o"},"url":"https:\/\/jornaltimoneiro.com.br\/index.php\/author\/simone-dutra\/"}]}},"_links":{"self":[{"href":"https:\/\/jornaltimoneiro.com.br\/index.php\/wp-json\/wp\/v2\/posts\/34638"}],"collection":[{"href":"https:\/\/jornaltimoneiro.com.br\/index.php\/wp-json\/wp\/v2\/posts"}],"about":[{"href":"https:\/\/jornaltimoneiro.com.br\/index.php\/wp-json\/wp\/v2\/types\/post"}],"author":[{"embeddable":true,"href":"https:\/\/jornaltimoneiro.com.br\/index.php\/wp-json\/wp\/v2\/users\/2"}],"replies":[{"embeddable":true,"href":"https:\/\/jornaltimoneiro.com.br\/index.php\/wp-json\/wp\/v2\/comments?post=34638"}],"version-history":[{"count":1,"href":"https:\/\/jornaltimoneiro.com.br\/index.php\/wp-json\/wp\/v2\/posts\/34638\/revisions"}],"predecessor-version":[{"id":34640,"href":"https:\/\/jornaltimoneiro.com.br\/index.php\/wp-json\/wp\/v2\/posts\/34638\/revisions\/34640"}],"wp:featuredmedia":[{"embeddable":true,"href":"https:\/\/jornaltimoneiro.com.br\/index.php\/wp-json\/wp\/v2\/media\/34639"}],"wp:attachment":[{"href":"https:\/\/jornaltimoneiro.com.br\/index.php\/wp-json\/wp\/v2\/media?parent=34638"}],"wp:term":[{"taxonomy":"category","embeddable":true,"href":"https:\/\/jornaltimoneiro.com.br\/index.php\/wp-json\/wp\/v2\/categories?post=34638"},{"taxonomy":"post_tag","embeddable":true,"href":"https:\/\/jornaltimoneiro.com.br\/index.php\/wp-json\/wp\/v2\/tags?post=34638"}],"curies":[{"name":"wp","href":"https:\/\/api.w.org\/{rel}","templated":true}]}}