{"id":346,"date":"2015-06-15T14:22:00","date_gmt":"2015-06-15T17:22:00","guid":{"rendered":"http:\/\/otimoneiro.com.br\/?p=346"},"modified":"2015-06-15T14:22:00","modified_gmt":"2015-06-15T17:22:00","slug":"31o-feira-do-livro-de-canoas","status":"publish","type":"post","link":"https:\/\/jornaltimoneiro.com.br\/index.php\/2015\/06\/15\/31o-feira-do-livro-de-canoas\/","title":{"rendered":"31\u00ba Feira do Livro de Canoas tem in\u00edcio em meio as obras"},"content":{"rendered":"<div id=\"attachment_347\" style=\"width: 452px\" class=\"wp-caption aligncenter\"><a href=\"http:\/\/otimoneiro.com.br\/wp-content\/uploads\/2015\/06\/DSC1089.jpg\"><img decoding=\"async\" aria-describedby=\"caption-attachment-347\" class=\"wp-image-347 \" src=\"http:\/\/otimoneiro.com.br\/wp-content\/uploads\/2015\/06\/DSC1089-1024x683.jpg\" alt=\"Feira do Livro de Canoas come\u00e7a em meio as obras da Pra\u00e7a - Foto: Bruno Lara\/OT\" width=\"442\" height=\"294\" \/><\/a><p id=\"caption-attachment-347\" class=\"wp-caption-text\">Feira do Livro de Canoas come\u00e7a em meio as obras da Pra\u00e7a &#8211; Foto: Bruno Lara\/OT<\/p><\/div>\n<p style=\"text-align: justify;\">Mesmo com as obras do cal\u00e7ad\u00e3o e da rampa que d\u00e1 acesso a Pra\u00e7a em obras, a Prefeitura deu in\u00edcio a sua 31\u00ba Feira do Livro. A mesma come\u00e7ou no s\u00e1bado, 13, e tem programa\u00e7\u00e3o at\u00e9 27 de junho. O evento, que acontece na Pra\u00e7a da Bandeira, tem como tema \u201c26 Letras e infinitas hist\u00f3rias. Literatura \u00e9 inova\u00e7\u00e3o\u201d. A escritora canoense Moema Cavalcante \u00e9 a patrona da feira que homenageia Luis Fernando Ver\u00edssimo.<\/p>\n<p style=\"text-align: justify;\">O romancista cubano Leonardo Padura \u00e9 uma das atra\u00e7\u00f5es mais divulgadas. O mesmo far\u00e1 sess\u00e3o de aut\u00f3grafo no dia 26 de junho no Audit\u00f3rio da Pra\u00e7a da Bandeira, a partir das 20h30. Est\u00e3o confirmadas, tamb\u00e9m, as presen\u00e7as de Frei Betto, Ruy Castro, Heloisa Seixas, Alice Ruiz, Estrela Leminski, Luciana Sandroni, Luisa Geisler e Luis Fernando Verissimo, al\u00e9m de destacados nomes da literatura ga\u00facha e canoense. Esteio, que mant\u00e9m algumas parcerias na \u00e1rea de incentivo \u00e0 leitura, ser\u00e1 a cidade homenageada desta edi\u00e7\u00e3o.<\/p>\n<p style=\"text-align: justify;\"><strong>Estrutura\u00a0da Feira<\/strong><\/p>\n<p style=\"text-align: justify;\">Ao todo ser\u00e3o 30 bancas para com\u00e9rcio de livros, representando cerca de 60 editoras, com espa\u00e7os onde ser\u00e3o desenvolvidas as atividades culturais na Pra\u00e7a da Bandeira. No Audit\u00f3rio Luis Fernando Ver\u00edssimo haver\u00e1 encontros com escritores, palestras e debates, como as media\u00e7\u00f5es entre Frei Betto e Leonardo Padura, e Heloisa Seixas e Ruy Castro. No espa\u00e7o infantil SESC haver\u00e1 momentos de intera\u00e7\u00e3o com crian\u00e7as para contar hist\u00f3rias atrav\u00e9s de leitura e teatro com capacidade para 100 lugares.<\/p>\n<div id=\"attachment_348\" style=\"width: 286px\" class=\"wp-caption alignleft\"><a href=\"http:\/\/otimoneiro.com.br\/wp-content\/uploads\/2015\/06\/DSC1090.jpg\"><img decoding=\"async\" aria-describedby=\"caption-attachment-348\" class=\"wp-image-348 \" src=\"http:\/\/otimoneiro.com.br\/wp-content\/uploads\/2015\/06\/DSC1090-300x200.jpg\" alt=\"Sarau Liter\u00e1rio. Foto: Bruno Lara\/OT\" width=\"276\" height=\"184\" \/><\/a><p id=\"caption-attachment-348\" class=\"wp-caption-text\">Sarau Liter\u00e1rio<\/p><\/div>\n<p style=\"text-align: justify;\">O Caf\u00e9 Liter\u00e1rio realizar\u00e1 saraus, lan\u00e7amentos, sess\u00f5es de aut\u00f3grafos e comercializa\u00e7\u00e3o de livros com uma capacidade de 70 lugares. A Prefeitura promete fazer a doa\u00e7\u00e3o de tr\u00eas mil b\u00f4nus-livros no valor unit\u00e1rio de R$ 20,00 para as crian\u00e7as da rede municipal de ensino, totalizando R$ 60 mil em b\u00f4nus.<\/p>\n<p style=\"text-align: justify;\">S\u00e3o parceiros da Feira, a C\u00e2mara Rio Grandense do Livro (CRL), Casa do Poeta de Canoas, Associa\u00e7\u00e3o Canoense de Escritores (ACE), SESC, Associa\u00e7\u00e3o Ga\u00facha de Escritores (AGES), UNILASALLE, ULBRA, UNIRITTER, Clube dos Editores do Rio Grande do Sul, Programa de Incentivo \u00e0 Cultura de Canoas, PROLER, Conselho Municipal de Cultura e Patrim\u00f4nio Hist\u00f3rico de Canoas. O patroc\u00ednio \u00e9 do Banrisul, Petrobras, Governo Federal, Corsan e Zaffari.<\/p>\n<div id=\"attachment_349\" style=\"width: 475px\" class=\"wp-caption aligncenter\"><a href=\"http:\/\/otimoneiro.com.br\/wp-content\/uploads\/2015\/06\/DSC1118.jpg\"><img decoding=\"async\" aria-describedby=\"caption-attachment-349\" class=\"wp-image-349 \" src=\"http:\/\/otimoneiro.com.br\/wp-content\/uploads\/2015\/06\/DSC1118-1024x683.jpg\" alt=\"Foto: Bruno Lara\/OT\" width=\"465\" height=\"310\" \/><\/a><p id=\"caption-attachment-349\" class=\"wp-caption-text\">Foto: Bruno Lara\/OT<\/p><\/div>\n<p>&nbsp;<\/p>\n","protected":false},"excerpt":{"rendered":"<p>Em novo local, feira ter\u00e1 participa\u00e7\u00e3o de Luis Fernando Ver\u00edssimo e romancista internacional<\/p>\n","protected":false},"author":1,"featured_media":354,"comment_status":"open","ping_status":"open","sticky":false,"template":"","format":"standard","meta":{"amp_status":"","footnotes":""},"categories":[25,19,22],"tags":[],"class_list":["post-346","post","type-post","status-publish","format-standard","has-post-thumbnail","hentry","category-comunidade","category-destaques","category-noticias"],"yoast_head":"<!-- This site is optimized with the Yoast SEO plugin v20.5 - https:\/\/yoast.com\/wordpress\/plugins\/seo\/ -->\n<title>31\u00ba Feira do Livro de Canoas tem in\u00edcio em meio as obras - O Timoneiro Jornal Canoas RS<\/title>\n<meta name=\"robots\" content=\"index, follow, max-snippet:-1, max-image-preview:large, max-video-preview:-1\" \/>\n<link rel=\"canonical\" href=\"https:\/\/jornaltimoneiro.com.br\/index.php\/2015\/06\/15\/31o-feira-do-livro-de-canoas\/\" \/>\n<meta property=\"og:locale\" content=\"pt_BR\" \/>\n<meta property=\"og:type\" content=\"article\" \/>\n<meta property=\"og:title\" content=\"31\u00ba Feira do Livro de Canoas tem in\u00edcio em meio as obras - O Timoneiro Jornal Canoas RS\" \/>\n<meta property=\"og:description\" content=\"Em novo local, feira ter\u00e1 participa\u00e7\u00e3o de Luis Fernando Ver\u00edssimo e romancista internacional\" \/>\n<meta property=\"og:url\" content=\"https:\/\/jornaltimoneiro.com.br\/index.php\/2015\/06\/15\/31o-feira-do-livro-de-canoas\/\" \/>\n<meta property=\"og:site_name\" content=\"O Timoneiro Jornal Canoas RS\" \/>\n<meta property=\"article:publisher\" content=\"https:\/\/www.facebook.com\/jornaltimoneiro\" \/>\n<meta property=\"article:published_time\" content=\"2015-06-15T17:22:00+00:00\" \/>\n<meta name=\"author\" content=\"Reda\u00e7\u00e3o\" \/>\n<meta name=\"twitter:card\" content=\"summary_large_image\" \/>\n<meta name=\"twitter:creator\" content=\"@_OTimoneiro\" \/>\n<meta name=\"twitter:site\" content=\"@_OTimoneiro\" \/>\n<meta name=\"twitter:label1\" content=\"Escrito por\" \/>\n\t<meta name=\"twitter:data1\" content=\"Reda\u00e7\u00e3o\" \/>\n\t<meta name=\"twitter:label2\" content=\"Est. tempo de leitura\" \/>\n\t<meta name=\"twitter:data2\" content=\"2 minutos\" \/>\n<script type=\"application\/ld+json\" class=\"yoast-schema-graph\">{\"@context\":\"https:\/\/schema.org\",\"@graph\":[{\"@type\":\"Article\",\"@id\":\"https:\/\/jornaltimoneiro.com.br\/index.php\/2015\/06\/15\/31o-feira-do-livro-de-canoas\/#article\",\"isPartOf\":{\"@id\":\"https:\/\/jornaltimoneiro.com.br\/index.php\/2015\/06\/15\/31o-feira-do-livro-de-canoas\/\"},\"author\":{\"name\":\"Reda\u00e7\u00e3o\",\"@id\":\"https:\/\/jornaltimoneiro.com.br\/#\/schema\/person\/620efd1d8244466117482be494360b08\"},\"headline\":\"31\u00ba Feira do Livro de Canoas tem in\u00edcio em meio as obras\",\"datePublished\":\"2015-06-15T17:22:00+00:00\",\"dateModified\":\"2015-06-15T17:22:00+00:00\",\"mainEntityOfPage\":{\"@id\":\"https:\/\/jornaltimoneiro.com.br\/index.php\/2015\/06\/15\/31o-feira-do-livro-de-canoas\/\"},\"wordCount\":447,\"commentCount\":0,\"publisher\":{\"@id\":\"https:\/\/jornaltimoneiro.com.br\/#organization\"},\"articleSection\":[\"Comunidade\",\"Destaques\",\"Not\u00edcias\"],\"inLanguage\":\"pt-BR\",\"potentialAction\":[{\"@type\":\"CommentAction\",\"name\":\"Comment\",\"target\":[\"https:\/\/jornaltimoneiro.com.br\/index.php\/2015\/06\/15\/31o-feira-do-livro-de-canoas\/#respond\"]}]},{\"@type\":\"WebPage\",\"@id\":\"https:\/\/jornaltimoneiro.com.br\/index.php\/2015\/06\/15\/31o-feira-do-livro-de-canoas\/\",\"url\":\"https:\/\/jornaltimoneiro.com.br\/index.php\/2015\/06\/15\/31o-feira-do-livro-de-canoas\/\",\"name\":\"31\u00ba Feira do Livro de Canoas tem in\u00edcio em meio as obras - O Timoneiro Jornal Canoas RS\",\"isPartOf\":{\"@id\":\"https:\/\/jornaltimoneiro.com.br\/#website\"},\"datePublished\":\"2015-06-15T17:22:00+00:00\",\"dateModified\":\"2015-06-15T17:22:00+00:00\",\"breadcrumb\":{\"@id\":\"https:\/\/jornaltimoneiro.com.br\/index.php\/2015\/06\/15\/31o-feira-do-livro-de-canoas\/#breadcrumb\"},\"inLanguage\":\"pt-BR\",\"potentialAction\":[{\"@type\":\"ReadAction\",\"target\":[\"https:\/\/jornaltimoneiro.com.br\/index.php\/2015\/06\/15\/31o-feira-do-livro-de-canoas\/\"]}]},{\"@type\":\"BreadcrumbList\",\"@id\":\"https:\/\/jornaltimoneiro.com.br\/index.php\/2015\/06\/15\/31o-feira-do-livro-de-canoas\/#breadcrumb\",\"itemListElement\":[{\"@type\":\"ListItem\",\"position\":1,\"name\":\"In\u00edcio\",\"item\":\"https:\/\/jornaltimoneiro.com.br\/\"},{\"@type\":\"ListItem\",\"position\":2,\"name\":\"31\u00ba Feira do Livro de Canoas tem in\u00edcio em meio as obras\"}]},{\"@type\":\"WebSite\",\"@id\":\"https:\/\/jornaltimoneiro.com.br\/#website\",\"url\":\"https:\/\/jornaltimoneiro.com.br\/\",\"name\":\"Jornal Timoneiro Canoas RS\",\"description\":\"Jornal O Timoneiro, o verdadeiro jornal de Canoas\",\"publisher\":{\"@id\":\"https:\/\/jornaltimoneiro.com.br\/#organization\"},\"potentialAction\":[{\"@type\":\"SearchAction\",\"target\":{\"@type\":\"EntryPoint\",\"urlTemplate\":\"https:\/\/jornaltimoneiro.com.br\/?s={search_term_string}\"},\"query-input\":\"required name=search_term_string\"}],\"inLanguage\":\"pt-BR\"},{\"@type\":\"Organization\",\"@id\":\"https:\/\/jornaltimoneiro.com.br\/#organization\",\"name\":\"Jornal Timoneiro Canoas RS\",\"url\":\"https:\/\/jornaltimoneiro.com.br\/\",\"logo\":{\"@type\":\"ImageObject\",\"inLanguage\":\"pt-BR\",\"@id\":\"https:\/\/jornaltimoneiro.com.br\/#\/schema\/logo\/image\/\",\"url\":\"https:\/\/jornaltimoneiro.com.br\/wp-content\/uploads\/2023\/03\/logonovo.png\",\"contentUrl\":\"https:\/\/jornaltimoneiro.com.br\/wp-content\/uploads\/2023\/03\/logonovo.png\",\"width\":\"469\",\"height\":\"171\",\"caption\":\"Jornal Timoneiro Canoas RS\"},\"image\":{\"@id\":\"https:\/\/jornaltimoneiro.com.br\/#\/schema\/logo\/image\/\"},\"sameAs\":[\"https:\/\/www.facebook.com\/jornaltimoneiro\",\"https:\/\/twitter.com\/_OTimoneiro\",\"https:\/\/www.instagram.com\/jornaltimoneirocanoas\/\",\"https:\/\/www.youtube.com\/@jornalotimoneiro7927\"]},{\"@type\":\"Person\",\"@id\":\"https:\/\/jornaltimoneiro.com.br\/#\/schema\/person\/620efd1d8244466117482be494360b08\",\"name\":\"Reda\u00e7\u00e3o\",\"image\":{\"@type\":\"ImageObject\",\"inLanguage\":\"pt-BR\",\"@id\":\"https:\/\/jornaltimoneiro.com.br\/#\/schema\/person\/image\/\",\"url\":\"https:\/\/secure.gravatar.com\/avatar\/2f04e1b304682a8d9db336c7acd77f08?s=96&d=mm&r=g\",\"contentUrl\":\"https:\/\/secure.gravatar.com\/avatar\/2f04e1b304682a8d9db336c7acd77f08?s=96&d=mm&r=g\",\"caption\":\"Reda\u00e7\u00e3o\"},\"url\":\"https:\/\/jornaltimoneiro.com.br\/index.php\/author\/timoneirocanoas\/\"}]}<\/script>\n<!-- \/ Yoast SEO plugin. -->","yoast_head_json":{"title":"31\u00ba Feira do Livro de Canoas tem in\u00edcio em meio as obras - O Timoneiro Jornal Canoas RS","robots":{"index":"index","follow":"follow","max-snippet":"max-snippet:-1","max-image-preview":"max-image-preview:large","max-video-preview":"max-video-preview:-1"},"canonical":"https:\/\/jornaltimoneiro.com.br\/index.php\/2015\/06\/15\/31o-feira-do-livro-de-canoas\/","og_locale":"pt_BR","og_type":"article","og_title":"31\u00ba Feira do Livro de Canoas tem in\u00edcio em meio as obras - O Timoneiro Jornal Canoas RS","og_description":"Em novo local, feira ter\u00e1 participa\u00e7\u00e3o de Luis Fernando Ver\u00edssimo e romancista internacional","og_url":"https:\/\/jornaltimoneiro.com.br\/index.php\/2015\/06\/15\/31o-feira-do-livro-de-canoas\/","og_site_name":"O Timoneiro Jornal Canoas RS","article_publisher":"https:\/\/www.facebook.com\/jornaltimoneiro","article_published_time":"2015-06-15T17:22:00+00:00","author":"Reda\u00e7\u00e3o","twitter_card":"summary_large_image","twitter_creator":"@_OTimoneiro","twitter_site":"@_OTimoneiro","twitter_misc":{"Escrito por":"Reda\u00e7\u00e3o","Est. tempo de leitura":"2 minutos"},"schema":{"@context":"https:\/\/schema.org","@graph":[{"@type":"Article","@id":"https:\/\/jornaltimoneiro.com.br\/index.php\/2015\/06\/15\/31o-feira-do-livro-de-canoas\/#article","isPartOf":{"@id":"https:\/\/jornaltimoneiro.com.br\/index.php\/2015\/06\/15\/31o-feira-do-livro-de-canoas\/"},"author":{"name":"Reda\u00e7\u00e3o","@id":"https:\/\/jornaltimoneiro.com.br\/#\/schema\/person\/620efd1d8244466117482be494360b08"},"headline":"31\u00ba Feira do Livro de Canoas tem in\u00edcio em meio as obras","datePublished":"2015-06-15T17:22:00+00:00","dateModified":"2015-06-15T17:22:00+00:00","mainEntityOfPage":{"@id":"https:\/\/jornaltimoneiro.com.br\/index.php\/2015\/06\/15\/31o-feira-do-livro-de-canoas\/"},"wordCount":447,"commentCount":0,"publisher":{"@id":"https:\/\/jornaltimoneiro.com.br\/#organization"},"articleSection":["Comunidade","Destaques","Not\u00edcias"],"inLanguage":"pt-BR","potentialAction":[{"@type":"CommentAction","name":"Comment","target":["https:\/\/jornaltimoneiro.com.br\/index.php\/2015\/06\/15\/31o-feira-do-livro-de-canoas\/#respond"]}]},{"@type":"WebPage","@id":"https:\/\/jornaltimoneiro.com.br\/index.php\/2015\/06\/15\/31o-feira-do-livro-de-canoas\/","url":"https:\/\/jornaltimoneiro.com.br\/index.php\/2015\/06\/15\/31o-feira-do-livro-de-canoas\/","name":"31\u00ba Feira do Livro de Canoas tem in\u00edcio em meio as obras - O Timoneiro Jornal Canoas RS","isPartOf":{"@id":"https:\/\/jornaltimoneiro.com.br\/#website"},"datePublished":"2015-06-15T17:22:00+00:00","dateModified":"2015-06-15T17:22:00+00:00","breadcrumb":{"@id":"https:\/\/jornaltimoneiro.com.br\/index.php\/2015\/06\/15\/31o-feira-do-livro-de-canoas\/#breadcrumb"},"inLanguage":"pt-BR","potentialAction":[{"@type":"ReadAction","target":["https:\/\/jornaltimoneiro.com.br\/index.php\/2015\/06\/15\/31o-feira-do-livro-de-canoas\/"]}]},{"@type":"BreadcrumbList","@id":"https:\/\/jornaltimoneiro.com.br\/index.php\/2015\/06\/15\/31o-feira-do-livro-de-canoas\/#breadcrumb","itemListElement":[{"@type":"ListItem","position":1,"name":"In\u00edcio","item":"https:\/\/jornaltimoneiro.com.br\/"},{"@type":"ListItem","position":2,"name":"31\u00ba Feira do Livro de Canoas tem in\u00edcio em meio as obras"}]},{"@type":"WebSite","@id":"https:\/\/jornaltimoneiro.com.br\/#website","url":"https:\/\/jornaltimoneiro.com.br\/","name":"Jornal Timoneiro Canoas RS","description":"Jornal O Timoneiro, o verdadeiro jornal de Canoas","publisher":{"@id":"https:\/\/jornaltimoneiro.com.br\/#organization"},"potentialAction":[{"@type":"SearchAction","target":{"@type":"EntryPoint","urlTemplate":"https:\/\/jornaltimoneiro.com.br\/?s={search_term_string}"},"query-input":"required name=search_term_string"}],"inLanguage":"pt-BR"},{"@type":"Organization","@id":"https:\/\/jornaltimoneiro.com.br\/#organization","name":"Jornal Timoneiro Canoas RS","url":"https:\/\/jornaltimoneiro.com.br\/","logo":{"@type":"ImageObject","inLanguage":"pt-BR","@id":"https:\/\/jornaltimoneiro.com.br\/#\/schema\/logo\/image\/","url":"https:\/\/jornaltimoneiro.com.br\/wp-content\/uploads\/2023\/03\/logonovo.png","contentUrl":"https:\/\/jornaltimoneiro.com.br\/wp-content\/uploads\/2023\/03\/logonovo.png","width":"469","height":"171","caption":"Jornal Timoneiro Canoas RS"},"image":{"@id":"https:\/\/jornaltimoneiro.com.br\/#\/schema\/logo\/image\/"},"sameAs":["https:\/\/www.facebook.com\/jornaltimoneiro","https:\/\/twitter.com\/_OTimoneiro","https:\/\/www.instagram.com\/jornaltimoneirocanoas\/","https:\/\/www.youtube.com\/@jornalotimoneiro7927"]},{"@type":"Person","@id":"https:\/\/jornaltimoneiro.com.br\/#\/schema\/person\/620efd1d8244466117482be494360b08","name":"Reda\u00e7\u00e3o","image":{"@type":"ImageObject","inLanguage":"pt-BR","@id":"https:\/\/jornaltimoneiro.com.br\/#\/schema\/person\/image\/","url":"https:\/\/secure.gravatar.com\/avatar\/2f04e1b304682a8d9db336c7acd77f08?s=96&d=mm&r=g","contentUrl":"https:\/\/secure.gravatar.com\/avatar\/2f04e1b304682a8d9db336c7acd77f08?s=96&d=mm&r=g","caption":"Reda\u00e7\u00e3o"},"url":"https:\/\/jornaltimoneiro.com.br\/index.php\/author\/timoneirocanoas\/"}]}},"_links":{"self":[{"href":"https:\/\/jornaltimoneiro.com.br\/index.php\/wp-json\/wp\/v2\/posts\/346"}],"collection":[{"href":"https:\/\/jornaltimoneiro.com.br\/index.php\/wp-json\/wp\/v2\/posts"}],"about":[{"href":"https:\/\/jornaltimoneiro.com.br\/index.php\/wp-json\/wp\/v2\/types\/post"}],"author":[{"embeddable":true,"href":"https:\/\/jornaltimoneiro.com.br\/index.php\/wp-json\/wp\/v2\/users\/1"}],"replies":[{"embeddable":true,"href":"https:\/\/jornaltimoneiro.com.br\/index.php\/wp-json\/wp\/v2\/comments?post=346"}],"version-history":[{"count":0,"href":"https:\/\/jornaltimoneiro.com.br\/index.php\/wp-json\/wp\/v2\/posts\/346\/revisions"}],"wp:featuredmedia":[{"embeddable":true,"href":"https:\/\/jornaltimoneiro.com.br\/index.php\/wp-json\/"}],"wp:attachment":[{"href":"https:\/\/jornaltimoneiro.com.br\/index.php\/wp-json\/wp\/v2\/media?parent=346"}],"wp:term":[{"taxonomy":"category","embeddable":true,"href":"https:\/\/jornaltimoneiro.com.br\/index.php\/wp-json\/wp\/v2\/categories?post=346"},{"taxonomy":"post_tag","embeddable":true,"href":"https:\/\/jornaltimoneiro.com.br\/index.php\/wp-json\/wp\/v2\/tags?post=346"}],"curies":[{"name":"wp","href":"https:\/\/api.w.org\/{rel}","templated":true}]}}