{"id":34527,"date":"2025-04-07T14:14:57","date_gmt":"2025-04-07T17:14:57","guid":{"rendered":"https:\/\/jornaltimoneiro.com.br\/?p=34527"},"modified":"2025-04-07T14:14:57","modified_gmt":"2025-04-07T17:14:57","slug":"adevic-reinaugura-sua-sede-em-canoas-apos-enchente-historica","status":"publish","type":"post","link":"https:\/\/jornaltimoneiro.com.br\/index.php\/2025\/04\/07\/adevic-reinaugura-sua-sede-em-canoas-apos-enchente-historica\/","title":{"rendered":"ADEVIC reinaugura sua sede em Canoas ap\u00f3s enchente hist\u00f3rica"},"content":{"rendered":"<p style=\"font-weight: 400;\">A Associa\u00e7\u00e3o dos Deficientes Visuais de Canoas (ADEVIC) est\u00e1 em contagem regressiva para a reinaugura\u00e7\u00e3o de sua sede, marcada para o dia 8 de abril. A nova estrutura surge como s\u00edmbolo de supera\u00e7\u00e3o e reconstru\u00e7\u00e3o, ap\u00f3s a institui\u00e7\u00e3o ter sido duramente atingida pelas enchentes de 2024, que deixaram o pr\u00e9dio submerso por 24 dias, com a \u00e1gua chegando a tr\u00eas metros de altura.<\/p>\n<p style=\"font-weight: 400;\">A reforma e reconstru\u00e7\u00e3o s\u00f3 foram poss\u00edveis gra\u00e7as ao esfor\u00e7o coletivo de pessoas f\u00edsicas, empresas, organiza\u00e7\u00f5es sociais e volunt\u00e1rios que acreditam no trabalho da ADEVIC. Na fase inicial, essa uni\u00e3o viabilizou a retomada dos atendimentos em espa\u00e7os emergenciais, al\u00e9m da doa\u00e7\u00e3o de alimentos, colch\u00f5es e itens de higiene e limpeza para as fam\u00edlias atingidas. Foram arrecadados recursos financeiros, materiais e servi\u00e7os especializados.<\/p>\n<p style=\"font-weight: 400;\">Na segunda etapa, iniciou-se a reconstru\u00e7\u00e3o total do pr\u00e9dio, com obras de infraestrutura que inclu\u00edram redes hidr\u00e1ulica e el\u00e9trica, al\u00e9m de adequa\u00e7\u00f5es nos ambientes internos para garantir acessibilidade e seguran\u00e7a.<\/p>\n<div id=\"attachment_34528\" style=\"width: 710px\" class=\"wp-caption alignnone\"><img decoding=\"async\" aria-describedby=\"caption-attachment-34528\" class=\"size-full wp-image-34528\" src=\"https:\/\/jornaltimoneiro.com.br\/wp-content\/uploads\/2025\/04\/ADEVIC-atingida-pela-enchente.jpeg\" alt=\"ADEVIC atingida pela enchente\" width=\"700\" height=\"525\" srcset=\"https:\/\/jornaltimoneiro.com.br\/wp-content\/uploads\/2025\/04\/ADEVIC-atingida-pela-enchente.jpeg 700w, https:\/\/jornaltimoneiro.com.br\/wp-content\/uploads\/2025\/04\/ADEVIC-atingida-pela-enchente-300x225.jpeg 300w\" sizes=\"(max-width: 700px) 100vw, 700px\" \/><p id=\"caption-attachment-34528\" class=\"wp-caption-text\">ADEVIC atingida pela enchente<\/p><\/div>\n<p style=\"font-weight: 400;\">Os recursos foram obtidos por meio do programa Reerguer Canoas 60+, do Conselho Municipal dos Direitos da Pessoa Idosa, da Corsan, e tamb\u00e9m com investimentos do Conselho Municipal dos Direitos da Crian\u00e7a e do Adolescente, da Funda\u00e7\u00e3o Dorina Nowill para Cegos e do Instituto Elisabetha Randon. A participa\u00e7\u00e3o de in\u00fameros parceiros nesta fase foi fundamental para a aquisi\u00e7\u00e3o de equipamentos e materiais destinados aos atendimentos especializados no local.<\/p>\n<blockquote>\n<p style=\"font-weight: 400;\">\u201cCaminhar hoje pelos espa\u00e7os reformados \u2013 as salas de atendimento, m\u00fasica, laborat\u00f3rio de inform\u00e1tica, cozinha, refeit\u00f3rio, recep\u00e7\u00e3o e \u00e1rea administrativa \u2013 \u00e9 perceber o quanto a solidariedade dos nossos parceiros foi capaz de nos ajudar a reconstruir a ADEVIC\u201d, afirma \u00canio Jos\u00e9 da Silva, presidente da entidade.<\/p>\n<p style=\"font-weight: 400;\">\u201cEstou muito feliz pelo engajamento de todos, que compreenderam o nosso momento e se mobilizaram, reconhecendo a import\u00e2ncia que temos para a comunidade. Agrade\u00e7o, em meu nome, em nome da ADEVIC e de todas as pessoas que ser\u00e3o beneficiadas neste espa\u00e7o recuperado, a cada parceiro que, dentro de suas possibilidades, tornou esse retorno poss\u00edvel. Aqui \u00e9 um lugar de acolhimento para todos, sem distin\u00e7\u00f5es.\u201d<\/p>\n<\/blockquote>\n<p style=\"font-weight: 400;\">Alexandre Munck, superintendente executivo da Funda\u00e7\u00e3o Dorina Nowill para Cegos, ressalta que a Funda\u00e7\u00e3o tem como compromisso apoiar causas que impactam positivamente a comunidade:<\/p>\n<blockquote>\n<p style=\"font-weight: 400;\">\u201cA reconstru\u00e7\u00e3o da ADEVIC \u00e9 um exemplo claro de como podemos unir esfor\u00e7os para reerguer e fortalecer institui\u00e7\u00f5es essenciais. Estamos orgulhosos de poder contribuir para que esse espa\u00e7o continue a oferecer apoio e transforma\u00e7\u00e3o para tantas vidas. Seguiremos firmes em nossa miss\u00e3o de apoiar iniciativas que promovam a inclus\u00e3o social.\u201d<\/p>\n<\/blockquote>\n<p style=\"font-weight: 400;\">Atendimentos especializados para crian\u00e7as, jovens, adultos e pessoas idosas com defici\u00eancia visual, defici\u00eancias m\u00faltiplas e transtorno do espectro autista.<\/p>\n<p style=\"font-weight: 400;\">Hoje, as 300 pessoas atendidas no local ter\u00e3o muito mais conforto, acessibilidade e infraestrutura qualificada. A institui\u00e7\u00e3o tamb\u00e9m retoma, com sua plena capacidade, as atividades culturais e de inclus\u00e3o social, como as oficinas de m\u00fasica e inform\u00e1tica \u2014 fundamentais para o desenvolvimento e a autonomia de crian\u00e7as, jovens, adultos e pessoas idosas com baixa vis\u00e3o e cegas, com defici\u00eancias m\u00faltiplas e com transtorno do espectro autista.<\/p>\n<p style=\"font-weight: 400;\">A reinaugura\u00e7\u00e3o, no dia 8 de abril, ser\u00e1 voltada para apoiadores, parceiros e o p\u00fablico benefici\u00e1rio, e marcar\u00e1 oficialmente esse novo ciclo. A ADEVIC segue mobilizada para manter seus atendimentos com qualidade e convida a sociedade a continuar apoiando a causa da inclus\u00e3o e da garantia de direitos das pessoas com defici\u00eancia visual, defici\u00eancias m\u00faltiplas e transtorno do espectro autista.<\/p>\n<h4>Agradecimentos<\/h4>\n<h4 style=\"font-weight: 400;\">Associa\u00e7\u00e3o das Pessoas Cegas e com Baixa Vis\u00e3o do RS, Compass UOL, Corsan, Conselho Municipal dos Direitos da Pessoa Idosa, Conselho Municipal dos Direitos da Crian\u00e7a e do Adolescente, Dell no Brasil, Du99, Funda\u00e7\u00e3o Dorina Nowill para Cegos, Funda\u00e7\u00e3o Gera\u00e7\u00f5es, Fort Atacadista, Grupo Ultra, Instituto Elisabetha Randon, Instituto Lojas Renner, Kappesberg, Lions Clube Canoas Centro, Lojas Colombo, Massas Romena, Maxiforja, Moradia e Cidadania RS, ONCB \u2013 Organiza\u00e7\u00e3o Nacional de Cegos do Brasil, Parceiros Volunt\u00e1rios, Prefeitura de Canoas, Sicredi Origens RS, Sindifisco Nacional, Secretaria de Justi\u00e7a, Cidadania e Direitos Humanos RS, Tramontina Oficial, Unafisco Nacional.<\/h4>\n<h4 style=\"font-weight: 400;\"><strong>Sobre a ADEVIC<\/strong><\/h4>\n<p style=\"font-weight: 400;\">A Associa\u00e7\u00e3o de Deficientes Visuais de Canoas \u00e9 a \u00fanica organiza\u00e7\u00e3o da regi\u00e3o metropolitana na \u00e1rea da defici\u00eancia visual que oferece atendimentos especializados para esse p\u00fablico, beneficiando cerca de 300 pessoas.<\/p>\n<p style=\"font-weight: 400;\">S\u00e3o oferecidos servi\u00e7os especializados para crian\u00e7as, jovens, adultos e pessoas idosas em diversas \u00e1reas, como reabilita\u00e7\u00e3o, orienta\u00e7\u00e3o, mobilidade, estimula\u00e7\u00e3o precoce e aprendizagens m\u00faltiplas, terapia ocupacional, fisioterapia, m\u00fasica, alfabetiza\u00e7\u00e3o em Braille, atividades recreativas, pedag\u00f3gicas e de socializa\u00e7\u00e3o, entre outras.<\/p>\n","protected":false},"excerpt":{"rendered":"<p>A Associa\u00e7\u00e3o dos Deficientes Visuais de Canoas (ADEVIC) est\u00e1 em contagem regressiva para a reinaugura\u00e7\u00e3o de sua sede, marcada para o dia 8 de abril. A nova estrutura surge como s\u00edmbolo de supera\u00e7\u00e3o e reconstru\u00e7\u00e3o, ap\u00f3s a institui\u00e7\u00e3o ter sido duramente atingida pelas enchentes de 2024, que deixaram o pr\u00e9dio submerso por 24 dias, com [&hellip;]<\/p>\n","protected":false},"author":2,"featured_media":34529,"comment_status":"open","ping_status":"open","sticky":false,"template":"","format":"standard","meta":{"amp_status":"","footnotes":""},"categories":[2443],"tags":[1291,31,3575],"class_list":["post-34527","post","type-post","status-publish","format-standard","has-post-thumbnail","hentry","category-enchente-2024-canoas","tag-adevic","tag-canoas","tag-enchente-de-maio"],"yoast_head":"<!-- This site is optimized with the Yoast SEO plugin v20.5 - https:\/\/yoast.com\/wordpress\/plugins\/seo\/ -->\n<title>ADEVIC reinaugura sua sede em Canoas ap\u00f3s enchente hist\u00f3rica - O Timoneiro Jornal Canoas RS<\/title>\n<meta name=\"robots\" content=\"index, follow, max-snippet:-1, max-image-preview:large, max-video-preview:-1\" \/>\n<link rel=\"canonical\" href=\"https:\/\/jornaltimoneiro.com.br\/index.php\/2025\/04\/07\/adevic-reinaugura-sua-sede-em-canoas-apos-enchente-historica\/\" \/>\n<meta property=\"og:locale\" content=\"pt_BR\" \/>\n<meta property=\"og:type\" content=\"article\" \/>\n<meta property=\"og:title\" content=\"ADEVIC reinaugura sua sede em Canoas ap\u00f3s enchente hist\u00f3rica - O Timoneiro Jornal Canoas RS\" \/>\n<meta property=\"og:description\" content=\"A Associa\u00e7\u00e3o dos Deficientes Visuais de Canoas (ADEVIC) est\u00e1 em contagem regressiva para a reinaugura\u00e7\u00e3o de sua sede, marcada para o dia 8 de abril. A nova estrutura surge como s\u00edmbolo de supera\u00e7\u00e3o e reconstru\u00e7\u00e3o, ap\u00f3s a institui\u00e7\u00e3o ter sido duramente atingida pelas enchentes de 2024, que deixaram o pr\u00e9dio submerso por 24 dias, com [&hellip;]\" \/>\n<meta property=\"og:url\" content=\"https:\/\/jornaltimoneiro.com.br\/index.php\/2025\/04\/07\/adevic-reinaugura-sua-sede-em-canoas-apos-enchente-historica\/\" \/>\n<meta property=\"og:site_name\" content=\"O Timoneiro Jornal Canoas RS\" \/>\n<meta property=\"article:publisher\" content=\"https:\/\/www.facebook.com\/jornaltimoneiro\" \/>\n<meta property=\"article:published_time\" content=\"2025-04-07T17:14:57+00:00\" \/>\n<meta property=\"og:image\" content=\"https:\/\/jornaltimoneiro.com.br\/wp-content\/uploads\/2025\/04\/ADEVIC-reinaugura-sua-sede-em-Canoas-apos-enchente-historica.jpeg\" \/>\n\t<meta property=\"og:image:width\" content=\"1080\" \/>\n\t<meta property=\"og:image:height\" content=\"719\" \/>\n\t<meta property=\"og:image:type\" content=\"image\/jpeg\" \/>\n<meta name=\"author\" content=\"Reda\u00e7\u00e3o\" \/>\n<meta name=\"twitter:card\" content=\"summary_large_image\" \/>\n<meta name=\"twitter:creator\" content=\"@_OTimoneiro\" \/>\n<meta name=\"twitter:site\" content=\"@_OTimoneiro\" \/>\n<meta name=\"twitter:label1\" content=\"Escrito por\" \/>\n\t<meta name=\"twitter:data1\" content=\"Reda\u00e7\u00e3o\" \/>\n\t<meta name=\"twitter:label2\" content=\"Est. tempo de leitura\" \/>\n\t<meta name=\"twitter:data2\" content=\"5 minutos\" \/>\n<script type=\"application\/ld+json\" class=\"yoast-schema-graph\">{\"@context\":\"https:\/\/schema.org\",\"@graph\":[{\"@type\":\"Article\",\"@id\":\"https:\/\/jornaltimoneiro.com.br\/index.php\/2025\/04\/07\/adevic-reinaugura-sua-sede-em-canoas-apos-enchente-historica\/#article\",\"isPartOf\":{\"@id\":\"https:\/\/jornaltimoneiro.com.br\/index.php\/2025\/04\/07\/adevic-reinaugura-sua-sede-em-canoas-apos-enchente-historica\/\"},\"author\":{\"name\":\"Reda\u00e7\u00e3o\",\"@id\":\"https:\/\/jornaltimoneiro.com.br\/#\/schema\/person\/f63482f1a02b1a9592707865e509ab40\"},\"headline\":\"ADEVIC reinaugura sua sede em Canoas ap\u00f3s enchente hist\u00f3rica\",\"datePublished\":\"2025-04-07T17:14:57+00:00\",\"dateModified\":\"2025-04-07T17:14:57+00:00\",\"mainEntityOfPage\":{\"@id\":\"https:\/\/jornaltimoneiro.com.br\/index.php\/2025\/04\/07\/adevic-reinaugura-sua-sede-em-canoas-apos-enchente-historica\/\"},\"wordCount\":831,\"commentCount\":0,\"publisher\":{\"@id\":\"https:\/\/jornaltimoneiro.com.br\/#organization\"},\"keywords\":[\"adevic\",\"canoas\",\"enchente de maio\"],\"articleSection\":[\"Enchente 2024 Canoas\"],\"inLanguage\":\"pt-BR\",\"potentialAction\":[{\"@type\":\"CommentAction\",\"name\":\"Comment\",\"target\":[\"https:\/\/jornaltimoneiro.com.br\/index.php\/2025\/04\/07\/adevic-reinaugura-sua-sede-em-canoas-apos-enchente-historica\/#respond\"]}]},{\"@type\":\"WebPage\",\"@id\":\"https:\/\/jornaltimoneiro.com.br\/index.php\/2025\/04\/07\/adevic-reinaugura-sua-sede-em-canoas-apos-enchente-historica\/\",\"url\":\"https:\/\/jornaltimoneiro.com.br\/index.php\/2025\/04\/07\/adevic-reinaugura-sua-sede-em-canoas-apos-enchente-historica\/\",\"name\":\"ADEVIC reinaugura sua sede em Canoas ap\u00f3s enchente hist\u00f3rica - O Timoneiro Jornal Canoas RS\",\"isPartOf\":{\"@id\":\"https:\/\/jornaltimoneiro.com.br\/#website\"},\"datePublished\":\"2025-04-07T17:14:57+00:00\",\"dateModified\":\"2025-04-07T17:14:57+00:00\",\"breadcrumb\":{\"@id\":\"https:\/\/jornaltimoneiro.com.br\/index.php\/2025\/04\/07\/adevic-reinaugura-sua-sede-em-canoas-apos-enchente-historica\/#breadcrumb\"},\"inLanguage\":\"pt-BR\",\"potentialAction\":[{\"@type\":\"ReadAction\",\"target\":[\"https:\/\/jornaltimoneiro.com.br\/index.php\/2025\/04\/07\/adevic-reinaugura-sua-sede-em-canoas-apos-enchente-historica\/\"]}]},{\"@type\":\"BreadcrumbList\",\"@id\":\"https:\/\/jornaltimoneiro.com.br\/index.php\/2025\/04\/07\/adevic-reinaugura-sua-sede-em-canoas-apos-enchente-historica\/#breadcrumb\",\"itemListElement\":[{\"@type\":\"ListItem\",\"position\":1,\"name\":\"In\u00edcio\",\"item\":\"https:\/\/jornaltimoneiro.com.br\/\"},{\"@type\":\"ListItem\",\"position\":2,\"name\":\"ADEVIC reinaugura sua sede em Canoas ap\u00f3s enchente hist\u00f3rica\"}]},{\"@type\":\"WebSite\",\"@id\":\"https:\/\/jornaltimoneiro.com.br\/#website\",\"url\":\"https:\/\/jornaltimoneiro.com.br\/\",\"name\":\"Jornal Timoneiro Canoas RS\",\"description\":\"Jornal O Timoneiro, o verdadeiro jornal de Canoas\",\"publisher\":{\"@id\":\"https:\/\/jornaltimoneiro.com.br\/#organization\"},\"potentialAction\":[{\"@type\":\"SearchAction\",\"target\":{\"@type\":\"EntryPoint\",\"urlTemplate\":\"https:\/\/jornaltimoneiro.com.br\/?s={search_term_string}\"},\"query-input\":\"required name=search_term_string\"}],\"inLanguage\":\"pt-BR\"},{\"@type\":\"Organization\",\"@id\":\"https:\/\/jornaltimoneiro.com.br\/#organization\",\"name\":\"Jornal Timoneiro Canoas RS\",\"url\":\"https:\/\/jornaltimoneiro.com.br\/\",\"logo\":{\"@type\":\"ImageObject\",\"inLanguage\":\"pt-BR\",\"@id\":\"https:\/\/jornaltimoneiro.com.br\/#\/schema\/logo\/image\/\",\"url\":\"https:\/\/jornaltimoneiro.com.br\/wp-content\/uploads\/2023\/03\/logonovo.png\",\"contentUrl\":\"https:\/\/jornaltimoneiro.com.br\/wp-content\/uploads\/2023\/03\/logonovo.png\",\"width\":\"469\",\"height\":\"171\",\"caption\":\"Jornal Timoneiro Canoas RS\"},\"image\":{\"@id\":\"https:\/\/jornaltimoneiro.com.br\/#\/schema\/logo\/image\/\"},\"sameAs\":[\"https:\/\/www.facebook.com\/jornaltimoneiro\",\"https:\/\/twitter.com\/_OTimoneiro\",\"https:\/\/www.instagram.com\/jornaltimoneirocanoas\/\",\"https:\/\/www.youtube.com\/@jornalotimoneiro7927\"]},{\"@type\":\"Person\",\"@id\":\"https:\/\/jornaltimoneiro.com.br\/#\/schema\/person\/f63482f1a02b1a9592707865e509ab40\",\"name\":\"Reda\u00e7\u00e3o\",\"image\":{\"@type\":\"ImageObject\",\"inLanguage\":\"pt-BR\",\"@id\":\"https:\/\/jornaltimoneiro.com.br\/#\/schema\/person\/image\/\",\"url\":\"https:\/\/jornaltimoneiro.com.br\/wp-content\/uploads\/2023\/03\/download.jpeg\",\"contentUrl\":\"https:\/\/jornaltimoneiro.com.br\/wp-content\/uploads\/2023\/03\/download.jpeg\",\"caption\":\"Reda\u00e7\u00e3o\"},\"url\":\"https:\/\/jornaltimoneiro.com.br\/index.php\/author\/simone-dutra\/\"}]}<\/script>\n<!-- \/ Yoast SEO plugin. -->","yoast_head_json":{"title":"ADEVIC reinaugura sua sede em Canoas ap\u00f3s enchente hist\u00f3rica - O Timoneiro Jornal Canoas RS","robots":{"index":"index","follow":"follow","max-snippet":"max-snippet:-1","max-image-preview":"max-image-preview:large","max-video-preview":"max-video-preview:-1"},"canonical":"https:\/\/jornaltimoneiro.com.br\/index.php\/2025\/04\/07\/adevic-reinaugura-sua-sede-em-canoas-apos-enchente-historica\/","og_locale":"pt_BR","og_type":"article","og_title":"ADEVIC reinaugura sua sede em Canoas ap\u00f3s enchente hist\u00f3rica - O Timoneiro Jornal Canoas RS","og_description":"A Associa\u00e7\u00e3o dos Deficientes Visuais de Canoas (ADEVIC) est\u00e1 em contagem regressiva para a reinaugura\u00e7\u00e3o de sua sede, marcada para o dia 8 de abril. A nova estrutura surge como s\u00edmbolo de supera\u00e7\u00e3o e reconstru\u00e7\u00e3o, ap\u00f3s a institui\u00e7\u00e3o ter sido duramente atingida pelas enchentes de 2024, que deixaram o pr\u00e9dio submerso por 24 dias, com [&hellip;]","og_url":"https:\/\/jornaltimoneiro.com.br\/index.php\/2025\/04\/07\/adevic-reinaugura-sua-sede-em-canoas-apos-enchente-historica\/","og_site_name":"O Timoneiro Jornal Canoas RS","article_publisher":"https:\/\/www.facebook.com\/jornaltimoneiro","article_published_time":"2025-04-07T17:14:57+00:00","og_image":[{"width":"1080","height":"719","url":"https:\/\/jornaltimoneiro.com.br\/wp-content\/uploads\/2025\/04\/ADEVIC-reinaugura-sua-sede-em-Canoas-apos-enchente-historica.jpeg","type":"image\/jpeg"}],"author":"Reda\u00e7\u00e3o","twitter_card":"summary_large_image","twitter_creator":"@_OTimoneiro","twitter_site":"@_OTimoneiro","twitter_misc":{"Escrito por":"Reda\u00e7\u00e3o","Est. tempo de leitura":"5 minutos"},"schema":{"@context":"https:\/\/schema.org","@graph":[{"@type":"Article","@id":"https:\/\/jornaltimoneiro.com.br\/index.php\/2025\/04\/07\/adevic-reinaugura-sua-sede-em-canoas-apos-enchente-historica\/#article","isPartOf":{"@id":"https:\/\/jornaltimoneiro.com.br\/index.php\/2025\/04\/07\/adevic-reinaugura-sua-sede-em-canoas-apos-enchente-historica\/"},"author":{"name":"Reda\u00e7\u00e3o","@id":"https:\/\/jornaltimoneiro.com.br\/#\/schema\/person\/f63482f1a02b1a9592707865e509ab40"},"headline":"ADEVIC reinaugura sua sede em Canoas ap\u00f3s enchente hist\u00f3rica","datePublished":"2025-04-07T17:14:57+00:00","dateModified":"2025-04-07T17:14:57+00:00","mainEntityOfPage":{"@id":"https:\/\/jornaltimoneiro.com.br\/index.php\/2025\/04\/07\/adevic-reinaugura-sua-sede-em-canoas-apos-enchente-historica\/"},"wordCount":831,"commentCount":0,"publisher":{"@id":"https:\/\/jornaltimoneiro.com.br\/#organization"},"keywords":["adevic","canoas","enchente de maio"],"articleSection":["Enchente 2024 Canoas"],"inLanguage":"pt-BR","potentialAction":[{"@type":"CommentAction","name":"Comment","target":["https:\/\/jornaltimoneiro.com.br\/index.php\/2025\/04\/07\/adevic-reinaugura-sua-sede-em-canoas-apos-enchente-historica\/#respond"]}]},{"@type":"WebPage","@id":"https:\/\/jornaltimoneiro.com.br\/index.php\/2025\/04\/07\/adevic-reinaugura-sua-sede-em-canoas-apos-enchente-historica\/","url":"https:\/\/jornaltimoneiro.com.br\/index.php\/2025\/04\/07\/adevic-reinaugura-sua-sede-em-canoas-apos-enchente-historica\/","name":"ADEVIC reinaugura sua sede em Canoas ap\u00f3s enchente hist\u00f3rica - O Timoneiro Jornal Canoas RS","isPartOf":{"@id":"https:\/\/jornaltimoneiro.com.br\/#website"},"datePublished":"2025-04-07T17:14:57+00:00","dateModified":"2025-04-07T17:14:57+00:00","breadcrumb":{"@id":"https:\/\/jornaltimoneiro.com.br\/index.php\/2025\/04\/07\/adevic-reinaugura-sua-sede-em-canoas-apos-enchente-historica\/#breadcrumb"},"inLanguage":"pt-BR","potentialAction":[{"@type":"ReadAction","target":["https:\/\/jornaltimoneiro.com.br\/index.php\/2025\/04\/07\/adevic-reinaugura-sua-sede-em-canoas-apos-enchente-historica\/"]}]},{"@type":"BreadcrumbList","@id":"https:\/\/jornaltimoneiro.com.br\/index.php\/2025\/04\/07\/adevic-reinaugura-sua-sede-em-canoas-apos-enchente-historica\/#breadcrumb","itemListElement":[{"@type":"ListItem","position":1,"name":"In\u00edcio","item":"https:\/\/jornaltimoneiro.com.br\/"},{"@type":"ListItem","position":2,"name":"ADEVIC reinaugura sua sede em Canoas ap\u00f3s enchente hist\u00f3rica"}]},{"@type":"WebSite","@id":"https:\/\/jornaltimoneiro.com.br\/#website","url":"https:\/\/jornaltimoneiro.com.br\/","name":"Jornal Timoneiro Canoas RS","description":"Jornal O Timoneiro, o verdadeiro jornal de Canoas","publisher":{"@id":"https:\/\/jornaltimoneiro.com.br\/#organization"},"potentialAction":[{"@type":"SearchAction","target":{"@type":"EntryPoint","urlTemplate":"https:\/\/jornaltimoneiro.com.br\/?s={search_term_string}"},"query-input":"required name=search_term_string"}],"inLanguage":"pt-BR"},{"@type":"Organization","@id":"https:\/\/jornaltimoneiro.com.br\/#organization","name":"Jornal Timoneiro Canoas RS","url":"https:\/\/jornaltimoneiro.com.br\/","logo":{"@type":"ImageObject","inLanguage":"pt-BR","@id":"https:\/\/jornaltimoneiro.com.br\/#\/schema\/logo\/image\/","url":"https:\/\/jornaltimoneiro.com.br\/wp-content\/uploads\/2023\/03\/logonovo.png","contentUrl":"https:\/\/jornaltimoneiro.com.br\/wp-content\/uploads\/2023\/03\/logonovo.png","width":"469","height":"171","caption":"Jornal Timoneiro Canoas RS"},"image":{"@id":"https:\/\/jornaltimoneiro.com.br\/#\/schema\/logo\/image\/"},"sameAs":["https:\/\/www.facebook.com\/jornaltimoneiro","https:\/\/twitter.com\/_OTimoneiro","https:\/\/www.instagram.com\/jornaltimoneirocanoas\/","https:\/\/www.youtube.com\/@jornalotimoneiro7927"]},{"@type":"Person","@id":"https:\/\/jornaltimoneiro.com.br\/#\/schema\/person\/f63482f1a02b1a9592707865e509ab40","name":"Reda\u00e7\u00e3o","image":{"@type":"ImageObject","inLanguage":"pt-BR","@id":"https:\/\/jornaltimoneiro.com.br\/#\/schema\/person\/image\/","url":"https:\/\/jornaltimoneiro.com.br\/wp-content\/uploads\/2023\/03\/download.jpeg","contentUrl":"https:\/\/jornaltimoneiro.com.br\/wp-content\/uploads\/2023\/03\/download.jpeg","caption":"Reda\u00e7\u00e3o"},"url":"https:\/\/jornaltimoneiro.com.br\/index.php\/author\/simone-dutra\/"}]}},"_links":{"self":[{"href":"https:\/\/jornaltimoneiro.com.br\/index.php\/wp-json\/wp\/v2\/posts\/34527"}],"collection":[{"href":"https:\/\/jornaltimoneiro.com.br\/index.php\/wp-json\/wp\/v2\/posts"}],"about":[{"href":"https:\/\/jornaltimoneiro.com.br\/index.php\/wp-json\/wp\/v2\/types\/post"}],"author":[{"embeddable":true,"href":"https:\/\/jornaltimoneiro.com.br\/index.php\/wp-json\/wp\/v2\/users\/2"}],"replies":[{"embeddable":true,"href":"https:\/\/jornaltimoneiro.com.br\/index.php\/wp-json\/wp\/v2\/comments?post=34527"}],"version-history":[{"count":1,"href":"https:\/\/jornaltimoneiro.com.br\/index.php\/wp-json\/wp\/v2\/posts\/34527\/revisions"}],"predecessor-version":[{"id":34530,"href":"https:\/\/jornaltimoneiro.com.br\/index.php\/wp-json\/wp\/v2\/posts\/34527\/revisions\/34530"}],"wp:featuredmedia":[{"embeddable":true,"href":"https:\/\/jornaltimoneiro.com.br\/index.php\/wp-json\/wp\/v2\/media\/34529"}],"wp:attachment":[{"href":"https:\/\/jornaltimoneiro.com.br\/index.php\/wp-json\/wp\/v2\/media?parent=34527"}],"wp:term":[{"taxonomy":"category","embeddable":true,"href":"https:\/\/jornaltimoneiro.com.br\/index.php\/wp-json\/wp\/v2\/categories?post=34527"},{"taxonomy":"post_tag","embeddable":true,"href":"https:\/\/jornaltimoneiro.com.br\/index.php\/wp-json\/wp\/v2\/tags?post=34527"}],"curies":[{"name":"wp","href":"https:\/\/api.w.org\/{rel}","templated":true}]}}