{"id":34497,"date":"2025-04-02T17:38:12","date_gmt":"2025-04-02T20:38:12","guid":{"rendered":"https:\/\/jornaltimoneiro.com.br\/?p=34497"},"modified":"2025-04-02T17:38:12","modified_gmt":"2025-04-02T20:38:12","slug":"acoes-estrategicas-sao-tracadas-para-eventual-nova-incidencia-de-temporal-em-canoas","status":"publish","type":"post","link":"https:\/\/jornaltimoneiro.com.br\/index.php\/2025\/04\/02\/acoes-estrategicas-sao-tracadas-para-eventual-nova-incidencia-de-temporal-em-canoas\/","title":{"rendered":"A\u00e7\u00f5es estrat\u00e9gicas s\u00e3o tra\u00e7adas para eventual nova incid\u00eancia de temporal em Canoas"},"content":{"rendered":"<p class=\"single-title custom-post-type-title\"><span style=\"font-size: 16px;\">Equipes de diferentes secret\u00e1rias municipais participaram, no final da manh\u00e3 desta quarta-feira, 2, de uma reuni\u00e3o estrat\u00e9gica sobre a\u00e7\u00f5es a serem adotadas em caso de concretiza\u00e7\u00e3o da previs\u00e3o de temporal no munic\u00edpio. A tend\u00eancia de instabilidade, segundo os progn\u00f3sticos dos institutos de meteorologia, est\u00e1 prevista para a tarde desta quarta.<\/span><\/p>\n<div class=\"single-image-desc\">\n<p>No encontro realizado no Gabinete de Gest\u00e3o Integrada (GGI), na sede da Secret\u00e1ria Municipal de Seguran\u00e7a P\u00fablica (SMSP), os participantes tra\u00e7aram a\u00e7\u00f5es de r\u00e1pida resposta em caso de incid\u00eancia de fortes rajadas de ventos e chuvas mais volumosas.<\/p>\n<p>Al\u00e9m da participa\u00e7\u00e3o de membros das principais pastas finalisticas e os subprefeitos, o planejamento ainda contou com a participa\u00e7\u00e3o de representantes do Corpo de Bombeiros.<\/p>\n<blockquote><p>\u201cH\u00e1 novamente uma previs\u00e3o de temporal na nossa cidade. Portanto, n\u00f3s pedimos para a popula\u00e7\u00e3o que, nos hor\u00e1rios que estiver ocorrendo o temporal, evite de circular na rua. Se voc\u00eas j\u00e1 estiverem na rua busquem um abrigo seguro. Estamos preparados para dar uma resposta r\u00e1pida para proteger a popula\u00e7\u00e3o\u201d, destacou o secret\u00e1rio municipal de Defesa Civil e Resili\u00eancia Clim\u00e1tica de Canoas, Vanderlei Marcos.<\/p><\/blockquote>\n<h4>Casos de emerg\u00eancia<\/h4>\n<p>De acordo com a Defesa Civil, casos de emerg\u00eancia relacionados a chuva, ventos, quedas de \u00e1rvores ou outras intemp\u00e9res podem ser comunicados nos telefones 190, 193 ou no (51) 98255 0805.<\/p>\n<p>Em raz\u00e3o do telefone operacional dos bombeiros \u2013 193, ainda estar inoperante, a orienta\u00e7\u00e3o da corpora\u00e7\u00e3o \u00e9 que a popula\u00e7\u00e3o acione o n\u00famero (51) 51 98448 0679. A Guarda Municipal (GM) de Canoas tamb\u00e9m est\u00e1 de prontid\u00e3o no telefone 153, enquanto que as demandas de sinaliza\u00e7\u00e3o devem ser comunicadas \u00e0 Diretoria de Tr\u00e2nsito, no n\u00famero 156.<\/p>\n<\/div>\n","protected":false},"excerpt":{"rendered":"<p>Equipes de diferentes secret\u00e1rias municipais participaram, no final da manh\u00e3 desta quarta-feira, 2, de uma reuni\u00e3o estrat\u00e9gica sobre a\u00e7\u00f5es a serem adotadas em caso de concretiza\u00e7\u00e3o da previs\u00e3o de temporal no munic\u00edpio. A tend\u00eancia de instabilidade, segundo os progn\u00f3sticos dos institutos de meteorologia, est\u00e1 prevista para a tarde desta quarta. No encontro realizado no Gabinete [&hellip;]<\/p>\n","protected":false},"author":2,"featured_media":34498,"comment_status":"open","ping_status":"open","sticky":false,"template":"","format":"standard","meta":{"amp_status":"","footnotes":""},"categories":[23],"tags":[31,389,190,1350,392],"class_list":["post-34497","post","type-post","status-publish","format-standard","has-post-thumbnail","hentry","category-geral","tag-canoas","tag-defesa-civil","tag-featured","tag-prevencao","tag-temporal"],"yoast_head":"<!-- This site is optimized with the Yoast SEO plugin v20.5 - https:\/\/yoast.com\/wordpress\/plugins\/seo\/ -->\n<title>A\u00e7\u00f5es estrat\u00e9gicas s\u00e3o tra\u00e7adas para eventual nova incid\u00eancia de temporal em Canoas - O Timoneiro Jornal Canoas RS<\/title>\n<meta name=\"description\" content=\"Equipes de diferentes secret\u00e1rias municipais participaram, no final da manh\u00e3, de uma reuni\u00e3o estrat\u00e9gica sobre a\u00e7\u00f5es a serem adotadas\" \/>\n<meta name=\"robots\" content=\"index, follow, max-snippet:-1, max-image-preview:large, max-video-preview:-1\" \/>\n<link rel=\"canonical\" href=\"https:\/\/jornaltimoneiro.com.br\/index.php\/2025\/04\/02\/acoes-estrategicas-sao-tracadas-para-eventual-nova-incidencia-de-temporal-em-canoas\/\" \/>\n<meta property=\"og:locale\" content=\"pt_BR\" \/>\n<meta property=\"og:type\" content=\"article\" \/>\n<meta property=\"og:title\" content=\"A\u00e7\u00f5es estrat\u00e9gicas s\u00e3o tra\u00e7adas para eventual nova incid\u00eancia de temporal em Canoas - O Timoneiro Jornal Canoas RS\" \/>\n<meta property=\"og:description\" content=\"Equipes de diferentes secret\u00e1rias municipais participaram, no final da manh\u00e3, de uma reuni\u00e3o estrat\u00e9gica sobre a\u00e7\u00f5es a serem adotadas\" \/>\n<meta property=\"og:url\" content=\"https:\/\/jornaltimoneiro.com.br\/index.php\/2025\/04\/02\/acoes-estrategicas-sao-tracadas-para-eventual-nova-incidencia-de-temporal-em-canoas\/\" \/>\n<meta property=\"og:site_name\" content=\"O Timoneiro Jornal Canoas RS\" \/>\n<meta property=\"article:publisher\" content=\"https:\/\/www.facebook.com\/jornaltimoneiro\" \/>\n<meta property=\"article:published_time\" content=\"2025-04-02T20:38:12+00:00\" \/>\n<meta property=\"og:image\" content=\"https:\/\/jornaltimoneiro.com.br\/wp-content\/uploads\/2025\/04\/Acoes-estrategicas-sao-tracadas-para-eventual-nova-incidencia-de-temporal-em-Canoas.jpg\" \/>\n\t<meta property=\"og:image:width\" content=\"1080\" \/>\n\t<meta property=\"og:image:height\" content=\"718\" \/>\n\t<meta property=\"og:image:type\" content=\"image\/jpeg\" \/>\n<meta name=\"author\" content=\"Reda\u00e7\u00e3o\" \/>\n<meta name=\"twitter:card\" content=\"summary_large_image\" \/>\n<meta name=\"twitter:creator\" content=\"@_OTimoneiro\" \/>\n<meta name=\"twitter:site\" content=\"@_OTimoneiro\" \/>\n<meta name=\"twitter:label1\" content=\"Escrito por\" \/>\n\t<meta name=\"twitter:data1\" content=\"Reda\u00e7\u00e3o\" \/>\n\t<meta name=\"twitter:label2\" content=\"Est. tempo de leitura\" \/>\n\t<meta name=\"twitter:data2\" content=\"2 minutos\" \/>\n<script type=\"application\/ld+json\" class=\"yoast-schema-graph\">{\"@context\":\"https:\/\/schema.org\",\"@graph\":[{\"@type\":\"Article\",\"@id\":\"https:\/\/jornaltimoneiro.com.br\/index.php\/2025\/04\/02\/acoes-estrategicas-sao-tracadas-para-eventual-nova-incidencia-de-temporal-em-canoas\/#article\",\"isPartOf\":{\"@id\":\"https:\/\/jornaltimoneiro.com.br\/index.php\/2025\/04\/02\/acoes-estrategicas-sao-tracadas-para-eventual-nova-incidencia-de-temporal-em-canoas\/\"},\"author\":{\"name\":\"Reda\u00e7\u00e3o\",\"@id\":\"https:\/\/jornaltimoneiro.com.br\/#\/schema\/person\/f63482f1a02b1a9592707865e509ab40\"},\"headline\":\"A\u00e7\u00f5es estrat\u00e9gicas s\u00e3o tra\u00e7adas para eventual nova incid\u00eancia de temporal em Canoas\",\"datePublished\":\"2025-04-02T20:38:12+00:00\",\"dateModified\":\"2025-04-02T20:38:12+00:00\",\"mainEntityOfPage\":{\"@id\":\"https:\/\/jornaltimoneiro.com.br\/index.php\/2025\/04\/02\/acoes-estrategicas-sao-tracadas-para-eventual-nova-incidencia-de-temporal-em-canoas\/\"},\"wordCount\":310,\"commentCount\":0,\"publisher\":{\"@id\":\"https:\/\/jornaltimoneiro.com.br\/#organization\"},\"keywords\":[\"canoas\",\"defesa civil\",\"featured\",\"preven\u00e7\u00e3o\",\"temporal\"],\"articleSection\":[\"Geral\"],\"inLanguage\":\"pt-BR\",\"potentialAction\":[{\"@type\":\"CommentAction\",\"name\":\"Comment\",\"target\":[\"https:\/\/jornaltimoneiro.com.br\/index.php\/2025\/04\/02\/acoes-estrategicas-sao-tracadas-para-eventual-nova-incidencia-de-temporal-em-canoas\/#respond\"]}]},{\"@type\":\"WebPage\",\"@id\":\"https:\/\/jornaltimoneiro.com.br\/index.php\/2025\/04\/02\/acoes-estrategicas-sao-tracadas-para-eventual-nova-incidencia-de-temporal-em-canoas\/\",\"url\":\"https:\/\/jornaltimoneiro.com.br\/index.php\/2025\/04\/02\/acoes-estrategicas-sao-tracadas-para-eventual-nova-incidencia-de-temporal-em-canoas\/\",\"name\":\"A\u00e7\u00f5es estrat\u00e9gicas s\u00e3o tra\u00e7adas para eventual nova incid\u00eancia de temporal em Canoas - O Timoneiro Jornal Canoas RS\",\"isPartOf\":{\"@id\":\"https:\/\/jornaltimoneiro.com.br\/#website\"},\"datePublished\":\"2025-04-02T20:38:12+00:00\",\"dateModified\":\"2025-04-02T20:38:12+00:00\",\"description\":\"Equipes de diferentes secret\u00e1rias municipais participaram, no final da manh\u00e3, de uma reuni\u00e3o estrat\u00e9gica sobre a\u00e7\u00f5es a serem adotadas\",\"breadcrumb\":{\"@id\":\"https:\/\/jornaltimoneiro.com.br\/index.php\/2025\/04\/02\/acoes-estrategicas-sao-tracadas-para-eventual-nova-incidencia-de-temporal-em-canoas\/#breadcrumb\"},\"inLanguage\":\"pt-BR\",\"potentialAction\":[{\"@type\":\"ReadAction\",\"target\":[\"https:\/\/jornaltimoneiro.com.br\/index.php\/2025\/04\/02\/acoes-estrategicas-sao-tracadas-para-eventual-nova-incidencia-de-temporal-em-canoas\/\"]}]},{\"@type\":\"BreadcrumbList\",\"@id\":\"https:\/\/jornaltimoneiro.com.br\/index.php\/2025\/04\/02\/acoes-estrategicas-sao-tracadas-para-eventual-nova-incidencia-de-temporal-em-canoas\/#breadcrumb\",\"itemListElement\":[{\"@type\":\"ListItem\",\"position\":1,\"name\":\"In\u00edcio\",\"item\":\"https:\/\/jornaltimoneiro.com.br\/\"},{\"@type\":\"ListItem\",\"position\":2,\"name\":\"A\u00e7\u00f5es estrat\u00e9gicas s\u00e3o tra\u00e7adas para eventual nova incid\u00eancia de temporal em Canoas\"}]},{\"@type\":\"WebSite\",\"@id\":\"https:\/\/jornaltimoneiro.com.br\/#website\",\"url\":\"https:\/\/jornaltimoneiro.com.br\/\",\"name\":\"Jornal Timoneiro Canoas RS\",\"description\":\"Jornal O Timoneiro, o verdadeiro jornal de Canoas\",\"publisher\":{\"@id\":\"https:\/\/jornaltimoneiro.com.br\/#organization\"},\"potentialAction\":[{\"@type\":\"SearchAction\",\"target\":{\"@type\":\"EntryPoint\",\"urlTemplate\":\"https:\/\/jornaltimoneiro.com.br\/?s={search_term_string}\"},\"query-input\":\"required name=search_term_string\"}],\"inLanguage\":\"pt-BR\"},{\"@type\":\"Organization\",\"@id\":\"https:\/\/jornaltimoneiro.com.br\/#organization\",\"name\":\"Jornal Timoneiro Canoas RS\",\"url\":\"https:\/\/jornaltimoneiro.com.br\/\",\"logo\":{\"@type\":\"ImageObject\",\"inLanguage\":\"pt-BR\",\"@id\":\"https:\/\/jornaltimoneiro.com.br\/#\/schema\/logo\/image\/\",\"url\":\"https:\/\/jornaltimoneiro.com.br\/wp-content\/uploads\/2023\/03\/logonovo.png\",\"contentUrl\":\"https:\/\/jornaltimoneiro.com.br\/wp-content\/uploads\/2023\/03\/logonovo.png\",\"width\":\"469\",\"height\":\"171\",\"caption\":\"Jornal Timoneiro Canoas RS\"},\"image\":{\"@id\":\"https:\/\/jornaltimoneiro.com.br\/#\/schema\/logo\/image\/\"},\"sameAs\":[\"https:\/\/www.facebook.com\/jornaltimoneiro\",\"https:\/\/twitter.com\/_OTimoneiro\",\"https:\/\/www.instagram.com\/jornaltimoneirocanoas\/\",\"https:\/\/www.youtube.com\/@jornalotimoneiro7927\"]},{\"@type\":\"Person\",\"@id\":\"https:\/\/jornaltimoneiro.com.br\/#\/schema\/person\/f63482f1a02b1a9592707865e509ab40\",\"name\":\"Reda\u00e7\u00e3o\",\"image\":{\"@type\":\"ImageObject\",\"inLanguage\":\"pt-BR\",\"@id\":\"https:\/\/jornaltimoneiro.com.br\/#\/schema\/person\/image\/\",\"url\":\"https:\/\/jornaltimoneiro.com.br\/wp-content\/uploads\/2023\/03\/download.jpeg\",\"contentUrl\":\"https:\/\/jornaltimoneiro.com.br\/wp-content\/uploads\/2023\/03\/download.jpeg\",\"caption\":\"Reda\u00e7\u00e3o\"},\"url\":\"https:\/\/jornaltimoneiro.com.br\/index.php\/author\/simone-dutra\/\"}]}<\/script>\n<!-- \/ Yoast SEO plugin. -->","yoast_head_json":{"title":"A\u00e7\u00f5es estrat\u00e9gicas s\u00e3o tra\u00e7adas para eventual nova incid\u00eancia de temporal em Canoas - O Timoneiro Jornal Canoas RS","description":"Equipes de diferentes secret\u00e1rias municipais participaram, no final da manh\u00e3, de uma reuni\u00e3o estrat\u00e9gica sobre a\u00e7\u00f5es a serem adotadas","robots":{"index":"index","follow":"follow","max-snippet":"max-snippet:-1","max-image-preview":"max-image-preview:large","max-video-preview":"max-video-preview:-1"},"canonical":"https:\/\/jornaltimoneiro.com.br\/index.php\/2025\/04\/02\/acoes-estrategicas-sao-tracadas-para-eventual-nova-incidencia-de-temporal-em-canoas\/","og_locale":"pt_BR","og_type":"article","og_title":"A\u00e7\u00f5es estrat\u00e9gicas s\u00e3o tra\u00e7adas para eventual nova incid\u00eancia de temporal em Canoas - O Timoneiro Jornal Canoas RS","og_description":"Equipes de diferentes secret\u00e1rias municipais participaram, no final da manh\u00e3, de uma reuni\u00e3o estrat\u00e9gica sobre a\u00e7\u00f5es a serem adotadas","og_url":"https:\/\/jornaltimoneiro.com.br\/index.php\/2025\/04\/02\/acoes-estrategicas-sao-tracadas-para-eventual-nova-incidencia-de-temporal-em-canoas\/","og_site_name":"O Timoneiro Jornal Canoas RS","article_publisher":"https:\/\/www.facebook.com\/jornaltimoneiro","article_published_time":"2025-04-02T20:38:12+00:00","og_image":[{"width":1080,"height":718,"url":"https:\/\/jornaltimoneiro.com.br\/wp-content\/uploads\/2025\/04\/Acoes-estrategicas-sao-tracadas-para-eventual-nova-incidencia-de-temporal-em-Canoas.jpg","type":"image\/jpeg"}],"author":"Reda\u00e7\u00e3o","twitter_card":"summary_large_image","twitter_creator":"@_OTimoneiro","twitter_site":"@_OTimoneiro","twitter_misc":{"Escrito por":"Reda\u00e7\u00e3o","Est. tempo de leitura":"2 minutos"},"schema":{"@context":"https:\/\/schema.org","@graph":[{"@type":"Article","@id":"https:\/\/jornaltimoneiro.com.br\/index.php\/2025\/04\/02\/acoes-estrategicas-sao-tracadas-para-eventual-nova-incidencia-de-temporal-em-canoas\/#article","isPartOf":{"@id":"https:\/\/jornaltimoneiro.com.br\/index.php\/2025\/04\/02\/acoes-estrategicas-sao-tracadas-para-eventual-nova-incidencia-de-temporal-em-canoas\/"},"author":{"name":"Reda\u00e7\u00e3o","@id":"https:\/\/jornaltimoneiro.com.br\/#\/schema\/person\/f63482f1a02b1a9592707865e509ab40"},"headline":"A\u00e7\u00f5es estrat\u00e9gicas s\u00e3o tra\u00e7adas para eventual nova incid\u00eancia de temporal em Canoas","datePublished":"2025-04-02T20:38:12+00:00","dateModified":"2025-04-02T20:38:12+00:00","mainEntityOfPage":{"@id":"https:\/\/jornaltimoneiro.com.br\/index.php\/2025\/04\/02\/acoes-estrategicas-sao-tracadas-para-eventual-nova-incidencia-de-temporal-em-canoas\/"},"wordCount":310,"commentCount":0,"publisher":{"@id":"https:\/\/jornaltimoneiro.com.br\/#organization"},"keywords":["canoas","defesa civil","featured","preven\u00e7\u00e3o","temporal"],"articleSection":["Geral"],"inLanguage":"pt-BR","potentialAction":[{"@type":"CommentAction","name":"Comment","target":["https:\/\/jornaltimoneiro.com.br\/index.php\/2025\/04\/02\/acoes-estrategicas-sao-tracadas-para-eventual-nova-incidencia-de-temporal-em-canoas\/#respond"]}]},{"@type":"WebPage","@id":"https:\/\/jornaltimoneiro.com.br\/index.php\/2025\/04\/02\/acoes-estrategicas-sao-tracadas-para-eventual-nova-incidencia-de-temporal-em-canoas\/","url":"https:\/\/jornaltimoneiro.com.br\/index.php\/2025\/04\/02\/acoes-estrategicas-sao-tracadas-para-eventual-nova-incidencia-de-temporal-em-canoas\/","name":"A\u00e7\u00f5es estrat\u00e9gicas s\u00e3o tra\u00e7adas para eventual nova incid\u00eancia de temporal em Canoas - O Timoneiro Jornal Canoas RS","isPartOf":{"@id":"https:\/\/jornaltimoneiro.com.br\/#website"},"datePublished":"2025-04-02T20:38:12+00:00","dateModified":"2025-04-02T20:38:12+00:00","description":"Equipes de diferentes secret\u00e1rias municipais participaram, no final da manh\u00e3, de uma reuni\u00e3o estrat\u00e9gica sobre a\u00e7\u00f5es a serem adotadas","breadcrumb":{"@id":"https:\/\/jornaltimoneiro.com.br\/index.php\/2025\/04\/02\/acoes-estrategicas-sao-tracadas-para-eventual-nova-incidencia-de-temporal-em-canoas\/#breadcrumb"},"inLanguage":"pt-BR","potentialAction":[{"@type":"ReadAction","target":["https:\/\/jornaltimoneiro.com.br\/index.php\/2025\/04\/02\/acoes-estrategicas-sao-tracadas-para-eventual-nova-incidencia-de-temporal-em-canoas\/"]}]},{"@type":"BreadcrumbList","@id":"https:\/\/jornaltimoneiro.com.br\/index.php\/2025\/04\/02\/acoes-estrategicas-sao-tracadas-para-eventual-nova-incidencia-de-temporal-em-canoas\/#breadcrumb","itemListElement":[{"@type":"ListItem","position":1,"name":"In\u00edcio","item":"https:\/\/jornaltimoneiro.com.br\/"},{"@type":"ListItem","position":2,"name":"A\u00e7\u00f5es estrat\u00e9gicas s\u00e3o tra\u00e7adas para eventual nova incid\u00eancia de temporal em Canoas"}]},{"@type":"WebSite","@id":"https:\/\/jornaltimoneiro.com.br\/#website","url":"https:\/\/jornaltimoneiro.com.br\/","name":"Jornal Timoneiro Canoas RS","description":"Jornal O Timoneiro, o verdadeiro jornal de Canoas","publisher":{"@id":"https:\/\/jornaltimoneiro.com.br\/#organization"},"potentialAction":[{"@type":"SearchAction","target":{"@type":"EntryPoint","urlTemplate":"https:\/\/jornaltimoneiro.com.br\/?s={search_term_string}"},"query-input":"required name=search_term_string"}],"inLanguage":"pt-BR"},{"@type":"Organization","@id":"https:\/\/jornaltimoneiro.com.br\/#organization","name":"Jornal Timoneiro Canoas RS","url":"https:\/\/jornaltimoneiro.com.br\/","logo":{"@type":"ImageObject","inLanguage":"pt-BR","@id":"https:\/\/jornaltimoneiro.com.br\/#\/schema\/logo\/image\/","url":"https:\/\/jornaltimoneiro.com.br\/wp-content\/uploads\/2023\/03\/logonovo.png","contentUrl":"https:\/\/jornaltimoneiro.com.br\/wp-content\/uploads\/2023\/03\/logonovo.png","width":"469","height":"171","caption":"Jornal Timoneiro Canoas RS"},"image":{"@id":"https:\/\/jornaltimoneiro.com.br\/#\/schema\/logo\/image\/"},"sameAs":["https:\/\/www.facebook.com\/jornaltimoneiro","https:\/\/twitter.com\/_OTimoneiro","https:\/\/www.instagram.com\/jornaltimoneirocanoas\/","https:\/\/www.youtube.com\/@jornalotimoneiro7927"]},{"@type":"Person","@id":"https:\/\/jornaltimoneiro.com.br\/#\/schema\/person\/f63482f1a02b1a9592707865e509ab40","name":"Reda\u00e7\u00e3o","image":{"@type":"ImageObject","inLanguage":"pt-BR","@id":"https:\/\/jornaltimoneiro.com.br\/#\/schema\/person\/image\/","url":"https:\/\/jornaltimoneiro.com.br\/wp-content\/uploads\/2023\/03\/download.jpeg","contentUrl":"https:\/\/jornaltimoneiro.com.br\/wp-content\/uploads\/2023\/03\/download.jpeg","caption":"Reda\u00e7\u00e3o"},"url":"https:\/\/jornaltimoneiro.com.br\/index.php\/author\/simone-dutra\/"}]}},"_links":{"self":[{"href":"https:\/\/jornaltimoneiro.com.br\/index.php\/wp-json\/wp\/v2\/posts\/34497"}],"collection":[{"href":"https:\/\/jornaltimoneiro.com.br\/index.php\/wp-json\/wp\/v2\/posts"}],"about":[{"href":"https:\/\/jornaltimoneiro.com.br\/index.php\/wp-json\/wp\/v2\/types\/post"}],"author":[{"embeddable":true,"href":"https:\/\/jornaltimoneiro.com.br\/index.php\/wp-json\/wp\/v2\/users\/2"}],"replies":[{"embeddable":true,"href":"https:\/\/jornaltimoneiro.com.br\/index.php\/wp-json\/wp\/v2\/comments?post=34497"}],"version-history":[{"count":1,"href":"https:\/\/jornaltimoneiro.com.br\/index.php\/wp-json\/wp\/v2\/posts\/34497\/revisions"}],"predecessor-version":[{"id":34499,"href":"https:\/\/jornaltimoneiro.com.br\/index.php\/wp-json\/wp\/v2\/posts\/34497\/revisions\/34499"}],"wp:featuredmedia":[{"embeddable":true,"href":"https:\/\/jornaltimoneiro.com.br\/index.php\/wp-json\/wp\/v2\/media\/34498"}],"wp:attachment":[{"href":"https:\/\/jornaltimoneiro.com.br\/index.php\/wp-json\/wp\/v2\/media?parent=34497"}],"wp:term":[{"taxonomy":"category","embeddable":true,"href":"https:\/\/jornaltimoneiro.com.br\/index.php\/wp-json\/wp\/v2\/categories?post=34497"},{"taxonomy":"post_tag","embeddable":true,"href":"https:\/\/jornaltimoneiro.com.br\/index.php\/wp-json\/wp\/v2\/tags?post=34497"}],"curies":[{"name":"wp","href":"https:\/\/api.w.org\/{rel}","templated":true}]}}